{"id":20075,"date":"2025-02-11T16:10:39","date_gmt":"2025-02-11T16:10:39","guid":{"rendered":"https:\/\/macite.tg\/?p=20075"},"modified":"2025-02-11T16:10:49","modified_gmt":"2025-02-11T16:10:49","slug":"quand-lhistoire-nous-rattrape-qui-est-marianne-la-fille-noire-de-louis-xiv","status":"publish","type":"post","link":"https:\/\/macite.tg\/?p=20075","title":{"rendered":"QUAND L\u2019HISTOIRE NOUS RATTRAPE : Qui est Marianne, la fille \u201cnoire\u201d de Louis XIV ?"},"content":{"rendered":"\n<p class=\"wp-block-paragraph\"><strong><em>La naissance de Louise Marie-Th\u00e9r\u00e8se, surnomm\u00e9e la \u00ab\u00a0Mauresse de Moret\u00a0\u00bb, a suscit\u00e9 de vives pr\u00e9occupations dans toute la cour royale d&rsquo;antan. Fille pr\u00e9sum\u00e9e de Louis XIV et de la reine Marie-Th\u00e9r\u00e8se d\u2019Autriche, elle serait n\u00e9e avec une peau noire. Une princesse noire donc dans la cour royale. Un fait surprenant qui a intrigu\u00e9 les historiens de l&rsquo;\u00e9poque et m\u00eame des auteurs comme Voltaire dans son ouvrage\u00a0Le Si\u00e8cle de Louis XIV. Mais qui \u00e9tait r\u00e9ellement cette femme\u202f?<\/em><\/strong> <\/p>\n\n\n\n<p class=\"wp-block-paragraph\">L\u2019histoire de Louise Marie-Th\u00e9r\u00e8se commence en&nbsp;<strong>1664<\/strong>, ann\u00e9e o\u00f9 la reine Marie-Th\u00e9r\u00e8se d\u2019Autriche accouche d\u2019une fille dont la peau est noire. Selon certains r\u00e9cits, cette naissance aurait provoqu\u00e9 une v\u00e9ritable onde de choc \u00e0 la cour de France. Les versions divergent sur les explications.<\/p>\n\n\n\n<p class=\"wp-block-paragraph\">Certains avancent une maladie g\u00e9n\u00e9tique, d\u2019autres y voient la preuve d\u2019une liaison secr\u00e8te de la reine avec&nbsp;<strong>un serviteur noir, quand des sources traduisent que le 17 f\u00e9vrier 1664<\/strong>, neuf mois jour pour jour avant cette naissance de la mauresse, la reine aurait re\u00e7u une lettre qui imite l\u2019\u00e9criture du roi d\u2019Espagne qui lui r\u00e9v\u00e8le qu\u2019elle avait \u00e9t\u00e9 tromp\u00e9e. Pourtant, \u00e0 ce jour, toutes les sources viables ont \u00e9t\u00e9 effac\u00e9es et d\u00e9truites. Alors, qui est&nbsp;<strong>S\u0153ur Louise-Marie de Sainte-Th\u00e9r\u00e8se<\/strong>.<\/p>\n\n\n<div class=\"wp-block-image\">\n<figure class=\"aligncenter size-large is-resized\"><img loading=\"lazy\" decoding=\"async\" width=\"1011\" height=\"1024\" src=\"https:\/\/macite.tg\/wp-content\/uploads\/2025\/02\/OTR_OTM_-prorogation-du-delai-concours-medias-1011x1024.jpg\" alt=\"\" class=\"wp-image-20017\" style=\"width:584px;height:auto\" srcset=\"https:\/\/macite.tg\/wp-content\/uploads\/2025\/02\/OTR_OTM_-prorogation-du-delai-concours-medias-1011x1024.jpg 1011w, https:\/\/macite.tg\/wp-content\/uploads\/2025\/02\/OTR_OTM_-prorogation-du-delai-concours-medias-296x300.jpg 296w, https:\/\/macite.tg\/wp-content\/uploads\/2025\/02\/OTR_OTM_-prorogation-du-delai-concours-medias-768x778.jpg 768w, https:\/\/macite.tg\/wp-content\/uploads\/2025\/02\/OTR_OTM_-prorogation-du-delai-concours-medias.jpg 1165w\" sizes=\"auto, (max-width: 1011px) 100vw, 1011px\" \/><\/figure>\n<\/div>\n\n\n<p class=\"wp-block-paragraph\"><strong>Pourquoi Louise Marie-Th\u00e9r\u00e8se est-elle surnomm\u00e9e la \u00ab\u00a0Mauresse de Moret\u00a0\u00bb\u202f?<\/strong><\/p>\n\n\n\n<p class=\"wp-block-paragraph\">Le surnom de \u00ab\u00a0<em>Mauresse de Moret<\/em>\u00a0\u00bb vient de&nbsp;<strong>sa peau noire et de son lieu de r\u00e9sidence<\/strong>, le couvent de Moret-sur-Loing. \u00c0 l\u2019\u00e9poque, le mot \u00ab\u00a0<em>mauresse<\/em>\u00a0\u00bb d\u00e9signait une femme \u00e0 la peau fonc\u00e9e, souvent d\u2019origine africaine ou maure. Ce sobriquet intriguant a aliment\u00e9 les rumeurs sur son ascendance.<\/p>\n\n\n\n<p class=\"wp-block-paragraph\">Dans les archives, plusieurs t\u00e9moignages \u00e9voquent son apparence inhabituelle pour une fille de France. Certains y voient une preuve qu\u2019elle est&nbsp;<strong>la fille ill\u00e9gitime de&nbsp;<\/strong><a href=\"https:\/\/www.caminteresse.fr\/histoire\/marie-therese-dautriche-la-femme-la-plus-puissante-deurope-175257\/\">Marie-Th\u00e9r\u00e8se d\u2019Autriche<\/a>, issue d\u2019une relation avec un serviteur noir qui dispara\u00eetra du palais royal du jour au lendemain. D\u2019autres avancent une explication m\u00e9dicale, comme le&nbsp;<strong>m\u00e9lanisme<\/strong>, une condition rare qui provoque un exc\u00e8s de pigmentation. Mais aucune certitude historique ne permet de trancher sur cette question.<\/p>\n\n\n\n<p class=\"wp-block-paragraph\"><strong>Louise Marie-Th\u00e9r\u00e8se \u00e9tait-elle r\u00e9ellement la fille de Louis XIV et Marie-Th\u00e9r\u00e8se d\u2019Autriche\u202f?<\/strong><\/p>\n\n\n\n<p class=\"wp-block-paragraph\">L\u2019id\u00e9e que Louise Marie-Th\u00e9r\u00e8se soit&nbsp;<strong>la fille cach\u00e9e de Louis XIV<\/strong>&nbsp;et de la reine Marie-Th\u00e9r\u00e8se repose sur des sources indirectes. Plusieurs auteurs ont mentionn\u00e9 cette hypoth\u00e8se, mais aucun&nbsp;<strong>document officiel ne la reconna\u00eet comme membre de la famille royale<\/strong>. Le roi et la cour ont d\u2019ailleurs soigneusement \u00e9vit\u00e9 d\u2019\u00e9voquer son existence. Et \u00e0 ce jour, tous se demandent pourquoi un tel acte d&rsquo;effacement.<\/p>\n\n\n<div class=\"wp-block-image\">\n<figure class=\"aligncenter size-full is-resized\"><img loading=\"lazy\" decoding=\"async\" width=\"690\" height=\"170\" src=\"https:\/\/macite.tg\/wp-content\/uploads\/2025\/02\/IMG-20240313-WA0013.jpg\" alt=\"\" class=\"wp-image-19882\" style=\"width:840px;height:auto\" srcset=\"https:\/\/macite.tg\/wp-content\/uploads\/2025\/02\/IMG-20240313-WA0013.jpg 690w, https:\/\/macite.tg\/wp-content\/uploads\/2025\/02\/IMG-20240313-WA0013-300x74.jpg 300w\" sizes=\"auto, (max-width: 690px) 100vw, 690px\" \/><\/figure>\n<\/div>\n\n\n<p class=\"wp-block-paragraph\">D&rsquo;ailleurs, une lettre du duc de Saint-Simon mentionne un enfant \u00ab\u00a0<em>de couleur<\/em>\u00a0\u00bb n\u00e9 \u00e0 la cour, mais les d\u00e9tails restent flous. Certains chercheurs sugg\u00e8rent qu\u2019il pourrait s\u2019agir d\u2019une pure invention pour discr\u00e9diter la reine Marie-Th\u00e9r\u00e8se. D\u2019autres avancent que cette naissance aurait \u00e9t\u00e9 attribu\u00e9e \u00e0 une suivante de la reine, afin de masquer un \u00e9ventuel scandale.<\/p>\n\n\n\n<p class=\"wp-block-paragraph\">Voltaire qui serait apparemment \u00ab\u00a0<em>n\u00e9grophile<\/em>\u00ab\u00a0, selon le site&nbsp;<em>Une Autre Histoire,<\/em>&nbsp;part interviewer Louise Marie-Th\u00e9r\u00e8se et conclura qu&rsquo;elle est \u00ab&nbsp;<strong><em>le portrait crach\u00e9 du roi Louis XIV&nbsp;\u00bb<\/em><\/strong>. Toutefois, \u00e0 ce jour, aucun acte officiel \u00e9tatique ne la rattache directement au roi Soleil.<\/p>\n\n\n\n<p class=\"wp-block-paragraph\"><strong>Que disent les autres sources sur la Mauresse fille de Louis XIV ?<\/strong><\/p>\n\n\n\n<p class=\"wp-block-paragraph\">Plusieurs autres auteurs ont mentionn\u00e9 cette hypoth\u00e8se, mais aucun&nbsp;<strong>document officiel ne la reconna\u00eet comme membre de la famille royale<\/strong>. Un document du couvent de Moret, identifi\u00e9 gr\u00e2ce \u00e0 un filigrane, atteste qu\u2019il a \u00e9t\u00e9 r\u00e9dig\u00e9 apr\u00e8s&nbsp;<strong>1742<\/strong>, soit bien apr\u00e8s la naissance suppos\u00e9e de la religieuse. L\u2019\u00e9criture serait celle de l\u2019abbesse, ce qui renforcerait l\u2019id\u00e9e que&nbsp;<strong>le roi aurait \u00e9t\u00e9 son p\u00e8re<\/strong>\u200b.<\/p>\n\n\n\n<p class=\"wp-block-paragraph\">En outre, des t\u00e9moignages, dont celui de&nbsp;<strong>Laurent Bouchet<\/strong>, vicaire de Saint-Germain-l\u2019Auxerrois, relate la mort d\u2019une myst\u00e9rieuse princesse \u00ab\u00a0<em>un peu mauresque<\/em>\u00a0\u00bb aux alentours de&nbsp;<strong>1665<\/strong>. Il \u00e9voque un nez aplati et des l\u00e8vres \u00e9paisses, confirmant l\u2019apparence m\u00e9tiss\u00e9e de l\u2019enfant. Le fait que la reine ait regard\u00e9 des enfants noirs ramen\u00e9s d\u2019Afrique&nbsp;apr\u00e8s la prise de Jijel (actuelle Alg\u00e9rie) alimente la rumeur selon laquelle l\u2019un d\u2019eux aurait pu \u00eatre son fils cach\u00e9\u200b.<\/p>\n\n\n<div class=\"wp-block-image\">\n<figure class=\"aligncenter size-full\"><img loading=\"lazy\" decoding=\"async\" width=\"851\" height=\"315\" src=\"https:\/\/macite.tg\/wp-content\/uploads\/2025\/02\/OTR_Ferer-pour-batir.jpg\" alt=\"\" class=\"wp-image-19934\" srcset=\"https:\/\/macite.tg\/wp-content\/uploads\/2025\/02\/OTR_Ferer-pour-batir.jpg 851w, https:\/\/macite.tg\/wp-content\/uploads\/2025\/02\/OTR_Ferer-pour-batir-300x111.jpg 300w, https:\/\/macite.tg\/wp-content\/uploads\/2025\/02\/OTR_Ferer-pour-batir-768x284.jpg 768w\" sizes=\"auto, (max-width: 851px) 100vw, 851px\" \/><\/figure>\n<\/div>\n\n\n<p class=\"wp-block-paragraph\"><strong>Quel fut le destin de Louise Marie-Th\u00e9r\u00e8se apr\u00e8s son entr\u00e9e au couvent\u202f?<\/strong><\/p>\n\n\n\n<p class=\"wp-block-paragraph\">Louise Marie-Th\u00e9r\u00e8se fut confi\u00e9e tr\u00e8s jeune&nbsp;<strong>aux religieuses du couvent de Moret<\/strong>, o\u00f9 elle passa le reste de sa vie. Elle y prit le voile sous le nom de&nbsp;<strong>S\u0153ur Louise-Marie de Sainte-Th\u00e9r\u00e8se<\/strong>. Contrairement \u00e0 d\u2019autres enfants ill\u00e9gitimes de la royaut\u00e9, elle ne re\u00e7oit aucun titre ni pension officielle, ce qui renforce le doute sur son lien avec la famille royale.<\/p>\n\n\n\n<p class=\"wp-block-paragraph\">En revanche, des documents in\u00e9dits r\u00e9v\u00e8lent que&nbsp;<strong>Bontemps, premier valet de chambre de Louis XIV<\/strong>, se serait rendu en secret \u00e0 Moret en&nbsp;<strong>juin 1665<\/strong>. Un d\u00e9placement qui a \u00e9t\u00e9 jug\u00e9 comme tr\u00e8s inhabituel du fait de sa r\u00e9p\u00e9tition. Une note officielle atteste qu\u2019il aurait re\u00e7u&nbsp;<strong>200 livres pour ce voyage<\/strong>. Ce qui soul\u00e8ve la question\u202fsuivante : venait-il s\u2019occuper d\u2019une enfant royale cach\u00e9e\u202f? Peu apr\u00e8s, il se rend \u00e9galement \u00e0&nbsp;<strong>Fontevraud<\/strong>, l\u2019abbaye o\u00f9 l\u2019on pla\u00e7ait en pension les princesses royales. Selon certaines th\u00e9ories, cela pourrait indiquer&nbsp;<strong>une tentative de dissimulation d\u2019une enfant m\u00e9tisse<\/strong>\u200b.<\/p>\n\n\n\n<p class=\"wp-block-paragraph\"><strong>Que disent les historiens aujourd\u2019hui sur ce myst\u00e8re\u202f?<\/strong><\/p>\n\n\n\n<p class=\"wp-block-paragraph\">Les historiens restent partag\u00e9s sur le cas de Louise Marie-Th\u00e9r\u00e8se. Certains y voient une simple religieuse dont la l\u00e9gende a \u00e9t\u00e9 exag\u00e9r\u00e9e au fil du temps. En revanche, d&rsquo;autres continuent \u00e0 chercher des indices sur un \u00e9ventuel lien avec&nbsp;<strong>Louis XIV et Marie-Th\u00e9r\u00e8se d\u2019Autriche<\/strong>.<\/p>\n\n\n\n<p class=\"wp-block-paragraph\">\u00c0 cet effet, l\u2019historien&nbsp;<strong>Serge Aroles<\/strong>, qui a men\u00e9 des recherches approfondies sur la question, avance que la Mauresse de Moret pourrait \u00eatre&nbsp;<strong>une fille que Louis XIV aurait eue avec une Afro-descendante ou une Africaine<\/strong>. Il s\u2019appuie sur&nbsp;<strong>des documents in\u00e9dits<\/strong>&nbsp;qu\u2019il d\u00e9voilera dans un livre \u00e0 para\u00eetre\u200b.<\/p>\n\n\n<div class=\"wp-block-image\">\n<figure class=\"aligncenter size-full\"><img loading=\"lazy\" decoding=\"async\" width=\"512\" height=\"720\" src=\"https:\/\/macite.tg\/wp-content\/uploads\/2025\/02\/image-17.png\" alt=\"\" class=\"wp-image-20026\" srcset=\"https:\/\/macite.tg\/wp-content\/uploads\/2025\/02\/image-17.png 512w, https:\/\/macite.tg\/wp-content\/uploads\/2025\/02\/image-17-213x300.png 213w\" sizes=\"auto, (max-width: 512px) 100vw, 512px\" \/><\/figure>\n<\/div>\n\n\n<p class=\"wp-block-paragraph\">Enfin, un d\u00e9tail troublant intrigue certains chercheurs : un&nbsp;<strong>nain<\/strong>&nbsp;est mentionn\u00e9 dans l\u2019entourage du roi \u00e0 la m\u00eame \u00e9poque. Sa mort par noyade dans la Seine,&nbsp;<strong>\u00e0 l\u2019\u00e9t\u00e9 1665<\/strong>, co\u00efncide avec la disparition des rumeurs sur une \u00ab\u00a0<strong><em>fille noire<\/em><\/strong>\u00a0\u00bb n\u00e9e \u00e0 la cour. Certains y voient un lien entre cet \u00e9v\u00e9nement et un \u00e9ventuel secret que&nbsp;<strong>Louis XIV aurait voulu effacer<\/strong>\u200b.<\/p>\n\n\n\n<p class=\"wp-block-paragraph\"><strong>Sources : caminteresse.fr<\/strong><\/p>\n\n\n\n<p class=\"wp-block-paragraph\"><a><strong><em>@macite.tg&nbsp;&nbsp;&nbsp;&nbsp;&nbsp;&nbsp;&nbsp;&nbsp;<\/em><\/strong><\/a><\/p>\n\n\n\n<p class=\"wp-block-paragraph\"><strong><em>E-mail&nbsp;: <\/em><\/strong><a href=\"mailto:maciteinfo@gmail.com\"><strong><em>maciteinfo@gmail.com<\/em><\/strong><\/a><strong><em>; <\/em><\/strong><a href=\"mailto:bawela1@gmail.com\"><strong><em>bawela1@gmail.com<\/em><\/strong><\/a><strong><em> <\/em><\/strong><strong><em><\/em><\/strong><\/p>\n\n\n\n<p class=\"wp-block-paragraph\"><strong><em>Pour vos annonces, (publi)reportages, etc., joignez-nous au (00228)91515309\/<strong>79872224 <\/strong>www.macite.tg, L\u2019information, la bonne&nbsp;!<\/em><\/strong><\/p>\n","protected":false},"excerpt":{"rendered":"<p class=\"text-justify mb-2\" >La naissance de Louise Marie-Th\u00e9r\u00e8se, surnomm\u00e9e la \u00ab\u00a0Mauresse de Moret\u00a0\u00bb, a suscit\u00e9 de vives pr\u00e9occupations dans toute la cour royale d&rsquo;antan. Fille pr\u00e9sum\u00e9e de Louis XIV et de la reine Marie-Th\u00e9r\u00e8se d\u2019Autriche, elle serait n\u00e9e avec une peau noire. Une princesse noire donc dans la [&hellip;]<\/p>\n","protected":false},"author":2,"featured_media":20076,"comment_status":"open","ping_status":"open","sticky":false,"template":"","format":"standard","meta":{"footnotes":""},"categories":[20,6],"tags":[],"class_list":["post-20075","post","type-post","status-publish","format-standard","has-post-thumbnail","hentry","category-actualite","category-societe"],"yoast_head":"<!-- This site is optimized with the Yoast SEO plugin v28.4 - https:\/\/yoast.com\/product\/yoast-seo-wordpress\/ -->\n<title>QUAND L\u2019HISTOIRE NOUS RATTRAPE : Qui est Marianne, la fille \u201cnoire\u201d de Louis XIV ? -<\/title>\n<meta name=\"robots\" content=\"index, follow, max-snippet:-1, max-image-preview:large, max-video-preview:-1\" \/>\n<link rel=\"canonical\" href=\"https:\/\/macite.tg\/?p=20075\" \/>\n<meta property=\"og:locale\" content=\"fr_FR\" \/>\n<meta property=\"og:type\" content=\"article\" \/>\n<meta property=\"og:title\" content=\"QUAND L\u2019HISTOIRE NOUS RATTRAPE : Qui est Marianne, la fille \u201cnoire\u201d de Louis XIV ? -\" \/>\n<meta property=\"og:description\" content=\"La naissance de Louise Marie-Th\u00e9r\u00e8se, surnomm\u00e9e la \u00ab\u00a0Mauresse de Moret\u00a0\u00bb, a suscit\u00e9 de vives pr\u00e9occupations dans toute la cour royale d&rsquo;antan. Fille pr\u00e9sum\u00e9e de Louis XIV et de la reine Marie-Th\u00e9r\u00e8se d\u2019Autriche, elle serait n\u00e9e avec une peau noire. Une princesse noire donc dans la [&hellip;]\" \/>\n<meta property=\"og:url\" content=\"https:\/\/macite.tg\/?p=20075\" \/>\n<meta property=\"article:published_time\" content=\"2025-02-11T16:10:39+00:00\" \/>\n<meta property=\"article:modified_time\" content=\"2025-02-11T16:10:49+00:00\" \/>\n<meta property=\"og:image\" content=\"https:\/\/macite.tg\/wp-content\/uploads\/2025\/02\/image-24.png\" \/>\n\t<meta property=\"og:image:width\" content=\"379\" \/>\n\t<meta property=\"og:image:height\" content=\"182\" \/>\n\t<meta property=\"og:image:type\" content=\"image\/png\" \/>\n<meta name=\"author\" content=\"Jean Pierre BAWELA\" \/>\n<meta name=\"twitter:card\" content=\"summary_large_image\" \/>\n<meta name=\"twitter:label1\" content=\"\u00c9crit par\" \/>\n\t<meta name=\"twitter:data1\" content=\"Jean Pierre BAWELA\" \/>\n\t<meta name=\"twitter:label2\" content=\"Dur\u00e9e de lecture estim\u00e9e\" \/>\n\t<meta name=\"twitter:data2\" content=\"6 minutes\" \/>\n<script type=\"application\/ld+json\" class=\"yoast-schema-graph\">{\"@context\":\"https:\\\/\\\/schema.org\",\"@graph\":[{\"@type\":\"Article\",\"@id\":\"https:\\\/\\\/macite.tg\\\/?p=20075#article\",\"isPartOf\":{\"@id\":\"https:\\\/\\\/macite.tg\\\/?p=20075\"},\"author\":{\"name\":\"Jean Pierre BAWELA\",\"@id\":\"https:\\\/\\\/macite.tg\\\/#\\\/schema\\\/person\\\/e9f2de7e5dbbe7770a9402c7ce82f5c2\"},\"headline\":\"QUAND L\u2019HISTOIRE NOUS RATTRAPE : Qui est Marianne, la fille \u201cnoire\u201d de Louis XIV ?\",\"datePublished\":\"2025-02-11T16:10:39+00:00\",\"dateModified\":\"2025-02-11T16:10:49+00:00\",\"mainEntityOfPage\":{\"@id\":\"https:\\\/\\\/macite.tg\\\/?p=20075\"},\"wordCount\":1218,\"commentCount\":0,\"image\":{\"@id\":\"https:\\\/\\\/macite.tg\\\/?p=20075#primaryimage\"},\"thumbnailUrl\":\"https:\\\/\\\/macite.tg\\\/wp-content\\\/uploads\\\/2025\\\/02\\\/image-24.png\",\"articleSection\":[\"ACTUALITE\",\"SOCIETE\"],\"inLanguage\":\"fr-FR\",\"potentialAction\":[{\"@type\":\"CommentAction\",\"name\":\"Comment\",\"target\":[\"https:\\\/\\\/macite.tg\\\/?p=20075#respond\"]}]},{\"@type\":\"WebPage\",\"@id\":\"https:\\\/\\\/macite.tg\\\/?p=20075\",\"url\":\"https:\\\/\\\/macite.tg\\\/?p=20075\",\"name\":\"QUAND L\u2019HISTOIRE NOUS RATTRAPE : Qui est Marianne, la fille \u201cnoire\u201d de Louis XIV ? -\",\"isPartOf\":{\"@id\":\"https:\\\/\\\/macite.tg\\\/#website\"},\"primaryImageOfPage\":{\"@id\":\"https:\\\/\\\/macite.tg\\\/?p=20075#primaryimage\"},\"image\":{\"@id\":\"https:\\\/\\\/macite.tg\\\/?p=20075#primaryimage\"},\"thumbnailUrl\":\"https:\\\/\\\/macite.tg\\\/wp-content\\\/uploads\\\/2025\\\/02\\\/image-24.png\",\"datePublished\":\"2025-02-11T16:10:39+00:00\",\"dateModified\":\"2025-02-11T16:10:49+00:00\",\"author\":{\"@id\":\"https:\\\/\\\/macite.tg\\\/#\\\/schema\\\/person\\\/e9f2de7e5dbbe7770a9402c7ce82f5c2\"},\"breadcrumb\":{\"@id\":\"https:\\\/\\\/macite.tg\\\/?p=20075#breadcrumb\"},\"inLanguage\":\"fr-FR\",\"potentialAction\":[{\"@type\":\"ReadAction\",\"target\":[\"https:\\\/\\\/macite.tg\\\/?p=20075\"]}]},{\"@type\":\"ImageObject\",\"inLanguage\":\"fr-FR\",\"@id\":\"https:\\\/\\\/macite.tg\\\/?p=20075#primaryimage\",\"url\":\"https:\\\/\\\/macite.tg\\\/wp-content\\\/uploads\\\/2025\\\/02\\\/image-24.png\",\"contentUrl\":\"https:\\\/\\\/macite.tg\\\/wp-content\\\/uploads\\\/2025\\\/02\\\/image-24.png\",\"width\":379,\"height\":182,\"caption\":\"Louise Marie-Th\u00e9r\u00e8se, fille noire de Louis XIV\"},{\"@type\":\"BreadcrumbList\",\"@id\":\"https:\\\/\\\/macite.tg\\\/?p=20075#breadcrumb\",\"itemListElement\":[{\"@type\":\"ListItem\",\"position\":1,\"name\":\"Accueil\",\"item\":\"https:\\\/\\\/macite.tg\\\/\"},{\"@type\":\"ListItem\",\"position\":2,\"name\":\"QUAND L\u2019HISTOIRE NOUS RATTRAPE : Qui est Marianne, la fille \u201cnoire\u201d de Louis XIV ?\"}]},{\"@type\":\"WebSite\",\"@id\":\"https:\\\/\\\/macite.tg\\\/#website\",\"url\":\"https:\\\/\\\/macite.tg\\\/\",\"name\":\"\",\"description\":\"L&#039;information, la bonne!!!\",\"potentialAction\":[{\"@type\":\"SearchAction\",\"target\":{\"@type\":\"EntryPoint\",\"urlTemplate\":\"https:\\\/\\\/macite.tg\\\/?s={search_term_string}\"},\"query-input\":{\"@type\":\"PropertyValueSpecification\",\"valueRequired\":true,\"valueName\":\"search_term_string\"}}],\"inLanguage\":\"fr-FR\"},{\"@type\":\"Person\",\"@id\":\"https:\\\/\\\/macite.tg\\\/#\\\/schema\\\/person\\\/e9f2de7e5dbbe7770a9402c7ce82f5c2\",\"name\":\"Jean Pierre BAWELA\",\"image\":{\"@type\":\"ImageObject\",\"inLanguage\":\"fr-FR\",\"@id\":\"https:\\\/\\\/macite.tg\\\/wp-content\\\/uploads\\\/2023\\\/09\\\/WhatsApp-Image-2023-09-19-at-14.44.41-122x122.jpeg\",\"url\":\"https:\\\/\\\/macite.tg\\\/wp-content\\\/uploads\\\/2023\\\/09\\\/WhatsApp-Image-2023-09-19-at-14.44.41-122x122.jpeg\",\"contentUrl\":\"https:\\\/\\\/macite.tg\\\/wp-content\\\/uploads\\\/2023\\\/09\\\/WhatsApp-Image-2023-09-19-at-14.44.41-122x122.jpeg\",\"caption\":\"Jean Pierre BAWELA\"},\"url\":\"https:\\\/\\\/macite.tg\\\/?author=2\"}]}<\/script>\n<!-- \/ Yoast SEO plugin. -->","yoast_head_json":{"title":"QUAND L\u2019HISTOIRE NOUS RATTRAPE : Qui est Marianne, la fille \u201cnoire\u201d de Louis XIV ? -","robots":{"index":"index","follow":"follow","max-snippet":"max-snippet:-1","max-image-preview":"max-image-preview:large","max-video-preview":"max-video-preview:-1"},"canonical":"https:\/\/macite.tg\/?p=20075","og_locale":"fr_FR","og_type":"article","og_title":"QUAND L\u2019HISTOIRE NOUS RATTRAPE : Qui est Marianne, la fille \u201cnoire\u201d de Louis XIV ? -","og_description":"La naissance de Louise Marie-Th\u00e9r\u00e8se, surnomm\u00e9e la \u00ab\u00a0Mauresse de Moret\u00a0\u00bb, a suscit\u00e9 de vives pr\u00e9occupations dans toute la cour royale d&rsquo;antan. Fille pr\u00e9sum\u00e9e de Louis XIV et de la reine Marie-Th\u00e9r\u00e8se d\u2019Autriche, elle serait n\u00e9e avec une peau noire. Une princesse noire donc dans la [&hellip;]","og_url":"https:\/\/macite.tg\/?p=20075","article_published_time":"2025-02-11T16:10:39+00:00","article_modified_time":"2025-02-11T16:10:49+00:00","og_image":[{"width":379,"height":182,"url":"https:\/\/macite.tg\/wp-content\/uploads\/2025\/02\/image-24.png","type":"image\/png"}],"author":"Jean Pierre BAWELA","twitter_card":"summary_large_image","twitter_misc":{"\u00c9crit par":"Jean Pierre BAWELA","Dur\u00e9e de lecture estim\u00e9e":"6 minutes"},"schema":{"@context":"https:\/\/schema.org","@graph":[{"@type":"Article","@id":"https:\/\/macite.tg\/?p=20075#article","isPartOf":{"@id":"https:\/\/macite.tg\/?p=20075"},"author":{"name":"Jean Pierre BAWELA","@id":"https:\/\/macite.tg\/#\/schema\/person\/e9f2de7e5dbbe7770a9402c7ce82f5c2"},"headline":"QUAND L\u2019HISTOIRE NOUS RATTRAPE : Qui est Marianne, la fille \u201cnoire\u201d de Louis XIV ?","datePublished":"2025-02-11T16:10:39+00:00","dateModified":"2025-02-11T16:10:49+00:00","mainEntityOfPage":{"@id":"https:\/\/macite.tg\/?p=20075"},"wordCount":1218,"commentCount":0,"image":{"@id":"https:\/\/macite.tg\/?p=20075#primaryimage"},"thumbnailUrl":"https:\/\/macite.tg\/wp-content\/uploads\/2025\/02\/image-24.png","articleSection":["ACTUALITE","SOCIETE"],"inLanguage":"fr-FR","potentialAction":[{"@type":"CommentAction","name":"Comment","target":["https:\/\/macite.tg\/?p=20075#respond"]}]},{"@type":"WebPage","@id":"https:\/\/macite.tg\/?p=20075","url":"https:\/\/macite.tg\/?p=20075","name":"QUAND L\u2019HISTOIRE NOUS RATTRAPE : Qui est Marianne, la fille \u201cnoire\u201d de Louis XIV ? -","isPartOf":{"@id":"https:\/\/macite.tg\/#website"},"primaryImageOfPage":{"@id":"https:\/\/macite.tg\/?p=20075#primaryimage"},"image":{"@id":"https:\/\/macite.tg\/?p=20075#primaryimage"},"thumbnailUrl":"https:\/\/macite.tg\/wp-content\/uploads\/2025\/02\/image-24.png","datePublished":"2025-02-11T16:10:39+00:00","dateModified":"2025-02-11T16:10:49+00:00","author":{"@id":"https:\/\/macite.tg\/#\/schema\/person\/e9f2de7e5dbbe7770a9402c7ce82f5c2"},"breadcrumb":{"@id":"https:\/\/macite.tg\/?p=20075#breadcrumb"},"inLanguage":"fr-FR","potentialAction":[{"@type":"ReadAction","target":["https:\/\/macite.tg\/?p=20075"]}]},{"@type":"ImageObject","inLanguage":"fr-FR","@id":"https:\/\/macite.tg\/?p=20075#primaryimage","url":"https:\/\/macite.tg\/wp-content\/uploads\/2025\/02\/image-24.png","contentUrl":"https:\/\/macite.tg\/wp-content\/uploads\/2025\/02\/image-24.png","width":379,"height":182,"caption":"Louise Marie-Th\u00e9r\u00e8se, fille noire de Louis XIV"},{"@type":"BreadcrumbList","@id":"https:\/\/macite.tg\/?p=20075#breadcrumb","itemListElement":[{"@type":"ListItem","position":1,"name":"Accueil","item":"https:\/\/macite.tg\/"},{"@type":"ListItem","position":2,"name":"QUAND L\u2019HISTOIRE NOUS RATTRAPE : Qui est Marianne, la fille \u201cnoire\u201d de Louis XIV ?"}]},{"@type":"WebSite","@id":"https:\/\/macite.tg\/#website","url":"https:\/\/macite.tg\/","name":"","description":"L&#039;information, la bonne!!!","potentialAction":[{"@type":"SearchAction","target":{"@type":"EntryPoint","urlTemplate":"https:\/\/macite.tg\/?s={search_term_string}"},"query-input":{"@type":"PropertyValueSpecification","valueRequired":true,"valueName":"search_term_string"}}],"inLanguage":"fr-FR"},{"@type":"Person","@id":"https:\/\/macite.tg\/#\/schema\/person\/e9f2de7e5dbbe7770a9402c7ce82f5c2","name":"Jean Pierre BAWELA","image":{"@type":"ImageObject","inLanguage":"fr-FR","@id":"https:\/\/macite.tg\/wp-content\/uploads\/2023\/09\/WhatsApp-Image-2023-09-19-at-14.44.41-122x122.jpeg","url":"https:\/\/macite.tg\/wp-content\/uploads\/2023\/09\/WhatsApp-Image-2023-09-19-at-14.44.41-122x122.jpeg","contentUrl":"https:\/\/macite.tg\/wp-content\/uploads\/2023\/09\/WhatsApp-Image-2023-09-19-at-14.44.41-122x122.jpeg","caption":"Jean Pierre BAWELA"},"url":"https:\/\/macite.tg\/?author=2"}]}},"_links":{"self":[{"href":"https:\/\/macite.tg\/index.php?rest_route=\/wp\/v2\/posts\/20075","targetHints":{"allow":["GET"]}}],"collection":[{"href":"https:\/\/macite.tg\/index.php?rest_route=\/wp\/v2\/posts"}],"about":[{"href":"https:\/\/macite.tg\/index.php?rest_route=\/wp\/v2\/types\/post"}],"author":[{"embeddable":true,"href":"https:\/\/macite.tg\/index.php?rest_route=\/wp\/v2\/users\/2"}],"replies":[{"embeddable":true,"href":"https:\/\/macite.tg\/index.php?rest_route=%2Fwp%2Fv2%2Fcomments&post=20075"}],"version-history":[{"count":0,"href":"https:\/\/macite.tg\/index.php?rest_route=\/wp\/v2\/posts\/20075\/revisions"}],"wp:featuredmedia":[{"embeddable":true,"href":"https:\/\/macite.tg\/index.php?rest_route=\/wp\/v2\/media\/20076"}],"wp:attachment":[{"href":"https:\/\/macite.tg\/index.php?rest_route=%2Fwp%2Fv2%2Fmedia&parent=20075"}],"wp:term":[{"taxonomy":"category","embeddable":true,"href":"https:\/\/macite.tg\/index.php?rest_route=%2Fwp%2Fv2%2Fcategories&post=20075"},{"taxonomy":"post_tag","embeddable":true,"href":"https:\/\/macite.tg\/index.php?rest_route=%2Fwp%2Fv2%2Ftags&post=20075"}],"curies":[{"name":"wp","href":"https:\/\/api.w.org\/{rel}","templated":true}]}}