{"id":20070,"date":"2025-02-11T15:50:13","date_gmt":"2025-02-11T15:50:13","guid":{"rendered":"https:\/\/macite.tg\/?p=20070"},"modified":"2025-02-11T16:09:15","modified_gmt":"2025-02-11T16:09:15","slug":"maroc-reunion-des-presidents-des-parlements-des-etats-africains-atlantiques-les-bases-dun-renforcement-du-dialogue-interparlementaire-sur-le-continent-jetees-a-rabat","status":"publish","type":"post","link":"https:\/\/macite.tg\/?p=20070","title":{"rendered":"MAROC \/ REUNION DES PRESIDENTS DES PARLEMENTS DES \u00c9TATS AFRICAINS ATLANTIQUES\u00a0: Les bases pour un renforcement du dialogue interparlementaire sur le continent, jet\u00e9es \u00e0 Rabat"},"content":{"rendered":"\n<p class=\"wp-block-paragraph\"><strong><em>La capitale du Royaume du Maroc a abrit\u00e9, le 6 f\u00e9vrier 2025, une r\u00e9union des Pr\u00e9sidents des Parlements des \u00c9tats Africains Atlantiques. Plac\u00e9e sous le th\u00e8me \u00ab Promouvoir un r\u00e9seau parlementaire pour une Afrique atlantique stable, int\u00e9gr\u00e9e et prosp\u00e8re \u00bb, cette rencontre s&rsquo;est achev\u00e9e par l&rsquo;adoption d&rsquo;une \u00ab D\u00e9claration de Rabat \u00bb, qui pose les jalons d&rsquo;une coop\u00e9ration parlementaire renforc\u00e9e entre les \u00c9tats concern\u00e9s. Un espace d\u2019\u00e9changes entre les institutions l\u00e9gislatives du continent, est donc n\u00e9. Et le Togo qui a pris une part active \u00e0 cette rencontre continentale, a \u00e9t\u00e9 repr\u00e9sent\u00e9e par la sixi\u00e8me Vice-pr\u00e9sidente Myriam Dossou d&rsquo;Almeida<\/em><\/strong>.<\/p>\n\n\n\n<p class=\"wp-block-paragraph\">Le Processus des \u00c9tats Africains Atlantiques (PEAA), lanc\u00e9 le 8 juin 2022 \u00e0 Rabat, sous l\u2019impulsion de Sa Majest\u00e9 le Roi Mohammed VI, constitue une initiative majeure pour transformer la fa\u00e7ade atlantique africaine en un espace de synergies humaines, de compl\u00e9mentarit\u00e9 \u00e9conomique et de rayonnement international.<\/p>\n\n\n\n<p class=\"wp-block-paragraph\">C\u2019est dans cette m\u00eame dynamique qu\u2019une r\u00e9union des Pr\u00e9sidents des Parlements des \u00c9tats Africains Atlantiques le 06 f\u00e9vrier dernier \u00e0 Rabat sur le th\u00e8me <em>\u00ab Promouvoir un r\u00e9seau parlementaire pour une Afrique atlantique stable, int\u00e9gr\u00e9e et prosp\u00e8re \u00bb,<\/em> donnant d\u2019ailleurs lieu \u00e0 une <em>\u00ab D\u00e9claration de Rabat \u00bb,<\/em> qui pose les jalons d&rsquo;une coop\u00e9ration parlementaire renforc\u00e9e entre les \u00c9tats concern\u00e9s.<\/p>\n\n\n<div class=\"wp-block-image\">\n<figure class=\"aligncenter size-full\"><img loading=\"lazy\" decoding=\"async\" width=\"512\" height=\"720\" src=\"https:\/\/macite.tg\/wp-content\/uploads\/2025\/02\/image-17.png\" alt=\"\" class=\"wp-image-20026\" srcset=\"https:\/\/macite.tg\/wp-content\/uploads\/2025\/02\/image-17.png 512w, https:\/\/macite.tg\/wp-content\/uploads\/2025\/02\/image-17-213x300.png 213w\" sizes=\"auto, (max-width: 512px) 100vw, 512px\" \/><\/figure>\n<\/div>\n\n\n<p class=\"wp-block-paragraph\"><strong>Un cadre de dialogue pour une meilleure int\u00e9gration parlementaire<\/strong><\/p>\n\n\n\n<p class=\"wp-block-paragraph\">L&rsquo;objectif principal de cette r\u00e9union est de renforcer le dialogue interparlementaire entre les \u00c9tats Africains Atlantiques. Il s&rsquo;agit d&rsquo;une d\u00e9marche visant \u00e0 offrir un espace d&rsquo;\u00e9change entre les institutions l\u00e9gislatives des pays concern\u00e9s, afin de mieux accompagner les politiques nationales et r\u00e9gionales en faveur de la stabilit\u00e9 et du d\u00e9veloppement \u00e9conomique.<\/p>\n\n\n\n<p class=\"wp-block-paragraph\">L&rsquo;un des points essentiels des discussions est la mise en place d&rsquo;un r\u00e9seau parlementaire d\u00e9di\u00e9 \u00e0 l&rsquo;Afrique Atlantique. Ce r\u00e9seau a pour vocation de faciliter la coop\u00e9ration entre les Parlements et d&rsquo;encourager une action concert\u00e9e sur les grandes th\u00e9matiques de d\u00e9veloppement qui concernent les pays de la fa\u00e7ade atlantique.<\/p>\n\n\n\n<p class=\"wp-block-paragraph\">Les parlementaires ont \u00e9galement abord\u00e9 la n\u00e9cessit\u00e9 d\u2019une coordination renforc\u00e9e sur des enjeux strat\u00e9giques, tels que la gestion durable des ressources naturelles, la s\u00e9curit\u00e9 maritime, le d\u00e9veloppement des investissements et l\u2019int\u00e9gration r\u00e9gionale. Ces aspects sont cruciaux pour favoriser la croissance \u00e9conomique et assurer une stabilit\u00e9 \u00e0 long terme dans la r\u00e9gion. Un appel a \u00e9t\u00e9 lanc\u00e9 pour faire des Parlements des forces de proposition. Ceux-ci doivent jouer un r\u00f4le central dans l&rsquo;\u00e9laboration et l&rsquo;adoption de politiques adapt\u00e9es aux r\u00e9alit\u00e9s et aux d\u00e9fis des pays africains atlantiques, en s&rsquo;appuyant sur les engagements pris dans les d\u00e9clarations du Processus des \u00c9tats Africains Atlantiques (PEAA).<\/p>\n\n\n<div class=\"wp-block-image\">\n<figure class=\"aligncenter size-full\"><img loading=\"lazy\" decoding=\"async\" width=\"851\" height=\"315\" src=\"https:\/\/macite.tg\/wp-content\/uploads\/2025\/02\/OTR_Ferer-pour-batir.jpg\" alt=\"\" class=\"wp-image-19934\" srcset=\"https:\/\/macite.tg\/wp-content\/uploads\/2025\/02\/OTR_Ferer-pour-batir.jpg 851w, https:\/\/macite.tg\/wp-content\/uploads\/2025\/02\/OTR_Ferer-pour-batir-300x111.jpg 300w, https:\/\/macite.tg\/wp-content\/uploads\/2025\/02\/OTR_Ferer-pour-batir-768x284.jpg 768w\" sizes=\"auto, (max-width: 851px) 100vw, 851px\" \/><\/figure>\n<\/div>\n\n\n<p class=\"wp-block-paragraph\">Avec l&rsquo;adoption de la D\u00e9claration de Rabat, les Parlements africains atlantiques s&rsquo;engagent \u00e0 jouer un r\u00f4le moteur dans l&rsquo;op\u00e9rationnalisation des engagements pris par leurs \u00c9tats. Ils entendent ainsi accompagner la mise en \u0153uvre des d\u00e9cisions politiques et \u00e9conomiques en faveur d&rsquo;une Afrique Atlantique plus stable, int\u00e9gr\u00e9e et prosp\u00e8re.<\/p>\n\n\n\n<p class=\"wp-block-paragraph\"><strong>Le Togo r\u00e9affirme son engagement en faveur du dialogue et de la coop\u00e9ration<\/strong><\/p>\n\n\n\n<p class=\"wp-block-paragraph\">Au nom de l&rsquo;Assembl\u00e9e nationale du Togo, l&rsquo;honorable Myriam Dossou d&rsquo;Almeida a r\u00e9affirm\u00e9 l&rsquo;engagement des \u00e9lus du peuple \u00e0 soutenir toutes les initiatives qui maintiennent le dialogue politique et s\u00e9curitaire au sein de l&rsquo;espace atlantique. Elle a soulign\u00e9 l&rsquo;importance de renforcer les m\u00e9canismes de concertation entre les \u00c9tats pour une meilleure gouvernance et une coop\u00e9ration plus efficace face aux d\u00e9fis communs.<\/p>\n\n\n\n<p class=\"wp-block-paragraph\">L&rsquo;honorable Myriam Dossou d&rsquo;Almeida a salu\u00e9 la diplomatie proactive du Royaume du Maroc sous la direction de Sa Majest\u00e9 le Roi Mohamed VI, notamment en mati\u00e8re de rapprochement des pays africains.<\/p>\n\n\n\n<p class=\"wp-block-paragraph\"><strong>Une audience avec le Pr\u00e9sident de la Chambre des Repr\u00e9sentants du Royaume de Maroc<\/strong><\/p>\n\n\n<div class=\"wp-block-image\">\n<figure class=\"aligncenter size-full is-resized\"><img loading=\"lazy\" decoding=\"async\" width=\"500\" height=\"333\" src=\"https:\/\/macite.tg\/wp-content\/uploads\/2025\/02\/audience.jpg\" alt=\"\" class=\"wp-image-20072\" style=\"width:596px;height:auto\" srcset=\"https:\/\/macite.tg\/wp-content\/uploads\/2025\/02\/audience.jpg 500w, https:\/\/macite.tg\/wp-content\/uploads\/2025\/02\/audience-300x200.jpg 300w, https:\/\/macite.tg\/wp-content\/uploads\/2025\/02\/audience-112x75.jpg 112w, https:\/\/macite.tg\/wp-content\/uploads\/2025\/02\/audience-425x283.jpg 425w, https:\/\/macite.tg\/wp-content\/uploads\/2025\/02\/audience-430x287.jpg 430w\" sizes=\"auto, (max-width: 500px) 100vw, 500px\" \/><figcaption class=\"wp-element-caption\"><strong><em>Mme Myriam Dossou d&rsquo;Almeida re\u00e7ue par M. Rachid Talbi El Alami, Pr\u00e9sident de la Chambre des repr\u00e9sentants du Royaume.<\/em><\/strong><\/figcaption><\/figure>\n<\/div>\n\n\n<p class=\"wp-block-paragraph\">En marge de la r\u00e9union, la sixi\u00e8me Vice-pr\u00e9sidente de l&rsquo;Assembl\u00e9e nationale a \u00e9t\u00e9 re\u00e7ue en audience par M. Rachid Talbi El Alami, Pr\u00e9sident de la Chambre des repr\u00e9sentants du Royaume du Maroc. Cette rencontre a permis aux deux personnalit\u00e9s d\u2019\u00e9changer sur le renforcement des relations bilat\u00e9rales entre les deux institutions parlementaires et de souligner l&rsquo;importance de l&rsquo;implication des repr\u00e9sentants du peuple dans la mise en \u0153uvre de la d\u00e9claration de Rabat pour garantir un impact concret et durable au b\u00e9n\u00e9fice des populations.<\/p>\n\n\n\n<p class=\"wp-block-paragraph\">Elles ont \u00e9galement r\u00e9affirm\u00e9 que la jeunesse est une richesse inestimable pour l&rsquo;avenir de nos nations. Dans cette dynamique, investir dans le d\u00e9veloppement du capital humain doit \u00eatre une priorit\u00e9 absolue, car elle constitue \u00e0 la fois le socle du progr\u00e8s \u00e9conomique de notre continent et le levier de la r\u00e9ussite des initiatives collectives.<\/p>\n\n\n\n<p class=\"wp-block-paragraph\">Elles ont, par ailleurs, insist\u00e9 sur la n\u00e9cessit\u00e9 de s&rsquo;assurer que les initiatives interparlementaires prennent en compte les pr\u00e9occupations des populations tout en s&rsquo;alignant sur les strat\u00e9gies de l&rsquo;ex\u00e9cutif, sans occulter les priorit\u00e9s nationales de chaque \u00c9tat, dans une approche mutuellement b\u00e9n\u00e9fique.<\/p>\n\n\n\n<p class=\"wp-block-paragraph\"><strong>JPB &amp; la Cellule Com AN<\/strong><\/p>\n\n\n\n<p class=\"wp-block-paragraph\"><a><strong><em>@macite.tg&nbsp;&nbsp;&nbsp;&nbsp;&nbsp;&nbsp;&nbsp;&nbsp;<\/em><\/strong><\/a><\/p>\n\n\n\n<p class=\"wp-block-paragraph\"><strong><em>E-mail&nbsp;: <\/em><\/strong><a href=\"mailto:maciteinfo@gmail.com\"><strong><em>maciteinfo@gmail.com<\/em><\/strong><\/a><strong><em>; <\/em><\/strong><a href=\"mailto:bawela1@gmail.com\"><strong><em>bawela1@gmail.com<\/em><\/strong><\/a><strong><em><\/em><\/strong><\/p>\n\n\n\n<p class=\"wp-block-paragraph\"><strong><em>Pour vos annonces, (publi)reportages, etc., joignez-nous au (00228)91515309\/<strong>79872224 <\/strong>www.macite.tg, L\u2019information, la bonne&nbsp;!<\/em><\/strong><\/p>\n","protected":false},"excerpt":{"rendered":"<p class=\"text-justify mb-2\" >La capitale du Royaume du Maroc a abrit\u00e9, le 6 f\u00e9vrier 2025, une r\u00e9union des Pr\u00e9sidents des Parlements des \u00c9tats Africains Atlantiques. Plac\u00e9e sous le th\u00e8me \u00ab Promouvoir un r\u00e9seau parlementaire pour une Afrique atlantique stable, int\u00e9gr\u00e9e et prosp\u00e8re \u00bb, cette rencontre s&rsquo;est achev\u00e9e par [&hellip;]<\/p>\n","protected":false},"author":2,"featured_media":20071,"comment_status":"open","ping_status":"open","sticky":false,"template":"","format":"standard","meta":{"footnotes":""},"categories":[20,16],"tags":[],"class_list":["post-20070","post","type-post","status-publish","format-standard","has-post-thumbnail","hentry","category-actualite","category-cooperation"],"yoast_head":"<!-- This site is optimized with the Yoast SEO plugin v28.4 - https:\/\/yoast.com\/product\/yoast-seo-wordpress\/ -->\n<title>MAROC \/ REUNION DES PRESIDENTS DES PARLEMENTS DES \u00c9TATS AFRICAINS ATLANTIQUES\u00a0: Les bases pour un renforcement du dialogue interparlementaire sur le continent, jet\u00e9es \u00e0 Rabat -<\/title>\n<meta name=\"robots\" content=\"index, follow, max-snippet:-1, max-image-preview:large, max-video-preview:-1\" \/>\n<link rel=\"canonical\" href=\"https:\/\/macite.tg\/?p=20070\" \/>\n<meta property=\"og:locale\" content=\"fr_FR\" \/>\n<meta property=\"og:type\" content=\"article\" \/>\n<meta property=\"og:title\" content=\"MAROC \/ REUNION DES PRESIDENTS DES PARLEMENTS DES \u00c9TATS AFRICAINS ATLANTIQUES\u00a0: Les bases pour un renforcement du dialogue interparlementaire sur le continent, jet\u00e9es \u00e0 Rabat -\" \/>\n<meta property=\"og:description\" content=\"La capitale du Royaume du Maroc a abrit\u00e9, le 6 f\u00e9vrier 2025, une r\u00e9union des Pr\u00e9sidents des Parlements des \u00c9tats Africains Atlantiques. Plac\u00e9e sous le th\u00e8me \u00ab Promouvoir un r\u00e9seau parlementaire pour une Afrique atlantique stable, int\u00e9gr\u00e9e et prosp\u00e8re \u00bb, cette rencontre s&rsquo;est achev\u00e9e par [&hellip;]\" \/>\n<meta property=\"og:url\" content=\"https:\/\/macite.tg\/?p=20070\" \/>\n<meta property=\"article:published_time\" content=\"2025-02-11T15:50:13+00:00\" \/>\n<meta property=\"article:modified_time\" content=\"2025-02-11T16:09:15+00:00\" \/>\n<meta property=\"og:image\" content=\"https:\/\/macite.tg\/wp-content\/uploads\/2025\/02\/Cooperation-Parlementaire.jpg\" \/>\n\t<meta property=\"og:image:width\" content=\"500\" \/>\n\t<meta property=\"og:image:height\" content=\"164\" \/>\n\t<meta property=\"og:image:type\" content=\"image\/jpeg\" \/>\n<meta name=\"author\" content=\"Jean Pierre BAWELA\" \/>\n<meta name=\"twitter:card\" content=\"summary_large_image\" \/>\n<meta name=\"twitter:label1\" content=\"\u00c9crit par\" \/>\n\t<meta name=\"twitter:data1\" content=\"Jean Pierre BAWELA\" \/>\n\t<meta name=\"twitter:label2\" content=\"Dur\u00e9e de lecture estim\u00e9e\" \/>\n\t<meta name=\"twitter:data2\" content=\"5 minutes\" \/>\n<script type=\"application\/ld+json\" class=\"yoast-schema-graph\">{\"@context\":\"https:\\\/\\\/schema.org\",\"@graph\":[{\"@type\":\"Article\",\"@id\":\"https:\\\/\\\/macite.tg\\\/?p=20070#article\",\"isPartOf\":{\"@id\":\"https:\\\/\\\/macite.tg\\\/?p=20070\"},\"author\":{\"name\":\"Jean Pierre BAWELA\",\"@id\":\"https:\\\/\\\/macite.tg\\\/#\\\/schema\\\/person\\\/e9f2de7e5dbbe7770a9402c7ce82f5c2\"},\"headline\":\"MAROC \\\/ REUNION DES PRESIDENTS DES PARLEMENTS DES \u00c9TATS AFRICAINS ATLANTIQUES\u00a0: Les bases pour un renforcement du dialogue interparlementaire sur le continent, jet\u00e9es \u00e0 Rabat\",\"datePublished\":\"2025-02-11T15:50:13+00:00\",\"dateModified\":\"2025-02-11T16:09:15+00:00\",\"mainEntityOfPage\":{\"@id\":\"https:\\\/\\\/macite.tg\\\/?p=20070\"},\"wordCount\":974,\"commentCount\":0,\"image\":{\"@id\":\"https:\\\/\\\/macite.tg\\\/?p=20070#primaryimage\"},\"thumbnailUrl\":\"https:\\\/\\\/macite.tg\\\/wp-content\\\/uploads\\\/2025\\\/02\\\/Cooperation-Parlementaire.jpg\",\"articleSection\":[\"ACTUALITE\",\"COOPERATION\"],\"inLanguage\":\"fr-FR\",\"potentialAction\":[{\"@type\":\"CommentAction\",\"name\":\"Comment\",\"target\":[\"https:\\\/\\\/macite.tg\\\/?p=20070#respond\"]}]},{\"@type\":\"WebPage\",\"@id\":\"https:\\\/\\\/macite.tg\\\/?p=20070\",\"url\":\"https:\\\/\\\/macite.tg\\\/?p=20070\",\"name\":\"MAROC \\\/ REUNION DES PRESIDENTS DES PARLEMENTS DES \u00c9TATS AFRICAINS ATLANTIQUES\u00a0: Les bases pour un renforcement du dialogue interparlementaire sur le continent, jet\u00e9es \u00e0 Rabat -\",\"isPartOf\":{\"@id\":\"https:\\\/\\\/macite.tg\\\/#website\"},\"primaryImageOfPage\":{\"@id\":\"https:\\\/\\\/macite.tg\\\/?p=20070#primaryimage\"},\"image\":{\"@id\":\"https:\\\/\\\/macite.tg\\\/?p=20070#primaryimage\"},\"thumbnailUrl\":\"https:\\\/\\\/macite.tg\\\/wp-content\\\/uploads\\\/2025\\\/02\\\/Cooperation-Parlementaire.jpg\",\"datePublished\":\"2025-02-11T15:50:13+00:00\",\"dateModified\":\"2025-02-11T16:09:15+00:00\",\"author\":{\"@id\":\"https:\\\/\\\/macite.tg\\\/#\\\/schema\\\/person\\\/e9f2de7e5dbbe7770a9402c7ce82f5c2\"},\"breadcrumb\":{\"@id\":\"https:\\\/\\\/macite.tg\\\/?p=20070#breadcrumb\"},\"inLanguage\":\"fr-FR\",\"potentialAction\":[{\"@type\":\"ReadAction\",\"target\":[\"https:\\\/\\\/macite.tg\\\/?p=20070\"]}]},{\"@type\":\"ImageObject\",\"inLanguage\":\"fr-FR\",\"@id\":\"https:\\\/\\\/macite.tg\\\/?p=20070#primaryimage\",\"url\":\"https:\\\/\\\/macite.tg\\\/wp-content\\\/uploads\\\/2025\\\/02\\\/Cooperation-Parlementaire.jpg\",\"contentUrl\":\"https:\\\/\\\/macite.tg\\\/wp-content\\\/uploads\\\/2025\\\/02\\\/Cooperation-Parlementaire.jpg\",\"width\":500,\"height\":164,\"caption\":\"Une vue de l'assistance lors des travaux\"},{\"@type\":\"BreadcrumbList\",\"@id\":\"https:\\\/\\\/macite.tg\\\/?p=20070#breadcrumb\",\"itemListElement\":[{\"@type\":\"ListItem\",\"position\":1,\"name\":\"Accueil\",\"item\":\"https:\\\/\\\/macite.tg\\\/\"},{\"@type\":\"ListItem\",\"position\":2,\"name\":\"MAROC \\\/ REUNION DES PRESIDENTS DES PARLEMENTS DES \u00c9TATS AFRICAINS ATLANTIQUES\u00a0: Les bases pour un renforcement du dialogue interparlementaire sur le continent, jet\u00e9es \u00e0 Rabat\"}]},{\"@type\":\"WebSite\",\"@id\":\"https:\\\/\\\/macite.tg\\\/#website\",\"url\":\"https:\\\/\\\/macite.tg\\\/\",\"name\":\"\",\"description\":\"L&#039;information, la bonne!!!\",\"potentialAction\":[{\"@type\":\"SearchAction\",\"target\":{\"@type\":\"EntryPoint\",\"urlTemplate\":\"https:\\\/\\\/macite.tg\\\/?s={search_term_string}\"},\"query-input\":{\"@type\":\"PropertyValueSpecification\",\"valueRequired\":true,\"valueName\":\"search_term_string\"}}],\"inLanguage\":\"fr-FR\"},{\"@type\":\"Person\",\"@id\":\"https:\\\/\\\/macite.tg\\\/#\\\/schema\\\/person\\\/e9f2de7e5dbbe7770a9402c7ce82f5c2\",\"name\":\"Jean Pierre BAWELA\",\"image\":{\"@type\":\"ImageObject\",\"inLanguage\":\"fr-FR\",\"@id\":\"https:\\\/\\\/macite.tg\\\/wp-content\\\/uploads\\\/2023\\\/09\\\/WhatsApp-Image-2023-09-19-at-14.44.41-122x122.jpeg\",\"url\":\"https:\\\/\\\/macite.tg\\\/wp-content\\\/uploads\\\/2023\\\/09\\\/WhatsApp-Image-2023-09-19-at-14.44.41-122x122.jpeg\",\"contentUrl\":\"https:\\\/\\\/macite.tg\\\/wp-content\\\/uploads\\\/2023\\\/09\\\/WhatsApp-Image-2023-09-19-at-14.44.41-122x122.jpeg\",\"caption\":\"Jean Pierre BAWELA\"},\"url\":\"https:\\\/\\\/macite.tg\\\/?author=2\"}]}<\/script>\n<!-- \/ Yoast SEO plugin. -->","yoast_head_json":{"title":"MAROC \/ REUNION DES PRESIDENTS DES PARLEMENTS DES \u00c9TATS AFRICAINS ATLANTIQUES\u00a0: Les bases pour un renforcement du dialogue interparlementaire sur le continent, jet\u00e9es \u00e0 Rabat -","robots":{"index":"index","follow":"follow","max-snippet":"max-snippet:-1","max-image-preview":"max-image-preview:large","max-video-preview":"max-video-preview:-1"},"canonical":"https:\/\/macite.tg\/?p=20070","og_locale":"fr_FR","og_type":"article","og_title":"MAROC \/ REUNION DES PRESIDENTS DES PARLEMENTS DES \u00c9TATS AFRICAINS ATLANTIQUES\u00a0: Les bases pour un renforcement du dialogue interparlementaire sur le continent, jet\u00e9es \u00e0 Rabat -","og_description":"La capitale du Royaume du Maroc a abrit\u00e9, le 6 f\u00e9vrier 2025, une r\u00e9union des Pr\u00e9sidents des Parlements des \u00c9tats Africains Atlantiques. Plac\u00e9e sous le th\u00e8me \u00ab Promouvoir un r\u00e9seau parlementaire pour une Afrique atlantique stable, int\u00e9gr\u00e9e et prosp\u00e8re \u00bb, cette rencontre s&rsquo;est achev\u00e9e par [&hellip;]","og_url":"https:\/\/macite.tg\/?p=20070","article_published_time":"2025-02-11T15:50:13+00:00","article_modified_time":"2025-02-11T16:09:15+00:00","og_image":[{"width":500,"height":164,"url":"https:\/\/macite.tg\/wp-content\/uploads\/2025\/02\/Cooperation-Parlementaire.jpg","type":"image\/jpeg"}],"author":"Jean Pierre BAWELA","twitter_card":"summary_large_image","twitter_misc":{"\u00c9crit par":"Jean Pierre BAWELA","Dur\u00e9e de lecture estim\u00e9e":"5 minutes"},"schema":{"@context":"https:\/\/schema.org","@graph":[{"@type":"Article","@id":"https:\/\/macite.tg\/?p=20070#article","isPartOf":{"@id":"https:\/\/macite.tg\/?p=20070"},"author":{"name":"Jean Pierre BAWELA","@id":"https:\/\/macite.tg\/#\/schema\/person\/e9f2de7e5dbbe7770a9402c7ce82f5c2"},"headline":"MAROC \/ REUNION DES PRESIDENTS DES PARLEMENTS DES \u00c9TATS AFRICAINS ATLANTIQUES\u00a0: Les bases pour un renforcement du dialogue interparlementaire sur le continent, jet\u00e9es \u00e0 Rabat","datePublished":"2025-02-11T15:50:13+00:00","dateModified":"2025-02-11T16:09:15+00:00","mainEntityOfPage":{"@id":"https:\/\/macite.tg\/?p=20070"},"wordCount":974,"commentCount":0,"image":{"@id":"https:\/\/macite.tg\/?p=20070#primaryimage"},"thumbnailUrl":"https:\/\/macite.tg\/wp-content\/uploads\/2025\/02\/Cooperation-Parlementaire.jpg","articleSection":["ACTUALITE","COOPERATION"],"inLanguage":"fr-FR","potentialAction":[{"@type":"CommentAction","name":"Comment","target":["https:\/\/macite.tg\/?p=20070#respond"]}]},{"@type":"WebPage","@id":"https:\/\/macite.tg\/?p=20070","url":"https:\/\/macite.tg\/?p=20070","name":"MAROC \/ REUNION DES PRESIDENTS DES PARLEMENTS DES \u00c9TATS AFRICAINS ATLANTIQUES\u00a0: Les bases pour un renforcement du dialogue interparlementaire sur le continent, jet\u00e9es \u00e0 Rabat -","isPartOf":{"@id":"https:\/\/macite.tg\/#website"},"primaryImageOfPage":{"@id":"https:\/\/macite.tg\/?p=20070#primaryimage"},"image":{"@id":"https:\/\/macite.tg\/?p=20070#primaryimage"},"thumbnailUrl":"https:\/\/macite.tg\/wp-content\/uploads\/2025\/02\/Cooperation-Parlementaire.jpg","datePublished":"2025-02-11T15:50:13+00:00","dateModified":"2025-02-11T16:09:15+00:00","author":{"@id":"https:\/\/macite.tg\/#\/schema\/person\/e9f2de7e5dbbe7770a9402c7ce82f5c2"},"breadcrumb":{"@id":"https:\/\/macite.tg\/?p=20070#breadcrumb"},"inLanguage":"fr-FR","potentialAction":[{"@type":"ReadAction","target":["https:\/\/macite.tg\/?p=20070"]}]},{"@type":"ImageObject","inLanguage":"fr-FR","@id":"https:\/\/macite.tg\/?p=20070#primaryimage","url":"https:\/\/macite.tg\/wp-content\/uploads\/2025\/02\/Cooperation-Parlementaire.jpg","contentUrl":"https:\/\/macite.tg\/wp-content\/uploads\/2025\/02\/Cooperation-Parlementaire.jpg","width":500,"height":164,"caption":"Une vue de l'assistance lors des travaux"},{"@type":"BreadcrumbList","@id":"https:\/\/macite.tg\/?p=20070#breadcrumb","itemListElement":[{"@type":"ListItem","position":1,"name":"Accueil","item":"https:\/\/macite.tg\/"},{"@type":"ListItem","position":2,"name":"MAROC \/ REUNION DES PRESIDENTS DES PARLEMENTS DES \u00c9TATS AFRICAINS ATLANTIQUES\u00a0: Les bases pour un renforcement du dialogue interparlementaire sur le continent, jet\u00e9es \u00e0 Rabat"}]},{"@type":"WebSite","@id":"https:\/\/macite.tg\/#website","url":"https:\/\/macite.tg\/","name":"","description":"L&#039;information, la bonne!!!","potentialAction":[{"@type":"SearchAction","target":{"@type":"EntryPoint","urlTemplate":"https:\/\/macite.tg\/?s={search_term_string}"},"query-input":{"@type":"PropertyValueSpecification","valueRequired":true,"valueName":"search_term_string"}}],"inLanguage":"fr-FR"},{"@type":"Person","@id":"https:\/\/macite.tg\/#\/schema\/person\/e9f2de7e5dbbe7770a9402c7ce82f5c2","name":"Jean Pierre BAWELA","image":{"@type":"ImageObject","inLanguage":"fr-FR","@id":"https:\/\/macite.tg\/wp-content\/uploads\/2023\/09\/WhatsApp-Image-2023-09-19-at-14.44.41-122x122.jpeg","url":"https:\/\/macite.tg\/wp-content\/uploads\/2023\/09\/WhatsApp-Image-2023-09-19-at-14.44.41-122x122.jpeg","contentUrl":"https:\/\/macite.tg\/wp-content\/uploads\/2023\/09\/WhatsApp-Image-2023-09-19-at-14.44.41-122x122.jpeg","caption":"Jean Pierre BAWELA"},"url":"https:\/\/macite.tg\/?author=2"}]}},"_links":{"self":[{"href":"https:\/\/macite.tg\/index.php?rest_route=\/wp\/v2\/posts\/20070","targetHints":{"allow":["GET"]}}],"collection":[{"href":"https:\/\/macite.tg\/index.php?rest_route=\/wp\/v2\/posts"}],"about":[{"href":"https:\/\/macite.tg\/index.php?rest_route=\/wp\/v2\/types\/post"}],"author":[{"embeddable":true,"href":"https:\/\/macite.tg\/index.php?rest_route=\/wp\/v2\/users\/2"}],"replies":[{"embeddable":true,"href":"https:\/\/macite.tg\/index.php?rest_route=%2Fwp%2Fv2%2Fcomments&post=20070"}],"version-history":[{"count":0,"href":"https:\/\/macite.tg\/index.php?rest_route=\/wp\/v2\/posts\/20070\/revisions"}],"wp:featuredmedia":[{"embeddable":true,"href":"https:\/\/macite.tg\/index.php?rest_route=\/wp\/v2\/media\/20071"}],"wp:attachment":[{"href":"https:\/\/macite.tg\/index.php?rest_route=%2Fwp%2Fv2%2Fmedia&parent=20070"}],"wp:term":[{"taxonomy":"category","embeddable":true,"href":"https:\/\/macite.tg\/index.php?rest_route=%2Fwp%2Fv2%2Fcategories&post=20070"},{"taxonomy":"post_tag","embeddable":true,"href":"https:\/\/macite.tg\/index.php?rest_route=%2Fwp%2Fv2%2Ftags&post=20070"}],"curies":[{"name":"wp","href":"https:\/\/api.w.org\/{rel}","templated":true}]}}