{"id":20053,"date":"2025-02-11T10:49:34","date_gmt":"2025-02-11T10:49:34","guid":{"rendered":"https:\/\/macite.tg\/?p=20053"},"modified":"2025-02-11T10:49:49","modified_gmt":"2025-02-11T10:49:49","slug":"jo-2024-la-federation-internationale-de-boxe-porte-plainte-contre-le-cio-au-sujet-dimane-khelif","status":"publish","type":"post","link":"https:\/\/macite.tg\/?p=20053","title":{"rendered":"JO 2024 : La F\u00e9d\u00e9ration internationale de boxe porte plainte contre le CIO au sujet d\u2019Imane Khelif"},"content":{"rendered":"\n<p class=\"wp-block-paragraph\"><strong><em>Le Comit\u00e9 international olympique (CIO) fait face \u00e0 des poursuites judiciaires pour avoir refus\u00e9 d\u2019exclure Imane Khelif et Lin Yu-ting de la comp\u00e9tition de boxe f\u00e9minine aux Jeux olympiques de l\u2019\u00e9t\u00e9 dernier. Un dossier qui s\u2019ouvre avec l\u2019arriv\u00e9e de Donald Trump \u00e0 la t\u00eate des Etats-Unis.<\/em><\/strong><\/p>\n\n\n\n<p class=\"wp-block-paragraph\">A la suite du d\u00e9cret de Donald Trump <em>\u00ab Interdire aux hommes de participer aux sports f\u00e9minins \u00bb<\/em> la semaine derni\u00e8re, l\u2019Association internationale de boxe a annonc\u00e9 qu\u2019elle d\u00e9poserait une plainte officielle aupr\u00e8s des procureurs g\u00e9n\u00e9raux de Suisse, de France et des \u00c9tats-Unis au sujet de la gestion par le CIO du conflit d\u2019admissibilit\u00e9 au genre qui a englouti Paris 2024.<\/p>\n\n\n<div class=\"wp-block-image\">\n<figure class=\"aligncenter size-large is-resized\"><img loading=\"lazy\" decoding=\"async\" width=\"1011\" height=\"1024\" src=\"https:\/\/macite.tg\/wp-content\/uploads\/2025\/02\/OTR_OTM_-prorogation-du-delai-concours-medias-1011x1024.jpg\" alt=\"\" class=\"wp-image-20017\" style=\"width:588px;height:auto\" srcset=\"https:\/\/macite.tg\/wp-content\/uploads\/2025\/02\/OTR_OTM_-prorogation-du-delai-concours-medias-1011x1024.jpg 1011w, https:\/\/macite.tg\/wp-content\/uploads\/2025\/02\/OTR_OTM_-prorogation-du-delai-concours-medias-296x300.jpg 296w, https:\/\/macite.tg\/wp-content\/uploads\/2025\/02\/OTR_OTM_-prorogation-du-delai-concours-medias-768x778.jpg 768w, https:\/\/macite.tg\/wp-content\/uploads\/2025\/02\/OTR_OTM_-prorogation-du-delai-concours-medias.jpg 1165w\" sizes=\"auto, (max-width: 1011px) 100vw, 1011px\" \/><\/figure>\n<\/div>\n\n\n<p class=\"wp-block-paragraph\">Khelif et Lin ont \u00e9t\u00e9 autoris\u00e9es \u00e0 concourir, et \u00e0 remporter l\u2019or, dans la comp\u00e9tition de boxe f\u00e9minine l\u2019\u00e9t\u00e9 dernier malgr\u00e9 leur exclusion des Championnats du monde de l\u2019ann\u00e9e pr\u00e9c\u00e9dente pour avoir \u00e9chou\u00e9 aux tests de d\u00e9pistage du sexe.<\/p>\n\n\n\n<p class=\"wp-block-paragraph\">L\u2019\u00e9v\u00e9nement de boxe \u00e0 Paris 2024 a \u00e9t\u00e9 organis\u00e9 par le CIO plut\u00f4t que par l\u2019IBA, qui a \u00e9t\u00e9 d\u00e9chue du droit de le faire en raison d\u2019une pol\u00e9mique sur la fa\u00e7on dont la f\u00e9d\u00e9ration internationale \u00e9tait g\u00e9r\u00e9e depuis un scandale de corruption centr\u00e9 sur les Jeux de 2016.<\/p>\n\n\n\n<p class=\"wp-block-paragraph\">Le CIO a refus\u00e9 de reconna\u00eetre la validit\u00e9 des tests effectu\u00e9s par l\u2019IBA pour mener sa propre \u00e9valuation de Khelif et Lin, toutes deux assign\u00e9es de sexe f\u00e9minin \u00e0 la naissance mais soup\u00e7onn\u00e9es d\u2019\u00eatre n\u00e9es avec des diff\u00e9rences de d\u00e9veloppement sexuel.<\/p>\n\n\n<div class=\"wp-block-image\">\n<figure class=\"aligncenter size-full\"><img loading=\"lazy\" decoding=\"async\" width=\"851\" height=\"315\" src=\"https:\/\/macite.tg\/wp-content\/uploads\/2025\/02\/OTR_Ferer-pour-batir.jpg\" alt=\"\" class=\"wp-image-19934\" srcset=\"https:\/\/macite.tg\/wp-content\/uploads\/2025\/02\/OTR_Ferer-pour-batir.jpg 851w, https:\/\/macite.tg\/wp-content\/uploads\/2025\/02\/OTR_Ferer-pour-batir-300x111.jpg 300w, https:\/\/macite.tg\/wp-content\/uploads\/2025\/02\/OTR_Ferer-pour-batir-768x284.jpg 768w\" sizes=\"auto, (max-width: 851px) 100vw, 851px\" \/><\/figure>\n<\/div>\n\n\n<p class=\"wp-block-paragraph\"><em>\u00ab&nbsp;L\u2019Association internationale de boxe (IBA) est fi\u00e8re d\u2019\u00eatre la seule f\u00e9d\u00e9ration internationale engag\u00e9e \u00e0 prot\u00e9ger les droits des athl\u00e8tes du monde entier et \u00e0 d\u00e9fendre l\u2019int\u00e9grit\u00e9 du sport f\u00e9minin. Le d\u00e9cret du pr\u00e9sident am\u00e9ricain Donald Trump \u00ab Interdire aux hommes de participer aux sports f\u00e9minins \u00bb prouve que l\u2019IBA a tenu bon, prot\u00e9geant \u00e0 juste titre les boxeuses d\u2019une concurrence d\u00e9loyale&nbsp;\u00bb<\/em>, a d\u00e9clar\u00e9 l\u2019IBA dans un communiqu\u00e9, avant d\u2019ajouter :<\/p>\n\n\n\n<p class=\"wp-block-paragraph\"><em>\u00ab&nbsp;Compte tenu des probl\u00e8mes d\u2019\u00e9ligibilit\u00e9 des boxeuses en 2022 et 2023, l\u2019IBA a proc\u00e9d\u00e9 de mani\u00e8re proactive \u00e0 tous les tests n\u00e9cessaires et a ensuite interdit aux personnes jug\u00e9es in\u00e9ligibles de participer aux comp\u00e9titions f\u00e9minines. Bien qu\u2019il ait inform\u00e9 le CIO de la disqualification d\u2019Imane Khelif et de Lin Yu-ting, le CIO n\u2019a pas tenu compte de cette information cruciale, permettant aux deux athl\u00e8tes de participer aux qualifications et finalement aux Jeux olympiques de 2024, o\u00f9 elles ont remport\u00e9 des m\u00e9dailles d\u2019or, refusant ainsi des opportunit\u00e9s aux athl\u00e8tes f\u00e9minines m\u00e9ritantes&nbsp;\u00bb<\/em>.<\/p>\n\n\n\n<p class=\"wp-block-paragraph\"><em>\u00ab&nbsp;En cons\u00e9quence, l\u2019IBA d\u00e9pose une plainte officielle aupr\u00e8s du procureur g\u00e9n\u00e9ral de la Suisse, M. Stefan Bl\u00e4tter, concernant les actions du CIO qui ont facilit\u00e9 la participation de ces athl\u00e8tes in\u00e9ligibles au tournoi de boxe olympique de 2024 \u00e0 Paris.<\/em><\/p>\n\n\n<div class=\"wp-block-image\">\n<figure class=\"aligncenter size-full\"><img loading=\"lazy\" decoding=\"async\" width=\"512\" height=\"720\" src=\"https:\/\/macite.tg\/wp-content\/uploads\/2025\/02\/image-17.png\" alt=\"\" class=\"wp-image-20026\" srcset=\"https:\/\/macite.tg\/wp-content\/uploads\/2025\/02\/image-17.png 512w, https:\/\/macite.tg\/wp-content\/uploads\/2025\/02\/image-17-213x300.png 213w\" sizes=\"auto, (max-width: 512px) 100vw, 512px\" \/><\/figure>\n<\/div>\n\n\n<p class=\"wp-block-paragraph\"><em>Selon la loi suisse, toute action ou inaction qui pr\u00e9sente un risque pour la s\u00e9curit\u00e9 des participants \u00e0 la comp\u00e9tition justifie une enqu\u00eate et peut servir de motif de poursuite p\u00e9nale. En outre, des plaintes similaires doivent \u00eatre d\u00e9pos\u00e9es aupr\u00e8s des procureurs g\u00e9n\u00e9raux de France et des \u00c9tats-Unis&nbsp;\u00bb<\/em>, conclut le communiqu\u00e9.<\/p>\n\n\n\n<p class=\"wp-block-paragraph\"><strong>MSN<\/strong><\/p>\n\n\n\n<p class=\"wp-block-paragraph\"><strong><em>@macite.tg&nbsp;&nbsp;&nbsp;&nbsp;&nbsp;&nbsp;&nbsp;&nbsp;<\/em><\/strong><\/p>\n\n\n\n<p class=\"wp-block-paragraph\"><strong><em>E-mail&nbsp;: <\/em><\/strong><a href=\"mailto:maciteinfo@gmail.com\"><strong><em>maciteinfo@gmail.com<\/em><\/strong><\/a><strong><em>; <\/em><\/strong><a href=\"mailto:bawela1@gmail.com\"><strong><em>bawela1@gmail.com<\/em><\/strong><\/a><strong><em> <\/em><\/strong><strong><em><\/em><\/strong><\/p>\n\n\n\n<p class=\"wp-block-paragraph\"><strong><em>Pour vos annonces, (publi)reportages, etc., joignez-nous au (00228)91515309\/<strong>79872224 <\/strong>www.macite.tg, L\u2019information, la bonne&nbsp;!<\/em><\/strong><\/p>\n","protected":false},"excerpt":{"rendered":"<p class=\"text-justify mb-2\" >Le Comit\u00e9 international olympique (CIO) fait face \u00e0 des poursuites judiciaires pour avoir refus\u00e9 d\u2019exclure Imane Khelif et Lin Yu-ting de la comp\u00e9tition de boxe f\u00e9minine aux Jeux olympiques de l\u2019\u00e9t\u00e9 dernier. Un dossier qui s\u2019ouvre avec l\u2019arriv\u00e9e de Donald Trump \u00e0 la t\u00eate des [&hellip;]<\/p>\n","protected":false},"author":2,"featured_media":20057,"comment_status":"open","ping_status":"open","sticky":false,"template":"","format":"standard","meta":{"footnotes":""},"categories":[20,26,7],"tags":[],"class_list":["post-20053","post","type-post","status-publish","format-standard","has-post-thumbnail","hentry","category-actualite","category-justice","category-sports"],"yoast_head":"<!-- This site is optimized with the Yoast SEO plugin v28.4 - https:\/\/yoast.com\/product\/yoast-seo-wordpress\/ -->\n<title>JO 2024 : La F\u00e9d\u00e9ration internationale de boxe porte plainte contre le CIO au sujet d\u2019Imane Khelif -<\/title>\n<meta name=\"robots\" content=\"index, follow, max-snippet:-1, max-image-preview:large, max-video-preview:-1\" \/>\n<link rel=\"canonical\" href=\"https:\/\/macite.tg\/?p=20053\" \/>\n<meta property=\"og:locale\" content=\"fr_FR\" \/>\n<meta property=\"og:type\" content=\"article\" \/>\n<meta property=\"og:title\" content=\"JO 2024 : La F\u00e9d\u00e9ration internationale de boxe porte plainte contre le CIO au sujet d\u2019Imane Khelif -\" \/>\n<meta property=\"og:description\" content=\"Le Comit\u00e9 international olympique (CIO) fait face \u00e0 des poursuites judiciaires pour avoir refus\u00e9 d\u2019exclure Imane Khelif et Lin Yu-ting de la comp\u00e9tition de boxe f\u00e9minine aux Jeux olympiques de l\u2019\u00e9t\u00e9 dernier. Un dossier qui s\u2019ouvre avec l\u2019arriv\u00e9e de Donald Trump \u00e0 la t\u00eate des [&hellip;]\" \/>\n<meta property=\"og:url\" content=\"https:\/\/macite.tg\/?p=20053\" \/>\n<meta property=\"article:published_time\" content=\"2025-02-11T10:49:34+00:00\" \/>\n<meta property=\"article:modified_time\" content=\"2025-02-11T10:49:49+00:00\" \/>\n<meta property=\"og:image\" content=\"https:\/\/macite.tg\/wp-content\/uploads\/2025\/02\/image-21.png\" \/>\n\t<meta property=\"og:image:width\" content=\"392\" \/>\n\t<meta property=\"og:image:height\" content=\"248\" \/>\n\t<meta property=\"og:image:type\" content=\"image\/png\" \/>\n<meta name=\"author\" content=\"Jean Pierre BAWELA\" \/>\n<meta name=\"twitter:card\" content=\"summary_large_image\" \/>\n<meta name=\"twitter:label1\" content=\"\u00c9crit par\" \/>\n\t<meta name=\"twitter:data1\" content=\"Jean Pierre BAWELA\" \/>\n\t<meta name=\"twitter:label2\" content=\"Dur\u00e9e de lecture estim\u00e9e\" \/>\n\t<meta name=\"twitter:data2\" content=\"4 minutes\" \/>\n<script type=\"application\/ld+json\" class=\"yoast-schema-graph\">{\"@context\":\"https:\\\/\\\/schema.org\",\"@graph\":[{\"@type\":\"Article\",\"@id\":\"https:\\\/\\\/macite.tg\\\/?p=20053#article\",\"isPartOf\":{\"@id\":\"https:\\\/\\\/macite.tg\\\/?p=20053\"},\"author\":{\"name\":\"Jean Pierre BAWELA\",\"@id\":\"https:\\\/\\\/macite.tg\\\/#\\\/schema\\\/person\\\/e9f2de7e5dbbe7770a9402c7ce82f5c2\"},\"headline\":\"JO 2024 : La F\u00e9d\u00e9ration internationale de boxe porte plainte contre le CIO au sujet d\u2019Imane Khelif\",\"datePublished\":\"2025-02-11T10:49:34+00:00\",\"dateModified\":\"2025-02-11T10:49:49+00:00\",\"mainEntityOfPage\":{\"@id\":\"https:\\\/\\\/macite.tg\\\/?p=20053\"},\"wordCount\":635,\"commentCount\":0,\"image\":{\"@id\":\"https:\\\/\\\/macite.tg\\\/?p=20053#primaryimage\"},\"thumbnailUrl\":\"https:\\\/\\\/macite.tg\\\/wp-content\\\/uploads\\\/2025\\\/02\\\/image-21.png\",\"articleSection\":[\"ACTUALITE\",\"JUSTICE\",\"SPORTS\"],\"inLanguage\":\"fr-FR\",\"potentialAction\":[{\"@type\":\"CommentAction\",\"name\":\"Comment\",\"target\":[\"https:\\\/\\\/macite.tg\\\/?p=20053#respond\"]}]},{\"@type\":\"WebPage\",\"@id\":\"https:\\\/\\\/macite.tg\\\/?p=20053\",\"url\":\"https:\\\/\\\/macite.tg\\\/?p=20053\",\"name\":\"JO 2024 : La F\u00e9d\u00e9ration internationale de boxe porte plainte contre le CIO au sujet d\u2019Imane Khelif -\",\"isPartOf\":{\"@id\":\"https:\\\/\\\/macite.tg\\\/#website\"},\"primaryImageOfPage\":{\"@id\":\"https:\\\/\\\/macite.tg\\\/?p=20053#primaryimage\"},\"image\":{\"@id\":\"https:\\\/\\\/macite.tg\\\/?p=20053#primaryimage\"},\"thumbnailUrl\":\"https:\\\/\\\/macite.tg\\\/wp-content\\\/uploads\\\/2025\\\/02\\\/image-21.png\",\"datePublished\":\"2025-02-11T10:49:34+00:00\",\"dateModified\":\"2025-02-11T10:49:49+00:00\",\"author\":{\"@id\":\"https:\\\/\\\/macite.tg\\\/#\\\/schema\\\/person\\\/e9f2de7e5dbbe7770a9402c7ce82f5c2\"},\"breadcrumb\":{\"@id\":\"https:\\\/\\\/macite.tg\\\/?p=20053#breadcrumb\"},\"inLanguage\":\"fr-FR\",\"potentialAction\":[{\"@type\":\"ReadAction\",\"target\":[\"https:\\\/\\\/macite.tg\\\/?p=20053\"]}]},{\"@type\":\"ImageObject\",\"inLanguage\":\"fr-FR\",\"@id\":\"https:\\\/\\\/macite.tg\\\/?p=20053#primaryimage\",\"url\":\"https:\\\/\\\/macite.tg\\\/wp-content\\\/uploads\\\/2025\\\/02\\\/image-21.png\",\"contentUrl\":\"https:\\\/\\\/macite.tg\\\/wp-content\\\/uploads\\\/2025\\\/02\\\/image-21.png\",\"width\":392,\"height\":248,\"caption\":\"Lin Yu-ting et Imane Khelif, deux boxeuses transgenres\"},{\"@type\":\"BreadcrumbList\",\"@id\":\"https:\\\/\\\/macite.tg\\\/?p=20053#breadcrumb\",\"itemListElement\":[{\"@type\":\"ListItem\",\"position\":1,\"name\":\"Accueil\",\"item\":\"https:\\\/\\\/macite.tg\\\/\"},{\"@type\":\"ListItem\",\"position\":2,\"name\":\"JO 2024 : La F\u00e9d\u00e9ration internationale de boxe porte plainte contre le CIO au sujet d\u2019Imane Khelif\"}]},{\"@type\":\"WebSite\",\"@id\":\"https:\\\/\\\/macite.tg\\\/#website\",\"url\":\"https:\\\/\\\/macite.tg\\\/\",\"name\":\"\",\"description\":\"L&#039;information, la bonne!!!\",\"potentialAction\":[{\"@type\":\"SearchAction\",\"target\":{\"@type\":\"EntryPoint\",\"urlTemplate\":\"https:\\\/\\\/macite.tg\\\/?s={search_term_string}\"},\"query-input\":{\"@type\":\"PropertyValueSpecification\",\"valueRequired\":true,\"valueName\":\"search_term_string\"}}],\"inLanguage\":\"fr-FR\"},{\"@type\":\"Person\",\"@id\":\"https:\\\/\\\/macite.tg\\\/#\\\/schema\\\/person\\\/e9f2de7e5dbbe7770a9402c7ce82f5c2\",\"name\":\"Jean Pierre BAWELA\",\"image\":{\"@type\":\"ImageObject\",\"inLanguage\":\"fr-FR\",\"@id\":\"https:\\\/\\\/macite.tg\\\/wp-content\\\/uploads\\\/2023\\\/09\\\/WhatsApp-Image-2023-09-19-at-14.44.41-122x122.jpeg\",\"url\":\"https:\\\/\\\/macite.tg\\\/wp-content\\\/uploads\\\/2023\\\/09\\\/WhatsApp-Image-2023-09-19-at-14.44.41-122x122.jpeg\",\"contentUrl\":\"https:\\\/\\\/macite.tg\\\/wp-content\\\/uploads\\\/2023\\\/09\\\/WhatsApp-Image-2023-09-19-at-14.44.41-122x122.jpeg\",\"caption\":\"Jean Pierre BAWELA\"},\"url\":\"https:\\\/\\\/macite.tg\\\/?author=2\"}]}<\/script>\n<!-- \/ Yoast SEO plugin. -->","yoast_head_json":{"title":"JO 2024 : La F\u00e9d\u00e9ration internationale de boxe porte plainte contre le CIO au sujet d\u2019Imane Khelif -","robots":{"index":"index","follow":"follow","max-snippet":"max-snippet:-1","max-image-preview":"max-image-preview:large","max-video-preview":"max-video-preview:-1"},"canonical":"https:\/\/macite.tg\/?p=20053","og_locale":"fr_FR","og_type":"article","og_title":"JO 2024 : La F\u00e9d\u00e9ration internationale de boxe porte plainte contre le CIO au sujet d\u2019Imane Khelif -","og_description":"Le Comit\u00e9 international olympique (CIO) fait face \u00e0 des poursuites judiciaires pour avoir refus\u00e9 d\u2019exclure Imane Khelif et Lin Yu-ting de la comp\u00e9tition de boxe f\u00e9minine aux Jeux olympiques de l\u2019\u00e9t\u00e9 dernier. Un dossier qui s\u2019ouvre avec l\u2019arriv\u00e9e de Donald Trump \u00e0 la t\u00eate des [&hellip;]","og_url":"https:\/\/macite.tg\/?p=20053","article_published_time":"2025-02-11T10:49:34+00:00","article_modified_time":"2025-02-11T10:49:49+00:00","og_image":[{"width":392,"height":248,"url":"https:\/\/macite.tg\/wp-content\/uploads\/2025\/02\/image-21.png","type":"image\/png"}],"author":"Jean Pierre BAWELA","twitter_card":"summary_large_image","twitter_misc":{"\u00c9crit par":"Jean Pierre BAWELA","Dur\u00e9e de lecture estim\u00e9e":"4 minutes"},"schema":{"@context":"https:\/\/schema.org","@graph":[{"@type":"Article","@id":"https:\/\/macite.tg\/?p=20053#article","isPartOf":{"@id":"https:\/\/macite.tg\/?p=20053"},"author":{"name":"Jean Pierre BAWELA","@id":"https:\/\/macite.tg\/#\/schema\/person\/e9f2de7e5dbbe7770a9402c7ce82f5c2"},"headline":"JO 2024 : La F\u00e9d\u00e9ration internationale de boxe porte plainte contre le CIO au sujet d\u2019Imane Khelif","datePublished":"2025-02-11T10:49:34+00:00","dateModified":"2025-02-11T10:49:49+00:00","mainEntityOfPage":{"@id":"https:\/\/macite.tg\/?p=20053"},"wordCount":635,"commentCount":0,"image":{"@id":"https:\/\/macite.tg\/?p=20053#primaryimage"},"thumbnailUrl":"https:\/\/macite.tg\/wp-content\/uploads\/2025\/02\/image-21.png","articleSection":["ACTUALITE","JUSTICE","SPORTS"],"inLanguage":"fr-FR","potentialAction":[{"@type":"CommentAction","name":"Comment","target":["https:\/\/macite.tg\/?p=20053#respond"]}]},{"@type":"WebPage","@id":"https:\/\/macite.tg\/?p=20053","url":"https:\/\/macite.tg\/?p=20053","name":"JO 2024 : La F\u00e9d\u00e9ration internationale de boxe porte plainte contre le CIO au sujet d\u2019Imane Khelif -","isPartOf":{"@id":"https:\/\/macite.tg\/#website"},"primaryImageOfPage":{"@id":"https:\/\/macite.tg\/?p=20053#primaryimage"},"image":{"@id":"https:\/\/macite.tg\/?p=20053#primaryimage"},"thumbnailUrl":"https:\/\/macite.tg\/wp-content\/uploads\/2025\/02\/image-21.png","datePublished":"2025-02-11T10:49:34+00:00","dateModified":"2025-02-11T10:49:49+00:00","author":{"@id":"https:\/\/macite.tg\/#\/schema\/person\/e9f2de7e5dbbe7770a9402c7ce82f5c2"},"breadcrumb":{"@id":"https:\/\/macite.tg\/?p=20053#breadcrumb"},"inLanguage":"fr-FR","potentialAction":[{"@type":"ReadAction","target":["https:\/\/macite.tg\/?p=20053"]}]},{"@type":"ImageObject","inLanguage":"fr-FR","@id":"https:\/\/macite.tg\/?p=20053#primaryimage","url":"https:\/\/macite.tg\/wp-content\/uploads\/2025\/02\/image-21.png","contentUrl":"https:\/\/macite.tg\/wp-content\/uploads\/2025\/02\/image-21.png","width":392,"height":248,"caption":"Lin Yu-ting et Imane Khelif, deux boxeuses transgenres"},{"@type":"BreadcrumbList","@id":"https:\/\/macite.tg\/?p=20053#breadcrumb","itemListElement":[{"@type":"ListItem","position":1,"name":"Accueil","item":"https:\/\/macite.tg\/"},{"@type":"ListItem","position":2,"name":"JO 2024 : La F\u00e9d\u00e9ration internationale de boxe porte plainte contre le CIO au sujet d\u2019Imane Khelif"}]},{"@type":"WebSite","@id":"https:\/\/macite.tg\/#website","url":"https:\/\/macite.tg\/","name":"","description":"L&#039;information, la bonne!!!","potentialAction":[{"@type":"SearchAction","target":{"@type":"EntryPoint","urlTemplate":"https:\/\/macite.tg\/?s={search_term_string}"},"query-input":{"@type":"PropertyValueSpecification","valueRequired":true,"valueName":"search_term_string"}}],"inLanguage":"fr-FR"},{"@type":"Person","@id":"https:\/\/macite.tg\/#\/schema\/person\/e9f2de7e5dbbe7770a9402c7ce82f5c2","name":"Jean Pierre BAWELA","image":{"@type":"ImageObject","inLanguage":"fr-FR","@id":"https:\/\/macite.tg\/wp-content\/uploads\/2023\/09\/WhatsApp-Image-2023-09-19-at-14.44.41-122x122.jpeg","url":"https:\/\/macite.tg\/wp-content\/uploads\/2023\/09\/WhatsApp-Image-2023-09-19-at-14.44.41-122x122.jpeg","contentUrl":"https:\/\/macite.tg\/wp-content\/uploads\/2023\/09\/WhatsApp-Image-2023-09-19-at-14.44.41-122x122.jpeg","caption":"Jean Pierre BAWELA"},"url":"https:\/\/macite.tg\/?author=2"}]}},"_links":{"self":[{"href":"https:\/\/macite.tg\/index.php?rest_route=\/wp\/v2\/posts\/20053","targetHints":{"allow":["GET"]}}],"collection":[{"href":"https:\/\/macite.tg\/index.php?rest_route=\/wp\/v2\/posts"}],"about":[{"href":"https:\/\/macite.tg\/index.php?rest_route=\/wp\/v2\/types\/post"}],"author":[{"embeddable":true,"href":"https:\/\/macite.tg\/index.php?rest_route=\/wp\/v2\/users\/2"}],"replies":[{"embeddable":true,"href":"https:\/\/macite.tg\/index.php?rest_route=%2Fwp%2Fv2%2Fcomments&post=20053"}],"version-history":[{"count":0,"href":"https:\/\/macite.tg\/index.php?rest_route=\/wp\/v2\/posts\/20053\/revisions"}],"wp:featuredmedia":[{"embeddable":true,"href":"https:\/\/macite.tg\/index.php?rest_route=\/wp\/v2\/media\/20057"}],"wp:attachment":[{"href":"https:\/\/macite.tg\/index.php?rest_route=%2Fwp%2Fv2%2Fmedia&parent=20053"}],"wp:term":[{"taxonomy":"category","embeddable":true,"href":"https:\/\/macite.tg\/index.php?rest_route=%2Fwp%2Fv2%2Fcategories&post=20053"},{"taxonomy":"post_tag","embeddable":true,"href":"https:\/\/macite.tg\/index.php?rest_route=%2Fwp%2Fv2%2Ftags&post=20053"}],"curies":[{"name":"wp","href":"https:\/\/api.w.org\/{rel}","templated":true}]}}