{"id":19978,"date":"2025-02-06T17:24:27","date_gmt":"2025-02-06T17:24:27","guid":{"rendered":"https:\/\/macite.tg\/?p=19978"},"modified":"2025-02-06T17:24:39","modified_gmt":"2025-02-06T17:24:39","slug":"journee-africaine-de-la-paix-et-de-la-reconciliation-le-maroc-resolument-engage-pour-la-paix-et-la-reconciliation-en-afrique","status":"publish","type":"post","link":"https:\/\/macite.tg\/?p=19978","title":{"rendered":"JOURNEE AFRICAINE DE LA PAIX ET DE LA RECONCILIATION : Le Maroc r\u00e9solument engag\u00e9 pour la paix et la reconciliation en Afrique"},"content":{"rendered":"\n<p class=\"wp-block-paragraph\"><strong><em>Dans le cadre de la comm\u00e9moration de la Journ\u00e9e africaine de la paix et de la r\u00e9conciliation, une r\u00e9union du Conseil de Paix et de s\u00e9curit\u00e9 (CPS) de l\u2019Union africaine (UA) s\u2019est tenue, le vendredi 31 janvier 2025, \u00e0 Addis-Abeba, en pr\u00e9sence du Repr\u00e9sentant Permanent du Maroc aupr\u00e8s de l\u2019UA et de la CEA-ONU, Mohamed Arrouchi.<\/em><\/strong><\/p>\n\n\n\n<p class=\"wp-block-paragraph\">Au cours de cette r\u00e9union, M. Mohamed Arrouchi a r\u00e9affirm\u00e9 l\u2019engagement r\u00e9solu du Royaume du Maroc en faveur de la promotion de la paix et la r\u00e9conciliation en Afrique. <em>\u00ab&nbsp;Le Royaume pr\u00f4ne une approche multidimensionnelle, reconnaissant le lien entre la paix, la s\u00e9curit\u00e9 et le d\u00e9veloppement pour assurer une stabilit\u00e9 durable dans le continent&nbsp;\u00bb,<\/em> a-t-il martel\u00e9.<\/p>\n\n\n<div class=\"wp-block-image\">\n<figure class=\"aligncenter size-large is-resized\"><img loading=\"lazy\" decoding=\"async\" width=\"730\" height=\"1024\" src=\"https:\/\/macite.tg\/wp-content\/uploads\/2025\/02\/image-12-730x1024.png\" alt=\"\" class=\"wp-image-19958\" style=\"width:654px;height:auto\" srcset=\"https:\/\/macite.tg\/wp-content\/uploads\/2025\/02\/image-12-730x1024.png 730w, https:\/\/macite.tg\/wp-content\/uploads\/2025\/02\/image-12-214x300.png 214w, https:\/\/macite.tg\/wp-content\/uploads\/2025\/02\/image-12-768x1077.png 768w, https:\/\/macite.tg\/wp-content\/uploads\/2025\/02\/image-12-1096x1536.png 1096w, https:\/\/macite.tg\/wp-content\/uploads\/2025\/02\/image-12.png 1159w\" sizes=\"auto, (max-width: 730px) 100vw, 730px\" \/><\/figure>\n<\/div>\n\n\n<p class=\"wp-block-paragraph\">Dans un contexte s\u00e9curitaire marqu\u00e9 par la recrudescence de la violence politique, du terrorisme et de l\u2019extr\u00e9misme violent, sans oublier les difficult\u00e9s politiques, \u00e9conomiques et sociales, qui impactent n\u00e9gativement les efforts de d\u00e9veloppement du continent, le diplomate marocain a soulign\u00e9 que le Royaume, conform\u00e9ment aux Hautes Directives du Souverain marocain, <em>\u00ab&nbsp;reste r\u00e9solument et constamment engag\u00e9 \u00e0 favoriser la stabilit\u00e9 en Afrique<\/em>&nbsp;\u00bb.<\/p>\n\n\n\n<p class=\"wp-block-paragraph\">M. Mohamed Arrouchi a, par ailleurs, d\u00e9plor\u00e9 que cette situation d\u2019instabilit\u00e9 politique et s\u00e9curitaire a malheureusement de <em>\u00ab&nbsp;graves r\u00e9percussions affectant directement ou indirectement l\u2019ensemble de la population africaine&nbsp;\u00bb,<\/em> et continue d\u2019entraver les efforts continentaux visant \u00e0 r\u00e9soudre les probl\u00e8mes li\u00e9s \u00e0 la paix, \u00e0 la s\u00e9curit\u00e9 et \u00e0 la bonne gouvernance.<\/p>\n\n\n\n<p class=\"wp-block-paragraph\">Le diplomate marocain a, dans ce contexte, insist\u00e9 sur le fait que Rabat pr\u00f4ne sur une <em>\u00ab&nbsp;<\/em><em>approche multidimensionnelle, reconnaissant le lien entre la paix, la s\u00e9curit\u00e9 et le d\u00e9veloppement pour assurer une stabilit\u00e9 durable dans le continent&nbsp;\u00bb,<\/em> ceci dans la mesure o\u00f9 l\u2019approche exclusivement militaire a montr\u00e9 ses limites.<\/p>\n\n\n<div class=\"wp-block-image\">\n<figure class=\"aligncenter size-full is-resized\"><img loading=\"lazy\" decoding=\"async\" width=\"720\" height=\"977\" src=\"https:\/\/macite.tg\/wp-content\/uploads\/2025\/02\/image-6.png\" alt=\"\" class=\"wp-image-19897\" style=\"width:658px;height:auto\" srcset=\"https:\/\/macite.tg\/wp-content\/uploads\/2025\/02\/image-6.png 720w, https:\/\/macite.tg\/wp-content\/uploads\/2025\/02\/image-6-221x300.png 221w\" sizes=\"auto, (max-width: 720px) 100vw, 720px\" \/><\/figure>\n<\/div>\n\n\n<p class=\"wp-block-paragraph\">Tout en expliquant que c\u2019est par le canal de la m\u00e9diation, du renforcement des capacit\u00e9s et des partenariats strat\u00e9giques que le Royaume <em>\u00ab&nbsp;soutient activement les initiatives de paix men\u00e9es par l\u2019Afrique, la coop\u00e9ration r\u00e9gionale et le d\u00e9veloppement socio-\u00e9conomique&nbsp;\u00bb,<\/em> M. Arrouchi a conclu son propos en soutenant que c\u2019est en <em>\u00ab&nbsp;donnant la priorit\u00e9 au dialogue, \u00e0 la r\u00e9conciliation et \u00e0 l\u2019autonomisation \u00e9conomique&nbsp;\u00bb, <\/em>que Rabatcontinuede<em> \u00ab&nbsp;contribuer \u00e0 une Afrique pacifique, prosp\u00e8re et r\u00e9siliente o\u00f9 toutes les populations peuvent s\u2019\u00e9panouir&nbsp;\u00bb.<\/em><\/p>\n\n\n\n<p class=\"wp-block-paragraph\"><strong>MC<\/strong><\/p>\n\n\n\n<p class=\"wp-block-paragraph\"><a><strong><em>@macite.tg&nbsp;&nbsp;&nbsp;&nbsp;&nbsp;&nbsp;&nbsp;&nbsp;<\/em><\/strong><\/a><\/p>\n\n\n\n<p class=\"wp-block-paragraph\"><strong><em>E-mail&nbsp;: <\/em><\/strong><a href=\"mailto:maciteinfo@gmail.com\"><strong><em>maciteinfo@gmail.com<\/em><\/strong><\/a><strong><em>; <\/em><\/strong><a href=\"mailto:bawela1@gmail.com\"><strong><em>bawela1@gmail.com<\/em><\/strong><\/a><strong><em><\/em><\/strong><\/p>\n\n\n\n<p class=\"wp-block-paragraph\"><strong><em>Pour vos annonces, (publi)reportages, etc., joignez-nous au (00228)91515309\/<strong>79872224 <\/strong>www.macite.tg, L\u2019information, la bonne&nbsp;!<\/em><\/strong><\/p>\n","protected":false},"excerpt":{"rendered":"<p class=\"text-justify mb-2\" >Dans le cadre de la comm\u00e9moration de la Journ\u00e9e africaine de la paix et de la r\u00e9conciliation, une r\u00e9union du Conseil de Paix et de s\u00e9curit\u00e9 (CPS) de l\u2019Union africaine (UA) s\u2019est tenue, le vendredi 31 janvier 2025, \u00e0 Addis-Abeba, en pr\u00e9sence du Repr\u00e9sentant Permanent [&hellip;]<\/p>\n","protected":false},"author":2,"featured_media":19979,"comment_status":"open","ping_status":"open","sticky":false,"template":"","format":"standard","meta":{"footnotes":""},"categories":[20,26,28],"tags":[],"class_list":["post-19978","post","type-post","status-publish","format-standard","has-post-thumbnail","hentry","category-actualite","category-justice","category-securite"],"yoast_head":"<!-- This site is optimized with the Yoast SEO plugin v28.4 - https:\/\/yoast.com\/product\/yoast-seo-wordpress\/ -->\n<title>JOURNEE AFRICAINE DE LA PAIX ET DE LA RECONCILIATION : Le Maroc r\u00e9solument engag\u00e9 pour la paix et la reconciliation en Afrique -<\/title>\n<meta name=\"robots\" content=\"index, follow, max-snippet:-1, max-image-preview:large, max-video-preview:-1\" \/>\n<link rel=\"canonical\" href=\"https:\/\/macite.tg\/?p=19978\" \/>\n<meta property=\"og:locale\" content=\"fr_FR\" \/>\n<meta property=\"og:type\" content=\"article\" \/>\n<meta property=\"og:title\" content=\"JOURNEE AFRICAINE DE LA PAIX ET DE LA RECONCILIATION : Le Maroc r\u00e9solument engag\u00e9 pour la paix et la reconciliation en Afrique -\" \/>\n<meta property=\"og:description\" content=\"Dans le cadre de la comm\u00e9moration de la Journ\u00e9e africaine de la paix et de la r\u00e9conciliation, une r\u00e9union du Conseil de Paix et de s\u00e9curit\u00e9 (CPS) de l\u2019Union africaine (UA) s\u2019est tenue, le vendredi 31 janvier 2025, \u00e0 Addis-Abeba, en pr\u00e9sence du Repr\u00e9sentant Permanent [&hellip;]\" \/>\n<meta property=\"og:url\" content=\"https:\/\/macite.tg\/?p=19978\" \/>\n<meta property=\"article:published_time\" content=\"2025-02-06T17:24:27+00:00\" \/>\n<meta property=\"article:modified_time\" content=\"2025-02-06T17:24:39+00:00\" \/>\n<meta property=\"og:image\" content=\"https:\/\/macite.tg\/wp-content\/uploads\/2025\/02\/representant-du-Marocx-aupres-du-CSP-de-lUa.jpg\" \/>\n\t<meta property=\"og:image:width\" content=\"500\" \/>\n\t<meta property=\"og:image:height\" content=\"263\" \/>\n\t<meta property=\"og:image:type\" content=\"image\/jpeg\" \/>\n<meta name=\"author\" content=\"Jean Pierre BAWELA\" \/>\n<meta name=\"twitter:card\" content=\"summary_large_image\" \/>\n<meta name=\"twitter:label1\" content=\"\u00c9crit par\" \/>\n\t<meta name=\"twitter:data1\" content=\"Jean Pierre BAWELA\" \/>\n\t<meta name=\"twitter:label2\" content=\"Dur\u00e9e de lecture estim\u00e9e\" \/>\n\t<meta name=\"twitter:data2\" content=\"3 minutes\" \/>\n<script type=\"application\/ld+json\" class=\"yoast-schema-graph\">{\"@context\":\"https:\\\/\\\/schema.org\",\"@graph\":[{\"@type\":\"Article\",\"@id\":\"https:\\\/\\\/macite.tg\\\/?p=19978#article\",\"isPartOf\":{\"@id\":\"https:\\\/\\\/macite.tg\\\/?p=19978\"},\"author\":{\"name\":\"Jean Pierre BAWELA\",\"@id\":\"https:\\\/\\\/macite.tg\\\/#\\\/schema\\\/person\\\/e9f2de7e5dbbe7770a9402c7ce82f5c2\"},\"headline\":\"JOURNEE AFRICAINE DE LA PAIX ET DE LA RECONCILIATION : Le Maroc r\u00e9solument engag\u00e9 pour la paix et la reconciliation en Afrique\",\"datePublished\":\"2025-02-06T17:24:27+00:00\",\"dateModified\":\"2025-02-06T17:24:39+00:00\",\"mainEntityOfPage\":{\"@id\":\"https:\\\/\\\/macite.tg\\\/?p=19978\"},\"wordCount\":467,\"commentCount\":0,\"image\":{\"@id\":\"https:\\\/\\\/macite.tg\\\/?p=19978#primaryimage\"},\"thumbnailUrl\":\"https:\\\/\\\/macite.tg\\\/wp-content\\\/uploads\\\/2025\\\/02\\\/representant-du-Marocx-aupres-du-CSP-de-lUa.jpg\",\"articleSection\":[\"ACTUALITE\",\"JUSTICE\",\"SECURITE\"],\"inLanguage\":\"fr-FR\",\"potentialAction\":[{\"@type\":\"CommentAction\",\"name\":\"Comment\",\"target\":[\"https:\\\/\\\/macite.tg\\\/?p=19978#respond\"]}]},{\"@type\":\"WebPage\",\"@id\":\"https:\\\/\\\/macite.tg\\\/?p=19978\",\"url\":\"https:\\\/\\\/macite.tg\\\/?p=19978\",\"name\":\"JOURNEE AFRICAINE DE LA PAIX ET DE LA RECONCILIATION : Le Maroc r\u00e9solument engag\u00e9 pour la paix et la reconciliation en Afrique -\",\"isPartOf\":{\"@id\":\"https:\\\/\\\/macite.tg\\\/#website\"},\"primaryImageOfPage\":{\"@id\":\"https:\\\/\\\/macite.tg\\\/?p=19978#primaryimage\"},\"image\":{\"@id\":\"https:\\\/\\\/macite.tg\\\/?p=19978#primaryimage\"},\"thumbnailUrl\":\"https:\\\/\\\/macite.tg\\\/wp-content\\\/uploads\\\/2025\\\/02\\\/representant-du-Marocx-aupres-du-CSP-de-lUa.jpg\",\"datePublished\":\"2025-02-06T17:24:27+00:00\",\"dateModified\":\"2025-02-06T17:24:39+00:00\",\"author\":{\"@id\":\"https:\\\/\\\/macite.tg\\\/#\\\/schema\\\/person\\\/e9f2de7e5dbbe7770a9402c7ce82f5c2\"},\"breadcrumb\":{\"@id\":\"https:\\\/\\\/macite.tg\\\/?p=19978#breadcrumb\"},\"inLanguage\":\"fr-FR\",\"potentialAction\":[{\"@type\":\"ReadAction\",\"target\":[\"https:\\\/\\\/macite.tg\\\/?p=19978\"]}]},{\"@type\":\"ImageObject\",\"inLanguage\":\"fr-FR\",\"@id\":\"https:\\\/\\\/macite.tg\\\/?p=19978#primaryimage\",\"url\":\"https:\\\/\\\/macite.tg\\\/wp-content\\\/uploads\\\/2025\\\/02\\\/representant-du-Marocx-aupres-du-CSP-de-lUa.jpg\",\"contentUrl\":\"https:\\\/\\\/macite.tg\\\/wp-content\\\/uploads\\\/2025\\\/02\\\/representant-du-Marocx-aupres-du-CSP-de-lUa.jpg\",\"width\":500,\"height\":263,\"caption\":\"Le Repr\u00e9sentant Permanent du Maroc aupr\u00e8s de l\u2019UA et de la CEA-ONU, Mohamed Arrouchi.\"},{\"@type\":\"BreadcrumbList\",\"@id\":\"https:\\\/\\\/macite.tg\\\/?p=19978#breadcrumb\",\"itemListElement\":[{\"@type\":\"ListItem\",\"position\":1,\"name\":\"Accueil\",\"item\":\"https:\\\/\\\/macite.tg\\\/\"},{\"@type\":\"ListItem\",\"position\":2,\"name\":\"JOURNEE AFRICAINE DE LA PAIX ET DE LA RECONCILIATION : Le Maroc r\u00e9solument engag\u00e9 pour la paix et la reconciliation en Afrique\"}]},{\"@type\":\"WebSite\",\"@id\":\"https:\\\/\\\/macite.tg\\\/#website\",\"url\":\"https:\\\/\\\/macite.tg\\\/\",\"name\":\"\",\"description\":\"L&#039;information, la bonne!!!\",\"potentialAction\":[{\"@type\":\"SearchAction\",\"target\":{\"@type\":\"EntryPoint\",\"urlTemplate\":\"https:\\\/\\\/macite.tg\\\/?s={search_term_string}\"},\"query-input\":{\"@type\":\"PropertyValueSpecification\",\"valueRequired\":true,\"valueName\":\"search_term_string\"}}],\"inLanguage\":\"fr-FR\"},{\"@type\":\"Person\",\"@id\":\"https:\\\/\\\/macite.tg\\\/#\\\/schema\\\/person\\\/e9f2de7e5dbbe7770a9402c7ce82f5c2\",\"name\":\"Jean Pierre BAWELA\",\"image\":{\"@type\":\"ImageObject\",\"inLanguage\":\"fr-FR\",\"@id\":\"https:\\\/\\\/macite.tg\\\/wp-content\\\/uploads\\\/2023\\\/09\\\/WhatsApp-Image-2023-09-19-at-14.44.41-122x122.jpeg\",\"url\":\"https:\\\/\\\/macite.tg\\\/wp-content\\\/uploads\\\/2023\\\/09\\\/WhatsApp-Image-2023-09-19-at-14.44.41-122x122.jpeg\",\"contentUrl\":\"https:\\\/\\\/macite.tg\\\/wp-content\\\/uploads\\\/2023\\\/09\\\/WhatsApp-Image-2023-09-19-at-14.44.41-122x122.jpeg\",\"caption\":\"Jean Pierre BAWELA\"},\"url\":\"https:\\\/\\\/macite.tg\\\/?author=2\"}]}<\/script>\n<!-- \/ Yoast SEO plugin. -->","yoast_head_json":{"title":"JOURNEE AFRICAINE DE LA PAIX ET DE LA RECONCILIATION : Le Maroc r\u00e9solument engag\u00e9 pour la paix et la reconciliation en Afrique -","robots":{"index":"index","follow":"follow","max-snippet":"max-snippet:-1","max-image-preview":"max-image-preview:large","max-video-preview":"max-video-preview:-1"},"canonical":"https:\/\/macite.tg\/?p=19978","og_locale":"fr_FR","og_type":"article","og_title":"JOURNEE AFRICAINE DE LA PAIX ET DE LA RECONCILIATION : Le Maroc r\u00e9solument engag\u00e9 pour la paix et la reconciliation en Afrique -","og_description":"Dans le cadre de la comm\u00e9moration de la Journ\u00e9e africaine de la paix et de la r\u00e9conciliation, une r\u00e9union du Conseil de Paix et de s\u00e9curit\u00e9 (CPS) de l\u2019Union africaine (UA) s\u2019est tenue, le vendredi 31 janvier 2025, \u00e0 Addis-Abeba, en pr\u00e9sence du Repr\u00e9sentant Permanent [&hellip;]","og_url":"https:\/\/macite.tg\/?p=19978","article_published_time":"2025-02-06T17:24:27+00:00","article_modified_time":"2025-02-06T17:24:39+00:00","og_image":[{"width":500,"height":263,"url":"https:\/\/macite.tg\/wp-content\/uploads\/2025\/02\/representant-du-Marocx-aupres-du-CSP-de-lUa.jpg","type":"image\/jpeg"}],"author":"Jean Pierre BAWELA","twitter_card":"summary_large_image","twitter_misc":{"\u00c9crit par":"Jean Pierre BAWELA","Dur\u00e9e de lecture estim\u00e9e":"3 minutes"},"schema":{"@context":"https:\/\/schema.org","@graph":[{"@type":"Article","@id":"https:\/\/macite.tg\/?p=19978#article","isPartOf":{"@id":"https:\/\/macite.tg\/?p=19978"},"author":{"name":"Jean Pierre BAWELA","@id":"https:\/\/macite.tg\/#\/schema\/person\/e9f2de7e5dbbe7770a9402c7ce82f5c2"},"headline":"JOURNEE AFRICAINE DE LA PAIX ET DE LA RECONCILIATION : Le Maroc r\u00e9solument engag\u00e9 pour la paix et la reconciliation en Afrique","datePublished":"2025-02-06T17:24:27+00:00","dateModified":"2025-02-06T17:24:39+00:00","mainEntityOfPage":{"@id":"https:\/\/macite.tg\/?p=19978"},"wordCount":467,"commentCount":0,"image":{"@id":"https:\/\/macite.tg\/?p=19978#primaryimage"},"thumbnailUrl":"https:\/\/macite.tg\/wp-content\/uploads\/2025\/02\/representant-du-Marocx-aupres-du-CSP-de-lUa.jpg","articleSection":["ACTUALITE","JUSTICE","SECURITE"],"inLanguage":"fr-FR","potentialAction":[{"@type":"CommentAction","name":"Comment","target":["https:\/\/macite.tg\/?p=19978#respond"]}]},{"@type":"WebPage","@id":"https:\/\/macite.tg\/?p=19978","url":"https:\/\/macite.tg\/?p=19978","name":"JOURNEE AFRICAINE DE LA PAIX ET DE LA RECONCILIATION : Le Maroc r\u00e9solument engag\u00e9 pour la paix et la reconciliation en Afrique -","isPartOf":{"@id":"https:\/\/macite.tg\/#website"},"primaryImageOfPage":{"@id":"https:\/\/macite.tg\/?p=19978#primaryimage"},"image":{"@id":"https:\/\/macite.tg\/?p=19978#primaryimage"},"thumbnailUrl":"https:\/\/macite.tg\/wp-content\/uploads\/2025\/02\/representant-du-Marocx-aupres-du-CSP-de-lUa.jpg","datePublished":"2025-02-06T17:24:27+00:00","dateModified":"2025-02-06T17:24:39+00:00","author":{"@id":"https:\/\/macite.tg\/#\/schema\/person\/e9f2de7e5dbbe7770a9402c7ce82f5c2"},"breadcrumb":{"@id":"https:\/\/macite.tg\/?p=19978#breadcrumb"},"inLanguage":"fr-FR","potentialAction":[{"@type":"ReadAction","target":["https:\/\/macite.tg\/?p=19978"]}]},{"@type":"ImageObject","inLanguage":"fr-FR","@id":"https:\/\/macite.tg\/?p=19978#primaryimage","url":"https:\/\/macite.tg\/wp-content\/uploads\/2025\/02\/representant-du-Marocx-aupres-du-CSP-de-lUa.jpg","contentUrl":"https:\/\/macite.tg\/wp-content\/uploads\/2025\/02\/representant-du-Marocx-aupres-du-CSP-de-lUa.jpg","width":500,"height":263,"caption":"Le Repr\u00e9sentant Permanent du Maroc aupr\u00e8s de l\u2019UA et de la CEA-ONU, Mohamed Arrouchi."},{"@type":"BreadcrumbList","@id":"https:\/\/macite.tg\/?p=19978#breadcrumb","itemListElement":[{"@type":"ListItem","position":1,"name":"Accueil","item":"https:\/\/macite.tg\/"},{"@type":"ListItem","position":2,"name":"JOURNEE AFRICAINE DE LA PAIX ET DE LA RECONCILIATION : Le Maroc r\u00e9solument engag\u00e9 pour la paix et la reconciliation en Afrique"}]},{"@type":"WebSite","@id":"https:\/\/macite.tg\/#website","url":"https:\/\/macite.tg\/","name":"","description":"L&#039;information, la bonne!!!","potentialAction":[{"@type":"SearchAction","target":{"@type":"EntryPoint","urlTemplate":"https:\/\/macite.tg\/?s={search_term_string}"},"query-input":{"@type":"PropertyValueSpecification","valueRequired":true,"valueName":"search_term_string"}}],"inLanguage":"fr-FR"},{"@type":"Person","@id":"https:\/\/macite.tg\/#\/schema\/person\/e9f2de7e5dbbe7770a9402c7ce82f5c2","name":"Jean Pierre BAWELA","image":{"@type":"ImageObject","inLanguage":"fr-FR","@id":"https:\/\/macite.tg\/wp-content\/uploads\/2023\/09\/WhatsApp-Image-2023-09-19-at-14.44.41-122x122.jpeg","url":"https:\/\/macite.tg\/wp-content\/uploads\/2023\/09\/WhatsApp-Image-2023-09-19-at-14.44.41-122x122.jpeg","contentUrl":"https:\/\/macite.tg\/wp-content\/uploads\/2023\/09\/WhatsApp-Image-2023-09-19-at-14.44.41-122x122.jpeg","caption":"Jean Pierre BAWELA"},"url":"https:\/\/macite.tg\/?author=2"}]}},"_links":{"self":[{"href":"https:\/\/macite.tg\/index.php?rest_route=\/wp\/v2\/posts\/19978","targetHints":{"allow":["GET"]}}],"collection":[{"href":"https:\/\/macite.tg\/index.php?rest_route=\/wp\/v2\/posts"}],"about":[{"href":"https:\/\/macite.tg\/index.php?rest_route=\/wp\/v2\/types\/post"}],"author":[{"embeddable":true,"href":"https:\/\/macite.tg\/index.php?rest_route=\/wp\/v2\/users\/2"}],"replies":[{"embeddable":true,"href":"https:\/\/macite.tg\/index.php?rest_route=%2Fwp%2Fv2%2Fcomments&post=19978"}],"version-history":[{"count":0,"href":"https:\/\/macite.tg\/index.php?rest_route=\/wp\/v2\/posts\/19978\/revisions"}],"wp:featuredmedia":[{"embeddable":true,"href":"https:\/\/macite.tg\/index.php?rest_route=\/wp\/v2\/media\/19979"}],"wp:attachment":[{"href":"https:\/\/macite.tg\/index.php?rest_route=%2Fwp%2Fv2%2Fmedia&parent=19978"}],"wp:term":[{"taxonomy":"category","embeddable":true,"href":"https:\/\/macite.tg\/index.php?rest_route=%2Fwp%2Fv2%2Fcategories&post=19978"},{"taxonomy":"post_tag","embeddable":true,"href":"https:\/\/macite.tg\/index.php?rest_route=%2Fwp%2Fv2%2Ftags&post=19978"}],"curies":[{"name":"wp","href":"https:\/\/api.w.org\/{rel}","templated":true}]}}