{"id":19973,"date":"2025-02-06T17:12:36","date_gmt":"2025-02-06T17:12:36","guid":{"rendered":"https:\/\/macite.tg\/?p=19973"},"modified":"2025-02-06T17:12:50","modified_gmt":"2025-02-06T17:12:50","slug":"marocainite-du-sahara-le-yemen-reaffirme-son-soutien-a-lintegrite-territoriale-du-royaume-et-sur-lensemble-de-ses-provinces-du-sud","status":"publish","type":"post","link":"https:\/\/macite.tg\/?p=19973","title":{"rendered":"MAROCAINITE DU SAHARA\u00a0: Le Y\u00e9men r\u00e9affirme son soutien \u00e0 l\u2019int\u00e9grit\u00e9 territoriale du Royaume et sur l\u2019ensemble de ses provinces du sud"},"content":{"rendered":"\n<p class=\"wp-block-paragraph\"><strong><em>La 6<sup>\u00e8me<\/sup>session de la Commission mixte Maroc-Y\u00e9men a eu lieu le vendredi 31 janvier 2025 \u00e0 Rabat, au Maroc. S\u2019exprimant \u00e0 cette occasion, le ministre y\u00e9m\u00e9nite des Affaires \u00e9trang\u00e8res et des Expatri\u00e9s, Shayea Mohsen Al-Zindani, a saisi l\u2019opportunit\u00e9 pour r\u00e9affirmer la position historique et constante de son pays, en soutien \u00e0 l\u2019int\u00e9grit\u00e9 territoriale du Royaume et \u00e0 la marocanit\u00e9 du Sahara.<\/em><\/strong><\/p>\n\n\n\n<p class=\"wp-block-paragraph\">Profitant de la tenue \u00e0 Rabat, le vendredi 31 janvier 2025, de la 6<sup>\u00e8me<\/sup> session de la Commission mixte Maroc-Y\u00e9men, le chef de la diplomatie y\u00e9m\u00e9nite a tenu, en plus de r\u00e9it\u00e9rer la position de la R\u00e9publique du Y\u00e9men sur la marocanit\u00e9 du Sahara, saluer les efforts d\u00e9ploy\u00e9s par Rabat parvenir \u00e0 une <em>\u00ab&nbsp;solution politique r\u00e9aliste bas\u00e9e sur le consensus, conform\u00e9ment aux r\u00e9solutions pertinentes y aff\u00e9rentes, adopt\u00e9es par le Conseil de s\u00e9curit\u00e9 de l\u2019ONU&nbsp;\u00bb.<\/em><\/p>\n\n\n<div class=\"wp-block-image\">\n<figure class=\"aligncenter size-full\"><img loading=\"lazy\" decoding=\"async\" width=\"851\" height=\"315\" src=\"https:\/\/macite.tg\/wp-content\/uploads\/2025\/02\/OTR_Ferer-pour-batir.jpg\" alt=\"\" class=\"wp-image-19934\" srcset=\"https:\/\/macite.tg\/wp-content\/uploads\/2025\/02\/OTR_Ferer-pour-batir.jpg 851w, https:\/\/macite.tg\/wp-content\/uploads\/2025\/02\/OTR_Ferer-pour-batir-300x111.jpg 300w, https:\/\/macite.tg\/wp-content\/uploads\/2025\/02\/OTR_Ferer-pour-batir-768x284.jpg 768w\" sizes=\"auto, (max-width: 851px) 100vw, 851px\" \/><\/figure>\n<\/div>\n\n\n<p class=\"wp-block-paragraph\">Le ministre y\u00e9m\u00e9nite des Affaires \u00e9trang\u00e8res et des Expatri\u00e9s, Shayea Mohsen Al-Zindani, s\u2019est ensuite f\u00e9licit\u00e9 de l\u2019\u00e9lan international en soutien au Plan d\u2019autonomie comme \u00e9tant <em>\u00ab&nbsp;la solution r\u00e9aliste, s\u00e9rieuse et cr\u00e9dible et la base pour mettre fin au conflit r\u00e9gional artificiel autour de cette question&nbsp;\u00bb.<\/em><\/p>\n\n\n<div class=\"wp-block-image\">\n<figure class=\"aligncenter size-large is-resized\"><img loading=\"lazy\" decoding=\"async\" width=\"730\" height=\"1024\" src=\"https:\/\/macite.tg\/wp-content\/uploads\/2025\/02\/image-12-730x1024.png\" alt=\"\" class=\"wp-image-19958\" style=\"width:542px;height:auto\" srcset=\"https:\/\/macite.tg\/wp-content\/uploads\/2025\/02\/image-12-730x1024.png 730w, https:\/\/macite.tg\/wp-content\/uploads\/2025\/02\/image-12-214x300.png 214w, https:\/\/macite.tg\/wp-content\/uploads\/2025\/02\/image-12-768x1077.png 768w, https:\/\/macite.tg\/wp-content\/uploads\/2025\/02\/image-12-1096x1536.png 1096w, https:\/\/macite.tg\/wp-content\/uploads\/2025\/02\/image-12.png 1159w\" sizes=\"auto, (max-width: 730px) 100vw, 730px\" \/><\/figure>\n<\/div>\n\n\n<p class=\"wp-block-paragraph\">M. Shayea Mohsen Al-Zindani a, par ailleurs, salu\u00e9 les efforts du Royaume visant \u00e0 d\u00e9velopper les r\u00e9gions du Sahara marocain. Ces r\u00e9gions, a-t-il soulign\u00e9, connaissent un <em>\u00ab&nbsp;d\u00e9veloppement \u00e9conomique et social sans pr\u00e9c\u00e9dent&nbsp;\u00bb, <\/em>notamment apr\u00e8s le lancement, en 2015, du Nouveau mod\u00e8le de d\u00e9veloppement des Provinces du Sud du Royaume par le Souverain marocain. &nbsp;<\/p>\n\n\n\n<p class=\"wp-block-paragraph\"><strong>MC<\/strong><\/p>\n\n\n\n<p class=\"wp-block-paragraph\"><a><strong><em>@macite.tg&nbsp;&nbsp;&nbsp;&nbsp;&nbsp;&nbsp;&nbsp;&nbsp;<\/em><\/strong><\/a><\/p>\n\n\n\n<p class=\"wp-block-paragraph\"><strong><em>E-mail&nbsp;: <\/em><\/strong><a href=\"mailto:maciteinfo@gmail.com\"><strong><em>maciteinfo@gmail.com<\/em><\/strong><\/a><strong><em>; <\/em><\/strong><a href=\"mailto:bawela1@gmail.com\"><strong><em>bawela1@gmail.com<\/em><\/strong><\/a><strong><em><\/em><\/strong><\/p>\n\n\n\n<p class=\"wp-block-paragraph\"><strong><em>Pour vos annonces, (publi)reportages, etc., joignez-nous au (00228)91515309\/<strong>79872224 <\/strong>www.macite.tg, L\u2019information, la bonne&nbsp;!<\/em><\/strong><\/p>\n","protected":false},"excerpt":{"rendered":"<p class=\"text-justify mb-2\" >La 6\u00e8mesession de la Commission mixte Maroc-Y\u00e9men a eu lieu le vendredi 31 janvier 2025 \u00e0 Rabat, au Maroc. S\u2019exprimant \u00e0 cette occasion, le ministre y\u00e9m\u00e9nite des Affaires \u00e9trang\u00e8res et des Expatri\u00e9s, Shayea Mohsen Al-Zindani, a saisi l\u2019opportunit\u00e9 pour r\u00e9affirmer la position historique et constante [&hellip;]<\/p>\n","protected":false},"author":2,"featured_media":19976,"comment_status":"open","ping_status":"open","sticky":false,"template":"","format":"standard","meta":{"footnotes":""},"categories":[20,8],"tags":[],"class_list":["post-19973","post","type-post","status-publish","format-standard","has-post-thumbnail","hentry","category-actualite","category-diplomatie"],"yoast_head":"<!-- This site is optimized with the Yoast SEO plugin v28.4 - https:\/\/yoast.com\/product\/yoast-seo-wordpress\/ -->\n<title>MAROCAINITE DU SAHARA\u00a0: Le Y\u00e9men r\u00e9affirme son soutien \u00e0 l\u2019int\u00e9grit\u00e9 territoriale du Royaume et sur l\u2019ensemble de ses provinces du sud -<\/title>\n<meta name=\"robots\" content=\"index, follow, max-snippet:-1, max-image-preview:large, max-video-preview:-1\" \/>\n<link rel=\"canonical\" href=\"https:\/\/macite.tg\/?p=19973\" \/>\n<meta property=\"og:locale\" content=\"fr_FR\" \/>\n<meta property=\"og:type\" content=\"article\" \/>\n<meta property=\"og:title\" content=\"MAROCAINITE DU SAHARA\u00a0: Le Y\u00e9men r\u00e9affirme son soutien \u00e0 l\u2019int\u00e9grit\u00e9 territoriale du Royaume et sur l\u2019ensemble de ses provinces du sud -\" \/>\n<meta property=\"og:description\" content=\"La 6\u00e8mesession de la Commission mixte Maroc-Y\u00e9men a eu lieu le vendredi 31 janvier 2025 \u00e0 Rabat, au Maroc. S\u2019exprimant \u00e0 cette occasion, le ministre y\u00e9m\u00e9nite des Affaires \u00e9trang\u00e8res et des Expatri\u00e9s, Shayea Mohsen Al-Zindani, a saisi l\u2019opportunit\u00e9 pour r\u00e9affirmer la position historique et constante [&hellip;]\" \/>\n<meta property=\"og:url\" content=\"https:\/\/macite.tg\/?p=19973\" \/>\n<meta property=\"article:published_time\" content=\"2025-02-06T17:12:36+00:00\" \/>\n<meta property=\"article:modified_time\" content=\"2025-02-06T17:12:50+00:00\" \/>\n<meta property=\"og:image\" content=\"https:\/\/macite.tg\/wp-content\/uploads\/2025\/02\/Yemen.jpg\" \/>\n\t<meta property=\"og:image:width\" content=\"500\" \/>\n\t<meta property=\"og:image:height\" content=\"269\" \/>\n\t<meta property=\"og:image:type\" content=\"image\/jpeg\" \/>\n<meta name=\"author\" content=\"Jean Pierre BAWELA\" \/>\n<meta name=\"twitter:card\" content=\"summary_large_image\" \/>\n<meta name=\"twitter:label1\" content=\"\u00c9crit par\" \/>\n\t<meta name=\"twitter:data1\" content=\"Jean Pierre BAWELA\" \/>\n\t<meta name=\"twitter:label2\" content=\"Dur\u00e9e de lecture estim\u00e9e\" \/>\n\t<meta name=\"twitter:data2\" content=\"2 minutes\" \/>\n<script type=\"application\/ld+json\" class=\"yoast-schema-graph\">{\"@context\":\"https:\\\/\\\/schema.org\",\"@graph\":[{\"@type\":\"Article\",\"@id\":\"https:\\\/\\\/macite.tg\\\/?p=19973#article\",\"isPartOf\":{\"@id\":\"https:\\\/\\\/macite.tg\\\/?p=19973\"},\"author\":{\"name\":\"Jean Pierre BAWELA\",\"@id\":\"https:\\\/\\\/macite.tg\\\/#\\\/schema\\\/person\\\/e9f2de7e5dbbe7770a9402c7ce82f5c2\"},\"headline\":\"MAROCAINITE DU SAHARA\u00a0: Le Y\u00e9men r\u00e9affirme son soutien \u00e0 l\u2019int\u00e9grit\u00e9 territoriale du Royaume et sur l\u2019ensemble de ses provinces du sud\",\"datePublished\":\"2025-02-06T17:12:36+00:00\",\"dateModified\":\"2025-02-06T17:12:50+00:00\",\"mainEntityOfPage\":{\"@id\":\"https:\\\/\\\/macite.tg\\\/?p=19973\"},\"wordCount\":336,\"commentCount\":0,\"image\":{\"@id\":\"https:\\\/\\\/macite.tg\\\/?p=19973#primaryimage\"},\"thumbnailUrl\":\"https:\\\/\\\/macite.tg\\\/wp-content\\\/uploads\\\/2025\\\/02\\\/Yemen.jpg\",\"articleSection\":[\"ACTUALITE\",\"DIPLOMATIE\"],\"inLanguage\":\"fr-FR\",\"potentialAction\":[{\"@type\":\"CommentAction\",\"name\":\"Comment\",\"target\":[\"https:\\\/\\\/macite.tg\\\/?p=19973#respond\"]}]},{\"@type\":\"WebPage\",\"@id\":\"https:\\\/\\\/macite.tg\\\/?p=19973\",\"url\":\"https:\\\/\\\/macite.tg\\\/?p=19973\",\"name\":\"MAROCAINITE DU SAHARA\u00a0: Le Y\u00e9men r\u00e9affirme son soutien \u00e0 l\u2019int\u00e9grit\u00e9 territoriale du Royaume et sur l\u2019ensemble de ses provinces du sud -\",\"isPartOf\":{\"@id\":\"https:\\\/\\\/macite.tg\\\/#website\"},\"primaryImageOfPage\":{\"@id\":\"https:\\\/\\\/macite.tg\\\/?p=19973#primaryimage\"},\"image\":{\"@id\":\"https:\\\/\\\/macite.tg\\\/?p=19973#primaryimage\"},\"thumbnailUrl\":\"https:\\\/\\\/macite.tg\\\/wp-content\\\/uploads\\\/2025\\\/02\\\/Yemen.jpg\",\"datePublished\":\"2025-02-06T17:12:36+00:00\",\"dateModified\":\"2025-02-06T17:12:50+00:00\",\"author\":{\"@id\":\"https:\\\/\\\/macite.tg\\\/#\\\/schema\\\/person\\\/e9f2de7e5dbbe7770a9402c7ce82f5c2\"},\"breadcrumb\":{\"@id\":\"https:\\\/\\\/macite.tg\\\/?p=19973#breadcrumb\"},\"inLanguage\":\"fr-FR\",\"potentialAction\":[{\"@type\":\"ReadAction\",\"target\":[\"https:\\\/\\\/macite.tg\\\/?p=19973\"]}]},{\"@type\":\"ImageObject\",\"inLanguage\":\"fr-FR\",\"@id\":\"https:\\\/\\\/macite.tg\\\/?p=19973#primaryimage\",\"url\":\"https:\\\/\\\/macite.tg\\\/wp-content\\\/uploads\\\/2025\\\/02\\\/Yemen.jpg\",\"contentUrl\":\"https:\\\/\\\/macite.tg\\\/wp-content\\\/uploads\\\/2025\\\/02\\\/Yemen.jpg\",\"width\":500,\"height\":269},{\"@type\":\"BreadcrumbList\",\"@id\":\"https:\\\/\\\/macite.tg\\\/?p=19973#breadcrumb\",\"itemListElement\":[{\"@type\":\"ListItem\",\"position\":1,\"name\":\"Accueil\",\"item\":\"https:\\\/\\\/macite.tg\\\/\"},{\"@type\":\"ListItem\",\"position\":2,\"name\":\"MAROCAINITE DU SAHARA\u00a0: Le Y\u00e9men r\u00e9affirme son soutien \u00e0 l\u2019int\u00e9grit\u00e9 territoriale du Royaume et sur l\u2019ensemble de ses provinces du sud\"}]},{\"@type\":\"WebSite\",\"@id\":\"https:\\\/\\\/macite.tg\\\/#website\",\"url\":\"https:\\\/\\\/macite.tg\\\/\",\"name\":\"\",\"description\":\"L&#039;information, la bonne!!!\",\"potentialAction\":[{\"@type\":\"SearchAction\",\"target\":{\"@type\":\"EntryPoint\",\"urlTemplate\":\"https:\\\/\\\/macite.tg\\\/?s={search_term_string}\"},\"query-input\":{\"@type\":\"PropertyValueSpecification\",\"valueRequired\":true,\"valueName\":\"search_term_string\"}}],\"inLanguage\":\"fr-FR\"},{\"@type\":\"Person\",\"@id\":\"https:\\\/\\\/macite.tg\\\/#\\\/schema\\\/person\\\/e9f2de7e5dbbe7770a9402c7ce82f5c2\",\"name\":\"Jean Pierre BAWELA\",\"image\":{\"@type\":\"ImageObject\",\"inLanguage\":\"fr-FR\",\"@id\":\"https:\\\/\\\/macite.tg\\\/wp-content\\\/uploads\\\/2023\\\/09\\\/WhatsApp-Image-2023-09-19-at-14.44.41-122x122.jpeg\",\"url\":\"https:\\\/\\\/macite.tg\\\/wp-content\\\/uploads\\\/2023\\\/09\\\/WhatsApp-Image-2023-09-19-at-14.44.41-122x122.jpeg\",\"contentUrl\":\"https:\\\/\\\/macite.tg\\\/wp-content\\\/uploads\\\/2023\\\/09\\\/WhatsApp-Image-2023-09-19-at-14.44.41-122x122.jpeg\",\"caption\":\"Jean Pierre BAWELA\"},\"url\":\"https:\\\/\\\/macite.tg\\\/?author=2\"}]}<\/script>\n<!-- \/ Yoast SEO plugin. -->","yoast_head_json":{"title":"MAROCAINITE DU SAHARA\u00a0: Le Y\u00e9men r\u00e9affirme son soutien \u00e0 l\u2019int\u00e9grit\u00e9 territoriale du Royaume et sur l\u2019ensemble de ses provinces du sud -","robots":{"index":"index","follow":"follow","max-snippet":"max-snippet:-1","max-image-preview":"max-image-preview:large","max-video-preview":"max-video-preview:-1"},"canonical":"https:\/\/macite.tg\/?p=19973","og_locale":"fr_FR","og_type":"article","og_title":"MAROCAINITE DU SAHARA\u00a0: Le Y\u00e9men r\u00e9affirme son soutien \u00e0 l\u2019int\u00e9grit\u00e9 territoriale du Royaume et sur l\u2019ensemble de ses provinces du sud -","og_description":"La 6\u00e8mesession de la Commission mixte Maroc-Y\u00e9men a eu lieu le vendredi 31 janvier 2025 \u00e0 Rabat, au Maroc. S\u2019exprimant \u00e0 cette occasion, le ministre y\u00e9m\u00e9nite des Affaires \u00e9trang\u00e8res et des Expatri\u00e9s, Shayea Mohsen Al-Zindani, a saisi l\u2019opportunit\u00e9 pour r\u00e9affirmer la position historique et constante [&hellip;]","og_url":"https:\/\/macite.tg\/?p=19973","article_published_time":"2025-02-06T17:12:36+00:00","article_modified_time":"2025-02-06T17:12:50+00:00","og_image":[{"width":500,"height":269,"url":"https:\/\/macite.tg\/wp-content\/uploads\/2025\/02\/Yemen.jpg","type":"image\/jpeg"}],"author":"Jean Pierre BAWELA","twitter_card":"summary_large_image","twitter_misc":{"\u00c9crit par":"Jean Pierre BAWELA","Dur\u00e9e de lecture estim\u00e9e":"2 minutes"},"schema":{"@context":"https:\/\/schema.org","@graph":[{"@type":"Article","@id":"https:\/\/macite.tg\/?p=19973#article","isPartOf":{"@id":"https:\/\/macite.tg\/?p=19973"},"author":{"name":"Jean Pierre BAWELA","@id":"https:\/\/macite.tg\/#\/schema\/person\/e9f2de7e5dbbe7770a9402c7ce82f5c2"},"headline":"MAROCAINITE DU SAHARA\u00a0: Le Y\u00e9men r\u00e9affirme son soutien \u00e0 l\u2019int\u00e9grit\u00e9 territoriale du Royaume et sur l\u2019ensemble de ses provinces du sud","datePublished":"2025-02-06T17:12:36+00:00","dateModified":"2025-02-06T17:12:50+00:00","mainEntityOfPage":{"@id":"https:\/\/macite.tg\/?p=19973"},"wordCount":336,"commentCount":0,"image":{"@id":"https:\/\/macite.tg\/?p=19973#primaryimage"},"thumbnailUrl":"https:\/\/macite.tg\/wp-content\/uploads\/2025\/02\/Yemen.jpg","articleSection":["ACTUALITE","DIPLOMATIE"],"inLanguage":"fr-FR","potentialAction":[{"@type":"CommentAction","name":"Comment","target":["https:\/\/macite.tg\/?p=19973#respond"]}]},{"@type":"WebPage","@id":"https:\/\/macite.tg\/?p=19973","url":"https:\/\/macite.tg\/?p=19973","name":"MAROCAINITE DU SAHARA\u00a0: Le Y\u00e9men r\u00e9affirme son soutien \u00e0 l\u2019int\u00e9grit\u00e9 territoriale du Royaume et sur l\u2019ensemble de ses provinces du sud -","isPartOf":{"@id":"https:\/\/macite.tg\/#website"},"primaryImageOfPage":{"@id":"https:\/\/macite.tg\/?p=19973#primaryimage"},"image":{"@id":"https:\/\/macite.tg\/?p=19973#primaryimage"},"thumbnailUrl":"https:\/\/macite.tg\/wp-content\/uploads\/2025\/02\/Yemen.jpg","datePublished":"2025-02-06T17:12:36+00:00","dateModified":"2025-02-06T17:12:50+00:00","author":{"@id":"https:\/\/macite.tg\/#\/schema\/person\/e9f2de7e5dbbe7770a9402c7ce82f5c2"},"breadcrumb":{"@id":"https:\/\/macite.tg\/?p=19973#breadcrumb"},"inLanguage":"fr-FR","potentialAction":[{"@type":"ReadAction","target":["https:\/\/macite.tg\/?p=19973"]}]},{"@type":"ImageObject","inLanguage":"fr-FR","@id":"https:\/\/macite.tg\/?p=19973#primaryimage","url":"https:\/\/macite.tg\/wp-content\/uploads\/2025\/02\/Yemen.jpg","contentUrl":"https:\/\/macite.tg\/wp-content\/uploads\/2025\/02\/Yemen.jpg","width":500,"height":269},{"@type":"BreadcrumbList","@id":"https:\/\/macite.tg\/?p=19973#breadcrumb","itemListElement":[{"@type":"ListItem","position":1,"name":"Accueil","item":"https:\/\/macite.tg\/"},{"@type":"ListItem","position":2,"name":"MAROCAINITE DU SAHARA\u00a0: Le Y\u00e9men r\u00e9affirme son soutien \u00e0 l\u2019int\u00e9grit\u00e9 territoriale du Royaume et sur l\u2019ensemble de ses provinces du sud"}]},{"@type":"WebSite","@id":"https:\/\/macite.tg\/#website","url":"https:\/\/macite.tg\/","name":"","description":"L&#039;information, la bonne!!!","potentialAction":[{"@type":"SearchAction","target":{"@type":"EntryPoint","urlTemplate":"https:\/\/macite.tg\/?s={search_term_string}"},"query-input":{"@type":"PropertyValueSpecification","valueRequired":true,"valueName":"search_term_string"}}],"inLanguage":"fr-FR"},{"@type":"Person","@id":"https:\/\/macite.tg\/#\/schema\/person\/e9f2de7e5dbbe7770a9402c7ce82f5c2","name":"Jean Pierre BAWELA","image":{"@type":"ImageObject","inLanguage":"fr-FR","@id":"https:\/\/macite.tg\/wp-content\/uploads\/2023\/09\/WhatsApp-Image-2023-09-19-at-14.44.41-122x122.jpeg","url":"https:\/\/macite.tg\/wp-content\/uploads\/2023\/09\/WhatsApp-Image-2023-09-19-at-14.44.41-122x122.jpeg","contentUrl":"https:\/\/macite.tg\/wp-content\/uploads\/2023\/09\/WhatsApp-Image-2023-09-19-at-14.44.41-122x122.jpeg","caption":"Jean Pierre BAWELA"},"url":"https:\/\/macite.tg\/?author=2"}]}},"_links":{"self":[{"href":"https:\/\/macite.tg\/index.php?rest_route=\/wp\/v2\/posts\/19973","targetHints":{"allow":["GET"]}}],"collection":[{"href":"https:\/\/macite.tg\/index.php?rest_route=\/wp\/v2\/posts"}],"about":[{"href":"https:\/\/macite.tg\/index.php?rest_route=\/wp\/v2\/types\/post"}],"author":[{"embeddable":true,"href":"https:\/\/macite.tg\/index.php?rest_route=\/wp\/v2\/users\/2"}],"replies":[{"embeddable":true,"href":"https:\/\/macite.tg\/index.php?rest_route=%2Fwp%2Fv2%2Fcomments&post=19973"}],"version-history":[{"count":0,"href":"https:\/\/macite.tg\/index.php?rest_route=\/wp\/v2\/posts\/19973\/revisions"}],"wp:featuredmedia":[{"embeddable":true,"href":"https:\/\/macite.tg\/index.php?rest_route=\/wp\/v2\/media\/19976"}],"wp:attachment":[{"href":"https:\/\/macite.tg\/index.php?rest_route=%2Fwp%2Fv2%2Fmedia&parent=19973"}],"wp:term":[{"taxonomy":"category","embeddable":true,"href":"https:\/\/macite.tg\/index.php?rest_route=%2Fwp%2Fv2%2Fcategories&post=19973"},{"taxonomy":"post_tag","embeddable":true,"href":"https:\/\/macite.tg\/index.php?rest_route=%2Fwp%2Fv2%2Ftags&post=19973"}],"curies":[{"name":"wp","href":"https:\/\/api.w.org\/{rel}","templated":true}]}}