{"id":19895,"date":"2025-02-04T16:55:46","date_gmt":"2025-02-04T16:55:46","guid":{"rendered":"https:\/\/macite.tg\/?p=19895"},"modified":"2025-02-04T16:57:13","modified_gmt":"2025-02-04T16:57:13","slug":"general-eyadema-20-ans-deja-des-offices-religieux-celebres-pour-le-repos-de-lame-de-lillustre-disparu","status":"publish","type":"post","link":"https:\/\/macite.tg\/?p=19895","title":{"rendered":"GENERAL EYADEMA, 20 ANS DEJA : Des offices religieux c\u00e9l\u00e9br\u00e9s pour le repos de l\u2019\u00e2me de l\u2019illustre disparu"},"content":{"rendered":"\n<p class=\"wp-block-paragraph\"><strong><em>Dans le cadre des festivit\u00e9s inscrites au programme de la comm\u00e9moration du 20<sup>\u00e8me<\/sup> anniversaire du rappel \u00e0 Dieu, le 05 f\u00e9vrier 2005, de Feu G\u00e9n\u00e9ral Gnassingb\u00e9 Eyad\u00e9ma, des offices religieux, notamment des pri\u00e8res musulmanes, des cultes dans les \u00e9glises \u00e9vang\u00e9liques presbyt\u00e9rienne et les temples m\u00e9thodistes, mais aussi les messes catholiques dans les paroisses, ont \u00e9t\u00e9 observ\u00e9es, du vendredi 31 janvier au dimanche 02 f\u00e9vrier dernier, sur l\u2019ensemble du territoire national. Une mani\u00e8re pour le peuple togolais, dans son ensemble, de se rem\u00e9morer ce rand homme d\u2019Etat, de paix, et parfait conciliateur.<\/em><\/strong><\/p>\n\n\n\n<p class=\"wp-block-paragraph\"><em>\u00ab\u00a0Papa Eyad\u00e9ma\u00a0\u00bb<\/em>\u00a0n\u2019est plus\u00a0! Cela fait 20 ans d\u00e9j\u00e0 que le peuple togolais pleure celui qui a su fa\u00e7onner le pays \u00e0 son image, un pays de paix. Pour se rem\u00e9morer l\u2019Homme, plusieurs activit\u00e9s sont inscrites au programme de cette comm\u00e9moration, qui s\u2019\u00e9tale sur toute l\u2019ann\u00e9e, notamment des offices religieux.<\/p>\n\n\n\n<p class=\"wp-block-paragraph\">D\u00e9marr\u00e9s le vendredi 31 janvier, ce sont les fid\u00e8les d\u2019Allah, r\u00e9unis \u00e0 la grande Mosqu\u00e9e Centrale de Lom\u00e9, autour du pr\u00e9sident de l\u2019Union musulmane du Togo (UMT), El Hadj Inoussa Boura\u00efma, qui ont donn\u00e9 le ton \u00e0 ces offices religieux.<\/p>\n\n\n<div class=\"wp-block-image\">\n<figure class=\"aligncenter size-full is-resized\"><img loading=\"lazy\" decoding=\"async\" width=\"720\" height=\"977\" src=\"https:\/\/macite.tg\/wp-content\/uploads\/2025\/02\/image-6.png\" alt=\"\" class=\"wp-image-19897\" style=\"width:596px;height:auto\" srcset=\"https:\/\/macite.tg\/wp-content\/uploads\/2025\/02\/image-6.png 720w, https:\/\/macite.tg\/wp-content\/uploads\/2025\/02\/image-6-221x300.png 221w\" sizes=\"auto, (max-width: 720px) 100vw, 720px\" \/><\/figure>\n<\/div>\n\n\n<p class=\"wp-block-paragraph\">Ils ont, sous la conduite de l\u2019adjoint \u00e0 l\u2019Imam principal de ladite mosqu\u00e9e, El Hadj Mamadou Aboudou Baki, pri\u00e9 Allah, le Tr\u00e8s Haut et Mis\u00e9ricordieux, de prendre piti\u00e9 du d\u00e9funt, de lui pardonner ses p\u00e9ch\u00e9s et de lui accorder un repos \u00e9ternel.<\/p>\n\n\n\n<p class=\"wp-block-paragraph\">Le dimanche 02 f\u00e9vrier, que ce soit \u00e0 la paroisse Salem de Hanoukop\u00e9 (pour l\u2019\u00e9glise m\u00e9thodiste du Togo), \u00e0 la paroisse \u00ab&nbsp;Notre Dame de la r\u00e9demption de B\u00e8-Klikam\u00e9&nbsp;\u00bb de l\u2019\u00e9glise Catholique du Togo, ou \u00e0 la paroisse d\u2019Ago\u00e8-Nyiv\u00e9 Centre de l\u2019\u00e9glise \u00e9vang\u00e9lique presbyt\u00e9rienne du Togo, le message a \u00e9t\u00e9 le m\u00eame. Les fid\u00e8les chr\u00e9tiens ont, d\u2019une seule voix, demand\u00e9 \u00e0 Dieu d\u2019accorder \u00e0 tous un c\u0153ur aimant, des valeurs d\u2019amour et de paix, nous permettant de triompher de tout ce qui nous divise.<\/p>\n\n\n<div class=\"wp-block-image\">\n<figure class=\"aligncenter size-large is-resized\"><img loading=\"lazy\" decoding=\"async\" width=\"1024\" height=\"1024\" src=\"https:\/\/macite.tg\/wp-content\/uploads\/2025\/01\/OTR_TVM-paiement-1-1024x1024.jpg\" alt=\"\" class=\"wp-image-19835\" style=\"width:600px;height:auto\" srcset=\"https:\/\/macite.tg\/wp-content\/uploads\/2025\/01\/OTR_TVM-paiement-1-1024x1024.jpg 1024w, https:\/\/macite.tg\/wp-content\/uploads\/2025\/01\/OTR_TVM-paiement-1-300x300.jpg 300w, https:\/\/macite.tg\/wp-content\/uploads\/2025\/01\/OTR_TVM-paiement-1-150x150.jpg 150w, https:\/\/macite.tg\/wp-content\/uploads\/2025\/01\/OTR_TVM-paiement-1-768x768.jpg 768w, https:\/\/macite.tg\/wp-content\/uploads\/2025\/01\/OTR_TVM-paiement-1-1536x1536.jpg 1536w, https:\/\/macite.tg\/wp-content\/uploads\/2025\/01\/OTR_TVM-paiement-1-122x122.jpg 122w, https:\/\/macite.tg\/wp-content\/uploads\/2025\/01\/OTR_TVM-paiement-1.jpg 1600w\" sizes=\"auto, (max-width: 1024px) 100vw, 1024px\" \/><\/figure>\n<\/div>\n\n\n<p class=\"wp-block-paragraph\">A travers les une pri\u00e8re d\u2019intercession, les conc\u00e9l\u00e9brant ont invit\u00e9 le peuple de Dieu a pri\u00e9 pour la paix, l\u2019unit\u00e9 nationale, l\u2019harmonie, et la coh\u00e9sion sociale. Ils ont \u00e9galement implor\u00e9 la protection divine sur les autorit\u00e9s du pays ainsi que sur les forces de d\u00e9fense et de s\u00e9curit\u00e9 (FDS) dans leur travail de sacrifice, de jour comme de nuit, contre le terrorisme et pour la pr\u00e9servation de la paix au Togo.<\/p>\n\n\n\n<p class=\"wp-block-paragraph\"><strong>JPB<\/strong><\/p>\n\n\n\n<p class=\"wp-block-paragraph\"><a><strong><em>@macite.tg&nbsp;&nbsp;&nbsp;&nbsp;&nbsp;&nbsp;&nbsp;&nbsp;<\/em><\/strong><\/a><\/p>\n\n\n\n<p class=\"wp-block-paragraph\"><strong><em>E-mail&nbsp;: <\/em><\/strong><a href=\"mailto:maciteinfo@gmail.com\"><strong><em>maciteinfo@gmail.com<\/em><\/strong><\/a><strong><em>; <\/em><\/strong><a href=\"mailto:bawela1@gmail.com\"><strong><em>bawela1@gmail.com<\/em><\/strong><\/a><strong><em><\/em><\/strong><\/p>\n\n\n\n<p class=\"wp-block-paragraph\"><strong><em>Pour vos annonces, (publi)reportages, etc., joignez-nous au (00228)91515309\/<strong>79872224 <\/strong>www.macite.tg, L\u2019information, la bonne&nbsp;!<\/em><\/strong><\/p>\n","protected":false},"excerpt":{"rendered":"<p class=\"text-justify mb-2\" >Dans le cadre des festivit\u00e9s inscrites au programme de la comm\u00e9moration du 20\u00e8me anniversaire du rappel \u00e0 Dieu, le 05 f\u00e9vrier 2005, de Feu G\u00e9n\u00e9ral Gnassingb\u00e9 Eyad\u00e9ma, des offices religieux, notamment des pri\u00e8res musulmanes, des cultes dans les \u00e9glises \u00e9vang\u00e9liques presbyt\u00e9rienne et les temples m\u00e9thodistes, [&hellip;]<\/p>\n","protected":false},"author":2,"featured_media":19896,"comment_status":"open","ping_status":"open","sticky":false,"template":"","format":"standard","meta":{"footnotes":""},"categories":[20,62],"tags":[],"class_list":["post-19895","post","type-post","status-publish","format-standard","has-post-thumbnail","hentry","category-actualite","category-hommage"],"yoast_head":"<!-- This site is optimized with the Yoast SEO plugin v28.4 - https:\/\/yoast.com\/product\/yoast-seo-wordpress\/ -->\n<title>GENERAL EYADEMA, 20 ANS DEJA : Des offices religieux c\u00e9l\u00e9br\u00e9s pour le repos de l\u2019\u00e2me de l\u2019illustre disparu -<\/title>\n<meta name=\"robots\" content=\"index, follow, max-snippet:-1, max-image-preview:large, max-video-preview:-1\" \/>\n<link rel=\"canonical\" href=\"https:\/\/macite.tg\/?p=19895\" \/>\n<meta property=\"og:locale\" content=\"fr_FR\" \/>\n<meta property=\"og:type\" content=\"article\" \/>\n<meta property=\"og:title\" content=\"GENERAL EYADEMA, 20 ANS DEJA : Des offices religieux c\u00e9l\u00e9br\u00e9s pour le repos de l\u2019\u00e2me de l\u2019illustre disparu -\" \/>\n<meta property=\"og:description\" content=\"Dans le cadre des festivit\u00e9s inscrites au programme de la comm\u00e9moration du 20\u00e8me anniversaire du rappel \u00e0 Dieu, le 05 f\u00e9vrier 2005, de Feu G\u00e9n\u00e9ral Gnassingb\u00e9 Eyad\u00e9ma, des offices religieux, notamment des pri\u00e8res musulmanes, des cultes dans les \u00e9glises \u00e9vang\u00e9liques presbyt\u00e9rienne et les temples m\u00e9thodistes, [&hellip;]\" \/>\n<meta property=\"og:url\" content=\"https:\/\/macite.tg\/?p=19895\" \/>\n<meta property=\"article:published_time\" content=\"2025-02-04T16:55:46+00:00\" \/>\n<meta property=\"article:modified_time\" content=\"2025-02-04T16:57:13+00:00\" \/>\n<meta property=\"og:image\" content=\"https:\/\/macite.tg\/wp-content\/uploads\/2025\/02\/20-ans.jpg\" \/>\n\t<meta property=\"og:image:width\" content=\"500\" \/>\n\t<meta property=\"og:image:height\" content=\"249\" \/>\n\t<meta property=\"og:image:type\" content=\"image\/jpeg\" \/>\n<meta name=\"author\" content=\"Jean Pierre BAWELA\" \/>\n<meta name=\"twitter:card\" content=\"summary_large_image\" \/>\n<meta name=\"twitter:label1\" content=\"\u00c9crit par\" \/>\n\t<meta name=\"twitter:data1\" content=\"Jean Pierre BAWELA\" \/>\n\t<meta name=\"twitter:label2\" content=\"Dur\u00e9e de lecture estim\u00e9e\" \/>\n\t<meta name=\"twitter:data2\" content=\"3 minutes\" \/>\n<script type=\"application\/ld+json\" class=\"yoast-schema-graph\">{\"@context\":\"https:\\\/\\\/schema.org\",\"@graph\":[{\"@type\":\"Article\",\"@id\":\"https:\\\/\\\/macite.tg\\\/?p=19895#article\",\"isPartOf\":{\"@id\":\"https:\\\/\\\/macite.tg\\\/?p=19895\"},\"author\":{\"name\":\"Jean Pierre BAWELA\",\"@id\":\"https:\\\/\\\/macite.tg\\\/#\\\/schema\\\/person\\\/e9f2de7e5dbbe7770a9402c7ce82f5c2\"},\"headline\":\"GENERAL EYADEMA, 20 ANS DEJA : Des offices religieux c\u00e9l\u00e9br\u00e9s pour le repos de l\u2019\u00e2me de l\u2019illustre disparu\",\"datePublished\":\"2025-02-04T16:55:46+00:00\",\"dateModified\":\"2025-02-04T16:57:13+00:00\",\"mainEntityOfPage\":{\"@id\":\"https:\\\/\\\/macite.tg\\\/?p=19895\"},\"wordCount\":491,\"commentCount\":0,\"image\":{\"@id\":\"https:\\\/\\\/macite.tg\\\/?p=19895#primaryimage\"},\"thumbnailUrl\":\"https:\\\/\\\/macite.tg\\\/wp-content\\\/uploads\\\/2025\\\/02\\\/20-ans.jpg\",\"articleSection\":[\"ACTUALITE\",\"HOMMAGE\"],\"inLanguage\":\"fr-FR\",\"potentialAction\":[{\"@type\":\"CommentAction\",\"name\":\"Comment\",\"target\":[\"https:\\\/\\\/macite.tg\\\/?p=19895#respond\"]}]},{\"@type\":\"WebPage\",\"@id\":\"https:\\\/\\\/macite.tg\\\/?p=19895\",\"url\":\"https:\\\/\\\/macite.tg\\\/?p=19895\",\"name\":\"GENERAL EYADEMA, 20 ANS DEJA : Des offices religieux c\u00e9l\u00e9br\u00e9s pour le repos de l\u2019\u00e2me de l\u2019illustre disparu -\",\"isPartOf\":{\"@id\":\"https:\\\/\\\/macite.tg\\\/#website\"},\"primaryImageOfPage\":{\"@id\":\"https:\\\/\\\/macite.tg\\\/?p=19895#primaryimage\"},\"image\":{\"@id\":\"https:\\\/\\\/macite.tg\\\/?p=19895#primaryimage\"},\"thumbnailUrl\":\"https:\\\/\\\/macite.tg\\\/wp-content\\\/uploads\\\/2025\\\/02\\\/20-ans.jpg\",\"datePublished\":\"2025-02-04T16:55:46+00:00\",\"dateModified\":\"2025-02-04T16:57:13+00:00\",\"author\":{\"@id\":\"https:\\\/\\\/macite.tg\\\/#\\\/schema\\\/person\\\/e9f2de7e5dbbe7770a9402c7ce82f5c2\"},\"breadcrumb\":{\"@id\":\"https:\\\/\\\/macite.tg\\\/?p=19895#breadcrumb\"},\"inLanguage\":\"fr-FR\",\"potentialAction\":[{\"@type\":\"ReadAction\",\"target\":[\"https:\\\/\\\/macite.tg\\\/?p=19895\"]}]},{\"@type\":\"ImageObject\",\"inLanguage\":\"fr-FR\",\"@id\":\"https:\\\/\\\/macite.tg\\\/?p=19895#primaryimage\",\"url\":\"https:\\\/\\\/macite.tg\\\/wp-content\\\/uploads\\\/2025\\\/02\\\/20-ans.jpg\",\"contentUrl\":\"https:\\\/\\\/macite.tg\\\/wp-content\\\/uploads\\\/2025\\\/02\\\/20-ans.jpg\",\"width\":500,\"height\":249,\"caption\":\"Quelques temps forts des c\u00e9r\u00e9monies d'offices religieux.\"},{\"@type\":\"BreadcrumbList\",\"@id\":\"https:\\\/\\\/macite.tg\\\/?p=19895#breadcrumb\",\"itemListElement\":[{\"@type\":\"ListItem\",\"position\":1,\"name\":\"Accueil\",\"item\":\"https:\\\/\\\/macite.tg\\\/\"},{\"@type\":\"ListItem\",\"position\":2,\"name\":\"GENERAL EYADEMA, 20 ANS DEJA : Des offices religieux c\u00e9l\u00e9br\u00e9s pour le repos de l\u2019\u00e2me de l\u2019illustre disparu\"}]},{\"@type\":\"WebSite\",\"@id\":\"https:\\\/\\\/macite.tg\\\/#website\",\"url\":\"https:\\\/\\\/macite.tg\\\/\",\"name\":\"\",\"description\":\"L&#039;information, la bonne!!!\",\"potentialAction\":[{\"@type\":\"SearchAction\",\"target\":{\"@type\":\"EntryPoint\",\"urlTemplate\":\"https:\\\/\\\/macite.tg\\\/?s={search_term_string}\"},\"query-input\":{\"@type\":\"PropertyValueSpecification\",\"valueRequired\":true,\"valueName\":\"search_term_string\"}}],\"inLanguage\":\"fr-FR\"},{\"@type\":\"Person\",\"@id\":\"https:\\\/\\\/macite.tg\\\/#\\\/schema\\\/person\\\/e9f2de7e5dbbe7770a9402c7ce82f5c2\",\"name\":\"Jean Pierre BAWELA\",\"image\":{\"@type\":\"ImageObject\",\"inLanguage\":\"fr-FR\",\"@id\":\"https:\\\/\\\/macite.tg\\\/wp-content\\\/uploads\\\/2023\\\/09\\\/WhatsApp-Image-2023-09-19-at-14.44.41-122x122.jpeg\",\"url\":\"https:\\\/\\\/macite.tg\\\/wp-content\\\/uploads\\\/2023\\\/09\\\/WhatsApp-Image-2023-09-19-at-14.44.41-122x122.jpeg\",\"contentUrl\":\"https:\\\/\\\/macite.tg\\\/wp-content\\\/uploads\\\/2023\\\/09\\\/WhatsApp-Image-2023-09-19-at-14.44.41-122x122.jpeg\",\"caption\":\"Jean Pierre BAWELA\"},\"url\":\"https:\\\/\\\/macite.tg\\\/?author=2\"}]}<\/script>\n<!-- \/ Yoast SEO plugin. -->","yoast_head_json":{"title":"GENERAL EYADEMA, 20 ANS DEJA : Des offices religieux c\u00e9l\u00e9br\u00e9s pour le repos de l\u2019\u00e2me de l\u2019illustre disparu -","robots":{"index":"index","follow":"follow","max-snippet":"max-snippet:-1","max-image-preview":"max-image-preview:large","max-video-preview":"max-video-preview:-1"},"canonical":"https:\/\/macite.tg\/?p=19895","og_locale":"fr_FR","og_type":"article","og_title":"GENERAL EYADEMA, 20 ANS DEJA : Des offices religieux c\u00e9l\u00e9br\u00e9s pour le repos de l\u2019\u00e2me de l\u2019illustre disparu -","og_description":"Dans le cadre des festivit\u00e9s inscrites au programme de la comm\u00e9moration du 20\u00e8me anniversaire du rappel \u00e0 Dieu, le 05 f\u00e9vrier 2005, de Feu G\u00e9n\u00e9ral Gnassingb\u00e9 Eyad\u00e9ma, des offices religieux, notamment des pri\u00e8res musulmanes, des cultes dans les \u00e9glises \u00e9vang\u00e9liques presbyt\u00e9rienne et les temples m\u00e9thodistes, [&hellip;]","og_url":"https:\/\/macite.tg\/?p=19895","article_published_time":"2025-02-04T16:55:46+00:00","article_modified_time":"2025-02-04T16:57:13+00:00","og_image":[{"width":500,"height":249,"url":"https:\/\/macite.tg\/wp-content\/uploads\/2025\/02\/20-ans.jpg","type":"image\/jpeg"}],"author":"Jean Pierre BAWELA","twitter_card":"summary_large_image","twitter_misc":{"\u00c9crit par":"Jean Pierre BAWELA","Dur\u00e9e de lecture estim\u00e9e":"3 minutes"},"schema":{"@context":"https:\/\/schema.org","@graph":[{"@type":"Article","@id":"https:\/\/macite.tg\/?p=19895#article","isPartOf":{"@id":"https:\/\/macite.tg\/?p=19895"},"author":{"name":"Jean Pierre BAWELA","@id":"https:\/\/macite.tg\/#\/schema\/person\/e9f2de7e5dbbe7770a9402c7ce82f5c2"},"headline":"GENERAL EYADEMA, 20 ANS DEJA : Des offices religieux c\u00e9l\u00e9br\u00e9s pour le repos de l\u2019\u00e2me de l\u2019illustre disparu","datePublished":"2025-02-04T16:55:46+00:00","dateModified":"2025-02-04T16:57:13+00:00","mainEntityOfPage":{"@id":"https:\/\/macite.tg\/?p=19895"},"wordCount":491,"commentCount":0,"image":{"@id":"https:\/\/macite.tg\/?p=19895#primaryimage"},"thumbnailUrl":"https:\/\/macite.tg\/wp-content\/uploads\/2025\/02\/20-ans.jpg","articleSection":["ACTUALITE","HOMMAGE"],"inLanguage":"fr-FR","potentialAction":[{"@type":"CommentAction","name":"Comment","target":["https:\/\/macite.tg\/?p=19895#respond"]}]},{"@type":"WebPage","@id":"https:\/\/macite.tg\/?p=19895","url":"https:\/\/macite.tg\/?p=19895","name":"GENERAL EYADEMA, 20 ANS DEJA : Des offices religieux c\u00e9l\u00e9br\u00e9s pour le repos de l\u2019\u00e2me de l\u2019illustre disparu -","isPartOf":{"@id":"https:\/\/macite.tg\/#website"},"primaryImageOfPage":{"@id":"https:\/\/macite.tg\/?p=19895#primaryimage"},"image":{"@id":"https:\/\/macite.tg\/?p=19895#primaryimage"},"thumbnailUrl":"https:\/\/macite.tg\/wp-content\/uploads\/2025\/02\/20-ans.jpg","datePublished":"2025-02-04T16:55:46+00:00","dateModified":"2025-02-04T16:57:13+00:00","author":{"@id":"https:\/\/macite.tg\/#\/schema\/person\/e9f2de7e5dbbe7770a9402c7ce82f5c2"},"breadcrumb":{"@id":"https:\/\/macite.tg\/?p=19895#breadcrumb"},"inLanguage":"fr-FR","potentialAction":[{"@type":"ReadAction","target":["https:\/\/macite.tg\/?p=19895"]}]},{"@type":"ImageObject","inLanguage":"fr-FR","@id":"https:\/\/macite.tg\/?p=19895#primaryimage","url":"https:\/\/macite.tg\/wp-content\/uploads\/2025\/02\/20-ans.jpg","contentUrl":"https:\/\/macite.tg\/wp-content\/uploads\/2025\/02\/20-ans.jpg","width":500,"height":249,"caption":"Quelques temps forts des c\u00e9r\u00e9monies d'offices religieux."},{"@type":"BreadcrumbList","@id":"https:\/\/macite.tg\/?p=19895#breadcrumb","itemListElement":[{"@type":"ListItem","position":1,"name":"Accueil","item":"https:\/\/macite.tg\/"},{"@type":"ListItem","position":2,"name":"GENERAL EYADEMA, 20 ANS DEJA : Des offices religieux c\u00e9l\u00e9br\u00e9s pour le repos de l\u2019\u00e2me de l\u2019illustre disparu"}]},{"@type":"WebSite","@id":"https:\/\/macite.tg\/#website","url":"https:\/\/macite.tg\/","name":"","description":"L&#039;information, la bonne!!!","potentialAction":[{"@type":"SearchAction","target":{"@type":"EntryPoint","urlTemplate":"https:\/\/macite.tg\/?s={search_term_string}"},"query-input":{"@type":"PropertyValueSpecification","valueRequired":true,"valueName":"search_term_string"}}],"inLanguage":"fr-FR"},{"@type":"Person","@id":"https:\/\/macite.tg\/#\/schema\/person\/e9f2de7e5dbbe7770a9402c7ce82f5c2","name":"Jean Pierre BAWELA","image":{"@type":"ImageObject","inLanguage":"fr-FR","@id":"https:\/\/macite.tg\/wp-content\/uploads\/2023\/09\/WhatsApp-Image-2023-09-19-at-14.44.41-122x122.jpeg","url":"https:\/\/macite.tg\/wp-content\/uploads\/2023\/09\/WhatsApp-Image-2023-09-19-at-14.44.41-122x122.jpeg","contentUrl":"https:\/\/macite.tg\/wp-content\/uploads\/2023\/09\/WhatsApp-Image-2023-09-19-at-14.44.41-122x122.jpeg","caption":"Jean Pierre BAWELA"},"url":"https:\/\/macite.tg\/?author=2"}]}},"_links":{"self":[{"href":"https:\/\/macite.tg\/index.php?rest_route=\/wp\/v2\/posts\/19895","targetHints":{"allow":["GET"]}}],"collection":[{"href":"https:\/\/macite.tg\/index.php?rest_route=\/wp\/v2\/posts"}],"about":[{"href":"https:\/\/macite.tg\/index.php?rest_route=\/wp\/v2\/types\/post"}],"author":[{"embeddable":true,"href":"https:\/\/macite.tg\/index.php?rest_route=\/wp\/v2\/users\/2"}],"replies":[{"embeddable":true,"href":"https:\/\/macite.tg\/index.php?rest_route=%2Fwp%2Fv2%2Fcomments&post=19895"}],"version-history":[{"count":0,"href":"https:\/\/macite.tg\/index.php?rest_route=\/wp\/v2\/posts\/19895\/revisions"}],"wp:featuredmedia":[{"embeddable":true,"href":"https:\/\/macite.tg\/index.php?rest_route=\/wp\/v2\/media\/19896"}],"wp:attachment":[{"href":"https:\/\/macite.tg\/index.php?rest_route=%2Fwp%2Fv2%2Fmedia&parent=19895"}],"wp:term":[{"taxonomy":"category","embeddable":true,"href":"https:\/\/macite.tg\/index.php?rest_route=%2Fwp%2Fv2%2Fcategories&post=19895"},{"taxonomy":"post_tag","embeddable":true,"href":"https:\/\/macite.tg\/index.php?rest_route=%2Fwp%2Fv2%2Ftags&post=19895"}],"curies":[{"name":"wp","href":"https:\/\/api.w.org\/{rel}","templated":true}]}}