{"id":19889,"date":"2025-02-04T15:14:44","date_gmt":"2025-02-04T15:14:44","guid":{"rendered":"https:\/\/macite.tg\/?p=19889"},"modified":"2025-02-04T15:15:05","modified_gmt":"2025-02-04T15:15:05","slug":"alerte-meteo-voici-les-previsions-pour-fevrier-et-mars-prochains-selon-lanamet","status":"publish","type":"post","link":"https:\/\/macite.tg\/?p=19889","title":{"rendered":"ALERTE METEO : Voici les pr\u00e9visions pour f\u00e9vrier et mars prochains, selon l\u2019ANAMET"},"content":{"rendered":"\n<p class=\"wp-block-paragraph\"><strong><em>L\u2019Agence nationale de la m\u00e9t\u00e9orologie (ANAMET) a fait, en fin de semaine derni\u00e8re, une projection sur la situation m\u00e9t\u00e9orologique pour les deux prochains mois au Togo.<\/em><\/strong><\/p>\n\n\n\n<p class=\"wp-block-paragraph\">Dans l\u2019optique de renforcer la r\u00e9silience des communaut\u00e9s, notamment des acteurs du milieux agricoles, face aux changements climatiques, l\u2019Agence nationale de la m\u00e9t\u00e9orologie (ANAMET) fait p\u00e9riodiquement des pr\u00e9visions.<\/p>\n\n\n\n<p class=\"wp-block-paragraph\">Selon ces pr\u00e9visions, il sera observ\u00e9 sur tout le territoire national, une p\u00e9riode relativement s\u00e8che. Dans le m\u00eame temps, les r\u00e9gions Maritime et des Plateaux connaitront de faibles pluies localis\u00e9es.&nbsp;<\/p>\n\n\n<div class=\"wp-block-image\">\n<figure class=\"aligncenter size-full\"><img loading=\"lazy\" decoding=\"async\" width=\"851\" height=\"315\" src=\"https:\/\/macite.tg\/wp-content\/uploads\/2025\/01\/OTR_Ferer-pour-batir-3.jpg\" alt=\"\" class=\"wp-image-19732\" srcset=\"https:\/\/macite.tg\/wp-content\/uploads\/2025\/01\/OTR_Ferer-pour-batir-3.jpg 851w, https:\/\/macite.tg\/wp-content\/uploads\/2025\/01\/OTR_Ferer-pour-batir-3-300x111.jpg 300w, https:\/\/macite.tg\/wp-content\/uploads\/2025\/01\/OTR_Ferer-pour-batir-3-768x284.jpg 768w\" sizes=\"auto, (max-width: 851px) 100vw, 851px\" \/><\/figure>\n<\/div>\n\n\n<p class=\"wp-block-paragraph\">Parlant des temp\u00e9ratures, elles vont varier entre 20 et 40\u00b0C au cours de ces deux prochains mois, au point m\u00eame de nous r\u00e9server, par moment, des conditions, l\u00e9g\u00e8rement sup\u00e9rieures \u00e0 la normale, accentuant ainsi la sensation de chaleur, ceci dans plusieurs localit\u00e9s.<\/p>\n\n\n<div class=\"wp-block-image\">\n<figure class=\"aligncenter size-large is-resized\"><img loading=\"lazy\" decoding=\"async\" width=\"1024\" height=\"1024\" src=\"https:\/\/macite.tg\/wp-content\/uploads\/2025\/01\/OTR_TVM-paiement-1-1024x1024.jpg\" alt=\"\" class=\"wp-image-19835\" style=\"width:544px;height:auto\" srcset=\"https:\/\/macite.tg\/wp-content\/uploads\/2025\/01\/OTR_TVM-paiement-1-1024x1024.jpg 1024w, https:\/\/macite.tg\/wp-content\/uploads\/2025\/01\/OTR_TVM-paiement-1-300x300.jpg 300w, https:\/\/macite.tg\/wp-content\/uploads\/2025\/01\/OTR_TVM-paiement-1-150x150.jpg 150w, https:\/\/macite.tg\/wp-content\/uploads\/2025\/01\/OTR_TVM-paiement-1-768x768.jpg 768w, https:\/\/macite.tg\/wp-content\/uploads\/2025\/01\/OTR_TVM-paiement-1-1536x1536.jpg 1536w, https:\/\/macite.tg\/wp-content\/uploads\/2025\/01\/OTR_TVM-paiement-1-122x122.jpg 122w, https:\/\/macite.tg\/wp-content\/uploads\/2025\/01\/OTR_TVM-paiement-1.jpg 1600w\" sizes=\"auto, (max-width: 1024px) 100vw, 1024px\" \/><\/figure>\n<\/div>\n\n\n<p class=\"wp-block-paragraph\">Tout en faisant le point sur la situation de 2024, l\u2019Agence souligne que l\u2019ann\u00e9e \u00e9coul\u00e9e le d\u00e9ficit de pluie, ceci par rapport \u00e0 l\u2019ann\u00e9e d\u2019avant, 2023, mais aussi par rapport aux tendances \u00e0 moyen (lors des cinq derni\u00e8res ann\u00e9es), et long terme (pour les trente derni\u00e8res ann\u00e9es).<\/p>\n\n\n\n<p class=\"wp-block-paragraph\"><strong>JPB<\/strong><\/p>\n\n\n\n<p class=\"wp-block-paragraph\"><a><strong><em>@macite.tg&nbsp;&nbsp;&nbsp;&nbsp;&nbsp;&nbsp;&nbsp;&nbsp;<\/em><\/strong><\/a><\/p>\n\n\n\n<p class=\"wp-block-paragraph\"><strong><em>E-mail&nbsp;: <\/em><\/strong><a href=\"mailto:maciteinfo@gmail.com\"><strong><em>maciteinfo@gmail.com<\/em><\/strong><\/a><strong><em>; <\/em><\/strong><a href=\"mailto:bawela1@gmail.com\"><strong><em>bawela1@gmail.com<\/em><\/strong><\/a><strong><em><\/em><\/strong><\/p>\n\n\n\n<p class=\"wp-block-paragraph\"><strong><em>Pour vos annonces, (publi)reportages, etc., joignez-nous au (00228)91515309\/<strong>79872224 <\/strong>www.macite.tg, L\u2019information, la bonne&nbsp;!<\/em><\/strong><\/p>\n","protected":false},"excerpt":{"rendered":"<p class=\"text-justify mb-2\" >L\u2019Agence nationale de la m\u00e9t\u00e9orologie (ANAMET) a fait, en fin de semaine derni\u00e8re, une projection sur la situation m\u00e9t\u00e9orologique pour les deux prochains mois au Togo. Dans l\u2019optique de renforcer la r\u00e9silience des communaut\u00e9s, notamment des acteurs du milieux agricoles, face aux changements climatiques, l\u2019Agence [&hellip;]<\/p>\n","protected":false},"author":2,"featured_media":19890,"comment_status":"open","ping_status":"open","sticky":false,"template":"","format":"standard","meta":{"footnotes":""},"categories":[20,19],"tags":[],"class_list":["post-19889","post","type-post","status-publish","format-standard","has-post-thumbnail","hentry","category-actualite","category-environnement"],"yoast_head":"<!-- This site is optimized with the Yoast SEO plugin v28.4 - https:\/\/yoast.com\/product\/yoast-seo-wordpress\/ -->\n<title>ALERTE METEO : Voici les pr\u00e9visions pour f\u00e9vrier et mars prochains, selon l\u2019ANAMET -<\/title>\n<meta name=\"robots\" content=\"index, follow, max-snippet:-1, max-image-preview:large, max-video-preview:-1\" \/>\n<link rel=\"canonical\" href=\"https:\/\/macite.tg\/?p=19889\" \/>\n<meta property=\"og:locale\" content=\"fr_FR\" \/>\n<meta property=\"og:type\" content=\"article\" \/>\n<meta property=\"og:title\" content=\"ALERTE METEO : Voici les pr\u00e9visions pour f\u00e9vrier et mars prochains, selon l\u2019ANAMET -\" \/>\n<meta property=\"og:description\" content=\"L\u2019Agence nationale de la m\u00e9t\u00e9orologie (ANAMET) a fait, en fin de semaine derni\u00e8re, une projection sur la situation m\u00e9t\u00e9orologique pour les deux prochains mois au Togo. Dans l\u2019optique de renforcer la r\u00e9silience des communaut\u00e9s, notamment des acteurs du milieux agricoles, face aux changements climatiques, l\u2019Agence [&hellip;]\" \/>\n<meta property=\"og:url\" content=\"https:\/\/macite.tg\/?p=19889\" \/>\n<meta property=\"article:published_time\" content=\"2025-02-04T15:14:44+00:00\" \/>\n<meta property=\"article:modified_time\" content=\"2025-02-04T15:15:05+00:00\" \/>\n<meta property=\"og:image\" content=\"https:\/\/macite.tg\/wp-content\/uploads\/2025\/02\/image-4.png\" \/>\n\t<meta property=\"og:image:width\" content=\"388\" \/>\n\t<meta property=\"og:image:height\" content=\"266\" \/>\n\t<meta property=\"og:image:type\" content=\"image\/png\" \/>\n<meta name=\"author\" content=\"Jean Pierre BAWELA\" \/>\n<meta name=\"twitter:card\" content=\"summary_large_image\" \/>\n<meta name=\"twitter:label1\" content=\"\u00c9crit par\" \/>\n\t<meta name=\"twitter:data1\" content=\"Jean Pierre BAWELA\" \/>\n\t<meta name=\"twitter:label2\" content=\"Dur\u00e9e de lecture estim\u00e9e\" \/>\n\t<meta name=\"twitter:data2\" content=\"2 minutes\" \/>\n<script type=\"application\/ld+json\" class=\"yoast-schema-graph\">{\"@context\":\"https:\\\/\\\/schema.org\",\"@graph\":[{\"@type\":\"Article\",\"@id\":\"https:\\\/\\\/macite.tg\\\/?p=19889#article\",\"isPartOf\":{\"@id\":\"https:\\\/\\\/macite.tg\\\/?p=19889\"},\"author\":{\"name\":\"Jean Pierre BAWELA\",\"@id\":\"https:\\\/\\\/macite.tg\\\/#\\\/schema\\\/person\\\/e9f2de7e5dbbe7770a9402c7ce82f5c2\"},\"headline\":\"ALERTE METEO : Voici les pr\u00e9visions pour f\u00e9vrier et mars prochains, selon l\u2019ANAMET\",\"datePublished\":\"2025-02-04T15:14:44+00:00\",\"dateModified\":\"2025-02-04T15:15:05+00:00\",\"mainEntityOfPage\":{\"@id\":\"https:\\\/\\\/macite.tg\\\/?p=19889\"},\"wordCount\":257,\"commentCount\":0,\"image\":{\"@id\":\"https:\\\/\\\/macite.tg\\\/?p=19889#primaryimage\"},\"thumbnailUrl\":\"https:\\\/\\\/macite.tg\\\/wp-content\\\/uploads\\\/2025\\\/02\\\/image-4.png\",\"articleSection\":[\"ACTUALITE\",\"ENVIRONNEMENT\"],\"inLanguage\":\"fr-FR\",\"potentialAction\":[{\"@type\":\"CommentAction\",\"name\":\"Comment\",\"target\":[\"https:\\\/\\\/macite.tg\\\/?p=19889#respond\"]}]},{\"@type\":\"WebPage\",\"@id\":\"https:\\\/\\\/macite.tg\\\/?p=19889\",\"url\":\"https:\\\/\\\/macite.tg\\\/?p=19889\",\"name\":\"ALERTE METEO : Voici les pr\u00e9visions pour f\u00e9vrier et mars prochains, selon l\u2019ANAMET -\",\"isPartOf\":{\"@id\":\"https:\\\/\\\/macite.tg\\\/#website\"},\"primaryImageOfPage\":{\"@id\":\"https:\\\/\\\/macite.tg\\\/?p=19889#primaryimage\"},\"image\":{\"@id\":\"https:\\\/\\\/macite.tg\\\/?p=19889#primaryimage\"},\"thumbnailUrl\":\"https:\\\/\\\/macite.tg\\\/wp-content\\\/uploads\\\/2025\\\/02\\\/image-4.png\",\"datePublished\":\"2025-02-04T15:14:44+00:00\",\"dateModified\":\"2025-02-04T15:15:05+00:00\",\"author\":{\"@id\":\"https:\\\/\\\/macite.tg\\\/#\\\/schema\\\/person\\\/e9f2de7e5dbbe7770a9402c7ce82f5c2\"},\"breadcrumb\":{\"@id\":\"https:\\\/\\\/macite.tg\\\/?p=19889#breadcrumb\"},\"inLanguage\":\"fr-FR\",\"potentialAction\":[{\"@type\":\"ReadAction\",\"target\":[\"https:\\\/\\\/macite.tg\\\/?p=19889\"]}]},{\"@type\":\"ImageObject\",\"inLanguage\":\"fr-FR\",\"@id\":\"https:\\\/\\\/macite.tg\\\/?p=19889#primaryimage\",\"url\":\"https:\\\/\\\/macite.tg\\\/wp-content\\\/uploads\\\/2025\\\/02\\\/image-4.png\",\"contentUrl\":\"https:\\\/\\\/macite.tg\\\/wp-content\\\/uploads\\\/2025\\\/02\\\/image-4.png\",\"width\":388,\"height\":266},{\"@type\":\"BreadcrumbList\",\"@id\":\"https:\\\/\\\/macite.tg\\\/?p=19889#breadcrumb\",\"itemListElement\":[{\"@type\":\"ListItem\",\"position\":1,\"name\":\"Accueil\",\"item\":\"https:\\\/\\\/macite.tg\\\/\"},{\"@type\":\"ListItem\",\"position\":2,\"name\":\"ALERTE METEO : Voici les pr\u00e9visions pour f\u00e9vrier et mars prochains, selon l\u2019ANAMET\"}]},{\"@type\":\"WebSite\",\"@id\":\"https:\\\/\\\/macite.tg\\\/#website\",\"url\":\"https:\\\/\\\/macite.tg\\\/\",\"name\":\"\",\"description\":\"L&#039;information, la bonne!!!\",\"potentialAction\":[{\"@type\":\"SearchAction\",\"target\":{\"@type\":\"EntryPoint\",\"urlTemplate\":\"https:\\\/\\\/macite.tg\\\/?s={search_term_string}\"},\"query-input\":{\"@type\":\"PropertyValueSpecification\",\"valueRequired\":true,\"valueName\":\"search_term_string\"}}],\"inLanguage\":\"fr-FR\"},{\"@type\":\"Person\",\"@id\":\"https:\\\/\\\/macite.tg\\\/#\\\/schema\\\/person\\\/e9f2de7e5dbbe7770a9402c7ce82f5c2\",\"name\":\"Jean Pierre BAWELA\",\"image\":{\"@type\":\"ImageObject\",\"inLanguage\":\"fr-FR\",\"@id\":\"https:\\\/\\\/macite.tg\\\/wp-content\\\/uploads\\\/2023\\\/09\\\/WhatsApp-Image-2023-09-19-at-14.44.41-122x122.jpeg\",\"url\":\"https:\\\/\\\/macite.tg\\\/wp-content\\\/uploads\\\/2023\\\/09\\\/WhatsApp-Image-2023-09-19-at-14.44.41-122x122.jpeg\",\"contentUrl\":\"https:\\\/\\\/macite.tg\\\/wp-content\\\/uploads\\\/2023\\\/09\\\/WhatsApp-Image-2023-09-19-at-14.44.41-122x122.jpeg\",\"caption\":\"Jean Pierre BAWELA\"},\"url\":\"https:\\\/\\\/macite.tg\\\/?author=2\"}]}<\/script>\n<!-- \/ Yoast SEO plugin. -->","yoast_head_json":{"title":"ALERTE METEO : Voici les pr\u00e9visions pour f\u00e9vrier et mars prochains, selon l\u2019ANAMET -","robots":{"index":"index","follow":"follow","max-snippet":"max-snippet:-1","max-image-preview":"max-image-preview:large","max-video-preview":"max-video-preview:-1"},"canonical":"https:\/\/macite.tg\/?p=19889","og_locale":"fr_FR","og_type":"article","og_title":"ALERTE METEO : Voici les pr\u00e9visions pour f\u00e9vrier et mars prochains, selon l\u2019ANAMET -","og_description":"L\u2019Agence nationale de la m\u00e9t\u00e9orologie (ANAMET) a fait, en fin de semaine derni\u00e8re, une projection sur la situation m\u00e9t\u00e9orologique pour les deux prochains mois au Togo. Dans l\u2019optique de renforcer la r\u00e9silience des communaut\u00e9s, notamment des acteurs du milieux agricoles, face aux changements climatiques, l\u2019Agence [&hellip;]","og_url":"https:\/\/macite.tg\/?p=19889","article_published_time":"2025-02-04T15:14:44+00:00","article_modified_time":"2025-02-04T15:15:05+00:00","og_image":[{"width":388,"height":266,"url":"https:\/\/macite.tg\/wp-content\/uploads\/2025\/02\/image-4.png","type":"image\/png"}],"author":"Jean Pierre BAWELA","twitter_card":"summary_large_image","twitter_misc":{"\u00c9crit par":"Jean Pierre BAWELA","Dur\u00e9e de lecture estim\u00e9e":"2 minutes"},"schema":{"@context":"https:\/\/schema.org","@graph":[{"@type":"Article","@id":"https:\/\/macite.tg\/?p=19889#article","isPartOf":{"@id":"https:\/\/macite.tg\/?p=19889"},"author":{"name":"Jean Pierre BAWELA","@id":"https:\/\/macite.tg\/#\/schema\/person\/e9f2de7e5dbbe7770a9402c7ce82f5c2"},"headline":"ALERTE METEO : Voici les pr\u00e9visions pour f\u00e9vrier et mars prochains, selon l\u2019ANAMET","datePublished":"2025-02-04T15:14:44+00:00","dateModified":"2025-02-04T15:15:05+00:00","mainEntityOfPage":{"@id":"https:\/\/macite.tg\/?p=19889"},"wordCount":257,"commentCount":0,"image":{"@id":"https:\/\/macite.tg\/?p=19889#primaryimage"},"thumbnailUrl":"https:\/\/macite.tg\/wp-content\/uploads\/2025\/02\/image-4.png","articleSection":["ACTUALITE","ENVIRONNEMENT"],"inLanguage":"fr-FR","potentialAction":[{"@type":"CommentAction","name":"Comment","target":["https:\/\/macite.tg\/?p=19889#respond"]}]},{"@type":"WebPage","@id":"https:\/\/macite.tg\/?p=19889","url":"https:\/\/macite.tg\/?p=19889","name":"ALERTE METEO : Voici les pr\u00e9visions pour f\u00e9vrier et mars prochains, selon l\u2019ANAMET -","isPartOf":{"@id":"https:\/\/macite.tg\/#website"},"primaryImageOfPage":{"@id":"https:\/\/macite.tg\/?p=19889#primaryimage"},"image":{"@id":"https:\/\/macite.tg\/?p=19889#primaryimage"},"thumbnailUrl":"https:\/\/macite.tg\/wp-content\/uploads\/2025\/02\/image-4.png","datePublished":"2025-02-04T15:14:44+00:00","dateModified":"2025-02-04T15:15:05+00:00","author":{"@id":"https:\/\/macite.tg\/#\/schema\/person\/e9f2de7e5dbbe7770a9402c7ce82f5c2"},"breadcrumb":{"@id":"https:\/\/macite.tg\/?p=19889#breadcrumb"},"inLanguage":"fr-FR","potentialAction":[{"@type":"ReadAction","target":["https:\/\/macite.tg\/?p=19889"]}]},{"@type":"ImageObject","inLanguage":"fr-FR","@id":"https:\/\/macite.tg\/?p=19889#primaryimage","url":"https:\/\/macite.tg\/wp-content\/uploads\/2025\/02\/image-4.png","contentUrl":"https:\/\/macite.tg\/wp-content\/uploads\/2025\/02\/image-4.png","width":388,"height":266},{"@type":"BreadcrumbList","@id":"https:\/\/macite.tg\/?p=19889#breadcrumb","itemListElement":[{"@type":"ListItem","position":1,"name":"Accueil","item":"https:\/\/macite.tg\/"},{"@type":"ListItem","position":2,"name":"ALERTE METEO : Voici les pr\u00e9visions pour f\u00e9vrier et mars prochains, selon l\u2019ANAMET"}]},{"@type":"WebSite","@id":"https:\/\/macite.tg\/#website","url":"https:\/\/macite.tg\/","name":"","description":"L&#039;information, la bonne!!!","potentialAction":[{"@type":"SearchAction","target":{"@type":"EntryPoint","urlTemplate":"https:\/\/macite.tg\/?s={search_term_string}"},"query-input":{"@type":"PropertyValueSpecification","valueRequired":true,"valueName":"search_term_string"}}],"inLanguage":"fr-FR"},{"@type":"Person","@id":"https:\/\/macite.tg\/#\/schema\/person\/e9f2de7e5dbbe7770a9402c7ce82f5c2","name":"Jean Pierre BAWELA","image":{"@type":"ImageObject","inLanguage":"fr-FR","@id":"https:\/\/macite.tg\/wp-content\/uploads\/2023\/09\/WhatsApp-Image-2023-09-19-at-14.44.41-122x122.jpeg","url":"https:\/\/macite.tg\/wp-content\/uploads\/2023\/09\/WhatsApp-Image-2023-09-19-at-14.44.41-122x122.jpeg","contentUrl":"https:\/\/macite.tg\/wp-content\/uploads\/2023\/09\/WhatsApp-Image-2023-09-19-at-14.44.41-122x122.jpeg","caption":"Jean Pierre BAWELA"},"url":"https:\/\/macite.tg\/?author=2"}]}},"_links":{"self":[{"href":"https:\/\/macite.tg\/index.php?rest_route=\/wp\/v2\/posts\/19889","targetHints":{"allow":["GET"]}}],"collection":[{"href":"https:\/\/macite.tg\/index.php?rest_route=\/wp\/v2\/posts"}],"about":[{"href":"https:\/\/macite.tg\/index.php?rest_route=\/wp\/v2\/types\/post"}],"author":[{"embeddable":true,"href":"https:\/\/macite.tg\/index.php?rest_route=\/wp\/v2\/users\/2"}],"replies":[{"embeddable":true,"href":"https:\/\/macite.tg\/index.php?rest_route=%2Fwp%2Fv2%2Fcomments&post=19889"}],"version-history":[{"count":0,"href":"https:\/\/macite.tg\/index.php?rest_route=\/wp\/v2\/posts\/19889\/revisions"}],"wp:featuredmedia":[{"embeddable":true,"href":"https:\/\/macite.tg\/index.php?rest_route=\/wp\/v2\/media\/19890"}],"wp:attachment":[{"href":"https:\/\/macite.tg\/index.php?rest_route=%2Fwp%2Fv2%2Fmedia&parent=19889"}],"wp:term":[{"taxonomy":"category","embeddable":true,"href":"https:\/\/macite.tg\/index.php?rest_route=%2Fwp%2Fv2%2Fcategories&post=19889"},{"taxonomy":"post_tag","embeddable":true,"href":"https:\/\/macite.tg\/index.php?rest_route=%2Fwp%2Fv2%2Ftags&post=19889"}],"curies":[{"name":"wp","href":"https:\/\/api.w.org\/{rel}","templated":true}]}}