{"id":19874,"date":"2025-02-04T10:12:31","date_gmt":"2025-02-04T10:12:31","guid":{"rendered":"https:\/\/macite.tg\/?p=19874"},"modified":"2025-02-04T10:12:39","modified_gmt":"2025-02-04T10:12:39","slug":"astuce-pourquoi-les-montres-sont-elles-portees-sur-notre-poignet-gauche","status":"publish","type":"post","link":"https:\/\/macite.tg\/?p=19874","title":{"rendered":"ASTUCE\u00a0: Pourquoi les montres sont-elles port\u00e9es sur notre poignet gauche ?"},"content":{"rendered":"\n<p class=\"wp-block-paragraph\"><strong><em>Avez-vous remarqu\u00e9 que beaucoup de gens portent leur montre au poignet gauche ? Est-ce un coup de g\u00e9nie des cr\u00e9ateurs de mode ? Une habitude h\u00e9rit\u00e9e du tout premier porteur de montre ? Ou peut-\u00eatre une d\u00e9cision bas\u00e9e sur des raisons scientifiques ? D\u00e9couvrons ensemble d&rsquo;o\u00f9 vient cette tradition.<\/em><\/strong> <\/p>\n\n\n\n<p class=\"wp-block-paragraph\">Bracelets, cha\u00eenes, lunettes, montres\u2026 tous ces termes illustrent bien les tendances qui fa\u00e7onnent notre \u00e9poque. Si les lunettes et les montres \u00e9taient absentes dans l\u2019Antiquit\u00e9, elles sont aujourd\u2019hui omnipr\u00e9sentes. Parmi ces accessoires, int\u00e9ressons-nous \u00e0 un en particulier : la montre. Et plus pr\u00e9cis\u00e9ment, \u00e0 une habitude r\u00e9pandue chez beaucoup d\u2019entre nous : la porter au poignet gauche. Mais d\u2019o\u00f9 vient cette pr\u00e9f\u00e9rence ?<\/p>\n\n\n\n<p class=\"wp-block-paragraph\"><strong>Depuis quand porte-t-on les montres au poignet ?<\/strong><\/p>\n\n\n\n<p class=\"wp-block-paragraph\">Dans l&rsquo;univers des montres, celles destin\u00e9es aux poignets ont vu le jour&nbsp;<strong>vers 1700 et 1800<\/strong>. Certains fabricants la datent vers la fin du XVIIIe si\u00e8cle. Mais elles restent rares et principalement utilis\u00e9es comme accessoires f\u00e9minins. Elle est souvent orn\u00e9e de bijoux&nbsp;et autres mat\u00e9riaux. C\u2019est au d\u00e9but du XXe si\u00e8cle que leur usage se g\u00e9n\u00e9ralise un peu partout dans le monde.<\/p>\n\n\n<div class=\"wp-block-image\">\n<figure class=\"aligncenter size-large is-resized\"><img loading=\"lazy\" decoding=\"async\" width=\"1024\" height=\"1024\" src=\"https:\/\/macite.tg\/wp-content\/uploads\/2025\/01\/OTR_TVM-paiement-1-1024x1024.jpg\" alt=\"\" class=\"wp-image-19835\" style=\"width:564px;height:auto\" srcset=\"https:\/\/macite.tg\/wp-content\/uploads\/2025\/01\/OTR_TVM-paiement-1-1024x1024.jpg 1024w, https:\/\/macite.tg\/wp-content\/uploads\/2025\/01\/OTR_TVM-paiement-1-300x300.jpg 300w, https:\/\/macite.tg\/wp-content\/uploads\/2025\/01\/OTR_TVM-paiement-1-150x150.jpg 150w, https:\/\/macite.tg\/wp-content\/uploads\/2025\/01\/OTR_TVM-paiement-1-768x768.jpg 768w, https:\/\/macite.tg\/wp-content\/uploads\/2025\/01\/OTR_TVM-paiement-1-1536x1536.jpg 1536w, https:\/\/macite.tg\/wp-content\/uploads\/2025\/01\/OTR_TVM-paiement-1-122x122.jpg 122w, https:\/\/macite.tg\/wp-content\/uploads\/2025\/01\/OTR_TVM-paiement-1.jpg 1600w\" sizes=\"auto, (max-width: 1024px) 100vw, 1024px\" \/><\/figure>\n<\/div>\n\n\n<p class=\"wp-block-paragraph\">Selon&nbsp;<em>The New York Times<\/em>,&nbsp;<strong>les pr\u00e9curseurs restent en grande partie les militaires, qui trouvaient plus pratique de porter une montre au poignet plut\u00f4t que de manipuler une montre de poche pendant les combats<\/strong>. La popularit\u00e9 des montres-bracelets s\u2019accro\u00eet apr\u00e8s la Premi\u00e8re Guerre mondiale, notamment avec des marques comme Cartier.<\/p>\n\n\n\n<p class=\"wp-block-paragraph\">Cette derni\u00e8re reste l&rsquo;une des marques qui produisit en 1904 l&rsquo;une des premi\u00e8res montres-bracelets modernes. Il s&rsquo;agit en effet de la&nbsp;<strong>Santos-Dumont<\/strong>, destin\u00e9e \u00e0 l\u2019aviateur Alberto Santos-Dumont.<\/p>\n\n\n\n<p class=\"wp-block-paragraph\"><strong>Quelle est la fonction d&rsquo;une montre ?<\/strong><\/p>\n\n\n\n<p class=\"wp-block-paragraph\">La fonction principale d\u2019une montre&nbsp;<strong>est de mesurer et d\u2019afficher le temps, permettant ainsi de conna\u00eetre l\u2019heure \u00e0 tout moment<\/strong>. Elle sert \u00e9galement \u00e0 chronom\u00e9trer des dur\u00e9es pr\u00e9cises gr\u00e2ce \u00e0 des fonctions telles que le chronographe ou le minuteur. Au-del\u00e0 de cette fonction utilitaire, une montre peut aussi avoir une fonction esth\u00e9tique&nbsp;en tant qu\u2019accessoire de mode. Elle refl\u00e8te majoritairement la personnalit\u00e9 de celui qui la porte.<\/p>\n\n\n\n<p class=\"wp-block-paragraph\">Certaines montres modernes int\u00e8grent des fonctions avanc\u00e9es, comme&nbsp;<strong>le suivi de l\u2019activit\u00e9 physique, la navigation GPS ou la connexion \u00e0 des smartphones<\/strong>. Une avanc\u00e9e technologique qui s&rsquo;invite \u00e9galement dans ce petit accessoire de mode. Ce qui contribue \u00e0 \u00e9largir son utilit\u00e9 bien au-del\u00e0 de la simple mesure du temps.<\/p>\n\n\n\n<p class=\"wp-block-paragraph\"><strong>Pourquoi portons-nous nos montres sur le bras gauche ?<\/strong><\/p>\n\n\n\n<p class=\"wp-block-paragraph\">Le port de la montre au poignet gauche trouve son origine dans des consid\u00e9rations pratiques et historiques.<\/p>\n\n\n<div class=\"wp-block-image\">\n<figure class=\"aligncenter size-full\"><img loading=\"lazy\" decoding=\"async\" width=\"851\" height=\"315\" src=\"https:\/\/macite.tg\/wp-content\/uploads\/2025\/01\/OTR_Ferer-pour-batir-2.jpg\" alt=\"\" class=\"wp-image-19681\" srcset=\"https:\/\/macite.tg\/wp-content\/uploads\/2025\/01\/OTR_Ferer-pour-batir-2.jpg 851w, https:\/\/macite.tg\/wp-content\/uploads\/2025\/01\/OTR_Ferer-pour-batir-2-300x111.jpg 300w, https:\/\/macite.tg\/wp-content\/uploads\/2025\/01\/OTR_Ferer-pour-batir-2-768x284.jpg 768w\" sizes=\"auto, (max-width: 851px) 100vw, 851px\" \/><\/figure>\n<\/div>\n\n\n<p class=\"wp-block-paragraph\">Depuis belle lurette, la majorit\u00e9 des personnes vivant sur terre sont des droitiers. Certaines sources commerciales diront que&nbsp;<strong>plus de 80% de la population sur terre est droiti\u00e8re<\/strong>. Ce qui sous-tend que leur main droite est dominante et davantage utilis\u00e9e pour des t\u00e2ches n\u00e9cessitant pr\u00e9cision et force lors de certaines activit\u00e9s. Donc, porter une montre sur le bras gauche permet ainsi de la prot\u00e9ger des chocs ou des dommages. Facilitant ainsi son ajustement ou sa consultation avec la main droite.<\/p>\n\n\n\n<p class=\"wp-block-paragraph\">De plus,&nbsp;<strong>les premi\u00e8res montres-bracelets m\u00e9caniques n\u00e9cessitaient un remontage manuel quotidien, souvent via une couronne plac\u00e9e sur le c\u00f4t\u00e9 droit du bo\u00eetier<\/strong>. Donc, pour faciliter cette action, porter la montre au poignet gauche rendait ce geste plus simple et naturel pour les droitiers. Bien que les montres modernes n\u2019exigent plus ce type d\u2019entretien, cette habitude s\u2019est ancr\u00e9e dans les pratiques. M\u00eame chez de nombreux gauchers, cette habitude est devenue une norme.<\/p>\n\n\n\n<p class=\"wp-block-paragraph\">Enfin, des conventions militaires et horlog\u00e8res ont renforc\u00e9 cette tradition. Ce qui a rendu le port \u00e0 gauche quasiment universel.<\/p>\n\n\n\n<p class=\"wp-block-paragraph\"><strong>Faut-il porter la montre sur le bras gauche ou le bras droit<\/strong><\/p>\n\n\n\n<p class=\"wp-block-paragraph\">Le choix de porter une montre&nbsp;sur le bras gauche ou droit d\u00e9pend principalement des pr\u00e9f\u00e9rences personnelles. En revanche, des raisons pratiques et historiques favorisent souvent le bras gauche comme nous venons de le voir dans le pr\u00e9c\u00e9dent paragraphe.<\/p>\n\n\n\n<p class=\"wp-block-paragraph\">En effet, traditionnellement, la montre se porte sur le poignet oppos\u00e9 \u00e0 la main dominante, g\u00e9n\u00e9ralement \u00e0 gauche pour les droitiers.&nbsp;<strong>L&rsquo;id\u00e9e est de la prot\u00e9ger des chocs et de permettre une utilisation confortable tout en effectuant d\u2019autres t\u00e2ches avec la main dominante<\/strong>. Toutefois, pour les gauchers, il peut \u00eatre plus pratique de porter la montre \u00e0 droite.<\/p>\n\n\n<div class=\"wp-block-image\">\n<figure class=\"aligncenter size-full is-resized\"><img loading=\"lazy\" decoding=\"async\" width=\"500\" height=\"698\" src=\"https:\/\/macite.tg\/wp-content\/uploads\/2025\/01\/OTR_Soumission-Douanes-1.jpg\" alt=\"\" class=\"wp-image-19739\" style=\"width:548px;height:auto\" srcset=\"https:\/\/macite.tg\/wp-content\/uploads\/2025\/01\/OTR_Soumission-Douanes-1.jpg 500w, https:\/\/macite.tg\/wp-content\/uploads\/2025\/01\/OTR_Soumission-Douanes-1-215x300.jpg 215w\" sizes=\"auto, (max-width: 500px) 100vw, 500px\" \/><\/figure>\n<\/div>\n\n\n<p class=\"wp-block-paragraph\">C&rsquo;est d&rsquo;ailleurs un principe marqueur qui permet de reconna\u00eetre une personne droiti\u00e8re d&rsquo;une personne gauch\u00e8re. \u00c0 ce jour, les avanc\u00e9es technologiques, notamment les montres connect\u00e9es, rendent ce choix encore plus flexible. Car elles sont con\u00e7ues pour s\u2019adapter \u00e0 diff\u00e9rents poignets. Ainsi, le port d\u00e9pend avant tout du confort et des besoins individuels.<\/p>\n\n\n\n<p class=\"wp-block-paragraph\"><strong>Sources : actu.caminteresse.fr<\/strong><\/p>\n\n\n\n<p class=\"wp-block-paragraph\"><strong><em>@macite.tg&nbsp;&nbsp;&nbsp;&nbsp;&nbsp;&nbsp;&nbsp;&nbsp;<\/em><\/strong><\/p>\n\n\n\n<p class=\"wp-block-paragraph\"><strong><em>E-mail&nbsp;: <\/em><\/strong><a href=\"mailto:maciteinfo@gmail.com\"><strong><em>maciteinfo@gmail.com<\/em><\/strong><\/a><strong><em>; <\/em><\/strong><a href=\"mailto:bawela1@gmail.com\"><strong><em>bawela1@gmail.com<\/em><\/strong><\/a><strong><em><\/em><\/strong><\/p>\n\n\n\n<p class=\"wp-block-paragraph\"><strong><em>Pour vos annonces, (publi)reportages, etc., joignez-nous au (00228)91515309\/<strong>79872224 <\/strong>www.macite.tg, L\u2019information, la bonne&nbsp;!<\/em><\/strong><\/p>\n","protected":false},"excerpt":{"rendered":"<p class=\"text-justify mb-2\" >Avez-vous remarqu\u00e9 que beaucoup de gens portent leur montre au poignet gauche ? Est-ce un coup de g\u00e9nie des cr\u00e9ateurs de mode ? Une habitude h\u00e9rit\u00e9e du tout premier porteur de montre ? Ou peut-\u00eatre une d\u00e9cision bas\u00e9e sur des raisons scientifiques ? D\u00e9couvrons ensemble [&hellip;]<\/p>\n","protected":false},"author":2,"featured_media":19875,"comment_status":"open","ping_status":"open","sticky":false,"template":"","format":"standard","meta":{"footnotes":""},"categories":[20,34],"tags":[],"class_list":["post-19874","post","type-post","status-publish","format-standard","has-post-thumbnail","hentry","category-actualite","category-astuce"],"yoast_head":"<!-- This site is optimized with the Yoast SEO plugin v28.4 - https:\/\/yoast.com\/product\/yoast-seo-wordpress\/ -->\n<title>ASTUCE\u00a0: Pourquoi les montres sont-elles port\u00e9es sur notre poignet gauche ? -<\/title>\n<meta name=\"robots\" content=\"index, follow, max-snippet:-1, max-image-preview:large, max-video-preview:-1\" \/>\n<link rel=\"canonical\" href=\"https:\/\/macite.tg\/?p=19874\" \/>\n<meta property=\"og:locale\" content=\"fr_FR\" \/>\n<meta property=\"og:type\" content=\"article\" \/>\n<meta property=\"og:title\" content=\"ASTUCE\u00a0: Pourquoi les montres sont-elles port\u00e9es sur notre poignet gauche ? -\" \/>\n<meta property=\"og:description\" content=\"Avez-vous remarqu\u00e9 que beaucoup de gens portent leur montre au poignet gauche ? Est-ce un coup de g\u00e9nie des cr\u00e9ateurs de mode ? Une habitude h\u00e9rit\u00e9e du tout premier porteur de montre ? Ou peut-\u00eatre une d\u00e9cision bas\u00e9e sur des raisons scientifiques ? D\u00e9couvrons ensemble [&hellip;]\" \/>\n<meta property=\"og:url\" content=\"https:\/\/macite.tg\/?p=19874\" \/>\n<meta property=\"article:published_time\" content=\"2025-02-04T10:12:31+00:00\" \/>\n<meta property=\"article:modified_time\" content=\"2025-02-04T10:12:39+00:00\" \/>\n<meta property=\"og:image\" content=\"https:\/\/macite.tg\/wp-content\/uploads\/2025\/02\/image-1.png\" \/>\n\t<meta property=\"og:image:width\" content=\"393\" \/>\n\t<meta property=\"og:image:height\" content=\"270\" \/>\n\t<meta property=\"og:image:type\" content=\"image\/png\" \/>\n<meta name=\"author\" content=\"Jean Pierre BAWELA\" \/>\n<meta name=\"twitter:card\" content=\"summary_large_image\" \/>\n<meta name=\"twitter:label1\" content=\"\u00c9crit par\" \/>\n\t<meta name=\"twitter:data1\" content=\"Jean Pierre BAWELA\" \/>\n\t<meta name=\"twitter:label2\" content=\"Dur\u00e9e de lecture estim\u00e9e\" \/>\n\t<meta name=\"twitter:data2\" content=\"5 minutes\" \/>\n<script type=\"application\/ld+json\" class=\"yoast-schema-graph\">{\"@context\":\"https:\\\/\\\/schema.org\",\"@graph\":[{\"@type\":\"Article\",\"@id\":\"https:\\\/\\\/macite.tg\\\/?p=19874#article\",\"isPartOf\":{\"@id\":\"https:\\\/\\\/macite.tg\\\/?p=19874\"},\"author\":{\"name\":\"Jean Pierre BAWELA\",\"@id\":\"https:\\\/\\\/macite.tg\\\/#\\\/schema\\\/person\\\/e9f2de7e5dbbe7770a9402c7ce82f5c2\"},\"headline\":\"ASTUCE\u00a0: Pourquoi les montres sont-elles port\u00e9es sur notre poignet gauche ?\",\"datePublished\":\"2025-02-04T10:12:31+00:00\",\"dateModified\":\"2025-02-04T10:12:39+00:00\",\"mainEntityOfPage\":{\"@id\":\"https:\\\/\\\/macite.tg\\\/?p=19874\"},\"wordCount\":881,\"commentCount\":0,\"image\":{\"@id\":\"https:\\\/\\\/macite.tg\\\/?p=19874#primaryimage\"},\"thumbnailUrl\":\"https:\\\/\\\/macite.tg\\\/wp-content\\\/uploads\\\/2025\\\/02\\\/image-1.png\",\"articleSection\":[\"ACTUALITE\",\"ASTUCE\"],\"inLanguage\":\"fr-FR\",\"potentialAction\":[{\"@type\":\"CommentAction\",\"name\":\"Comment\",\"target\":[\"https:\\\/\\\/macite.tg\\\/?p=19874#respond\"]}]},{\"@type\":\"WebPage\",\"@id\":\"https:\\\/\\\/macite.tg\\\/?p=19874\",\"url\":\"https:\\\/\\\/macite.tg\\\/?p=19874\",\"name\":\"ASTUCE\u00a0: Pourquoi les montres sont-elles port\u00e9es sur notre poignet gauche ? -\",\"isPartOf\":{\"@id\":\"https:\\\/\\\/macite.tg\\\/#website\"},\"primaryImageOfPage\":{\"@id\":\"https:\\\/\\\/macite.tg\\\/?p=19874#primaryimage\"},\"image\":{\"@id\":\"https:\\\/\\\/macite.tg\\\/?p=19874#primaryimage\"},\"thumbnailUrl\":\"https:\\\/\\\/macite.tg\\\/wp-content\\\/uploads\\\/2025\\\/02\\\/image-1.png\",\"datePublished\":\"2025-02-04T10:12:31+00:00\",\"dateModified\":\"2025-02-04T10:12:39+00:00\",\"author\":{\"@id\":\"https:\\\/\\\/macite.tg\\\/#\\\/schema\\\/person\\\/e9f2de7e5dbbe7770a9402c7ce82f5c2\"},\"breadcrumb\":{\"@id\":\"https:\\\/\\\/macite.tg\\\/?p=19874#breadcrumb\"},\"inLanguage\":\"fr-FR\",\"potentialAction\":[{\"@type\":\"ReadAction\",\"target\":[\"https:\\\/\\\/macite.tg\\\/?p=19874\"]}]},{\"@type\":\"ImageObject\",\"inLanguage\":\"fr-FR\",\"@id\":\"https:\\\/\\\/macite.tg\\\/?p=19874#primaryimage\",\"url\":\"https:\\\/\\\/macite.tg\\\/wp-content\\\/uploads\\\/2025\\\/02\\\/image-1.png\",\"contentUrl\":\"https:\\\/\\\/macite.tg\\\/wp-content\\\/uploads\\\/2025\\\/02\\\/image-1.png\",\"width\":393,\"height\":270},{\"@type\":\"BreadcrumbList\",\"@id\":\"https:\\\/\\\/macite.tg\\\/?p=19874#breadcrumb\",\"itemListElement\":[{\"@type\":\"ListItem\",\"position\":1,\"name\":\"Accueil\",\"item\":\"https:\\\/\\\/macite.tg\\\/\"},{\"@type\":\"ListItem\",\"position\":2,\"name\":\"ASTUCE\u00a0: Pourquoi les montres sont-elles port\u00e9es sur notre poignet gauche ?\"}]},{\"@type\":\"WebSite\",\"@id\":\"https:\\\/\\\/macite.tg\\\/#website\",\"url\":\"https:\\\/\\\/macite.tg\\\/\",\"name\":\"\",\"description\":\"L&#039;information, la bonne!!!\",\"potentialAction\":[{\"@type\":\"SearchAction\",\"target\":{\"@type\":\"EntryPoint\",\"urlTemplate\":\"https:\\\/\\\/macite.tg\\\/?s={search_term_string}\"},\"query-input\":{\"@type\":\"PropertyValueSpecification\",\"valueRequired\":true,\"valueName\":\"search_term_string\"}}],\"inLanguage\":\"fr-FR\"},{\"@type\":\"Person\",\"@id\":\"https:\\\/\\\/macite.tg\\\/#\\\/schema\\\/person\\\/e9f2de7e5dbbe7770a9402c7ce82f5c2\",\"name\":\"Jean Pierre BAWELA\",\"image\":{\"@type\":\"ImageObject\",\"inLanguage\":\"fr-FR\",\"@id\":\"https:\\\/\\\/macite.tg\\\/wp-content\\\/uploads\\\/2023\\\/09\\\/WhatsApp-Image-2023-09-19-at-14.44.41-122x122.jpeg\",\"url\":\"https:\\\/\\\/macite.tg\\\/wp-content\\\/uploads\\\/2023\\\/09\\\/WhatsApp-Image-2023-09-19-at-14.44.41-122x122.jpeg\",\"contentUrl\":\"https:\\\/\\\/macite.tg\\\/wp-content\\\/uploads\\\/2023\\\/09\\\/WhatsApp-Image-2023-09-19-at-14.44.41-122x122.jpeg\",\"caption\":\"Jean Pierre BAWELA\"},\"url\":\"https:\\\/\\\/macite.tg\\\/?author=2\"}]}<\/script>\n<!-- \/ Yoast SEO plugin. -->","yoast_head_json":{"title":"ASTUCE\u00a0: Pourquoi les montres sont-elles port\u00e9es sur notre poignet gauche ? -","robots":{"index":"index","follow":"follow","max-snippet":"max-snippet:-1","max-image-preview":"max-image-preview:large","max-video-preview":"max-video-preview:-1"},"canonical":"https:\/\/macite.tg\/?p=19874","og_locale":"fr_FR","og_type":"article","og_title":"ASTUCE\u00a0: Pourquoi les montres sont-elles port\u00e9es sur notre poignet gauche ? -","og_description":"Avez-vous remarqu\u00e9 que beaucoup de gens portent leur montre au poignet gauche ? Est-ce un coup de g\u00e9nie des cr\u00e9ateurs de mode ? Une habitude h\u00e9rit\u00e9e du tout premier porteur de montre ? Ou peut-\u00eatre une d\u00e9cision bas\u00e9e sur des raisons scientifiques ? D\u00e9couvrons ensemble [&hellip;]","og_url":"https:\/\/macite.tg\/?p=19874","article_published_time":"2025-02-04T10:12:31+00:00","article_modified_time":"2025-02-04T10:12:39+00:00","og_image":[{"width":393,"height":270,"url":"https:\/\/macite.tg\/wp-content\/uploads\/2025\/02\/image-1.png","type":"image\/png"}],"author":"Jean Pierre BAWELA","twitter_card":"summary_large_image","twitter_misc":{"\u00c9crit par":"Jean Pierre BAWELA","Dur\u00e9e de lecture estim\u00e9e":"5 minutes"},"schema":{"@context":"https:\/\/schema.org","@graph":[{"@type":"Article","@id":"https:\/\/macite.tg\/?p=19874#article","isPartOf":{"@id":"https:\/\/macite.tg\/?p=19874"},"author":{"name":"Jean Pierre BAWELA","@id":"https:\/\/macite.tg\/#\/schema\/person\/e9f2de7e5dbbe7770a9402c7ce82f5c2"},"headline":"ASTUCE\u00a0: Pourquoi les montres sont-elles port\u00e9es sur notre poignet gauche ?","datePublished":"2025-02-04T10:12:31+00:00","dateModified":"2025-02-04T10:12:39+00:00","mainEntityOfPage":{"@id":"https:\/\/macite.tg\/?p=19874"},"wordCount":881,"commentCount":0,"image":{"@id":"https:\/\/macite.tg\/?p=19874#primaryimage"},"thumbnailUrl":"https:\/\/macite.tg\/wp-content\/uploads\/2025\/02\/image-1.png","articleSection":["ACTUALITE","ASTUCE"],"inLanguage":"fr-FR","potentialAction":[{"@type":"CommentAction","name":"Comment","target":["https:\/\/macite.tg\/?p=19874#respond"]}]},{"@type":"WebPage","@id":"https:\/\/macite.tg\/?p=19874","url":"https:\/\/macite.tg\/?p=19874","name":"ASTUCE\u00a0: Pourquoi les montres sont-elles port\u00e9es sur notre poignet gauche ? -","isPartOf":{"@id":"https:\/\/macite.tg\/#website"},"primaryImageOfPage":{"@id":"https:\/\/macite.tg\/?p=19874#primaryimage"},"image":{"@id":"https:\/\/macite.tg\/?p=19874#primaryimage"},"thumbnailUrl":"https:\/\/macite.tg\/wp-content\/uploads\/2025\/02\/image-1.png","datePublished":"2025-02-04T10:12:31+00:00","dateModified":"2025-02-04T10:12:39+00:00","author":{"@id":"https:\/\/macite.tg\/#\/schema\/person\/e9f2de7e5dbbe7770a9402c7ce82f5c2"},"breadcrumb":{"@id":"https:\/\/macite.tg\/?p=19874#breadcrumb"},"inLanguage":"fr-FR","potentialAction":[{"@type":"ReadAction","target":["https:\/\/macite.tg\/?p=19874"]}]},{"@type":"ImageObject","inLanguage":"fr-FR","@id":"https:\/\/macite.tg\/?p=19874#primaryimage","url":"https:\/\/macite.tg\/wp-content\/uploads\/2025\/02\/image-1.png","contentUrl":"https:\/\/macite.tg\/wp-content\/uploads\/2025\/02\/image-1.png","width":393,"height":270},{"@type":"BreadcrumbList","@id":"https:\/\/macite.tg\/?p=19874#breadcrumb","itemListElement":[{"@type":"ListItem","position":1,"name":"Accueil","item":"https:\/\/macite.tg\/"},{"@type":"ListItem","position":2,"name":"ASTUCE\u00a0: Pourquoi les montres sont-elles port\u00e9es sur notre poignet gauche ?"}]},{"@type":"WebSite","@id":"https:\/\/macite.tg\/#website","url":"https:\/\/macite.tg\/","name":"","description":"L&#039;information, la bonne!!!","potentialAction":[{"@type":"SearchAction","target":{"@type":"EntryPoint","urlTemplate":"https:\/\/macite.tg\/?s={search_term_string}"},"query-input":{"@type":"PropertyValueSpecification","valueRequired":true,"valueName":"search_term_string"}}],"inLanguage":"fr-FR"},{"@type":"Person","@id":"https:\/\/macite.tg\/#\/schema\/person\/e9f2de7e5dbbe7770a9402c7ce82f5c2","name":"Jean Pierre BAWELA","image":{"@type":"ImageObject","inLanguage":"fr-FR","@id":"https:\/\/macite.tg\/wp-content\/uploads\/2023\/09\/WhatsApp-Image-2023-09-19-at-14.44.41-122x122.jpeg","url":"https:\/\/macite.tg\/wp-content\/uploads\/2023\/09\/WhatsApp-Image-2023-09-19-at-14.44.41-122x122.jpeg","contentUrl":"https:\/\/macite.tg\/wp-content\/uploads\/2023\/09\/WhatsApp-Image-2023-09-19-at-14.44.41-122x122.jpeg","caption":"Jean Pierre BAWELA"},"url":"https:\/\/macite.tg\/?author=2"}]}},"_links":{"self":[{"href":"https:\/\/macite.tg\/index.php?rest_route=\/wp\/v2\/posts\/19874","targetHints":{"allow":["GET"]}}],"collection":[{"href":"https:\/\/macite.tg\/index.php?rest_route=\/wp\/v2\/posts"}],"about":[{"href":"https:\/\/macite.tg\/index.php?rest_route=\/wp\/v2\/types\/post"}],"author":[{"embeddable":true,"href":"https:\/\/macite.tg\/index.php?rest_route=\/wp\/v2\/users\/2"}],"replies":[{"embeddable":true,"href":"https:\/\/macite.tg\/index.php?rest_route=%2Fwp%2Fv2%2Fcomments&post=19874"}],"version-history":[{"count":0,"href":"https:\/\/macite.tg\/index.php?rest_route=\/wp\/v2\/posts\/19874\/revisions"}],"wp:featuredmedia":[{"embeddable":true,"href":"https:\/\/macite.tg\/index.php?rest_route=\/wp\/v2\/media\/19875"}],"wp:attachment":[{"href":"https:\/\/macite.tg\/index.php?rest_route=%2Fwp%2Fv2%2Fmedia&parent=19874"}],"wp:term":[{"taxonomy":"category","embeddable":true,"href":"https:\/\/macite.tg\/index.php?rest_route=%2Fwp%2Fv2%2Fcategories&post=19874"},{"taxonomy":"post_tag","embeddable":true,"href":"https:\/\/macite.tg\/index.php?rest_route=%2Fwp%2Fv2%2Ftags&post=19874"}],"curies":[{"name":"wp","href":"https:\/\/api.w.org\/{rel}","templated":true}]}}