{"id":19871,"date":"2025-02-04T09:18:14","date_gmt":"2025-02-04T09:18:14","guid":{"rendered":"https:\/\/macite.tg\/?p=19871"},"modified":"2025-02-04T09:18:30","modified_gmt":"2025-02-04T09:18:30","slug":"cooperation-dakar-washington-dans-le-dur-donald-trump-suspend-un-projet-delectrification-de-318-milliards-de-fcfa-au-senegal-selon-le-pm-sonko","status":"publish","type":"post","link":"https:\/\/macite.tg\/?p=19871","title":{"rendered":"COOPERATION DAKAR -WASHINGTON DANS LE DUR\u00a0: Donald Trump suspend un projet d\u2019\u00e9lectrification de 318 milliards de FCFA au S\u00e9n\u00e9gal, selon le PM Sonko"},"content":{"rendered":"\n<p class=\"wp-block-paragraph\"><strong><em>La suspension de l\u2019aide publique au d\u00e9veloppement annonc\u00e9e par le pr\u00e9sident des \u00c9tats-Unis d\u2019Am\u00e9rique concerne un programme d\u2019\u00e9lectrification mis en \u0153uvre au S\u00e9n\u00e9gal avec un financement de 318 milliards de francs CFA du gouvernement am\u00e9ricain, a d\u00e9clar\u00e9 le Premier ministre s\u00e9n\u00e9galais, Ousmane Sonko, lundi, \u00e0 Fass Tour\u00e9, dans la r\u00e9gion de Louga (nord).<\/em><\/strong><\/p>\n\n\n\n<p class=\"wp-block-paragraph\"><em>\u00ab&nbsp;Nous ne pouvons pas continuer \u00e0 d\u00e9pendre de l\u2019aide \u00e9trang\u00e8re. Avant-hier, le nouveau pr\u00e9sident am\u00e9ricain a annonc\u00e9 une suspension de tous les programmes d\u2019aide au d\u00e9veloppement des \u00c9tats-Unis en faveur des pays pauvres, pour une dur\u00e9e de trois, en attendant de voir ce qu\u2019il en fera&nbsp;\u00bb,<\/em> a dit M. Sonko en s\u2019exprimant en wolof.<\/p>\n\n\n\n<p class=\"wp-block-paragraph\"><em>\u00ab&nbsp;L\u2019un des financements suspendus \u00e9tait destin\u00e9 \u00e0 un programme d\u2019\u00e9lectrification mis en \u0153uvre au S\u00e9n\u00e9gal. C\u2019est un financement de 500 millions de dollars am\u00e9ricains (318 milliards de francs CFA, selon le cours actuel du dollar)&nbsp;\u00bb, <\/em>a ajout\u00e9 le Premier ministre dans un enregistrement diffus\u00e9 par le site d\u2019information Seneweb (priv\u00e9).<\/p>\n\n\n<div class=\"wp-block-image\">\n<figure class=\"aligncenter size-large is-resized\"><img loading=\"lazy\" decoding=\"async\" width=\"1024\" height=\"1024\" src=\"https:\/\/macite.tg\/wp-content\/uploads\/2025\/01\/OTR_TVM-paiement-1-1024x1024.jpg\" alt=\"\" class=\"wp-image-19835\" style=\"width:506px;height:auto\" srcset=\"https:\/\/macite.tg\/wp-content\/uploads\/2025\/01\/OTR_TVM-paiement-1-1024x1024.jpg 1024w, https:\/\/macite.tg\/wp-content\/uploads\/2025\/01\/OTR_TVM-paiement-1-300x300.jpg 300w, https:\/\/macite.tg\/wp-content\/uploads\/2025\/01\/OTR_TVM-paiement-1-150x150.jpg 150w, https:\/\/macite.tg\/wp-content\/uploads\/2025\/01\/OTR_TVM-paiement-1-768x768.jpg 768w, https:\/\/macite.tg\/wp-content\/uploads\/2025\/01\/OTR_TVM-paiement-1-1536x1536.jpg 1536w, https:\/\/macite.tg\/wp-content\/uploads\/2025\/01\/OTR_TVM-paiement-1-122x122.jpg 122w, https:\/\/macite.tg\/wp-content\/uploads\/2025\/01\/OTR_TVM-paiement-1.jpg 1600w\" sizes=\"auto, (max-width: 1024px) 100vw, 1024px\" \/><\/figure>\n<\/div>\n\n\n<p class=\"wp-block-paragraph\">Il a invit\u00e9 ses compatriotes \u00e0 travailler dur pour ne plus d\u00e9pendre de l\u2019aide fournie par les pays d\u00e9velopp\u00e9s. <em>\u00ab&nbsp;Doit-on continuer \u00e0 d\u00e9pendre de l\u2019aide \u00e9trang\u00e8re ? Nous devons travailler dur \u00e0 la mise en \u0153uvre de nos programmes. Si nous faisons cela, nous serons cit\u00e9s, dans les ann\u00e9es \u00e0 venir, parmi les pays les mieux g\u00e9r\u00e9s&nbsp;\u00bb,<\/em> a dit Ousmane Sonko.<\/p>\n\n\n\n<p class=\"wp-block-paragraph\">L\u2019initiative \u2018<em>\u2019S\u00e9n\u00e9gal Power Compact\u2019\u2019<\/em>, dont la dur\u00e9e d\u2019ex\u00e9cution est de cinq ans, est financ\u00e9 par le Millenium Challenge Corporation, un programme du gouvernement am\u00e9ricain.<\/p>\n\n\n\n<p class=\"wp-block-paragraph\">Ce projet d\u2019\u00e9lectrification mis en \u0153uvre au S\u00e9n\u00e9gal depuis 2024, b\u00e9n\u00e9ficie d\u2019un don de 550 millions de dollars des \u00c9tats-Unis d\u2019Am\u00e9rique et d\u2019une contribution de 50 millions de dollars am\u00e9ricains de l\u2019\u00c9tat s\u00e9n\u00e9galais.<\/p>\n\n\n\n<p class=\"wp-block-paragraph\">Il est destin\u00e9 \u00e0 accro\u00eetre la production d\u2019\u00e9nergie \u00e9lectrique du pays et \u00e0 augmenter le nombre de S\u00e9n\u00e9galais ayant acc\u00e8s \u00e0 l\u2019\u00e9lectricit\u00e9.<\/p>\n\n\n\n<p class=\"wp-block-paragraph\">\u00c0 Fass Tour\u00e9, Ousmane Sonko pr\u00e9sidait la c\u00e9r\u00e9monie de lancement de la deuxi\u00e8me phase du Projet d\u2019approvisionnement en eau potable en milieu rural, qui est financ\u00e9e avec 64 milliards de francs CFA de China Exim Bank, une banque publique chinoise.<\/p>\n\n\n<div class=\"wp-block-image\">\n<figure class=\"aligncenter size-large is-resized\"><img loading=\"lazy\" decoding=\"async\" width=\"727\" height=\"1024\" src=\"https:\/\/macite.tg\/wp-content\/uploads\/2025\/01\/Com-vente-aux-encheres_04-Fevrier-727x1024.jpg\" alt=\"\" class=\"wp-image-19808\" style=\"width:485px;height:auto\" srcset=\"https:\/\/macite.tg\/wp-content\/uploads\/2025\/01\/Com-vente-aux-encheres_04-Fevrier-727x1024.jpg 727w, https:\/\/macite.tg\/wp-content\/uploads\/2025\/01\/Com-vente-aux-encheres_04-Fevrier-213x300.jpg 213w, https:\/\/macite.tg\/wp-content\/uploads\/2025\/01\/Com-vente-aux-encheres_04-Fevrier-768x1082.jpg 768w, https:\/\/macite.tg\/wp-content\/uploads\/2025\/01\/Com-vente-aux-encheres_04-Fevrier.jpg 940w\" sizes=\"auto, (max-width: 727px) 100vw, 727px\" \/><\/figure>\n<\/div>\n\n\n<p class=\"wp-block-paragraph\">Ces travaux d\u2019adduction d\u2019eau d\u2019une dur\u00e9e de trente mois seront ex\u00e9cut\u00e9s par la soci\u00e9t\u00e9 chinoise CGCOC.<\/p>\n\n\n\n<p class=\"wp-block-paragraph\">Il s\u2019agit de construire 85 forages, 89 ch\u00e2teaux d\u2019eau, un r\u00e9seau de distribution d\u2019eau de 1.450 kilom\u00e8tres et 300 bornes fontaines.<\/p>\n\n\n\n<p class=\"wp-block-paragraph\"><strong>SyndiGate Media Inc<\/strong><\/p>\n\n\n\n<p class=\"wp-block-paragraph\"><a><strong><em>@macite.tg&nbsp;&nbsp;&nbsp;&nbsp;&nbsp;&nbsp;&nbsp;&nbsp;<\/em><\/strong><\/a><\/p>\n\n\n\n<p class=\"wp-block-paragraph\"><strong><em>E-mail&nbsp;: <\/em><\/strong><a href=\"mailto:maciteinfo@gmail.com\"><strong><em>maciteinfo@gmail.com<\/em><\/strong><\/a><strong><em>; <\/em><\/strong><a href=\"mailto:bawela1@gmail.com\"><strong><em>bawela1@gmail.com<\/em><\/strong><\/a><strong><em><\/em><\/strong><\/p>\n\n\n\n<p class=\"wp-block-paragraph\"><strong><em>Pour vos annonces, (publi)reportages, etc., joignez-nous au (00228)91515309\/<strong>79872224 <\/strong>www.macite.tg, L\u2019information, la bonne&nbsp;!<\/em><\/strong><\/p>\n","protected":false},"excerpt":{"rendered":"<p class=\"text-justify mb-2\" >La suspension de l\u2019aide publique au d\u00e9veloppement annonc\u00e9e par le pr\u00e9sident des \u00c9tats-Unis d\u2019Am\u00e9rique concerne un programme d\u2019\u00e9lectrification mis en \u0153uvre au S\u00e9n\u00e9gal avec un financement de 318 milliards de francs CFA du gouvernement am\u00e9ricain, a d\u00e9clar\u00e9 le Premier ministre s\u00e9n\u00e9galais, Ousmane Sonko, lundi, \u00e0 [&hellip;]<\/p>\n","protected":false},"author":2,"featured_media":19872,"comment_status":"open","ping_status":"open","sticky":false,"template":"","format":"standard","meta":{"footnotes":""},"categories":[20,16],"tags":[],"class_list":["post-19871","post","type-post","status-publish","format-standard","has-post-thumbnail","hentry","category-actualite","category-cooperation"],"yoast_head":"<!-- This site is optimized with the Yoast SEO plugin v28.4 - https:\/\/yoast.com\/product\/yoast-seo-wordpress\/ -->\n<title>COOPERATION DAKAR -WASHINGTON DANS LE DUR\u00a0: Donald Trump suspend un projet d\u2019\u00e9lectrification de 318 milliards de FCFA au S\u00e9n\u00e9gal, selon le PM Sonko -<\/title>\n<meta name=\"robots\" content=\"index, follow, max-snippet:-1, max-image-preview:large, max-video-preview:-1\" \/>\n<link rel=\"canonical\" href=\"https:\/\/macite.tg\/?p=19871\" \/>\n<meta property=\"og:locale\" content=\"fr_FR\" \/>\n<meta property=\"og:type\" content=\"article\" \/>\n<meta property=\"og:title\" content=\"COOPERATION DAKAR -WASHINGTON DANS LE DUR\u00a0: Donald Trump suspend un projet d\u2019\u00e9lectrification de 318 milliards de FCFA au S\u00e9n\u00e9gal, selon le PM Sonko -\" \/>\n<meta property=\"og:description\" content=\"La suspension de l\u2019aide publique au d\u00e9veloppement annonc\u00e9e par le pr\u00e9sident des \u00c9tats-Unis d\u2019Am\u00e9rique concerne un programme d\u2019\u00e9lectrification mis en \u0153uvre au S\u00e9n\u00e9gal avec un financement de 318 milliards de francs CFA du gouvernement am\u00e9ricain, a d\u00e9clar\u00e9 le Premier ministre s\u00e9n\u00e9galais, Ousmane Sonko, lundi, \u00e0 [&hellip;]\" \/>\n<meta property=\"og:url\" content=\"https:\/\/macite.tg\/?p=19871\" \/>\n<meta property=\"article:published_time\" content=\"2025-02-04T09:18:14+00:00\" \/>\n<meta property=\"article:modified_time\" content=\"2025-02-04T09:18:30+00:00\" \/>\n<meta property=\"og:image\" content=\"https:\/\/macite.tg\/wp-content\/uploads\/2025\/02\/PM-Sonko.jpg\" \/>\n\t<meta property=\"og:image:width\" content=\"500\" \/>\n\t<meta property=\"og:image:height\" content=\"289\" \/>\n\t<meta property=\"og:image:type\" content=\"image\/jpeg\" \/>\n<meta name=\"author\" content=\"Jean Pierre BAWELA\" \/>\n<meta name=\"twitter:card\" content=\"summary_large_image\" \/>\n<meta name=\"twitter:label1\" content=\"\u00c9crit par\" \/>\n\t<meta name=\"twitter:data1\" content=\"Jean Pierre BAWELA\" \/>\n\t<meta name=\"twitter:label2\" content=\"Dur\u00e9e de lecture estim\u00e9e\" \/>\n\t<meta name=\"twitter:data2\" content=\"3 minutes\" \/>\n<script type=\"application\/ld+json\" class=\"yoast-schema-graph\">{\"@context\":\"https:\\\/\\\/schema.org\",\"@graph\":[{\"@type\":\"Article\",\"@id\":\"https:\\\/\\\/macite.tg\\\/?p=19871#article\",\"isPartOf\":{\"@id\":\"https:\\\/\\\/macite.tg\\\/?p=19871\"},\"author\":{\"name\":\"Jean Pierre BAWELA\",\"@id\":\"https:\\\/\\\/macite.tg\\\/#\\\/schema\\\/person\\\/e9f2de7e5dbbe7770a9402c7ce82f5c2\"},\"headline\":\"COOPERATION DAKAR -WASHINGTON DANS LE DUR\u00a0: Donald Trump suspend un projet d\u2019\u00e9lectrification de 318 milliards de FCFA au S\u00e9n\u00e9gal, selon le PM Sonko\",\"datePublished\":\"2025-02-04T09:18:14+00:00\",\"dateModified\":\"2025-02-04T09:18:30+00:00\",\"mainEntityOfPage\":{\"@id\":\"https:\\\/\\\/macite.tg\\\/?p=19871\"},\"wordCount\":506,\"commentCount\":0,\"image\":{\"@id\":\"https:\\\/\\\/macite.tg\\\/?p=19871#primaryimage\"},\"thumbnailUrl\":\"https:\\\/\\\/macite.tg\\\/wp-content\\\/uploads\\\/2025\\\/02\\\/PM-Sonko.jpg\",\"articleSection\":[\"ACTUALITE\",\"COOPERATION\"],\"inLanguage\":\"fr-FR\",\"potentialAction\":[{\"@type\":\"CommentAction\",\"name\":\"Comment\",\"target\":[\"https:\\\/\\\/macite.tg\\\/?p=19871#respond\"]}]},{\"@type\":\"WebPage\",\"@id\":\"https:\\\/\\\/macite.tg\\\/?p=19871\",\"url\":\"https:\\\/\\\/macite.tg\\\/?p=19871\",\"name\":\"COOPERATION DAKAR -WASHINGTON DANS LE DUR\u00a0: Donald Trump suspend un projet d\u2019\u00e9lectrification de 318 milliards de FCFA au S\u00e9n\u00e9gal, selon le PM Sonko -\",\"isPartOf\":{\"@id\":\"https:\\\/\\\/macite.tg\\\/#website\"},\"primaryImageOfPage\":{\"@id\":\"https:\\\/\\\/macite.tg\\\/?p=19871#primaryimage\"},\"image\":{\"@id\":\"https:\\\/\\\/macite.tg\\\/?p=19871#primaryimage\"},\"thumbnailUrl\":\"https:\\\/\\\/macite.tg\\\/wp-content\\\/uploads\\\/2025\\\/02\\\/PM-Sonko.jpg\",\"datePublished\":\"2025-02-04T09:18:14+00:00\",\"dateModified\":\"2025-02-04T09:18:30+00:00\",\"author\":{\"@id\":\"https:\\\/\\\/macite.tg\\\/#\\\/schema\\\/person\\\/e9f2de7e5dbbe7770a9402c7ce82f5c2\"},\"breadcrumb\":{\"@id\":\"https:\\\/\\\/macite.tg\\\/?p=19871#breadcrumb\"},\"inLanguage\":\"fr-FR\",\"potentialAction\":[{\"@type\":\"ReadAction\",\"target\":[\"https:\\\/\\\/macite.tg\\\/?p=19871\"]}]},{\"@type\":\"ImageObject\",\"inLanguage\":\"fr-FR\",\"@id\":\"https:\\\/\\\/macite.tg\\\/?p=19871#primaryimage\",\"url\":\"https:\\\/\\\/macite.tg\\\/wp-content\\\/uploads\\\/2025\\\/02\\\/PM-Sonko.jpg\",\"contentUrl\":\"https:\\\/\\\/macite.tg\\\/wp-content\\\/uploads\\\/2025\\\/02\\\/PM-Sonko.jpg\",\"width\":500,\"height\":289,\"caption\":\"Le PM S\u00e9n\u00e9galais, Ousmane Sonko\"},{\"@type\":\"BreadcrumbList\",\"@id\":\"https:\\\/\\\/macite.tg\\\/?p=19871#breadcrumb\",\"itemListElement\":[{\"@type\":\"ListItem\",\"position\":1,\"name\":\"Accueil\",\"item\":\"https:\\\/\\\/macite.tg\\\/\"},{\"@type\":\"ListItem\",\"position\":2,\"name\":\"COOPERATION DAKAR -WASHINGTON DANS LE DUR\u00a0: Donald Trump suspend un projet d\u2019\u00e9lectrification de 318 milliards de FCFA au S\u00e9n\u00e9gal, selon le PM Sonko\"}]},{\"@type\":\"WebSite\",\"@id\":\"https:\\\/\\\/macite.tg\\\/#website\",\"url\":\"https:\\\/\\\/macite.tg\\\/\",\"name\":\"\",\"description\":\"L&#039;information, la bonne!!!\",\"potentialAction\":[{\"@type\":\"SearchAction\",\"target\":{\"@type\":\"EntryPoint\",\"urlTemplate\":\"https:\\\/\\\/macite.tg\\\/?s={search_term_string}\"},\"query-input\":{\"@type\":\"PropertyValueSpecification\",\"valueRequired\":true,\"valueName\":\"search_term_string\"}}],\"inLanguage\":\"fr-FR\"},{\"@type\":\"Person\",\"@id\":\"https:\\\/\\\/macite.tg\\\/#\\\/schema\\\/person\\\/e9f2de7e5dbbe7770a9402c7ce82f5c2\",\"name\":\"Jean Pierre BAWELA\",\"image\":{\"@type\":\"ImageObject\",\"inLanguage\":\"fr-FR\",\"@id\":\"https:\\\/\\\/macite.tg\\\/wp-content\\\/uploads\\\/2023\\\/09\\\/WhatsApp-Image-2023-09-19-at-14.44.41-122x122.jpeg\",\"url\":\"https:\\\/\\\/macite.tg\\\/wp-content\\\/uploads\\\/2023\\\/09\\\/WhatsApp-Image-2023-09-19-at-14.44.41-122x122.jpeg\",\"contentUrl\":\"https:\\\/\\\/macite.tg\\\/wp-content\\\/uploads\\\/2023\\\/09\\\/WhatsApp-Image-2023-09-19-at-14.44.41-122x122.jpeg\",\"caption\":\"Jean Pierre BAWELA\"},\"url\":\"https:\\\/\\\/macite.tg\\\/?author=2\"}]}<\/script>\n<!-- \/ Yoast SEO plugin. -->","yoast_head_json":{"title":"COOPERATION DAKAR -WASHINGTON DANS LE DUR\u00a0: Donald Trump suspend un projet d\u2019\u00e9lectrification de 318 milliards de FCFA au S\u00e9n\u00e9gal, selon le PM Sonko -","robots":{"index":"index","follow":"follow","max-snippet":"max-snippet:-1","max-image-preview":"max-image-preview:large","max-video-preview":"max-video-preview:-1"},"canonical":"https:\/\/macite.tg\/?p=19871","og_locale":"fr_FR","og_type":"article","og_title":"COOPERATION DAKAR -WASHINGTON DANS LE DUR\u00a0: Donald Trump suspend un projet d\u2019\u00e9lectrification de 318 milliards de FCFA au S\u00e9n\u00e9gal, selon le PM Sonko -","og_description":"La suspension de l\u2019aide publique au d\u00e9veloppement annonc\u00e9e par le pr\u00e9sident des \u00c9tats-Unis d\u2019Am\u00e9rique concerne un programme d\u2019\u00e9lectrification mis en \u0153uvre au S\u00e9n\u00e9gal avec un financement de 318 milliards de francs CFA du gouvernement am\u00e9ricain, a d\u00e9clar\u00e9 le Premier ministre s\u00e9n\u00e9galais, Ousmane Sonko, lundi, \u00e0 [&hellip;]","og_url":"https:\/\/macite.tg\/?p=19871","article_published_time":"2025-02-04T09:18:14+00:00","article_modified_time":"2025-02-04T09:18:30+00:00","og_image":[{"width":500,"height":289,"url":"https:\/\/macite.tg\/wp-content\/uploads\/2025\/02\/PM-Sonko.jpg","type":"image\/jpeg"}],"author":"Jean Pierre BAWELA","twitter_card":"summary_large_image","twitter_misc":{"\u00c9crit par":"Jean Pierre BAWELA","Dur\u00e9e de lecture estim\u00e9e":"3 minutes"},"schema":{"@context":"https:\/\/schema.org","@graph":[{"@type":"Article","@id":"https:\/\/macite.tg\/?p=19871#article","isPartOf":{"@id":"https:\/\/macite.tg\/?p=19871"},"author":{"name":"Jean Pierre BAWELA","@id":"https:\/\/macite.tg\/#\/schema\/person\/e9f2de7e5dbbe7770a9402c7ce82f5c2"},"headline":"COOPERATION DAKAR -WASHINGTON DANS LE DUR\u00a0: Donald Trump suspend un projet d\u2019\u00e9lectrification de 318 milliards de FCFA au S\u00e9n\u00e9gal, selon le PM Sonko","datePublished":"2025-02-04T09:18:14+00:00","dateModified":"2025-02-04T09:18:30+00:00","mainEntityOfPage":{"@id":"https:\/\/macite.tg\/?p=19871"},"wordCount":506,"commentCount":0,"image":{"@id":"https:\/\/macite.tg\/?p=19871#primaryimage"},"thumbnailUrl":"https:\/\/macite.tg\/wp-content\/uploads\/2025\/02\/PM-Sonko.jpg","articleSection":["ACTUALITE","COOPERATION"],"inLanguage":"fr-FR","potentialAction":[{"@type":"CommentAction","name":"Comment","target":["https:\/\/macite.tg\/?p=19871#respond"]}]},{"@type":"WebPage","@id":"https:\/\/macite.tg\/?p=19871","url":"https:\/\/macite.tg\/?p=19871","name":"COOPERATION DAKAR -WASHINGTON DANS LE DUR\u00a0: Donald Trump suspend un projet d\u2019\u00e9lectrification de 318 milliards de FCFA au S\u00e9n\u00e9gal, selon le PM Sonko -","isPartOf":{"@id":"https:\/\/macite.tg\/#website"},"primaryImageOfPage":{"@id":"https:\/\/macite.tg\/?p=19871#primaryimage"},"image":{"@id":"https:\/\/macite.tg\/?p=19871#primaryimage"},"thumbnailUrl":"https:\/\/macite.tg\/wp-content\/uploads\/2025\/02\/PM-Sonko.jpg","datePublished":"2025-02-04T09:18:14+00:00","dateModified":"2025-02-04T09:18:30+00:00","author":{"@id":"https:\/\/macite.tg\/#\/schema\/person\/e9f2de7e5dbbe7770a9402c7ce82f5c2"},"breadcrumb":{"@id":"https:\/\/macite.tg\/?p=19871#breadcrumb"},"inLanguage":"fr-FR","potentialAction":[{"@type":"ReadAction","target":["https:\/\/macite.tg\/?p=19871"]}]},{"@type":"ImageObject","inLanguage":"fr-FR","@id":"https:\/\/macite.tg\/?p=19871#primaryimage","url":"https:\/\/macite.tg\/wp-content\/uploads\/2025\/02\/PM-Sonko.jpg","contentUrl":"https:\/\/macite.tg\/wp-content\/uploads\/2025\/02\/PM-Sonko.jpg","width":500,"height":289,"caption":"Le PM S\u00e9n\u00e9galais, Ousmane Sonko"},{"@type":"BreadcrumbList","@id":"https:\/\/macite.tg\/?p=19871#breadcrumb","itemListElement":[{"@type":"ListItem","position":1,"name":"Accueil","item":"https:\/\/macite.tg\/"},{"@type":"ListItem","position":2,"name":"COOPERATION DAKAR -WASHINGTON DANS LE DUR\u00a0: Donald Trump suspend un projet d\u2019\u00e9lectrification de 318 milliards de FCFA au S\u00e9n\u00e9gal, selon le PM Sonko"}]},{"@type":"WebSite","@id":"https:\/\/macite.tg\/#website","url":"https:\/\/macite.tg\/","name":"","description":"L&#039;information, la bonne!!!","potentialAction":[{"@type":"SearchAction","target":{"@type":"EntryPoint","urlTemplate":"https:\/\/macite.tg\/?s={search_term_string}"},"query-input":{"@type":"PropertyValueSpecification","valueRequired":true,"valueName":"search_term_string"}}],"inLanguage":"fr-FR"},{"@type":"Person","@id":"https:\/\/macite.tg\/#\/schema\/person\/e9f2de7e5dbbe7770a9402c7ce82f5c2","name":"Jean Pierre BAWELA","image":{"@type":"ImageObject","inLanguage":"fr-FR","@id":"https:\/\/macite.tg\/wp-content\/uploads\/2023\/09\/WhatsApp-Image-2023-09-19-at-14.44.41-122x122.jpeg","url":"https:\/\/macite.tg\/wp-content\/uploads\/2023\/09\/WhatsApp-Image-2023-09-19-at-14.44.41-122x122.jpeg","contentUrl":"https:\/\/macite.tg\/wp-content\/uploads\/2023\/09\/WhatsApp-Image-2023-09-19-at-14.44.41-122x122.jpeg","caption":"Jean Pierre BAWELA"},"url":"https:\/\/macite.tg\/?author=2"}]}},"_links":{"self":[{"href":"https:\/\/macite.tg\/index.php?rest_route=\/wp\/v2\/posts\/19871","targetHints":{"allow":["GET"]}}],"collection":[{"href":"https:\/\/macite.tg\/index.php?rest_route=\/wp\/v2\/posts"}],"about":[{"href":"https:\/\/macite.tg\/index.php?rest_route=\/wp\/v2\/types\/post"}],"author":[{"embeddable":true,"href":"https:\/\/macite.tg\/index.php?rest_route=\/wp\/v2\/users\/2"}],"replies":[{"embeddable":true,"href":"https:\/\/macite.tg\/index.php?rest_route=%2Fwp%2Fv2%2Fcomments&post=19871"}],"version-history":[{"count":0,"href":"https:\/\/macite.tg\/index.php?rest_route=\/wp\/v2\/posts\/19871\/revisions"}],"wp:featuredmedia":[{"embeddable":true,"href":"https:\/\/macite.tg\/index.php?rest_route=\/wp\/v2\/media\/19872"}],"wp:attachment":[{"href":"https:\/\/macite.tg\/index.php?rest_route=%2Fwp%2Fv2%2Fmedia&parent=19871"}],"wp:term":[{"taxonomy":"category","embeddable":true,"href":"https:\/\/macite.tg\/index.php?rest_route=%2Fwp%2Fv2%2Fcategories&post=19871"},{"taxonomy":"post_tag","embeddable":true,"href":"https:\/\/macite.tg\/index.php?rest_route=%2Fwp%2Fv2%2Ftags&post=19871"}],"curies":[{"name":"wp","href":"https:\/\/api.w.org\/{rel}","templated":true}]}}