{"id":19867,"date":"2025-02-03T15:15:00","date_gmt":"2025-02-03T15:15:00","guid":{"rendered":"https:\/\/macite.tg\/?p=19867"},"modified":"2025-02-03T15:15:13","modified_gmt":"2025-02-03T15:15:13","slug":"cooperation-lome-berlin-le-togo-et-lallemagne-balisent-la-voie-pour-les-prochaines-negociations-gouvernementales","status":"publish","type":"post","link":"https:\/\/macite.tg\/?p=19867","title":{"rendered":"COOP\u00c9RATION LOM\u00c9 -BERLIN : Le Togo et l\u2019Allemagne balisent la voie pour les prochaines n\u00e9gociations gouvernementales"},"content":{"rendered":"\n<p class=\"wp-block-paragraph\"><strong><em>Lom\u00e9 et Berlin sont en pourparlers pour la tenue des prochaines n\u00e9gociations intergouvernementales. Les deux parties ont entam\u00e9 des discussions en dans ce sens en fin de semaine derni\u00e8re \u00e0 Lom\u00e9.<\/em><\/strong><\/p>\n\n\n\n<p class=\"wp-block-paragraph\">En fin de semaine derni\u00e8re, le Secr\u00e9taire g\u00e9n\u00e9ral du ministre de la Planification du d\u00e9veloppement et de la coop\u00e9ration, B\u00e8gu\u00e8douwo\u00e8 Paneto et B\u00e4rbel Kofler, Secr\u00e9taire d\u2019Etat parlementaire aupr\u00e8s du minist\u00e8re f\u00e9d\u00e9ral allemand de la coop\u00e9ration \u00e9conomique et du d\u00e9veloppement, ont entam\u00e9 des discussions pour la tenue prochaines n\u00e9gociations intergouvernementales.<\/p>\n\n\n<div class=\"wp-block-image\">\n<figure class=\"aligncenter size-large is-resized\"><img loading=\"lazy\" decoding=\"async\" width=\"727\" height=\"1024\" src=\"https:\/\/macite.tg\/wp-content\/uploads\/2025\/01\/Com-vente-aux-encheres_04-Fevrier-727x1024.jpg\" alt=\"\" class=\"wp-image-19808\" style=\"width:563px;height:auto\" srcset=\"https:\/\/macite.tg\/wp-content\/uploads\/2025\/01\/Com-vente-aux-encheres_04-Fevrier-727x1024.jpg 727w, https:\/\/macite.tg\/wp-content\/uploads\/2025\/01\/Com-vente-aux-encheres_04-Fevrier-213x300.jpg 213w, https:\/\/macite.tg\/wp-content\/uploads\/2025\/01\/Com-vente-aux-encheres_04-Fevrier-768x1082.jpg 768w, https:\/\/macite.tg\/wp-content\/uploads\/2025\/01\/Com-vente-aux-encheres_04-Fevrier.jpg 940w\" sizes=\"auto, (max-width: 727px) 100vw, 727px\" \/><\/figure>\n<\/div>\n\n\n<p class=\"wp-block-paragraph\">Ces travaux vont permis d\u2019effectuer des \u00e9changes sectoriels, et d\u2019adopter de nouveaux piliers strat\u00e9giques de dialogue entre les deux parties. Ce fut \u00e9galement une occasion de faire le bilan des trois ans du partenariat pour les r\u00e9formes engag\u00e9es depuis 2021.<\/p>\n\n\n<div class=\"wp-block-image\">\n<figure class=\"aligncenter size-large is-resized\"><img loading=\"lazy\" decoding=\"async\" width=\"1024\" height=\"1024\" src=\"https:\/\/macite.tg\/wp-content\/uploads\/2025\/01\/OTR_TVM-paiement-1-1024x1024.jpg\" alt=\"\" class=\"wp-image-19835\" style=\"width:584px;height:auto\" srcset=\"https:\/\/macite.tg\/wp-content\/uploads\/2025\/01\/OTR_TVM-paiement-1-1024x1024.jpg 1024w, https:\/\/macite.tg\/wp-content\/uploads\/2025\/01\/OTR_TVM-paiement-1-300x300.jpg 300w, https:\/\/macite.tg\/wp-content\/uploads\/2025\/01\/OTR_TVM-paiement-1-150x150.jpg 150w, https:\/\/macite.tg\/wp-content\/uploads\/2025\/01\/OTR_TVM-paiement-1-768x768.jpg 768w, https:\/\/macite.tg\/wp-content\/uploads\/2025\/01\/OTR_TVM-paiement-1-1536x1536.jpg 1536w, https:\/\/macite.tg\/wp-content\/uploads\/2025\/01\/OTR_TVM-paiement-1-122x122.jpg 122w, https:\/\/macite.tg\/wp-content\/uploads\/2025\/01\/OTR_TVM-paiement-1.jpg 1600w\" sizes=\"auto, (max-width: 1024px) 100vw, 1024px\" \/><\/figure>\n<\/div>\n\n\n<p class=\"wp-block-paragraph\">Il faut souligner que les engagements de Berlin au Togo, entre 2021 et 2024, sont estim\u00e9s \u00e0 quelque294,3 millions d\u2019euros, soit environ 193,03 milliards de francs CFA. Le portefeuille global en cours jusqu\u2019en 2027, est lui estim\u00e9 s\u2019estime \u00e0 530,91 millions d\u2019euros (347,75 milliards FCFA), comprenant les engagements du partenariat sur les r\u00e9formes.<\/p>\n\n\n\n<p class=\"wp-block-paragraph\"><strong>JPB<\/strong><\/p>\n\n\n\n<p class=\"wp-block-paragraph\"><a><strong><em>@macite.tg&nbsp;&nbsp;&nbsp;&nbsp;&nbsp;&nbsp;&nbsp;&nbsp;<\/em><\/strong><\/a><\/p>\n\n\n\n<p class=\"wp-block-paragraph\"><strong><em>E-mail&nbsp;: <\/em><\/strong><a href=\"mailto:maciteinfo@gmail.com\"><strong><em>maciteinfo@gmail.com<\/em><\/strong><\/a><strong><em>; <\/em><\/strong><a href=\"mailto:bawela1@gmail.com\"><strong><em>bawela1@gmail.com<\/em><\/strong><\/a><strong><em><\/em><\/strong><\/p>\n\n\n\n<p class=\"wp-block-paragraph\"><strong><em>Pour vos annonces, (publi)reportages, etc., joignez-nous au (00228)91515309\/<strong>79872224 <\/strong>www.macite.tg, L\u2019information, la bonne&nbsp;!<\/em><\/strong><\/p>\n","protected":false},"excerpt":{"rendered":"<p class=\"text-justify mb-2\" >Lom\u00e9 et Berlin sont en pourparlers pour la tenue des prochaines n\u00e9gociations intergouvernementales. Les deux parties ont entam\u00e9 des discussions en dans ce sens en fin de semaine derni\u00e8re \u00e0 Lom\u00e9. En fin de semaine derni\u00e8re, le Secr\u00e9taire g\u00e9n\u00e9ral du ministre de la Planification du [&hellip;]<\/p>\n","protected":false},"author":2,"featured_media":19868,"comment_status":"open","ping_status":"open","sticky":false,"template":"","format":"standard","meta":{"footnotes":""},"categories":[20,16],"tags":[],"class_list":["post-19867","post","type-post","status-publish","format-standard","has-post-thumbnail","hentry","category-actualite","category-cooperation"],"yoast_head":"<!-- This site is optimized with the Yoast SEO plugin v28.4 - https:\/\/yoast.com\/product\/yoast-seo-wordpress\/ -->\n<title>COOP\u00c9RATION LOM\u00c9 -BERLIN : Le Togo et l\u2019Allemagne balisent la voie pour les prochaines n\u00e9gociations gouvernementales -<\/title>\n<meta name=\"robots\" content=\"index, follow, max-snippet:-1, max-image-preview:large, max-video-preview:-1\" \/>\n<link rel=\"canonical\" href=\"https:\/\/macite.tg\/?p=19867\" \/>\n<meta property=\"og:locale\" content=\"fr_FR\" \/>\n<meta property=\"og:type\" content=\"article\" \/>\n<meta property=\"og:title\" content=\"COOP\u00c9RATION LOM\u00c9 -BERLIN : Le Togo et l\u2019Allemagne balisent la voie pour les prochaines n\u00e9gociations gouvernementales -\" \/>\n<meta property=\"og:description\" content=\"Lom\u00e9 et Berlin sont en pourparlers pour la tenue des prochaines n\u00e9gociations intergouvernementales. Les deux parties ont entam\u00e9 des discussions en dans ce sens en fin de semaine derni\u00e8re \u00e0 Lom\u00e9. En fin de semaine derni\u00e8re, le Secr\u00e9taire g\u00e9n\u00e9ral du ministre de la Planification du [&hellip;]\" \/>\n<meta property=\"og:url\" content=\"https:\/\/macite.tg\/?p=19867\" \/>\n<meta property=\"article:published_time\" content=\"2025-02-03T15:15:00+00:00\" \/>\n<meta property=\"article:modified_time\" content=\"2025-02-03T15:15:13+00:00\" \/>\n<meta property=\"og:image\" content=\"https:\/\/macite.tg\/wp-content\/uploads\/2025\/02\/Allamagne.jpg\" \/>\n\t<meta property=\"og:image:width\" content=\"500\" \/>\n\t<meta property=\"og:image:height\" content=\"305\" \/>\n\t<meta property=\"og:image:type\" content=\"image\/jpeg\" \/>\n<meta name=\"author\" content=\"Jean Pierre BAWELA\" \/>\n<meta name=\"twitter:card\" content=\"summary_large_image\" \/>\n<meta name=\"twitter:label1\" content=\"\u00c9crit par\" \/>\n\t<meta name=\"twitter:data1\" content=\"Jean Pierre BAWELA\" \/>\n\t<meta name=\"twitter:label2\" content=\"Dur\u00e9e de lecture estim\u00e9e\" \/>\n\t<meta name=\"twitter:data2\" content=\"2 minutes\" \/>\n<script type=\"application\/ld+json\" class=\"yoast-schema-graph\">{\"@context\":\"https:\\\/\\\/schema.org\",\"@graph\":[{\"@type\":\"Article\",\"@id\":\"https:\\\/\\\/macite.tg\\\/?p=19867#article\",\"isPartOf\":{\"@id\":\"https:\\\/\\\/macite.tg\\\/?p=19867\"},\"author\":{\"name\":\"Jean Pierre BAWELA\",\"@id\":\"https:\\\/\\\/macite.tg\\\/#\\\/schema\\\/person\\\/e9f2de7e5dbbe7770a9402c7ce82f5c2\"},\"headline\":\"COOP\u00c9RATION LOM\u00c9 -BERLIN : Le Togo et l\u2019Allemagne balisent la voie pour les prochaines n\u00e9gociations gouvernementales\",\"datePublished\":\"2025-02-03T15:15:00+00:00\",\"dateModified\":\"2025-02-03T15:15:13+00:00\",\"mainEntityOfPage\":{\"@id\":\"https:\\\/\\\/macite.tg\\\/?p=19867\"},\"wordCount\":247,\"commentCount\":0,\"image\":{\"@id\":\"https:\\\/\\\/macite.tg\\\/?p=19867#primaryimage\"},\"thumbnailUrl\":\"https:\\\/\\\/macite.tg\\\/wp-content\\\/uploads\\\/2025\\\/02\\\/Allamagne.jpg\",\"articleSection\":[\"ACTUALITE\",\"COOPERATION\"],\"inLanguage\":\"fr-FR\",\"potentialAction\":[{\"@type\":\"CommentAction\",\"name\":\"Comment\",\"target\":[\"https:\\\/\\\/macite.tg\\\/?p=19867#respond\"]}]},{\"@type\":\"WebPage\",\"@id\":\"https:\\\/\\\/macite.tg\\\/?p=19867\",\"url\":\"https:\\\/\\\/macite.tg\\\/?p=19867\",\"name\":\"COOP\u00c9RATION LOM\u00c9 -BERLIN : Le Togo et l\u2019Allemagne balisent la voie pour les prochaines n\u00e9gociations gouvernementales -\",\"isPartOf\":{\"@id\":\"https:\\\/\\\/macite.tg\\\/#website\"},\"primaryImageOfPage\":{\"@id\":\"https:\\\/\\\/macite.tg\\\/?p=19867#primaryimage\"},\"image\":{\"@id\":\"https:\\\/\\\/macite.tg\\\/?p=19867#primaryimage\"},\"thumbnailUrl\":\"https:\\\/\\\/macite.tg\\\/wp-content\\\/uploads\\\/2025\\\/02\\\/Allamagne.jpg\",\"datePublished\":\"2025-02-03T15:15:00+00:00\",\"dateModified\":\"2025-02-03T15:15:13+00:00\",\"author\":{\"@id\":\"https:\\\/\\\/macite.tg\\\/#\\\/schema\\\/person\\\/e9f2de7e5dbbe7770a9402c7ce82f5c2\"},\"breadcrumb\":{\"@id\":\"https:\\\/\\\/macite.tg\\\/?p=19867#breadcrumb\"},\"inLanguage\":\"fr-FR\",\"potentialAction\":[{\"@type\":\"ReadAction\",\"target\":[\"https:\\\/\\\/macite.tg\\\/?p=19867\"]}]},{\"@type\":\"ImageObject\",\"inLanguage\":\"fr-FR\",\"@id\":\"https:\\\/\\\/macite.tg\\\/?p=19867#primaryimage\",\"url\":\"https:\\\/\\\/macite.tg\\\/wp-content\\\/uploads\\\/2025\\\/02\\\/Allamagne.jpg\",\"contentUrl\":\"https:\\\/\\\/macite.tg\\\/wp-content\\\/uploads\\\/2025\\\/02\\\/Allamagne.jpg\",\"width\":500,\"height\":305,\"caption\":\"Les deux parties lors des \u00e9changes\"},{\"@type\":\"BreadcrumbList\",\"@id\":\"https:\\\/\\\/macite.tg\\\/?p=19867#breadcrumb\",\"itemListElement\":[{\"@type\":\"ListItem\",\"position\":1,\"name\":\"Accueil\",\"item\":\"https:\\\/\\\/macite.tg\\\/\"},{\"@type\":\"ListItem\",\"position\":2,\"name\":\"COOP\u00c9RATION LOM\u00c9 -BERLIN : Le Togo et l\u2019Allemagne balisent la voie pour les prochaines n\u00e9gociations gouvernementales\"}]},{\"@type\":\"WebSite\",\"@id\":\"https:\\\/\\\/macite.tg\\\/#website\",\"url\":\"https:\\\/\\\/macite.tg\\\/\",\"name\":\"\",\"description\":\"L&#039;information, la bonne!!!\",\"potentialAction\":[{\"@type\":\"SearchAction\",\"target\":{\"@type\":\"EntryPoint\",\"urlTemplate\":\"https:\\\/\\\/macite.tg\\\/?s={search_term_string}\"},\"query-input\":{\"@type\":\"PropertyValueSpecification\",\"valueRequired\":true,\"valueName\":\"search_term_string\"}}],\"inLanguage\":\"fr-FR\"},{\"@type\":\"Person\",\"@id\":\"https:\\\/\\\/macite.tg\\\/#\\\/schema\\\/person\\\/e9f2de7e5dbbe7770a9402c7ce82f5c2\",\"name\":\"Jean Pierre BAWELA\",\"image\":{\"@type\":\"ImageObject\",\"inLanguage\":\"fr-FR\",\"@id\":\"https:\\\/\\\/macite.tg\\\/wp-content\\\/uploads\\\/2023\\\/09\\\/WhatsApp-Image-2023-09-19-at-14.44.41-122x122.jpeg\",\"url\":\"https:\\\/\\\/macite.tg\\\/wp-content\\\/uploads\\\/2023\\\/09\\\/WhatsApp-Image-2023-09-19-at-14.44.41-122x122.jpeg\",\"contentUrl\":\"https:\\\/\\\/macite.tg\\\/wp-content\\\/uploads\\\/2023\\\/09\\\/WhatsApp-Image-2023-09-19-at-14.44.41-122x122.jpeg\",\"caption\":\"Jean Pierre BAWELA\"},\"url\":\"https:\\\/\\\/macite.tg\\\/?author=2\"}]}<\/script>\n<!-- \/ Yoast SEO plugin. -->","yoast_head_json":{"title":"COOP\u00c9RATION LOM\u00c9 -BERLIN : Le Togo et l\u2019Allemagne balisent la voie pour les prochaines n\u00e9gociations gouvernementales -","robots":{"index":"index","follow":"follow","max-snippet":"max-snippet:-1","max-image-preview":"max-image-preview:large","max-video-preview":"max-video-preview:-1"},"canonical":"https:\/\/macite.tg\/?p=19867","og_locale":"fr_FR","og_type":"article","og_title":"COOP\u00c9RATION LOM\u00c9 -BERLIN : Le Togo et l\u2019Allemagne balisent la voie pour les prochaines n\u00e9gociations gouvernementales -","og_description":"Lom\u00e9 et Berlin sont en pourparlers pour la tenue des prochaines n\u00e9gociations intergouvernementales. Les deux parties ont entam\u00e9 des discussions en dans ce sens en fin de semaine derni\u00e8re \u00e0 Lom\u00e9. En fin de semaine derni\u00e8re, le Secr\u00e9taire g\u00e9n\u00e9ral du ministre de la Planification du [&hellip;]","og_url":"https:\/\/macite.tg\/?p=19867","article_published_time":"2025-02-03T15:15:00+00:00","article_modified_time":"2025-02-03T15:15:13+00:00","og_image":[{"width":500,"height":305,"url":"https:\/\/macite.tg\/wp-content\/uploads\/2025\/02\/Allamagne.jpg","type":"image\/jpeg"}],"author":"Jean Pierre BAWELA","twitter_card":"summary_large_image","twitter_misc":{"\u00c9crit par":"Jean Pierre BAWELA","Dur\u00e9e de lecture estim\u00e9e":"2 minutes"},"schema":{"@context":"https:\/\/schema.org","@graph":[{"@type":"Article","@id":"https:\/\/macite.tg\/?p=19867#article","isPartOf":{"@id":"https:\/\/macite.tg\/?p=19867"},"author":{"name":"Jean Pierre BAWELA","@id":"https:\/\/macite.tg\/#\/schema\/person\/e9f2de7e5dbbe7770a9402c7ce82f5c2"},"headline":"COOP\u00c9RATION LOM\u00c9 -BERLIN : Le Togo et l\u2019Allemagne balisent la voie pour les prochaines n\u00e9gociations gouvernementales","datePublished":"2025-02-03T15:15:00+00:00","dateModified":"2025-02-03T15:15:13+00:00","mainEntityOfPage":{"@id":"https:\/\/macite.tg\/?p=19867"},"wordCount":247,"commentCount":0,"image":{"@id":"https:\/\/macite.tg\/?p=19867#primaryimage"},"thumbnailUrl":"https:\/\/macite.tg\/wp-content\/uploads\/2025\/02\/Allamagne.jpg","articleSection":["ACTUALITE","COOPERATION"],"inLanguage":"fr-FR","potentialAction":[{"@type":"CommentAction","name":"Comment","target":["https:\/\/macite.tg\/?p=19867#respond"]}]},{"@type":"WebPage","@id":"https:\/\/macite.tg\/?p=19867","url":"https:\/\/macite.tg\/?p=19867","name":"COOP\u00c9RATION LOM\u00c9 -BERLIN : Le Togo et l\u2019Allemagne balisent la voie pour les prochaines n\u00e9gociations gouvernementales -","isPartOf":{"@id":"https:\/\/macite.tg\/#website"},"primaryImageOfPage":{"@id":"https:\/\/macite.tg\/?p=19867#primaryimage"},"image":{"@id":"https:\/\/macite.tg\/?p=19867#primaryimage"},"thumbnailUrl":"https:\/\/macite.tg\/wp-content\/uploads\/2025\/02\/Allamagne.jpg","datePublished":"2025-02-03T15:15:00+00:00","dateModified":"2025-02-03T15:15:13+00:00","author":{"@id":"https:\/\/macite.tg\/#\/schema\/person\/e9f2de7e5dbbe7770a9402c7ce82f5c2"},"breadcrumb":{"@id":"https:\/\/macite.tg\/?p=19867#breadcrumb"},"inLanguage":"fr-FR","potentialAction":[{"@type":"ReadAction","target":["https:\/\/macite.tg\/?p=19867"]}]},{"@type":"ImageObject","inLanguage":"fr-FR","@id":"https:\/\/macite.tg\/?p=19867#primaryimage","url":"https:\/\/macite.tg\/wp-content\/uploads\/2025\/02\/Allamagne.jpg","contentUrl":"https:\/\/macite.tg\/wp-content\/uploads\/2025\/02\/Allamagne.jpg","width":500,"height":305,"caption":"Les deux parties lors des \u00e9changes"},{"@type":"BreadcrumbList","@id":"https:\/\/macite.tg\/?p=19867#breadcrumb","itemListElement":[{"@type":"ListItem","position":1,"name":"Accueil","item":"https:\/\/macite.tg\/"},{"@type":"ListItem","position":2,"name":"COOP\u00c9RATION LOM\u00c9 -BERLIN : Le Togo et l\u2019Allemagne balisent la voie pour les prochaines n\u00e9gociations gouvernementales"}]},{"@type":"WebSite","@id":"https:\/\/macite.tg\/#website","url":"https:\/\/macite.tg\/","name":"","description":"L&#039;information, la bonne!!!","potentialAction":[{"@type":"SearchAction","target":{"@type":"EntryPoint","urlTemplate":"https:\/\/macite.tg\/?s={search_term_string}"},"query-input":{"@type":"PropertyValueSpecification","valueRequired":true,"valueName":"search_term_string"}}],"inLanguage":"fr-FR"},{"@type":"Person","@id":"https:\/\/macite.tg\/#\/schema\/person\/e9f2de7e5dbbe7770a9402c7ce82f5c2","name":"Jean Pierre BAWELA","image":{"@type":"ImageObject","inLanguage":"fr-FR","@id":"https:\/\/macite.tg\/wp-content\/uploads\/2023\/09\/WhatsApp-Image-2023-09-19-at-14.44.41-122x122.jpeg","url":"https:\/\/macite.tg\/wp-content\/uploads\/2023\/09\/WhatsApp-Image-2023-09-19-at-14.44.41-122x122.jpeg","contentUrl":"https:\/\/macite.tg\/wp-content\/uploads\/2023\/09\/WhatsApp-Image-2023-09-19-at-14.44.41-122x122.jpeg","caption":"Jean Pierre BAWELA"},"url":"https:\/\/macite.tg\/?author=2"}]}},"_links":{"self":[{"href":"https:\/\/macite.tg\/index.php?rest_route=\/wp\/v2\/posts\/19867","targetHints":{"allow":["GET"]}}],"collection":[{"href":"https:\/\/macite.tg\/index.php?rest_route=\/wp\/v2\/posts"}],"about":[{"href":"https:\/\/macite.tg\/index.php?rest_route=\/wp\/v2\/types\/post"}],"author":[{"embeddable":true,"href":"https:\/\/macite.tg\/index.php?rest_route=\/wp\/v2\/users\/2"}],"replies":[{"embeddable":true,"href":"https:\/\/macite.tg\/index.php?rest_route=%2Fwp%2Fv2%2Fcomments&post=19867"}],"version-history":[{"count":0,"href":"https:\/\/macite.tg\/index.php?rest_route=\/wp\/v2\/posts\/19867\/revisions"}],"wp:featuredmedia":[{"embeddable":true,"href":"https:\/\/macite.tg\/index.php?rest_route=\/wp\/v2\/media\/19868"}],"wp:attachment":[{"href":"https:\/\/macite.tg\/index.php?rest_route=%2Fwp%2Fv2%2Fmedia&parent=19867"}],"wp:term":[{"taxonomy":"category","embeddable":true,"href":"https:\/\/macite.tg\/index.php?rest_route=%2Fwp%2Fv2%2Fcategories&post=19867"},{"taxonomy":"post_tag","embeddable":true,"href":"https:\/\/macite.tg\/index.php?rest_route=%2Fwp%2Fv2%2Ftags&post=19867"}],"curies":[{"name":"wp","href":"https:\/\/api.w.org\/{rel}","templated":true}]}}