{"id":19856,"date":"2025-02-03T13:23:00","date_gmt":"2025-02-03T13:23:00","guid":{"rendered":"https:\/\/macite.tg\/?p=19856"},"modified":"2025-02-03T13:23:12","modified_gmt":"2025-02-03T13:23:12","slug":"courant-electrique-la-ceet-annonce-des-perturbations-du-05-fevrier-au-02-mars","status":"publish","type":"post","link":"https:\/\/macite.tg\/?p=19856","title":{"rendered":"COURANT ELECTRIQUE : La CEET annonce des perturbations du 05 f\u00e9vrier au 02 mars"},"content":{"rendered":"\n<p class=\"wp-block-paragraph\"><\/p>\n\n\n\n<p class=\"wp-block-paragraph\"><strong><em>La fourniture du courant \u00e9lectrique va conna\u00eetre des interruptions du 05 f\u00e9vrier au 02 mars prochain, annonce la Compagnie \u00e9nergie \u00e9lectrique du Togo (CEET).<\/em><\/strong><\/p>\n\n\n\n<p class=\"wp-block-paragraph\">Selon la Compagnie \u00e9nergie \u00e9lectrique du Togo (CEET), la fourniture du courant \u00e9lectrique va conna\u00eetre des perturbations du 05 f\u00e9vrier au 02 mars prochain. Ceci en raison des travaux de maintenance sur le gazoduc Ouest-Africain, infrastructure qui assure l\u2019acheminement du gaz naturel vers les centrales thermiques du B\u00e9nin, du Ghana et du Togo.<\/p>\n\n\n<div class=\"wp-block-image\">\n<figure class=\"aligncenter size-large is-resized\"><img loading=\"lazy\" decoding=\"async\" width=\"727\" height=\"1024\" src=\"https:\/\/macite.tg\/wp-content\/uploads\/2025\/01\/Com-vente-aux-encheres_04-Fevrier-727x1024.jpg\" alt=\"\" class=\"wp-image-19808\" style=\"width:531px;height:auto\" srcset=\"https:\/\/macite.tg\/wp-content\/uploads\/2025\/01\/Com-vente-aux-encheres_04-Fevrier-727x1024.jpg 727w, https:\/\/macite.tg\/wp-content\/uploads\/2025\/01\/Com-vente-aux-encheres_04-Fevrier-213x300.jpg 213w, https:\/\/macite.tg\/wp-content\/uploads\/2025\/01\/Com-vente-aux-encheres_04-Fevrier-768x1082.jpg 768w, https:\/\/macite.tg\/wp-content\/uploads\/2025\/01\/Com-vente-aux-encheres_04-Fevrier.jpg 940w\" sizes=\"auto, (max-width: 727px) 100vw, 727px\" \/><\/figure>\n<\/div>\n\n\n<p class=\"wp-block-paragraph\">Les travaux devront permettre de faire la maintenance technique afin de garantir l\u2019int\u00e9grit\u00e9 du gazoduc. \u00ab&nbsp;<em>Pendant toute la dur\u00e9e des travaux, l&rsquo;acheminement du gaz sera interrompu pour nos centrales thermiques&nbsp;\u00bb, <\/em>tient \u00e0 pr\u00e9ciser la CEET.<\/p>\n\n\n\n<p class=\"wp-block-paragraph\">Pour limiter les perturbations et assurer la continuit\u00e9 du service, la CEET souligne que des mesures sont prises, notamment le recours aux combustibles liquides pour le fonctionnement des centrales thermiques, l\u2019importation d&rsquo;une quantit\u00e9 additionnelle d&rsquo;\u00e9lectricit\u00e9, repr\u00e9sentant une capacit\u00e9 maximale de 35 Mw, et la mise en service acc\u00e9l\u00e9r\u00e9e de la turbine de 25 Mw de WAPG (West African Gas Pipeline), en cours d&rsquo;installation.<\/p>\n\n\n<div class=\"wp-block-image\">\n<figure class=\"aligncenter size-large is-resized\"><img loading=\"lazy\" decoding=\"async\" width=\"1024\" height=\"1024\" src=\"https:\/\/macite.tg\/wp-content\/uploads\/2025\/01\/OTR_TVM-paiement-1-1024x1024.jpg\" alt=\"\" class=\"wp-image-19835\" style=\"width:600px;height:auto\" srcset=\"https:\/\/macite.tg\/wp-content\/uploads\/2025\/01\/OTR_TVM-paiement-1-1024x1024.jpg 1024w, https:\/\/macite.tg\/wp-content\/uploads\/2025\/01\/OTR_TVM-paiement-1-300x300.jpg 300w, https:\/\/macite.tg\/wp-content\/uploads\/2025\/01\/OTR_TVM-paiement-1-150x150.jpg 150w, https:\/\/macite.tg\/wp-content\/uploads\/2025\/01\/OTR_TVM-paiement-1-768x768.jpg 768w, https:\/\/macite.tg\/wp-content\/uploads\/2025\/01\/OTR_TVM-paiement-1-1536x1536.jpg 1536w, https:\/\/macite.tg\/wp-content\/uploads\/2025\/01\/OTR_TVM-paiement-1-122x122.jpg 122w, https:\/\/macite.tg\/wp-content\/uploads\/2025\/01\/OTR_TVM-paiement-1.jpg 1600w\" sizes=\"auto, (max-width: 1024px) 100vw, 1024px\" \/><\/figure>\n<\/div>\n\n\n<p class=\"wp-block-paragraph\">Notons que depuis quelques ann\u00e9es d\u00e9j\u00e0, le Togo multiplie les investissements dans le secteur de l\u2019\u00e9nergie afin de r\u00e9pondre \u00e0 la demande sans cesse croissante des populations. Plusieurs projets sont d\u2019ailleurs initi\u00e9s dans l\u2019optique de r\u00e9duire la d\u00e9pendance aux importations \u00e9nerg\u00e9tiques, et garantir uen fourniture continue et stable de l\u2019\u00e9lectricit\u00e9.<\/p>\n\n\n\n<p class=\"wp-block-paragraph\"><strong>Mab\u00e9 B.<\/strong><\/p>\n\n\n\n<p class=\"wp-block-paragraph\"><a><strong><em>@macite.tg&nbsp;&nbsp;&nbsp;&nbsp;&nbsp;&nbsp;&nbsp;&nbsp;<\/em><\/strong><\/a><\/p>\n\n\n\n<p class=\"wp-block-paragraph\"><strong><em>E-mail&nbsp;: <\/em><\/strong><a href=\"mailto:maciteinfo@gmail.com\"><strong><em>maciteinfo@gmail.com<\/em><\/strong><\/a><strong><em>; <\/em><\/strong><a href=\"mailto:bawela1@gmail.com\"><strong><em>bawela1@gmail.com<\/em><\/strong><\/a><strong><em><\/em><\/strong><\/p>\n\n\n\n<p class=\"wp-block-paragraph\"><strong><em>Pour vos annonces, (publi)reportages, etc., joignez-nous au (00228)91515309\/<strong>79872224 <\/strong>www.macite.tg, L\u2019information, la bonne&nbsp;!<\/em><\/strong><\/p>\n","protected":false},"excerpt":{"rendered":"<p class=\"text-justify mb-2\" >La fourniture du courant \u00e9lectrique va conna\u00eetre des interruptions du 05 f\u00e9vrier au 02 mars prochain, annonce la Compagnie \u00e9nergie \u00e9lectrique du Togo (CEET). Selon la Compagnie \u00e9nergie \u00e9lectrique du Togo (CEET), la fourniture du courant \u00e9lectrique va conna\u00eetre des perturbations du 05 f\u00e9vrier au [&hellip;]<\/p>\n","protected":false},"author":2,"featured_media":19857,"comment_status":"open","ping_status":"open","sticky":false,"template":"","format":"standard","meta":{"footnotes":""},"categories":[20,38],"tags":[],"class_list":["post-19856","post","type-post","status-publish","format-standard","has-post-thumbnail","hentry","category-actualite","category-energie"],"yoast_head":"<!-- This site is optimized with the Yoast SEO plugin v28.4 - https:\/\/yoast.com\/product\/yoast-seo-wordpress\/ -->\n<title>COURANT ELECTRIQUE : La CEET annonce des perturbations du 05 f\u00e9vrier au 02 mars -<\/title>\n<meta name=\"robots\" content=\"index, follow, max-snippet:-1, max-image-preview:large, max-video-preview:-1\" \/>\n<link rel=\"canonical\" href=\"https:\/\/macite.tg\/?p=19856\" \/>\n<meta property=\"og:locale\" content=\"fr_FR\" \/>\n<meta property=\"og:type\" content=\"article\" \/>\n<meta property=\"og:title\" content=\"COURANT ELECTRIQUE : La CEET annonce des perturbations du 05 f\u00e9vrier au 02 mars -\" \/>\n<meta property=\"og:description\" content=\"La fourniture du courant \u00e9lectrique va conna\u00eetre des interruptions du 05 f\u00e9vrier au 02 mars prochain, annonce la Compagnie \u00e9nergie \u00e9lectrique du Togo (CEET). Selon la Compagnie \u00e9nergie \u00e9lectrique du Togo (CEET), la fourniture du courant \u00e9lectrique va conna\u00eetre des perturbations du 05 f\u00e9vrier au [&hellip;]\" \/>\n<meta property=\"og:url\" content=\"https:\/\/macite.tg\/?p=19856\" \/>\n<meta property=\"article:published_time\" content=\"2025-02-03T13:23:00+00:00\" \/>\n<meta property=\"article:modified_time\" content=\"2025-02-03T13:23:12+00:00\" \/>\n<meta property=\"og:image\" content=\"https:\/\/macite.tg\/wp-content\/uploads\/2025\/02\/image.png\" \/>\n\t<meta property=\"og:image:width\" content=\"500\" \/>\n\t<meta property=\"og:image:height\" content=\"333\" \/>\n\t<meta property=\"og:image:type\" content=\"image\/png\" \/>\n<meta name=\"author\" content=\"Jean Pierre BAWELA\" \/>\n<meta name=\"twitter:card\" content=\"summary_large_image\" \/>\n<meta name=\"twitter:label1\" content=\"\u00c9crit par\" \/>\n\t<meta name=\"twitter:data1\" content=\"Jean Pierre BAWELA\" \/>\n\t<meta name=\"twitter:label2\" content=\"Dur\u00e9e de lecture estim\u00e9e\" \/>\n\t<meta name=\"twitter:data2\" content=\"2 minutes\" \/>\n<script type=\"application\/ld+json\" class=\"yoast-schema-graph\">{\"@context\":\"https:\\\/\\\/schema.org\",\"@graph\":[{\"@type\":\"Article\",\"@id\":\"https:\\\/\\\/macite.tg\\\/?p=19856#article\",\"isPartOf\":{\"@id\":\"https:\\\/\\\/macite.tg\\\/?p=19856\"},\"author\":{\"name\":\"Jean Pierre BAWELA\",\"@id\":\"https:\\\/\\\/macite.tg\\\/#\\\/schema\\\/person\\\/e9f2de7e5dbbe7770a9402c7ce82f5c2\"},\"headline\":\"COURANT ELECTRIQUE : La CEET annonce des perturbations du 05 f\u00e9vrier au 02 mars\",\"datePublished\":\"2025-02-03T13:23:00+00:00\",\"dateModified\":\"2025-02-03T13:23:12+00:00\",\"mainEntityOfPage\":{\"@id\":\"https:\\\/\\\/macite.tg\\\/?p=19856\"},\"wordCount\":297,\"commentCount\":0,\"image\":{\"@id\":\"https:\\\/\\\/macite.tg\\\/?p=19856#primaryimage\"},\"thumbnailUrl\":\"https:\\\/\\\/macite.tg\\\/wp-content\\\/uploads\\\/2025\\\/02\\\/image.png\",\"articleSection\":[\"ACTUALITE\",\"ENERGIE\"],\"inLanguage\":\"fr-FR\",\"potentialAction\":[{\"@type\":\"CommentAction\",\"name\":\"Comment\",\"target\":[\"https:\\\/\\\/macite.tg\\\/?p=19856#respond\"]}]},{\"@type\":\"WebPage\",\"@id\":\"https:\\\/\\\/macite.tg\\\/?p=19856\",\"url\":\"https:\\\/\\\/macite.tg\\\/?p=19856\",\"name\":\"COURANT ELECTRIQUE : La CEET annonce des perturbations du 05 f\u00e9vrier au 02 mars -\",\"isPartOf\":{\"@id\":\"https:\\\/\\\/macite.tg\\\/#website\"},\"primaryImageOfPage\":{\"@id\":\"https:\\\/\\\/macite.tg\\\/?p=19856#primaryimage\"},\"image\":{\"@id\":\"https:\\\/\\\/macite.tg\\\/?p=19856#primaryimage\"},\"thumbnailUrl\":\"https:\\\/\\\/macite.tg\\\/wp-content\\\/uploads\\\/2025\\\/02\\\/image.png\",\"datePublished\":\"2025-02-03T13:23:00+00:00\",\"dateModified\":\"2025-02-03T13:23:12+00:00\",\"author\":{\"@id\":\"https:\\\/\\\/macite.tg\\\/#\\\/schema\\\/person\\\/e9f2de7e5dbbe7770a9402c7ce82f5c2\"},\"breadcrumb\":{\"@id\":\"https:\\\/\\\/macite.tg\\\/?p=19856#breadcrumb\"},\"inLanguage\":\"fr-FR\",\"potentialAction\":[{\"@type\":\"ReadAction\",\"target\":[\"https:\\\/\\\/macite.tg\\\/?p=19856\"]}]},{\"@type\":\"ImageObject\",\"inLanguage\":\"fr-FR\",\"@id\":\"https:\\\/\\\/macite.tg\\\/?p=19856#primaryimage\",\"url\":\"https:\\\/\\\/macite.tg\\\/wp-content\\\/uploads\\\/2025\\\/02\\\/image.png\",\"contentUrl\":\"https:\\\/\\\/macite.tg\\\/wp-content\\\/uploads\\\/2025\\\/02\\\/image.png\",\"width\":500,\"height\":333},{\"@type\":\"BreadcrumbList\",\"@id\":\"https:\\\/\\\/macite.tg\\\/?p=19856#breadcrumb\",\"itemListElement\":[{\"@type\":\"ListItem\",\"position\":1,\"name\":\"Accueil\",\"item\":\"https:\\\/\\\/macite.tg\\\/\"},{\"@type\":\"ListItem\",\"position\":2,\"name\":\"COURANT ELECTRIQUE : La CEET annonce des perturbations du 05 f\u00e9vrier au 02 mars\"}]},{\"@type\":\"WebSite\",\"@id\":\"https:\\\/\\\/macite.tg\\\/#website\",\"url\":\"https:\\\/\\\/macite.tg\\\/\",\"name\":\"\",\"description\":\"L&#039;information, la bonne!!!\",\"potentialAction\":[{\"@type\":\"SearchAction\",\"target\":{\"@type\":\"EntryPoint\",\"urlTemplate\":\"https:\\\/\\\/macite.tg\\\/?s={search_term_string}\"},\"query-input\":{\"@type\":\"PropertyValueSpecification\",\"valueRequired\":true,\"valueName\":\"search_term_string\"}}],\"inLanguage\":\"fr-FR\"},{\"@type\":\"Person\",\"@id\":\"https:\\\/\\\/macite.tg\\\/#\\\/schema\\\/person\\\/e9f2de7e5dbbe7770a9402c7ce82f5c2\",\"name\":\"Jean Pierre BAWELA\",\"image\":{\"@type\":\"ImageObject\",\"inLanguage\":\"fr-FR\",\"@id\":\"https:\\\/\\\/macite.tg\\\/wp-content\\\/uploads\\\/2023\\\/09\\\/WhatsApp-Image-2023-09-19-at-14.44.41-122x122.jpeg\",\"url\":\"https:\\\/\\\/macite.tg\\\/wp-content\\\/uploads\\\/2023\\\/09\\\/WhatsApp-Image-2023-09-19-at-14.44.41-122x122.jpeg\",\"contentUrl\":\"https:\\\/\\\/macite.tg\\\/wp-content\\\/uploads\\\/2023\\\/09\\\/WhatsApp-Image-2023-09-19-at-14.44.41-122x122.jpeg\",\"caption\":\"Jean Pierre BAWELA\"},\"url\":\"https:\\\/\\\/macite.tg\\\/?author=2\"}]}<\/script>\n<!-- \/ Yoast SEO plugin. -->","yoast_head_json":{"title":"COURANT ELECTRIQUE : La CEET annonce des perturbations du 05 f\u00e9vrier au 02 mars -","robots":{"index":"index","follow":"follow","max-snippet":"max-snippet:-1","max-image-preview":"max-image-preview:large","max-video-preview":"max-video-preview:-1"},"canonical":"https:\/\/macite.tg\/?p=19856","og_locale":"fr_FR","og_type":"article","og_title":"COURANT ELECTRIQUE : La CEET annonce des perturbations du 05 f\u00e9vrier au 02 mars -","og_description":"La fourniture du courant \u00e9lectrique va conna\u00eetre des interruptions du 05 f\u00e9vrier au 02 mars prochain, annonce la Compagnie \u00e9nergie \u00e9lectrique du Togo (CEET). Selon la Compagnie \u00e9nergie \u00e9lectrique du Togo (CEET), la fourniture du courant \u00e9lectrique va conna\u00eetre des perturbations du 05 f\u00e9vrier au [&hellip;]","og_url":"https:\/\/macite.tg\/?p=19856","article_published_time":"2025-02-03T13:23:00+00:00","article_modified_time":"2025-02-03T13:23:12+00:00","og_image":[{"width":500,"height":333,"url":"https:\/\/macite.tg\/wp-content\/uploads\/2025\/02\/image.png","type":"image\/png"}],"author":"Jean Pierre BAWELA","twitter_card":"summary_large_image","twitter_misc":{"\u00c9crit par":"Jean Pierre BAWELA","Dur\u00e9e de lecture estim\u00e9e":"2 minutes"},"schema":{"@context":"https:\/\/schema.org","@graph":[{"@type":"Article","@id":"https:\/\/macite.tg\/?p=19856#article","isPartOf":{"@id":"https:\/\/macite.tg\/?p=19856"},"author":{"name":"Jean Pierre BAWELA","@id":"https:\/\/macite.tg\/#\/schema\/person\/e9f2de7e5dbbe7770a9402c7ce82f5c2"},"headline":"COURANT ELECTRIQUE : La CEET annonce des perturbations du 05 f\u00e9vrier au 02 mars","datePublished":"2025-02-03T13:23:00+00:00","dateModified":"2025-02-03T13:23:12+00:00","mainEntityOfPage":{"@id":"https:\/\/macite.tg\/?p=19856"},"wordCount":297,"commentCount":0,"image":{"@id":"https:\/\/macite.tg\/?p=19856#primaryimage"},"thumbnailUrl":"https:\/\/macite.tg\/wp-content\/uploads\/2025\/02\/image.png","articleSection":["ACTUALITE","ENERGIE"],"inLanguage":"fr-FR","potentialAction":[{"@type":"CommentAction","name":"Comment","target":["https:\/\/macite.tg\/?p=19856#respond"]}]},{"@type":"WebPage","@id":"https:\/\/macite.tg\/?p=19856","url":"https:\/\/macite.tg\/?p=19856","name":"COURANT ELECTRIQUE : La CEET annonce des perturbations du 05 f\u00e9vrier au 02 mars -","isPartOf":{"@id":"https:\/\/macite.tg\/#website"},"primaryImageOfPage":{"@id":"https:\/\/macite.tg\/?p=19856#primaryimage"},"image":{"@id":"https:\/\/macite.tg\/?p=19856#primaryimage"},"thumbnailUrl":"https:\/\/macite.tg\/wp-content\/uploads\/2025\/02\/image.png","datePublished":"2025-02-03T13:23:00+00:00","dateModified":"2025-02-03T13:23:12+00:00","author":{"@id":"https:\/\/macite.tg\/#\/schema\/person\/e9f2de7e5dbbe7770a9402c7ce82f5c2"},"breadcrumb":{"@id":"https:\/\/macite.tg\/?p=19856#breadcrumb"},"inLanguage":"fr-FR","potentialAction":[{"@type":"ReadAction","target":["https:\/\/macite.tg\/?p=19856"]}]},{"@type":"ImageObject","inLanguage":"fr-FR","@id":"https:\/\/macite.tg\/?p=19856#primaryimage","url":"https:\/\/macite.tg\/wp-content\/uploads\/2025\/02\/image.png","contentUrl":"https:\/\/macite.tg\/wp-content\/uploads\/2025\/02\/image.png","width":500,"height":333},{"@type":"BreadcrumbList","@id":"https:\/\/macite.tg\/?p=19856#breadcrumb","itemListElement":[{"@type":"ListItem","position":1,"name":"Accueil","item":"https:\/\/macite.tg\/"},{"@type":"ListItem","position":2,"name":"COURANT ELECTRIQUE : La CEET annonce des perturbations du 05 f\u00e9vrier au 02 mars"}]},{"@type":"WebSite","@id":"https:\/\/macite.tg\/#website","url":"https:\/\/macite.tg\/","name":"","description":"L&#039;information, la bonne!!!","potentialAction":[{"@type":"SearchAction","target":{"@type":"EntryPoint","urlTemplate":"https:\/\/macite.tg\/?s={search_term_string}"},"query-input":{"@type":"PropertyValueSpecification","valueRequired":true,"valueName":"search_term_string"}}],"inLanguage":"fr-FR"},{"@type":"Person","@id":"https:\/\/macite.tg\/#\/schema\/person\/e9f2de7e5dbbe7770a9402c7ce82f5c2","name":"Jean Pierre BAWELA","image":{"@type":"ImageObject","inLanguage":"fr-FR","@id":"https:\/\/macite.tg\/wp-content\/uploads\/2023\/09\/WhatsApp-Image-2023-09-19-at-14.44.41-122x122.jpeg","url":"https:\/\/macite.tg\/wp-content\/uploads\/2023\/09\/WhatsApp-Image-2023-09-19-at-14.44.41-122x122.jpeg","contentUrl":"https:\/\/macite.tg\/wp-content\/uploads\/2023\/09\/WhatsApp-Image-2023-09-19-at-14.44.41-122x122.jpeg","caption":"Jean Pierre BAWELA"},"url":"https:\/\/macite.tg\/?author=2"}]}},"_links":{"self":[{"href":"https:\/\/macite.tg\/index.php?rest_route=\/wp\/v2\/posts\/19856","targetHints":{"allow":["GET"]}}],"collection":[{"href":"https:\/\/macite.tg\/index.php?rest_route=\/wp\/v2\/posts"}],"about":[{"href":"https:\/\/macite.tg\/index.php?rest_route=\/wp\/v2\/types\/post"}],"author":[{"embeddable":true,"href":"https:\/\/macite.tg\/index.php?rest_route=\/wp\/v2\/users\/2"}],"replies":[{"embeddable":true,"href":"https:\/\/macite.tg\/index.php?rest_route=%2Fwp%2Fv2%2Fcomments&post=19856"}],"version-history":[{"count":0,"href":"https:\/\/macite.tg\/index.php?rest_route=\/wp\/v2\/posts\/19856\/revisions"}],"wp:featuredmedia":[{"embeddable":true,"href":"https:\/\/macite.tg\/index.php?rest_route=\/wp\/v2\/media\/19857"}],"wp:attachment":[{"href":"https:\/\/macite.tg\/index.php?rest_route=%2Fwp%2Fv2%2Fmedia&parent=19856"}],"wp:term":[{"taxonomy":"category","embeddable":true,"href":"https:\/\/macite.tg\/index.php?rest_route=%2Fwp%2Fv2%2Fcategories&post=19856"},{"taxonomy":"post_tag","embeddable":true,"href":"https:\/\/macite.tg\/index.php?rest_route=%2Fwp%2Fv2%2Ftags&post=19856"}],"curies":[{"name":"wp","href":"https:\/\/api.w.org\/{rel}","templated":true}]}}