{"id":19853,"date":"2025-02-03T12:59:44","date_gmt":"2025-02-03T12:59:44","guid":{"rendered":"https:\/\/macite.tg\/?p=19853"},"modified":"2025-02-03T13:42:48","modified_gmt":"2025-02-03T13:42:48","slug":"37eme-edition-des-dialogues-sur-la-prosperite-en-afrique-apd-2025-le-president-faure-gnassingbe-aux-cotes-de-ses-pairs-africains-a-accra-pour-discuter-developpement","status":"publish","type":"post","link":"https:\/\/macite.tg\/?p=19853","title":{"rendered":"3EME EDITION DES DIALOGUES SUR LA PROSPERITE EN AFRIQUE (APD 2025)\u00a0: Le Pr\u00e9sident Faure Gnassingb\u00e9 aux c\u00f4t\u00e9s de ses pairs africains \u00e0 Accra pour discuter d\u00e9veloppement"},"content":{"rendered":"\n<p class=\"wp-block-paragraph\"><strong><em>\u00ab&nbsp;R\u00e9aliser les march\u00e9s uniques de l\u2019Afrique gr\u00e2ce aux infrastructures&nbsp;: investir, connecter et int\u00e9grer&nbsp;\u00bb, tel est le th\u00e8me de la 3<sup>\u00e8me<\/sup> \u00e9dition des Dialogues sur la Prosp\u00e9rit\u00e9 en Afrique (APD 2025), qui s\u2019est d\u00e9roul\u00e9e le samedi 1<sup>er<\/sup> f\u00e9vrier \u00e0 Accra, au Ghana. Organis\u00e9e conjointement par l\u2019Africa prosperity network (APN) et le Secr\u00e9tariat de la Zone de libre-\u00e9change continentale africaine (Zlecaf), cette rencontre a r\u00e9uni plusieurs dirigeants africains, dont le Togolais Faure Essozimna Gnassingb\u00e9.<\/em><\/strong><\/p>\n\n\n\n<p class=\"wp-block-paragraph\">Les participants \u00e0 ce forum international, notamment les dirigeants africains, les investisseurs et op\u00e9rateurs \u00e9conomiques, ont examin\u00e9, dans la capitale ghan\u00e9enne, les rapports sur les approches de financement innovantes des infrastructures dans un partenariat public-priv\u00e9, dans \u2018optique de d\u00e9finir les nouvelles actions communes pouvant permettre de relever les d\u00e9fis de l\u2019int\u00e9gration \u00e9conomique entre les pays africains.<\/p>\n\n\n<div class=\"wp-block-image\">\n<figure class=\"aligncenter size-large is-resized\"><img loading=\"lazy\" decoding=\"async\" width=\"727\" height=\"1024\" src=\"https:\/\/macite.tg\/wp-content\/uploads\/2025\/01\/Com-vente-aux-encheres_04-Fevrier-727x1024.jpg\" alt=\"\" class=\"wp-image-19808\" style=\"width:609px;height:auto\" srcset=\"https:\/\/macite.tg\/wp-content\/uploads\/2025\/01\/Com-vente-aux-encheres_04-Fevrier-727x1024.jpg 727w, https:\/\/macite.tg\/wp-content\/uploads\/2025\/01\/Com-vente-aux-encheres_04-Fevrier-213x300.jpg 213w, https:\/\/macite.tg\/wp-content\/uploads\/2025\/01\/Com-vente-aux-encheres_04-Fevrier-768x1082.jpg 768w, https:\/\/macite.tg\/wp-content\/uploads\/2025\/01\/Com-vente-aux-encheres_04-Fevrier.jpg 940w\" sizes=\"auto, (max-width: 727px) 100vw, 727px\" \/><\/figure>\n<\/div>\n\n\n<p class=\"wp-block-paragraph\">D\u2019ailleurs le choix du th\u00e8me illustre \u00e0 bien d\u2019\u00e9gard l\u2019importance du d\u00e9veloppement des infrastructures dans la r\u00e9alisation des objectifs \u00e9conomiques ambitieux du continent.<\/p>\n\n\n\n<p class=\"wp-block-paragraph\">Lors de son allocution, le chef de l\u2019Etat togolais, Faure Gnassingb\u00e9, a saisi l\u2019occasion pour partager l\u2019exp\u00e9rience du Togo en mati\u00e8re de mobilisation des investissements priv\u00e9s directs \u00e9trangers et nationaux, bas\u00e9e sur des r\u00e9formes structurelles et l\u2019am\u00e9lioration du climat des affaires.<\/p>\n\n\n\n<p class=\"wp-block-paragraph\"><em>\u00ab (&#8230;)\u00a0Notre march\u00e9 commun doit se construire de mani\u00e8re pragmatique et solidaire. L\u2019int\u00e9gration \u00e9conomique ne va pas r\u00e9soudre d\u2019elle-m\u00eame les probl\u00e8mes structurels en Afrique, comme les in\u00e9galit\u00e9s \u00e9conomiques ou les disparit\u00e9s g\u00e9ographiques. Elle doit \u00eatre un moteur d\u2019\u00e9conomie et de prosp\u00e9rit\u00e9 partag\u00e9e. Pour cela, nous devons commencer par reconna\u00eetre les asym\u00e9tries entre pays et proposer des solutions adapt\u00e9es. Typiquement, le chemin vers l\u2019int\u00e9gration ne se fera pas de la m\u00eame fa\u00e7on pour les petites \u00e9conomies africaines que pour les grandes. Un mod\u00e8le d\u2019int\u00e9gration flexible est possible, mais cela demande des strat\u00e9gies bien pens\u00e9es, des institutions solides et des engagements clairs\u00a0\u00bb, <\/em>a propos\u00e9 le Pr\u00e9sident togolais, Faure Gnassingb\u00e9.<\/p>\n\n\n<div class=\"wp-block-image\">\n<figure class=\"aligncenter size-large is-resized\"><img loading=\"lazy\" decoding=\"async\" width=\"1024\" height=\"1024\" src=\"https:\/\/macite.tg\/wp-content\/uploads\/2025\/01\/OTR_TVM-paiement-1-1024x1024.jpg\" alt=\"\" class=\"wp-image-19835\" style=\"width:648px;height:auto\" srcset=\"https:\/\/macite.tg\/wp-content\/uploads\/2025\/01\/OTR_TVM-paiement-1-1024x1024.jpg 1024w, https:\/\/macite.tg\/wp-content\/uploads\/2025\/01\/OTR_TVM-paiement-1-300x300.jpg 300w, https:\/\/macite.tg\/wp-content\/uploads\/2025\/01\/OTR_TVM-paiement-1-150x150.jpg 150w, https:\/\/macite.tg\/wp-content\/uploads\/2025\/01\/OTR_TVM-paiement-1-768x768.jpg 768w, https:\/\/macite.tg\/wp-content\/uploads\/2025\/01\/OTR_TVM-paiement-1-1536x1536.jpg 1536w, https:\/\/macite.tg\/wp-content\/uploads\/2025\/01\/OTR_TVM-paiement-1-122x122.jpg 122w, https:\/\/macite.tg\/wp-content\/uploads\/2025\/01\/OTR_TVM-paiement-1.jpg 1600w\" sizes=\"auto, (max-width: 1024px) 100vw, 1024px\" \/><\/figure>\n<\/div>\n\n\n<p class=\"wp-block-paragraph\">Organisation panafricaine, l\u2019Africa Prosperity Network (APN) a pour but de faire progresser la vision de <em>\u00ab l\u2019Afrique que nous voulons \u00bb <\/em>telle que d\u00e9finie dans l\u2019Agenda 2063 de l\u2019Union africaine (UA). Elle intervient dans plusieurs domaines, tels que l\u2019\u00e9conomie, l\u2019industrie, les infrastructures, les finances et la s\u00e9curit\u00e9.<\/p>\n\n\n\n<p class=\"wp-block-paragraph\"><strong>JPB<\/strong><\/p>\n\n\n\n<p class=\"wp-block-paragraph\"><a><strong><em>@macite.tg&nbsp;&nbsp;&nbsp;&nbsp;&nbsp;&nbsp;&nbsp;&nbsp;<\/em><\/strong><\/a><\/p>\n\n\n\n<p class=\"wp-block-paragraph\"><strong><em>E-mail&nbsp;: <\/em><\/strong><a href=\"mailto:maciteinfo@gmail.com\"><strong><em>maciteinfo@gmail.com<\/em><\/strong><\/a><strong><em>; <\/em><\/strong><a href=\"mailto:bawela1@gmail.com\"><strong><em>bawela1@gmail.com<\/em><\/strong><\/a><strong><em><\/em><\/strong><\/p>\n\n\n\n<p class=\"wp-block-paragraph\"><strong><em>Pour vos annonces, (publi)reportages, etc., joignez-nous au (00228)91515309\/<strong>79872224 <\/strong>www.macite.tg, L\u2019information, la bonne&nbsp;!<\/em><\/strong><\/p>\n\n\n\n<p class=\"wp-block-paragraph\"><\/p>\n","protected":false},"excerpt":{"rendered":"<p class=\"text-justify mb-2\" >\u00ab&nbsp;R\u00e9aliser les march\u00e9s uniques de l\u2019Afrique gr\u00e2ce aux infrastructures&nbsp;: investir, connecter et int\u00e9grer&nbsp;\u00bb, tel est le th\u00e8me de la 3\u00e8me \u00e9dition des Dialogues sur la Prosp\u00e9rit\u00e9 en Afrique (APD 2025), qui s\u2019est d\u00e9roul\u00e9e le samedi 1er f\u00e9vrier \u00e0 Accra, au Ghana. Organis\u00e9e conjointement par l\u2019Africa [&hellip;]<\/p>\n","protected":false},"author":2,"featured_media":19854,"comment_status":"open","ping_status":"open","sticky":false,"template":"","format":"standard","meta":{"footnotes":""},"categories":[20,15],"tags":[],"class_list":["post-19853","post","type-post","status-publish","format-standard","has-post-thumbnail","hentry","category-actualite","category-developpement"],"yoast_head":"<!-- This site is optimized with the Yoast SEO plugin v28.4 - https:\/\/yoast.com\/product\/yoast-seo-wordpress\/ -->\n<title>3EME EDITION DES DIALOGUES SUR LA PROSPERITE EN AFRIQUE (APD 2025)\u00a0: Le Pr\u00e9sident Faure Gnassingb\u00e9 aux c\u00f4t\u00e9s de ses pairs africains \u00e0 Accra pour discuter d\u00e9veloppement -<\/title>\n<meta name=\"robots\" content=\"index, follow, max-snippet:-1, max-image-preview:large, max-video-preview:-1\" \/>\n<link rel=\"canonical\" href=\"https:\/\/macite.tg\/?p=19853\" \/>\n<meta property=\"og:locale\" content=\"fr_FR\" \/>\n<meta property=\"og:type\" content=\"article\" \/>\n<meta property=\"og:title\" content=\"3EME EDITION DES DIALOGUES SUR LA PROSPERITE EN AFRIQUE (APD 2025)\u00a0: Le Pr\u00e9sident Faure Gnassingb\u00e9 aux c\u00f4t\u00e9s de ses pairs africains \u00e0 Accra pour discuter d\u00e9veloppement -\" \/>\n<meta property=\"og:description\" content=\"\u00ab&nbsp;R\u00e9aliser les march\u00e9s uniques de l\u2019Afrique gr\u00e2ce aux infrastructures&nbsp;: investir, connecter et int\u00e9grer&nbsp;\u00bb, tel est le th\u00e8me de la 3\u00e8me \u00e9dition des Dialogues sur la Prosp\u00e9rit\u00e9 en Afrique (APD 2025), qui s\u2019est d\u00e9roul\u00e9e le samedi 1er f\u00e9vrier \u00e0 Accra, au Ghana. Organis\u00e9e conjointement par l\u2019Africa [&hellip;]\" \/>\n<meta property=\"og:url\" content=\"https:\/\/macite.tg\/?p=19853\" \/>\n<meta property=\"article:published_time\" content=\"2025-02-03T12:59:44+00:00\" \/>\n<meta property=\"article:modified_time\" content=\"2025-02-03T13:42:48+00:00\" \/>\n<meta property=\"og:image\" content=\"https:\/\/macite.tg\/wp-content\/uploads\/2025\/02\/FEG-ACCRA.jpg\" \/>\n\t<meta property=\"og:image:width\" content=\"500\" \/>\n\t<meta property=\"og:image:height\" content=\"179\" \/>\n\t<meta property=\"og:image:type\" content=\"image\/jpeg\" \/>\n<meta name=\"author\" content=\"Jean Pierre BAWELA\" \/>\n<meta name=\"twitter:card\" content=\"summary_large_image\" \/>\n<meta name=\"twitter:label1\" content=\"\u00c9crit par\" \/>\n\t<meta name=\"twitter:data1\" content=\"Jean Pierre BAWELA\" \/>\n\t<meta name=\"twitter:label2\" content=\"Dur\u00e9e de lecture estim\u00e9e\" \/>\n\t<meta name=\"twitter:data2\" content=\"3 minutes\" \/>\n<script type=\"application\/ld+json\" class=\"yoast-schema-graph\">{\"@context\":\"https:\\\/\\\/schema.org\",\"@graph\":[{\"@type\":\"Article\",\"@id\":\"https:\\\/\\\/macite.tg\\\/?p=19853#article\",\"isPartOf\":{\"@id\":\"https:\\\/\\\/macite.tg\\\/?p=19853\"},\"author\":{\"name\":\"Jean Pierre BAWELA\",\"@id\":\"https:\\\/\\\/macite.tg\\\/#\\\/schema\\\/person\\\/e9f2de7e5dbbe7770a9402c7ce82f5c2\"},\"headline\":\"3EME EDITION DES DIALOGUES SUR LA PROSPERITE EN AFRIQUE (APD 2025)\u00a0: Le Pr\u00e9sident Faure Gnassingb\u00e9 aux c\u00f4t\u00e9s de ses pairs africains \u00e0 Accra pour discuter d\u00e9veloppement\",\"datePublished\":\"2025-02-03T12:59:44+00:00\",\"dateModified\":\"2025-02-03T13:42:48+00:00\",\"mainEntityOfPage\":{\"@id\":\"https:\\\/\\\/macite.tg\\\/?p=19853\"},\"wordCount\":477,\"commentCount\":0,\"image\":{\"@id\":\"https:\\\/\\\/macite.tg\\\/?p=19853#primaryimage\"},\"thumbnailUrl\":\"https:\\\/\\\/macite.tg\\\/wp-content\\\/uploads\\\/2025\\\/02\\\/FEG-ACCRA.jpg\",\"articleSection\":[\"ACTUALITE\",\"DEVELOPPEMENT\"],\"inLanguage\":\"fr-FR\",\"potentialAction\":[{\"@type\":\"CommentAction\",\"name\":\"Comment\",\"target\":[\"https:\\\/\\\/macite.tg\\\/?p=19853#respond\"]}]},{\"@type\":\"WebPage\",\"@id\":\"https:\\\/\\\/macite.tg\\\/?p=19853\",\"url\":\"https:\\\/\\\/macite.tg\\\/?p=19853\",\"name\":\"3EME EDITION DES DIALOGUES SUR LA PROSPERITE EN AFRIQUE (APD 2025)\u00a0: Le Pr\u00e9sident Faure Gnassingb\u00e9 aux c\u00f4t\u00e9s de ses pairs africains \u00e0 Accra pour discuter d\u00e9veloppement -\",\"isPartOf\":{\"@id\":\"https:\\\/\\\/macite.tg\\\/#website\"},\"primaryImageOfPage\":{\"@id\":\"https:\\\/\\\/macite.tg\\\/?p=19853#primaryimage\"},\"image\":{\"@id\":\"https:\\\/\\\/macite.tg\\\/?p=19853#primaryimage\"},\"thumbnailUrl\":\"https:\\\/\\\/macite.tg\\\/wp-content\\\/uploads\\\/2025\\\/02\\\/FEG-ACCRA.jpg\",\"datePublished\":\"2025-02-03T12:59:44+00:00\",\"dateModified\":\"2025-02-03T13:42:48+00:00\",\"author\":{\"@id\":\"https:\\\/\\\/macite.tg\\\/#\\\/schema\\\/person\\\/e9f2de7e5dbbe7770a9402c7ce82f5c2\"},\"breadcrumb\":{\"@id\":\"https:\\\/\\\/macite.tg\\\/?p=19853#breadcrumb\"},\"inLanguage\":\"fr-FR\",\"potentialAction\":[{\"@type\":\"ReadAction\",\"target\":[\"https:\\\/\\\/macite.tg\\\/?p=19853\"]}]},{\"@type\":\"ImageObject\",\"inLanguage\":\"fr-FR\",\"@id\":\"https:\\\/\\\/macite.tg\\\/?p=19853#primaryimage\",\"url\":\"https:\\\/\\\/macite.tg\\\/wp-content\\\/uploads\\\/2025\\\/02\\\/FEG-ACCRA.jpg\",\"contentUrl\":\"https:\\\/\\\/macite.tg\\\/wp-content\\\/uploads\\\/2025\\\/02\\\/FEG-ACCRA.jpg\",\"width\":500,\"height\":179},{\"@type\":\"BreadcrumbList\",\"@id\":\"https:\\\/\\\/macite.tg\\\/?p=19853#breadcrumb\",\"itemListElement\":[{\"@type\":\"ListItem\",\"position\":1,\"name\":\"Accueil\",\"item\":\"https:\\\/\\\/macite.tg\\\/\"},{\"@type\":\"ListItem\",\"position\":2,\"name\":\"3EME EDITION DES DIALOGUES SUR LA PROSPERITE EN AFRIQUE (APD 2025)\u00a0: Le Pr\u00e9sident Faure Gnassingb\u00e9 aux c\u00f4t\u00e9s de ses pairs africains \u00e0 Accra pour discuter d\u00e9veloppement\"}]},{\"@type\":\"WebSite\",\"@id\":\"https:\\\/\\\/macite.tg\\\/#website\",\"url\":\"https:\\\/\\\/macite.tg\\\/\",\"name\":\"\",\"description\":\"L&#039;information, la bonne!!!\",\"potentialAction\":[{\"@type\":\"SearchAction\",\"target\":{\"@type\":\"EntryPoint\",\"urlTemplate\":\"https:\\\/\\\/macite.tg\\\/?s={search_term_string}\"},\"query-input\":{\"@type\":\"PropertyValueSpecification\",\"valueRequired\":true,\"valueName\":\"search_term_string\"}}],\"inLanguage\":\"fr-FR\"},{\"@type\":\"Person\",\"@id\":\"https:\\\/\\\/macite.tg\\\/#\\\/schema\\\/person\\\/e9f2de7e5dbbe7770a9402c7ce82f5c2\",\"name\":\"Jean Pierre BAWELA\",\"image\":{\"@type\":\"ImageObject\",\"inLanguage\":\"fr-FR\",\"@id\":\"https:\\\/\\\/macite.tg\\\/wp-content\\\/uploads\\\/2023\\\/09\\\/WhatsApp-Image-2023-09-19-at-14.44.41-122x122.jpeg\",\"url\":\"https:\\\/\\\/macite.tg\\\/wp-content\\\/uploads\\\/2023\\\/09\\\/WhatsApp-Image-2023-09-19-at-14.44.41-122x122.jpeg\",\"contentUrl\":\"https:\\\/\\\/macite.tg\\\/wp-content\\\/uploads\\\/2023\\\/09\\\/WhatsApp-Image-2023-09-19-at-14.44.41-122x122.jpeg\",\"caption\":\"Jean Pierre BAWELA\"},\"url\":\"https:\\\/\\\/macite.tg\\\/?author=2\"}]}<\/script>\n<!-- \/ Yoast SEO plugin. -->","yoast_head_json":{"title":"3EME EDITION DES DIALOGUES SUR LA PROSPERITE EN AFRIQUE (APD 2025)\u00a0: Le Pr\u00e9sident Faure Gnassingb\u00e9 aux c\u00f4t\u00e9s de ses pairs africains \u00e0 Accra pour discuter d\u00e9veloppement -","robots":{"index":"index","follow":"follow","max-snippet":"max-snippet:-1","max-image-preview":"max-image-preview:large","max-video-preview":"max-video-preview:-1"},"canonical":"https:\/\/macite.tg\/?p=19853","og_locale":"fr_FR","og_type":"article","og_title":"3EME EDITION DES DIALOGUES SUR LA PROSPERITE EN AFRIQUE (APD 2025)\u00a0: Le Pr\u00e9sident Faure Gnassingb\u00e9 aux c\u00f4t\u00e9s de ses pairs africains \u00e0 Accra pour discuter d\u00e9veloppement -","og_description":"\u00ab&nbsp;R\u00e9aliser les march\u00e9s uniques de l\u2019Afrique gr\u00e2ce aux infrastructures&nbsp;: investir, connecter et int\u00e9grer&nbsp;\u00bb, tel est le th\u00e8me de la 3\u00e8me \u00e9dition des Dialogues sur la Prosp\u00e9rit\u00e9 en Afrique (APD 2025), qui s\u2019est d\u00e9roul\u00e9e le samedi 1er f\u00e9vrier \u00e0 Accra, au Ghana. Organis\u00e9e conjointement par l\u2019Africa [&hellip;]","og_url":"https:\/\/macite.tg\/?p=19853","article_published_time":"2025-02-03T12:59:44+00:00","article_modified_time":"2025-02-03T13:42:48+00:00","og_image":[{"width":500,"height":179,"url":"https:\/\/macite.tg\/wp-content\/uploads\/2025\/02\/FEG-ACCRA.jpg","type":"image\/jpeg"}],"author":"Jean Pierre BAWELA","twitter_card":"summary_large_image","twitter_misc":{"\u00c9crit par":"Jean Pierre BAWELA","Dur\u00e9e de lecture estim\u00e9e":"3 minutes"},"schema":{"@context":"https:\/\/schema.org","@graph":[{"@type":"Article","@id":"https:\/\/macite.tg\/?p=19853#article","isPartOf":{"@id":"https:\/\/macite.tg\/?p=19853"},"author":{"name":"Jean Pierre BAWELA","@id":"https:\/\/macite.tg\/#\/schema\/person\/e9f2de7e5dbbe7770a9402c7ce82f5c2"},"headline":"3EME EDITION DES DIALOGUES SUR LA PROSPERITE EN AFRIQUE (APD 2025)\u00a0: Le Pr\u00e9sident Faure Gnassingb\u00e9 aux c\u00f4t\u00e9s de ses pairs africains \u00e0 Accra pour discuter d\u00e9veloppement","datePublished":"2025-02-03T12:59:44+00:00","dateModified":"2025-02-03T13:42:48+00:00","mainEntityOfPage":{"@id":"https:\/\/macite.tg\/?p=19853"},"wordCount":477,"commentCount":0,"image":{"@id":"https:\/\/macite.tg\/?p=19853#primaryimage"},"thumbnailUrl":"https:\/\/macite.tg\/wp-content\/uploads\/2025\/02\/FEG-ACCRA.jpg","articleSection":["ACTUALITE","DEVELOPPEMENT"],"inLanguage":"fr-FR","potentialAction":[{"@type":"CommentAction","name":"Comment","target":["https:\/\/macite.tg\/?p=19853#respond"]}]},{"@type":"WebPage","@id":"https:\/\/macite.tg\/?p=19853","url":"https:\/\/macite.tg\/?p=19853","name":"3EME EDITION DES DIALOGUES SUR LA PROSPERITE EN AFRIQUE (APD 2025)\u00a0: Le Pr\u00e9sident Faure Gnassingb\u00e9 aux c\u00f4t\u00e9s de ses pairs africains \u00e0 Accra pour discuter d\u00e9veloppement -","isPartOf":{"@id":"https:\/\/macite.tg\/#website"},"primaryImageOfPage":{"@id":"https:\/\/macite.tg\/?p=19853#primaryimage"},"image":{"@id":"https:\/\/macite.tg\/?p=19853#primaryimage"},"thumbnailUrl":"https:\/\/macite.tg\/wp-content\/uploads\/2025\/02\/FEG-ACCRA.jpg","datePublished":"2025-02-03T12:59:44+00:00","dateModified":"2025-02-03T13:42:48+00:00","author":{"@id":"https:\/\/macite.tg\/#\/schema\/person\/e9f2de7e5dbbe7770a9402c7ce82f5c2"},"breadcrumb":{"@id":"https:\/\/macite.tg\/?p=19853#breadcrumb"},"inLanguage":"fr-FR","potentialAction":[{"@type":"ReadAction","target":["https:\/\/macite.tg\/?p=19853"]}]},{"@type":"ImageObject","inLanguage":"fr-FR","@id":"https:\/\/macite.tg\/?p=19853#primaryimage","url":"https:\/\/macite.tg\/wp-content\/uploads\/2025\/02\/FEG-ACCRA.jpg","contentUrl":"https:\/\/macite.tg\/wp-content\/uploads\/2025\/02\/FEG-ACCRA.jpg","width":500,"height":179},{"@type":"BreadcrumbList","@id":"https:\/\/macite.tg\/?p=19853#breadcrumb","itemListElement":[{"@type":"ListItem","position":1,"name":"Accueil","item":"https:\/\/macite.tg\/"},{"@type":"ListItem","position":2,"name":"3EME EDITION DES DIALOGUES SUR LA PROSPERITE EN AFRIQUE (APD 2025)\u00a0: Le Pr\u00e9sident Faure Gnassingb\u00e9 aux c\u00f4t\u00e9s de ses pairs africains \u00e0 Accra pour discuter d\u00e9veloppement"}]},{"@type":"WebSite","@id":"https:\/\/macite.tg\/#website","url":"https:\/\/macite.tg\/","name":"","description":"L&#039;information, la bonne!!!","potentialAction":[{"@type":"SearchAction","target":{"@type":"EntryPoint","urlTemplate":"https:\/\/macite.tg\/?s={search_term_string}"},"query-input":{"@type":"PropertyValueSpecification","valueRequired":true,"valueName":"search_term_string"}}],"inLanguage":"fr-FR"},{"@type":"Person","@id":"https:\/\/macite.tg\/#\/schema\/person\/e9f2de7e5dbbe7770a9402c7ce82f5c2","name":"Jean Pierre BAWELA","image":{"@type":"ImageObject","inLanguage":"fr-FR","@id":"https:\/\/macite.tg\/wp-content\/uploads\/2023\/09\/WhatsApp-Image-2023-09-19-at-14.44.41-122x122.jpeg","url":"https:\/\/macite.tg\/wp-content\/uploads\/2023\/09\/WhatsApp-Image-2023-09-19-at-14.44.41-122x122.jpeg","contentUrl":"https:\/\/macite.tg\/wp-content\/uploads\/2023\/09\/WhatsApp-Image-2023-09-19-at-14.44.41-122x122.jpeg","caption":"Jean Pierre BAWELA"},"url":"https:\/\/macite.tg\/?author=2"}]}},"_links":{"self":[{"href":"https:\/\/macite.tg\/index.php?rest_route=\/wp\/v2\/posts\/19853","targetHints":{"allow":["GET"]}}],"collection":[{"href":"https:\/\/macite.tg\/index.php?rest_route=\/wp\/v2\/posts"}],"about":[{"href":"https:\/\/macite.tg\/index.php?rest_route=\/wp\/v2\/types\/post"}],"author":[{"embeddable":true,"href":"https:\/\/macite.tg\/index.php?rest_route=\/wp\/v2\/users\/2"}],"replies":[{"embeddable":true,"href":"https:\/\/macite.tg\/index.php?rest_route=%2Fwp%2Fv2%2Fcomments&post=19853"}],"version-history":[{"count":0,"href":"https:\/\/macite.tg\/index.php?rest_route=\/wp\/v2\/posts\/19853\/revisions"}],"wp:featuredmedia":[{"embeddable":true,"href":"https:\/\/macite.tg\/index.php?rest_route=\/wp\/v2\/media\/19854"}],"wp:attachment":[{"href":"https:\/\/macite.tg\/index.php?rest_route=%2Fwp%2Fv2%2Fmedia&parent=19853"}],"wp:term":[{"taxonomy":"category","embeddable":true,"href":"https:\/\/macite.tg\/index.php?rest_route=%2Fwp%2Fv2%2Fcategories&post=19853"},{"taxonomy":"post_tag","embeddable":true,"href":"https:\/\/macite.tg\/index.php?rest_route=%2Fwp%2Fv2%2Ftags&post=19853"}],"curies":[{"name":"wp","href":"https:\/\/api.w.org\/{rel}","templated":true}]}}