{"id":19846,"date":"2025-02-03T12:10:04","date_gmt":"2025-02-03T12:10:04","guid":{"rendered":"https:\/\/macite.tg\/?p=19846"},"modified":"2025-02-03T12:10:19","modified_gmt":"2025-02-03T12:10:19","slug":"marche-financier-regional-le-togo-sollicite-25-milliards","status":"publish","type":"post","link":"https:\/\/macite.tg\/?p=19846","title":{"rendered":"MARCHE FINANCIER REGIONAL : Le Togo sollicite 25 milliards&#8230;"},"content":{"rendered":"\n<p class=\"wp-block-paragraph\"><strong><em>Le Tr\u00e9sor public togolais poursuit sa strat\u00e9gie de mobilisation des ressources financi\u00e8res pour le financement de budget, exercice 2025 estim\u00e9 \u00e0 plus de 2.397 milliards de francs CFA. Pour cette troisi\u00e8me sortie de l\u2019ann\u00e9e, le Togo est \u00e0 la recherche de 25 milliards de francs CFA.<\/em><\/strong><\/p>\n\n\n\n<p class=\"wp-block-paragraph\">Le Tr\u00e9sor public togolais est de nouveau sur le march\u00e9 financier r\u00e9gional Umoa-Titre.<\/p>\n\n\n\n<p class=\"wp-block-paragraph\">Pour cette premi\u00e8re sortie du mois de f\u00e9vrier, le Togo compte mobiliser 24 milliards de francs CFA, en \u00e9mission de&nbsp;<a href=\"https:\/\/www.umoatitres.org\/wp-content\/uploads\/2025\/01\/AAO-TG-BAT-91-jours-07.02.2025.pdf\">Bons assimilables du tr\u00e9sor<\/a>&nbsp;(BAT), d\u2019un nominal fix\u00e9 \u00e0 un million FCFA sur une maturit\u00e9 de 91 jours \u00e0 des taux d&rsquo;int\u00e9r\u00eat multiples.<\/p>\n\n\n<div class=\"wp-block-image\">\n<figure class=\"aligncenter size-large\"><img loading=\"lazy\" decoding=\"async\" width=\"727\" height=\"1024\" src=\"https:\/\/macite.tg\/wp-content\/uploads\/2025\/01\/Com-vente-aux-encheres_04-Fevrier-727x1024.jpg\" alt=\"\" class=\"wp-image-19808\" srcset=\"https:\/\/macite.tg\/wp-content\/uploads\/2025\/01\/Com-vente-aux-encheres_04-Fevrier-727x1024.jpg 727w, https:\/\/macite.tg\/wp-content\/uploads\/2025\/01\/Com-vente-aux-encheres_04-Fevrier-213x300.jpg 213w, https:\/\/macite.tg\/wp-content\/uploads\/2025\/01\/Com-vente-aux-encheres_04-Fevrier-768x1082.jpg 768w, https:\/\/macite.tg\/wp-content\/uploads\/2025\/01\/Com-vente-aux-encheres_04-Fevrier.jpg 940w\" sizes=\"auto, (max-width: 727px) 100vw, 727px\" \/><\/figure>\n<\/div>\n\n\n<p class=\"wp-block-paragraph\">Dans les d\u00e9tails, l\u2019op\u00e9ration sera boucl\u00e9e le 07 f\u00e9vrier prochain.<\/p>\n\n\n\n<p class=\"wp-block-paragraph\">Notons que pour cette ann\u00e9e 2025, le Togo compte mobiliser&nbsp;<a href=\"https:\/\/www.republiquetogolaise.com\/finances-publiques\/0701-10159-umoa-titres-le-togo-compte-mobiliser-332-milliards-fcfa-en-2025\">quelque 332 milliards de FCFA<\/a>&nbsp;sur le march\u00e9 financier de la sous-r\u00e9gion.<\/p>\n\n\n\n<p class=\"wp-block-paragraph\"><strong>JPB<\/strong><\/p>\n\n\n\n<p class=\"wp-block-paragraph\"><a><strong><em>@macite.tg&nbsp;&nbsp;&nbsp;&nbsp;&nbsp;&nbsp;&nbsp;&nbsp;<\/em><\/strong><\/a><\/p>\n\n\n\n<p class=\"wp-block-paragraph\"><strong><em>E-mail&nbsp;: <\/em><\/strong><a href=\"mailto:maciteinfo@gmail.com\"><strong><em>maciteinfo@gmail.com<\/em><\/strong><\/a><strong><em>; <\/em><\/strong><a href=\"mailto:bawela1@gmail.com\"><strong><em>bawela1@gmail.com<\/em><\/strong><\/a><strong><em><\/em><\/strong><\/p>\n\n\n\n<p class=\"wp-block-paragraph\"><strong><em>Pour vos annonces, (publi)reportages, etc., joignez-nous au (00228)91515309\/<strong>79872224 <\/strong>www.macite.tg, L\u2019information, la bonne&nbsp;!<\/em><\/strong><\/p>\n","protected":false},"excerpt":{"rendered":"<p class=\"text-justify mb-2\" >Le Tr\u00e9sor public togolais poursuit sa strat\u00e9gie de mobilisation des ressources financi\u00e8res pour le financement de budget, exercice 2025 estim\u00e9 \u00e0 plus de 2.397 milliards de francs CFA. Pour cette troisi\u00e8me sortie de l\u2019ann\u00e9e, le Togo est \u00e0 la recherche de 25 milliards de francs [&hellip;]<\/p>\n","protected":false},"author":2,"featured_media":19188,"comment_status":"open","ping_status":"open","sticky":false,"template":"","format":"standard","meta":{"footnotes":""},"categories":[20,3],"tags":[],"class_list":["post-19846","post","type-post","status-publish","format-standard","has-post-thumbnail","hentry","category-actualite","category-economie"],"yoast_head":"<!-- This site is optimized with the Yoast SEO plugin v28.4 - https:\/\/yoast.com\/product\/yoast-seo-wordpress\/ -->\n<title>MARCHE FINANCIER REGIONAL : Le Togo sollicite 25 milliards... -<\/title>\n<meta name=\"robots\" content=\"index, follow, max-snippet:-1, max-image-preview:large, max-video-preview:-1\" \/>\n<link rel=\"canonical\" href=\"https:\/\/macite.tg\/?p=19846\" \/>\n<meta property=\"og:locale\" content=\"fr_FR\" \/>\n<meta property=\"og:type\" content=\"article\" \/>\n<meta property=\"og:title\" content=\"MARCHE FINANCIER REGIONAL : Le Togo sollicite 25 milliards... -\" \/>\n<meta property=\"og:description\" content=\"Le Tr\u00e9sor public togolais poursuit sa strat\u00e9gie de mobilisation des ressources financi\u00e8res pour le financement de budget, exercice 2025 estim\u00e9 \u00e0 plus de 2.397 milliards de francs CFA. Pour cette troisi\u00e8me sortie de l\u2019ann\u00e9e, le Togo est \u00e0 la recherche de 25 milliards de francs [&hellip;]\" \/>\n<meta property=\"og:url\" content=\"https:\/\/macite.tg\/?p=19846\" \/>\n<meta property=\"article:published_time\" content=\"2025-02-03T12:10:04+00:00\" \/>\n<meta property=\"article:modified_time\" content=\"2025-02-03T12:10:19+00:00\" \/>\n<meta property=\"og:image\" content=\"https:\/\/macite.tg\/wp-content\/uploads\/2025\/01\/image-22.png\" \/>\n\t<meta property=\"og:image:width\" content=\"383\" \/>\n\t<meta property=\"og:image:height\" content=\"220\" \/>\n\t<meta property=\"og:image:type\" content=\"image\/png\" \/>\n<meta name=\"author\" content=\"Jean Pierre BAWELA\" \/>\n<meta name=\"twitter:card\" content=\"summary_large_image\" \/>\n<meta name=\"twitter:label1\" content=\"\u00c9crit par\" \/>\n\t<meta name=\"twitter:data1\" content=\"Jean Pierre BAWELA\" \/>\n\t<meta name=\"twitter:label2\" content=\"Dur\u00e9e de lecture estim\u00e9e\" \/>\n\t<meta name=\"twitter:data2\" content=\"1 minute\" \/>\n<script type=\"application\/ld+json\" class=\"yoast-schema-graph\">{\"@context\":\"https:\\\/\\\/schema.org\",\"@graph\":[{\"@type\":\"Article\",\"@id\":\"https:\\\/\\\/macite.tg\\\/?p=19846#article\",\"isPartOf\":{\"@id\":\"https:\\\/\\\/macite.tg\\\/?p=19846\"},\"author\":{\"name\":\"Jean Pierre BAWELA\",\"@id\":\"https:\\\/\\\/macite.tg\\\/#\\\/schema\\\/person\\\/e9f2de7e5dbbe7770a9402c7ce82f5c2\"},\"headline\":\"MARCHE FINANCIER REGIONAL : Le Togo sollicite 25 milliards&#8230;\",\"datePublished\":\"2025-02-03T12:10:04+00:00\",\"dateModified\":\"2025-02-03T12:10:19+00:00\",\"mainEntityOfPage\":{\"@id\":\"https:\\\/\\\/macite.tg\\\/?p=19846\"},\"wordCount\":190,\"commentCount\":0,\"image\":{\"@id\":\"https:\\\/\\\/macite.tg\\\/?p=19846#primaryimage\"},\"thumbnailUrl\":\"https:\\\/\\\/macite.tg\\\/wp-content\\\/uploads\\\/2025\\\/01\\\/image-22.png\",\"articleSection\":[\"ACTUALITE\",\"ECONOMIE\"],\"inLanguage\":\"fr-FR\",\"potentialAction\":[{\"@type\":\"CommentAction\",\"name\":\"Comment\",\"target\":[\"https:\\\/\\\/macite.tg\\\/?p=19846#respond\"]}]},{\"@type\":\"WebPage\",\"@id\":\"https:\\\/\\\/macite.tg\\\/?p=19846\",\"url\":\"https:\\\/\\\/macite.tg\\\/?p=19846\",\"name\":\"MARCHE FINANCIER REGIONAL : Le Togo sollicite 25 milliards... -\",\"isPartOf\":{\"@id\":\"https:\\\/\\\/macite.tg\\\/#website\"},\"primaryImageOfPage\":{\"@id\":\"https:\\\/\\\/macite.tg\\\/?p=19846#primaryimage\"},\"image\":{\"@id\":\"https:\\\/\\\/macite.tg\\\/?p=19846#primaryimage\"},\"thumbnailUrl\":\"https:\\\/\\\/macite.tg\\\/wp-content\\\/uploads\\\/2025\\\/01\\\/image-22.png\",\"datePublished\":\"2025-02-03T12:10:04+00:00\",\"dateModified\":\"2025-02-03T12:10:19+00:00\",\"author\":{\"@id\":\"https:\\\/\\\/macite.tg\\\/#\\\/schema\\\/person\\\/e9f2de7e5dbbe7770a9402c7ce82f5c2\"},\"breadcrumb\":{\"@id\":\"https:\\\/\\\/macite.tg\\\/?p=19846#breadcrumb\"},\"inLanguage\":\"fr-FR\",\"potentialAction\":[{\"@type\":\"ReadAction\",\"target\":[\"https:\\\/\\\/macite.tg\\\/?p=19846\"]}]},{\"@type\":\"ImageObject\",\"inLanguage\":\"fr-FR\",\"@id\":\"https:\\\/\\\/macite.tg\\\/?p=19846#primaryimage\",\"url\":\"https:\\\/\\\/macite.tg\\\/wp-content\\\/uploads\\\/2025\\\/01\\\/image-22.png\",\"contentUrl\":\"https:\\\/\\\/macite.tg\\\/wp-content\\\/uploads\\\/2025\\\/01\\\/image-22.png\",\"width\":383,\"height\":220,\"caption\":\"Le Casef \u00e0 Lom\u00e9\"},{\"@type\":\"BreadcrumbList\",\"@id\":\"https:\\\/\\\/macite.tg\\\/?p=19846#breadcrumb\",\"itemListElement\":[{\"@type\":\"ListItem\",\"position\":1,\"name\":\"Accueil\",\"item\":\"https:\\\/\\\/macite.tg\\\/\"},{\"@type\":\"ListItem\",\"position\":2,\"name\":\"MARCHE FINANCIER REGIONAL : Le Togo sollicite 25 milliards&#8230;\"}]},{\"@type\":\"WebSite\",\"@id\":\"https:\\\/\\\/macite.tg\\\/#website\",\"url\":\"https:\\\/\\\/macite.tg\\\/\",\"name\":\"\",\"description\":\"L&#039;information, la bonne!!!\",\"potentialAction\":[{\"@type\":\"SearchAction\",\"target\":{\"@type\":\"EntryPoint\",\"urlTemplate\":\"https:\\\/\\\/macite.tg\\\/?s={search_term_string}\"},\"query-input\":{\"@type\":\"PropertyValueSpecification\",\"valueRequired\":true,\"valueName\":\"search_term_string\"}}],\"inLanguage\":\"fr-FR\"},{\"@type\":\"Person\",\"@id\":\"https:\\\/\\\/macite.tg\\\/#\\\/schema\\\/person\\\/e9f2de7e5dbbe7770a9402c7ce82f5c2\",\"name\":\"Jean Pierre BAWELA\",\"image\":{\"@type\":\"ImageObject\",\"inLanguage\":\"fr-FR\",\"@id\":\"https:\\\/\\\/macite.tg\\\/wp-content\\\/uploads\\\/2023\\\/09\\\/WhatsApp-Image-2023-09-19-at-14.44.41-122x122.jpeg\",\"url\":\"https:\\\/\\\/macite.tg\\\/wp-content\\\/uploads\\\/2023\\\/09\\\/WhatsApp-Image-2023-09-19-at-14.44.41-122x122.jpeg\",\"contentUrl\":\"https:\\\/\\\/macite.tg\\\/wp-content\\\/uploads\\\/2023\\\/09\\\/WhatsApp-Image-2023-09-19-at-14.44.41-122x122.jpeg\",\"caption\":\"Jean Pierre BAWELA\"},\"url\":\"https:\\\/\\\/macite.tg\\\/?author=2\"}]}<\/script>\n<!-- \/ Yoast SEO plugin. -->","yoast_head_json":{"title":"MARCHE FINANCIER REGIONAL : Le Togo sollicite 25 milliards... -","robots":{"index":"index","follow":"follow","max-snippet":"max-snippet:-1","max-image-preview":"max-image-preview:large","max-video-preview":"max-video-preview:-1"},"canonical":"https:\/\/macite.tg\/?p=19846","og_locale":"fr_FR","og_type":"article","og_title":"MARCHE FINANCIER REGIONAL : Le Togo sollicite 25 milliards... -","og_description":"Le Tr\u00e9sor public togolais poursuit sa strat\u00e9gie de mobilisation des ressources financi\u00e8res pour le financement de budget, exercice 2025 estim\u00e9 \u00e0 plus de 2.397 milliards de francs CFA. Pour cette troisi\u00e8me sortie de l\u2019ann\u00e9e, le Togo est \u00e0 la recherche de 25 milliards de francs [&hellip;]","og_url":"https:\/\/macite.tg\/?p=19846","article_published_time":"2025-02-03T12:10:04+00:00","article_modified_time":"2025-02-03T12:10:19+00:00","og_image":[{"width":383,"height":220,"url":"https:\/\/macite.tg\/wp-content\/uploads\/2025\/01\/image-22.png","type":"image\/png"}],"author":"Jean Pierre BAWELA","twitter_card":"summary_large_image","twitter_misc":{"\u00c9crit par":"Jean Pierre BAWELA","Dur\u00e9e de lecture estim\u00e9e":"1 minute"},"schema":{"@context":"https:\/\/schema.org","@graph":[{"@type":"Article","@id":"https:\/\/macite.tg\/?p=19846#article","isPartOf":{"@id":"https:\/\/macite.tg\/?p=19846"},"author":{"name":"Jean Pierre BAWELA","@id":"https:\/\/macite.tg\/#\/schema\/person\/e9f2de7e5dbbe7770a9402c7ce82f5c2"},"headline":"MARCHE FINANCIER REGIONAL : Le Togo sollicite 25 milliards&#8230;","datePublished":"2025-02-03T12:10:04+00:00","dateModified":"2025-02-03T12:10:19+00:00","mainEntityOfPage":{"@id":"https:\/\/macite.tg\/?p=19846"},"wordCount":190,"commentCount":0,"image":{"@id":"https:\/\/macite.tg\/?p=19846#primaryimage"},"thumbnailUrl":"https:\/\/macite.tg\/wp-content\/uploads\/2025\/01\/image-22.png","articleSection":["ACTUALITE","ECONOMIE"],"inLanguage":"fr-FR","potentialAction":[{"@type":"CommentAction","name":"Comment","target":["https:\/\/macite.tg\/?p=19846#respond"]}]},{"@type":"WebPage","@id":"https:\/\/macite.tg\/?p=19846","url":"https:\/\/macite.tg\/?p=19846","name":"MARCHE FINANCIER REGIONAL : Le Togo sollicite 25 milliards... -","isPartOf":{"@id":"https:\/\/macite.tg\/#website"},"primaryImageOfPage":{"@id":"https:\/\/macite.tg\/?p=19846#primaryimage"},"image":{"@id":"https:\/\/macite.tg\/?p=19846#primaryimage"},"thumbnailUrl":"https:\/\/macite.tg\/wp-content\/uploads\/2025\/01\/image-22.png","datePublished":"2025-02-03T12:10:04+00:00","dateModified":"2025-02-03T12:10:19+00:00","author":{"@id":"https:\/\/macite.tg\/#\/schema\/person\/e9f2de7e5dbbe7770a9402c7ce82f5c2"},"breadcrumb":{"@id":"https:\/\/macite.tg\/?p=19846#breadcrumb"},"inLanguage":"fr-FR","potentialAction":[{"@type":"ReadAction","target":["https:\/\/macite.tg\/?p=19846"]}]},{"@type":"ImageObject","inLanguage":"fr-FR","@id":"https:\/\/macite.tg\/?p=19846#primaryimage","url":"https:\/\/macite.tg\/wp-content\/uploads\/2025\/01\/image-22.png","contentUrl":"https:\/\/macite.tg\/wp-content\/uploads\/2025\/01\/image-22.png","width":383,"height":220,"caption":"Le Casef \u00e0 Lom\u00e9"},{"@type":"BreadcrumbList","@id":"https:\/\/macite.tg\/?p=19846#breadcrumb","itemListElement":[{"@type":"ListItem","position":1,"name":"Accueil","item":"https:\/\/macite.tg\/"},{"@type":"ListItem","position":2,"name":"MARCHE FINANCIER REGIONAL : Le Togo sollicite 25 milliards&#8230;"}]},{"@type":"WebSite","@id":"https:\/\/macite.tg\/#website","url":"https:\/\/macite.tg\/","name":"","description":"L&#039;information, la bonne!!!","potentialAction":[{"@type":"SearchAction","target":{"@type":"EntryPoint","urlTemplate":"https:\/\/macite.tg\/?s={search_term_string}"},"query-input":{"@type":"PropertyValueSpecification","valueRequired":true,"valueName":"search_term_string"}}],"inLanguage":"fr-FR"},{"@type":"Person","@id":"https:\/\/macite.tg\/#\/schema\/person\/e9f2de7e5dbbe7770a9402c7ce82f5c2","name":"Jean Pierre BAWELA","image":{"@type":"ImageObject","inLanguage":"fr-FR","@id":"https:\/\/macite.tg\/wp-content\/uploads\/2023\/09\/WhatsApp-Image-2023-09-19-at-14.44.41-122x122.jpeg","url":"https:\/\/macite.tg\/wp-content\/uploads\/2023\/09\/WhatsApp-Image-2023-09-19-at-14.44.41-122x122.jpeg","contentUrl":"https:\/\/macite.tg\/wp-content\/uploads\/2023\/09\/WhatsApp-Image-2023-09-19-at-14.44.41-122x122.jpeg","caption":"Jean Pierre BAWELA"},"url":"https:\/\/macite.tg\/?author=2"}]}},"_links":{"self":[{"href":"https:\/\/macite.tg\/index.php?rest_route=\/wp\/v2\/posts\/19846","targetHints":{"allow":["GET"]}}],"collection":[{"href":"https:\/\/macite.tg\/index.php?rest_route=\/wp\/v2\/posts"}],"about":[{"href":"https:\/\/macite.tg\/index.php?rest_route=\/wp\/v2\/types\/post"}],"author":[{"embeddable":true,"href":"https:\/\/macite.tg\/index.php?rest_route=\/wp\/v2\/users\/2"}],"replies":[{"embeddable":true,"href":"https:\/\/macite.tg\/index.php?rest_route=%2Fwp%2Fv2%2Fcomments&post=19846"}],"version-history":[{"count":0,"href":"https:\/\/macite.tg\/index.php?rest_route=\/wp\/v2\/posts\/19846\/revisions"}],"wp:featuredmedia":[{"embeddable":true,"href":"https:\/\/macite.tg\/index.php?rest_route=\/wp\/v2\/media\/19188"}],"wp:attachment":[{"href":"https:\/\/macite.tg\/index.php?rest_route=%2Fwp%2Fv2%2Fmedia&parent=19846"}],"wp:term":[{"taxonomy":"category","embeddable":true,"href":"https:\/\/macite.tg\/index.php?rest_route=%2Fwp%2Fv2%2Fcategories&post=19846"},{"taxonomy":"post_tag","embeddable":true,"href":"https:\/\/macite.tg\/index.php?rest_route=%2Fwp%2Fv2%2Ftags&post=19846"}],"curies":[{"name":"wp","href":"https:\/\/api.w.org\/{rel}","templated":true}]}}