{"id":19841,"date":"2025-02-03T10:46:40","date_gmt":"2025-02-03T10:46:40","guid":{"rendered":"https:\/\/macite.tg\/?p=19841"},"modified":"2025-02-03T10:46:56","modified_gmt":"2025-02-03T10:46:56","slug":"deces-de-lancien-president-allemand-horst-kohler-lafrique-et-le-togo-perdent-un-grand-ami-robert-dussey","status":"publish","type":"post","link":"https:\/\/macite.tg\/?p=19841","title":{"rendered":"DECES DE L\u2019ANCIEN PRESIDENT ALLEMAND HORST K\u00d6HLER\u00a0: \u00ab\u00a0L&rsquo;Afrique et le Togo perdent un grand ami\u00a0\u00bb (Robert Dussey)"},"content":{"rendered":"\n<p class=\"wp-block-paragraph\"><strong><em>L&rsquo;ancien pr\u00e9sident allemand Horst K\u00f6hler est d\u00e9c\u00e9d\u00e9 samedi \u00e0 l&rsquo;\u00e2ge de 81 ans. Pr\u00e9sident entre 2004 \u00e0 2010, il s&rsquo;\u00e9tait particuli\u00e8rement engag\u00e9 pour le continent africain. Au micro de la DW, le ministre togolais des Affaires \u00e9trang\u00e8res, Robert Dussey, se dit choqu\u00e9 par le d\u00e9c\u00e8s d&rsquo;un \u00ab\u00a0ami de l&rsquo;Afrique\u00a0\u00bb.<\/em><\/strong><\/p>\n\n\n\n<p class=\"wp-block-paragraph\">Robert Dussey : <em>\u00ab&nbsp;D&rsquo;abord, je suis choqu\u00e9 parce que, comme vous le saviez, nous venions de finir un symposium sur la comm\u00e9moration des 140 ans de la conf\u00e9rence de Berlin et le professeur K\u00f6hler, l&rsquo;ancien pr\u00e9sident allemand et moi-m\u00eame et l&rsquo;ancienne pr\u00e9sidente du Lib\u00e9ria, madame H\u00e9l\u00e8ne Sirleaf, devions prendre la parole.<\/em><\/p>\n\n\n<div class=\"wp-block-image\">\n<figure class=\"aligncenter size-large is-resized\"><img loading=\"lazy\" decoding=\"async\" width=\"727\" height=\"1024\" src=\"https:\/\/macite.tg\/wp-content\/uploads\/2025\/01\/Com-vente-aux-encheres_04-Fevrier-727x1024.jpg\" alt=\"\" class=\"wp-image-19808\" style=\"width:603px;height:auto\" srcset=\"https:\/\/macite.tg\/wp-content\/uploads\/2025\/01\/Com-vente-aux-encheres_04-Fevrier-727x1024.jpg 727w, https:\/\/macite.tg\/wp-content\/uploads\/2025\/01\/Com-vente-aux-encheres_04-Fevrier-213x300.jpg 213w, https:\/\/macite.tg\/wp-content\/uploads\/2025\/01\/Com-vente-aux-encheres_04-Fevrier-768x1082.jpg 768w, https:\/\/macite.tg\/wp-content\/uploads\/2025\/01\/Com-vente-aux-encheres_04-Fevrier.jpg 940w\" sizes=\"auto, (max-width: 727px) 100vw, 727px\" \/><\/figure>\n<\/div>\n\n\n<p class=\"wp-block-paragraph\"><em>Donc nous \u00e9tions un peu surpris quand on nous avait annonc\u00e9 que sa sant\u00e9 n&rsquo;allait pas. Et trois jours apr\u00e8s ce symposium, le professeur K\u00f6hler est d\u00e9c\u00e9d\u00e9. Je suis profond\u00e9ment touch\u00e9, touch\u00e9 par ce d\u00e9c\u00e8s. Le professeur K\u00f6hler est l&rsquo;un des rares hommes d&rsquo;\u00c9tat au monde et particuli\u00e8rement europ\u00e9en, qui s&rsquo;est autant engag\u00e9 pour le continent africain, pour la jeunesse africaine.<\/em><\/p>\n\n\n\n<p class=\"wp-block-paragraph\"><em>Il avait mis en place un programme de Youth Leaders pour les Africains, pour essayer de faire un pont entre la jeunesse africaine et la jeunesse allemande en particulier et europ\u00e9enne en g\u00e9n\u00e9ral sur les questions d&rsquo;innovation, de leadership. Et le professeur K\u00f6hler, son d\u00e9part est une perte d&rsquo;un grand ami de l&rsquo;Afrique, du Togo&nbsp;\u00bb.<\/em><\/p>\n\n\n<div class=\"wp-block-image\">\n<figure class=\"aligncenter size-full\"><img loading=\"lazy\" decoding=\"async\" width=\"851\" height=\"315\" src=\"https:\/\/macite.tg\/wp-content\/uploads\/2025\/01\/OTR_Renseignements-2.jpg\" alt=\"\" class=\"wp-image-19733\" srcset=\"https:\/\/macite.tg\/wp-content\/uploads\/2025\/01\/OTR_Renseignements-2.jpg 851w, https:\/\/macite.tg\/wp-content\/uploads\/2025\/01\/OTR_Renseignements-2-300x111.jpg 300w, https:\/\/macite.tg\/wp-content\/uploads\/2025\/01\/OTR_Renseignements-2-768x284.jpg 768w\" sizes=\"auto, (max-width: 851px) 100vw, 851px\" \/><\/figure>\n<\/div>\n\n\n<p class=\"wp-block-paragraph\"><strong>DW : Et \u00e0 Berlin, je crois qu&rsquo;il vous avait envoy\u00e9 un discours quand m\u00eame marquant&#8230;<\/strong><\/p>\n\n\n\n<p class=\"wp-block-paragraph\">Robert Dussey <em>: \u00ab&nbsp;Je pense que le discours le plus fort que nous avions \u00e9cout\u00e9 eu lors de ce symposium, c&rsquo;est le discours du professeur K\u00f6hler. Parce que, en tant qu&rsquo;ancien pr\u00e9sident de la R\u00e9publique f\u00e9d\u00e9rale d&rsquo;Allemagne, il a tenu un discours, on avait l&rsquo;impression que c&rsquo;est plut\u00f4t un chef d&rsquo;Etat africain qui parlait.<\/em><\/p>\n\n\n\n<p class=\"wp-block-paragraph\"><em>Il d\u00e9fendait la souverainet\u00e9 de l&rsquo;Afrique, il d\u00e9fendait le respect, la dignit\u00e9 des Africains et il d\u00e9fendait la voix de l&rsquo;Afrique qui doit porter au niveau mondial.<\/em><\/p>\n\n\n<div class=\"wp-block-image\">\n<figure class=\"aligncenter size-full\"><img loading=\"lazy\" decoding=\"async\" width=\"500\" height=\"698\" src=\"https:\/\/macite.tg\/wp-content\/uploads\/2025\/01\/OTR_Soumission-Douanes.jpg\" alt=\"\" class=\"wp-image-19738\" srcset=\"https:\/\/macite.tg\/wp-content\/uploads\/2025\/01\/OTR_Soumission-Douanes.jpg 500w, https:\/\/macite.tg\/wp-content\/uploads\/2025\/01\/OTR_Soumission-Douanes-215x300.jpg 215w\" sizes=\"auto, (max-width: 500px) 100vw, 500px\" \/><\/figure>\n<\/div>\n\n\n<p class=\"wp-block-paragraph\"><em>Et nous \u00e9tions surpris en tant qu&rsquo;Africain pour dire, mais voil\u00e0, c&rsquo;est un message pareil que nous voulons \u00e9couter et en tant qu&rsquo;Africain, en tant que panafricain, le professeur K\u00f6hler, pour nous, a laiss\u00e9 un testament intellectuel, un testament par ce discours et nous pensons et souhaitons que la g\u00e9n\u00e9ration qui est la n\u00f4tre, celle qui va suivre, puisse suivre l&rsquo;exemple du professeur Keller.&nbsp;\u00bb.<\/em><\/p>\n\n\n\n<p class=\"wp-block-paragraph\"><strong>MSN<\/strong><\/p>\n\n\n\n<p class=\"wp-block-paragraph\"><a><strong><em>@macite.tg&nbsp;&nbsp;&nbsp;&nbsp;&nbsp;&nbsp;&nbsp;&nbsp;<\/em><\/strong><\/a><\/p>\n\n\n\n<p class=\"wp-block-paragraph\"><strong><em>E-mail&nbsp;: <\/em><\/strong><a href=\"mailto:maciteinfo@gmail.com\"><strong><em>maciteinfo@gmail.com<\/em><\/strong><\/a><strong><em>; <\/em><\/strong><a href=\"mailto:bawela1@gmail.com\"><strong><em>bawela1@gmail.com<\/em><\/strong><\/a><strong><em><\/em><\/strong><\/p>\n\n\n\n<p class=\"wp-block-paragraph\"><strong><em>Pour vos annonces, (publi)reportages, etc., joignez-nous au (00228)91515309\/<strong>79872224 <\/strong>www.macite.tg, L\u2019information, la bonne&nbsp;!<\/em><\/strong><\/p>\n","protected":false},"excerpt":{"rendered":"<p class=\"text-justify mb-2\" >L&rsquo;ancien pr\u00e9sident allemand Horst K\u00f6hler est d\u00e9c\u00e9d\u00e9 samedi \u00e0 l&rsquo;\u00e2ge de 81 ans. Pr\u00e9sident entre 2004 \u00e0 2010, il s&rsquo;\u00e9tait particuli\u00e8rement engag\u00e9 pour le continent africain. Au micro de la DW, le ministre togolais des Affaires \u00e9trang\u00e8res, Robert Dussey, se dit choqu\u00e9 par le d\u00e9c\u00e8s [&hellip;]<\/p>\n","protected":false},"author":2,"featured_media":19842,"comment_status":"open","ping_status":"open","sticky":false,"template":"","format":"standard","meta":{"footnotes":""},"categories":[20,31],"tags":[],"class_list":["post-19841","post","type-post","status-publish","format-standard","has-post-thumbnail","hentry","category-actualite","category-annonce"],"yoast_head":"<!-- This site is optimized with the Yoast SEO plugin v28.4 - https:\/\/yoast.com\/product\/yoast-seo-wordpress\/ -->\n<title>DECES DE L\u2019ANCIEN PRESIDENT ALLEMAND HORST K\u00d6HLER\u00a0: &quot;L&#039;Afrique et le Togo perdent un grand ami&quot; (Robert Dussey) -<\/title>\n<meta name=\"robots\" content=\"index, follow, max-snippet:-1, max-image-preview:large, max-video-preview:-1\" \/>\n<link rel=\"canonical\" href=\"https:\/\/macite.tg\/?p=19841\" \/>\n<meta property=\"og:locale\" content=\"fr_FR\" \/>\n<meta property=\"og:type\" content=\"article\" \/>\n<meta property=\"og:title\" content=\"DECES DE L\u2019ANCIEN PRESIDENT ALLEMAND HORST K\u00d6HLER\u00a0: &quot;L&#039;Afrique et le Togo perdent un grand ami&quot; (Robert Dussey) -\" \/>\n<meta property=\"og:description\" content=\"L&rsquo;ancien pr\u00e9sident allemand Horst K\u00f6hler est d\u00e9c\u00e9d\u00e9 samedi \u00e0 l&rsquo;\u00e2ge de 81 ans. Pr\u00e9sident entre 2004 \u00e0 2010, il s&rsquo;\u00e9tait particuli\u00e8rement engag\u00e9 pour le continent africain. Au micro de la DW, le ministre togolais des Affaires \u00e9trang\u00e8res, Robert Dussey, se dit choqu\u00e9 par le d\u00e9c\u00e8s [&hellip;]\" \/>\n<meta property=\"og:url\" content=\"https:\/\/macite.tg\/?p=19841\" \/>\n<meta property=\"article:published_time\" content=\"2025-02-03T10:46:40+00:00\" \/>\n<meta property=\"article:modified_time\" content=\"2025-02-03T10:46:56+00:00\" \/>\n<meta property=\"og:image\" content=\"https:\/\/macite.tg\/wp-content\/uploads\/2025\/02\/pdt-allemand.jpg\" \/>\n\t<meta property=\"og:image:width\" content=\"500\" \/>\n\t<meta property=\"og:image:height\" content=\"281\" \/>\n\t<meta property=\"og:image:type\" content=\"image\/jpeg\" \/>\n<meta name=\"author\" content=\"Jean Pierre BAWELA\" \/>\n<meta name=\"twitter:card\" content=\"summary_large_image\" \/>\n<meta name=\"twitter:label1\" content=\"\u00c9crit par\" \/>\n\t<meta name=\"twitter:data1\" content=\"Jean Pierre BAWELA\" \/>\n\t<meta name=\"twitter:label2\" content=\"Dur\u00e9e de lecture estim\u00e9e\" \/>\n\t<meta name=\"twitter:data2\" content=\"3 minutes\" \/>\n<script type=\"application\/ld+json\" class=\"yoast-schema-graph\">{\"@context\":\"https:\\\/\\\/schema.org\",\"@graph\":[{\"@type\":\"Article\",\"@id\":\"https:\\\/\\\/macite.tg\\\/?p=19841#article\",\"isPartOf\":{\"@id\":\"https:\\\/\\\/macite.tg\\\/?p=19841\"},\"author\":{\"name\":\"Jean Pierre BAWELA\",\"@id\":\"https:\\\/\\\/macite.tg\\\/#\\\/schema\\\/person\\\/e9f2de7e5dbbe7770a9402c7ce82f5c2\"},\"headline\":\"DECES DE L\u2019ANCIEN PRESIDENT ALLEMAND HORST K\u00d6HLER\u00a0: \u00ab\u00a0L&rsquo;Afrique et le Togo perdent un grand ami\u00a0\u00bb (Robert Dussey)\",\"datePublished\":\"2025-02-03T10:46:40+00:00\",\"dateModified\":\"2025-02-03T10:46:56+00:00\",\"mainEntityOfPage\":{\"@id\":\"https:\\\/\\\/macite.tg\\\/?p=19841\"},\"wordCount\":501,\"commentCount\":0,\"image\":{\"@id\":\"https:\\\/\\\/macite.tg\\\/?p=19841#primaryimage\"},\"thumbnailUrl\":\"https:\\\/\\\/macite.tg\\\/wp-content\\\/uploads\\\/2025\\\/02\\\/pdt-allemand.jpg\",\"articleSection\":[\"ACTUALITE\",\"ANNONCE\"],\"inLanguage\":\"fr-FR\",\"potentialAction\":[{\"@type\":\"CommentAction\",\"name\":\"Comment\",\"target\":[\"https:\\\/\\\/macite.tg\\\/?p=19841#respond\"]}]},{\"@type\":\"WebPage\",\"@id\":\"https:\\\/\\\/macite.tg\\\/?p=19841\",\"url\":\"https:\\\/\\\/macite.tg\\\/?p=19841\",\"name\":\"DECES DE L\u2019ANCIEN PRESIDENT ALLEMAND HORST K\u00d6HLER\u00a0: \\\"L'Afrique et le Togo perdent un grand ami\\\" (Robert Dussey) -\",\"isPartOf\":{\"@id\":\"https:\\\/\\\/macite.tg\\\/#website\"},\"primaryImageOfPage\":{\"@id\":\"https:\\\/\\\/macite.tg\\\/?p=19841#primaryimage\"},\"image\":{\"@id\":\"https:\\\/\\\/macite.tg\\\/?p=19841#primaryimage\"},\"thumbnailUrl\":\"https:\\\/\\\/macite.tg\\\/wp-content\\\/uploads\\\/2025\\\/02\\\/pdt-allemand.jpg\",\"datePublished\":\"2025-02-03T10:46:40+00:00\",\"dateModified\":\"2025-02-03T10:46:56+00:00\",\"author\":{\"@id\":\"https:\\\/\\\/macite.tg\\\/#\\\/schema\\\/person\\\/e9f2de7e5dbbe7770a9402c7ce82f5c2\"},\"breadcrumb\":{\"@id\":\"https:\\\/\\\/macite.tg\\\/?p=19841#breadcrumb\"},\"inLanguage\":\"fr-FR\",\"potentialAction\":[{\"@type\":\"ReadAction\",\"target\":[\"https:\\\/\\\/macite.tg\\\/?p=19841\"]}]},{\"@type\":\"ImageObject\",\"inLanguage\":\"fr-FR\",\"@id\":\"https:\\\/\\\/macite.tg\\\/?p=19841#primaryimage\",\"url\":\"https:\\\/\\\/macite.tg\\\/wp-content\\\/uploads\\\/2025\\\/02\\\/pdt-allemand.jpg\",\"contentUrl\":\"https:\\\/\\\/macite.tg\\\/wp-content\\\/uploads\\\/2025\\\/02\\\/pdt-allemand.jpg\",\"width\":500,\"height\":281,\"caption\":\"Ex president allemand, Horst K\u00f6hler.\"},{\"@type\":\"BreadcrumbList\",\"@id\":\"https:\\\/\\\/macite.tg\\\/?p=19841#breadcrumb\",\"itemListElement\":[{\"@type\":\"ListItem\",\"position\":1,\"name\":\"Accueil\",\"item\":\"https:\\\/\\\/macite.tg\\\/\"},{\"@type\":\"ListItem\",\"position\":2,\"name\":\"DECES DE L\u2019ANCIEN PRESIDENT ALLEMAND HORST K\u00d6HLER\u00a0: \u00ab\u00a0L&rsquo;Afrique et le Togo perdent un grand ami\u00a0\u00bb (Robert Dussey)\"}]},{\"@type\":\"WebSite\",\"@id\":\"https:\\\/\\\/macite.tg\\\/#website\",\"url\":\"https:\\\/\\\/macite.tg\\\/\",\"name\":\"\",\"description\":\"L&#039;information, la bonne!!!\",\"potentialAction\":[{\"@type\":\"SearchAction\",\"target\":{\"@type\":\"EntryPoint\",\"urlTemplate\":\"https:\\\/\\\/macite.tg\\\/?s={search_term_string}\"},\"query-input\":{\"@type\":\"PropertyValueSpecification\",\"valueRequired\":true,\"valueName\":\"search_term_string\"}}],\"inLanguage\":\"fr-FR\"},{\"@type\":\"Person\",\"@id\":\"https:\\\/\\\/macite.tg\\\/#\\\/schema\\\/person\\\/e9f2de7e5dbbe7770a9402c7ce82f5c2\",\"name\":\"Jean Pierre BAWELA\",\"image\":{\"@type\":\"ImageObject\",\"inLanguage\":\"fr-FR\",\"@id\":\"https:\\\/\\\/macite.tg\\\/wp-content\\\/uploads\\\/2023\\\/09\\\/WhatsApp-Image-2023-09-19-at-14.44.41-122x122.jpeg\",\"url\":\"https:\\\/\\\/macite.tg\\\/wp-content\\\/uploads\\\/2023\\\/09\\\/WhatsApp-Image-2023-09-19-at-14.44.41-122x122.jpeg\",\"contentUrl\":\"https:\\\/\\\/macite.tg\\\/wp-content\\\/uploads\\\/2023\\\/09\\\/WhatsApp-Image-2023-09-19-at-14.44.41-122x122.jpeg\",\"caption\":\"Jean Pierre BAWELA\"},\"url\":\"https:\\\/\\\/macite.tg\\\/?author=2\"}]}<\/script>\n<!-- \/ Yoast SEO plugin. -->","yoast_head_json":{"title":"DECES DE L\u2019ANCIEN PRESIDENT ALLEMAND HORST K\u00d6HLER\u00a0: \"L'Afrique et le Togo perdent un grand ami\" (Robert Dussey) -","robots":{"index":"index","follow":"follow","max-snippet":"max-snippet:-1","max-image-preview":"max-image-preview:large","max-video-preview":"max-video-preview:-1"},"canonical":"https:\/\/macite.tg\/?p=19841","og_locale":"fr_FR","og_type":"article","og_title":"DECES DE L\u2019ANCIEN PRESIDENT ALLEMAND HORST K\u00d6HLER\u00a0: \"L'Afrique et le Togo perdent un grand ami\" (Robert Dussey) -","og_description":"L&rsquo;ancien pr\u00e9sident allemand Horst K\u00f6hler est d\u00e9c\u00e9d\u00e9 samedi \u00e0 l&rsquo;\u00e2ge de 81 ans. Pr\u00e9sident entre 2004 \u00e0 2010, il s&rsquo;\u00e9tait particuli\u00e8rement engag\u00e9 pour le continent africain. Au micro de la DW, le ministre togolais des Affaires \u00e9trang\u00e8res, Robert Dussey, se dit choqu\u00e9 par le d\u00e9c\u00e8s [&hellip;]","og_url":"https:\/\/macite.tg\/?p=19841","article_published_time":"2025-02-03T10:46:40+00:00","article_modified_time":"2025-02-03T10:46:56+00:00","og_image":[{"width":500,"height":281,"url":"https:\/\/macite.tg\/wp-content\/uploads\/2025\/02\/pdt-allemand.jpg","type":"image\/jpeg"}],"author":"Jean Pierre BAWELA","twitter_card":"summary_large_image","twitter_misc":{"\u00c9crit par":"Jean Pierre BAWELA","Dur\u00e9e de lecture estim\u00e9e":"3 minutes"},"schema":{"@context":"https:\/\/schema.org","@graph":[{"@type":"Article","@id":"https:\/\/macite.tg\/?p=19841#article","isPartOf":{"@id":"https:\/\/macite.tg\/?p=19841"},"author":{"name":"Jean Pierre BAWELA","@id":"https:\/\/macite.tg\/#\/schema\/person\/e9f2de7e5dbbe7770a9402c7ce82f5c2"},"headline":"DECES DE L\u2019ANCIEN PRESIDENT ALLEMAND HORST K\u00d6HLER\u00a0: \u00ab\u00a0L&rsquo;Afrique et le Togo perdent un grand ami\u00a0\u00bb (Robert Dussey)","datePublished":"2025-02-03T10:46:40+00:00","dateModified":"2025-02-03T10:46:56+00:00","mainEntityOfPage":{"@id":"https:\/\/macite.tg\/?p=19841"},"wordCount":501,"commentCount":0,"image":{"@id":"https:\/\/macite.tg\/?p=19841#primaryimage"},"thumbnailUrl":"https:\/\/macite.tg\/wp-content\/uploads\/2025\/02\/pdt-allemand.jpg","articleSection":["ACTUALITE","ANNONCE"],"inLanguage":"fr-FR","potentialAction":[{"@type":"CommentAction","name":"Comment","target":["https:\/\/macite.tg\/?p=19841#respond"]}]},{"@type":"WebPage","@id":"https:\/\/macite.tg\/?p=19841","url":"https:\/\/macite.tg\/?p=19841","name":"DECES DE L\u2019ANCIEN PRESIDENT ALLEMAND HORST K\u00d6HLER\u00a0: \"L'Afrique et le Togo perdent un grand ami\" (Robert Dussey) -","isPartOf":{"@id":"https:\/\/macite.tg\/#website"},"primaryImageOfPage":{"@id":"https:\/\/macite.tg\/?p=19841#primaryimage"},"image":{"@id":"https:\/\/macite.tg\/?p=19841#primaryimage"},"thumbnailUrl":"https:\/\/macite.tg\/wp-content\/uploads\/2025\/02\/pdt-allemand.jpg","datePublished":"2025-02-03T10:46:40+00:00","dateModified":"2025-02-03T10:46:56+00:00","author":{"@id":"https:\/\/macite.tg\/#\/schema\/person\/e9f2de7e5dbbe7770a9402c7ce82f5c2"},"breadcrumb":{"@id":"https:\/\/macite.tg\/?p=19841#breadcrumb"},"inLanguage":"fr-FR","potentialAction":[{"@type":"ReadAction","target":["https:\/\/macite.tg\/?p=19841"]}]},{"@type":"ImageObject","inLanguage":"fr-FR","@id":"https:\/\/macite.tg\/?p=19841#primaryimage","url":"https:\/\/macite.tg\/wp-content\/uploads\/2025\/02\/pdt-allemand.jpg","contentUrl":"https:\/\/macite.tg\/wp-content\/uploads\/2025\/02\/pdt-allemand.jpg","width":500,"height":281,"caption":"Ex president allemand, Horst K\u00f6hler."},{"@type":"BreadcrumbList","@id":"https:\/\/macite.tg\/?p=19841#breadcrumb","itemListElement":[{"@type":"ListItem","position":1,"name":"Accueil","item":"https:\/\/macite.tg\/"},{"@type":"ListItem","position":2,"name":"DECES DE L\u2019ANCIEN PRESIDENT ALLEMAND HORST K\u00d6HLER\u00a0: \u00ab\u00a0L&rsquo;Afrique et le Togo perdent un grand ami\u00a0\u00bb (Robert Dussey)"}]},{"@type":"WebSite","@id":"https:\/\/macite.tg\/#website","url":"https:\/\/macite.tg\/","name":"","description":"L&#039;information, la bonne!!!","potentialAction":[{"@type":"SearchAction","target":{"@type":"EntryPoint","urlTemplate":"https:\/\/macite.tg\/?s={search_term_string}"},"query-input":{"@type":"PropertyValueSpecification","valueRequired":true,"valueName":"search_term_string"}}],"inLanguage":"fr-FR"},{"@type":"Person","@id":"https:\/\/macite.tg\/#\/schema\/person\/e9f2de7e5dbbe7770a9402c7ce82f5c2","name":"Jean Pierre BAWELA","image":{"@type":"ImageObject","inLanguage":"fr-FR","@id":"https:\/\/macite.tg\/wp-content\/uploads\/2023\/09\/WhatsApp-Image-2023-09-19-at-14.44.41-122x122.jpeg","url":"https:\/\/macite.tg\/wp-content\/uploads\/2023\/09\/WhatsApp-Image-2023-09-19-at-14.44.41-122x122.jpeg","contentUrl":"https:\/\/macite.tg\/wp-content\/uploads\/2023\/09\/WhatsApp-Image-2023-09-19-at-14.44.41-122x122.jpeg","caption":"Jean Pierre BAWELA"},"url":"https:\/\/macite.tg\/?author=2"}]}},"_links":{"self":[{"href":"https:\/\/macite.tg\/index.php?rest_route=\/wp\/v2\/posts\/19841","targetHints":{"allow":["GET"]}}],"collection":[{"href":"https:\/\/macite.tg\/index.php?rest_route=\/wp\/v2\/posts"}],"about":[{"href":"https:\/\/macite.tg\/index.php?rest_route=\/wp\/v2\/types\/post"}],"author":[{"embeddable":true,"href":"https:\/\/macite.tg\/index.php?rest_route=\/wp\/v2\/users\/2"}],"replies":[{"embeddable":true,"href":"https:\/\/macite.tg\/index.php?rest_route=%2Fwp%2Fv2%2Fcomments&post=19841"}],"version-history":[{"count":0,"href":"https:\/\/macite.tg\/index.php?rest_route=\/wp\/v2\/posts\/19841\/revisions"}],"wp:featuredmedia":[{"embeddable":true,"href":"https:\/\/macite.tg\/index.php?rest_route=\/wp\/v2\/media\/19842"}],"wp:attachment":[{"href":"https:\/\/macite.tg\/index.php?rest_route=%2Fwp%2Fv2%2Fmedia&parent=19841"}],"wp:term":[{"taxonomy":"category","embeddable":true,"href":"https:\/\/macite.tg\/index.php?rest_route=%2Fwp%2Fv2%2Fcategories&post=19841"},{"taxonomy":"post_tag","embeddable":true,"href":"https:\/\/macite.tg\/index.php?rest_route=%2Fwp%2Fv2%2Ftags&post=19841"}],"curies":[{"name":"wp","href":"https:\/\/api.w.org\/{rel}","templated":true}]}}