{"id":19837,"date":"2025-01-31T19:36:09","date_gmt":"2025-01-31T19:36:09","guid":{"rendered":"https:\/\/macite.tg\/?p=19837"},"modified":"2025-01-31T19:37:37","modified_gmt":"2025-01-31T19:37:37","slug":"journees-du-secteur-prive-les-rideaux-se-sont-refermes-sur-lacte-2","status":"publish","type":"post","link":"https:\/\/macite.tg\/?p=19837","title":{"rendered":"JOURNEES DU SECTEUR PRIVE\u00a0: Les rideaux se sont referm\u00e9s sur l\u2019acte 2"},"content":{"rendered":"\n<p class=\"wp-block-paragraph\"><strong><em>La deuxi\u00e8me \u00e9dition des&nbsp;<a href=\"https:\/\/www.republiquetogolaise.com\/gouvernance-economique\/2801-10240-la-2eme-edition-des-journees-du-secteur-prive-s-ouvre-ce-28-janvier\">Journ\u00e9es du secteur priv\u00e9<\/a><\/em><\/strong><strong><em>&nbsp;s\u2019est achev\u00e9e le jeudi 30 janvier, par un forum consacr\u00e9 \u00e0 la sous-traitance et le partenariat,&nbsp;deux leviers importants pour l\u2019essor des PME et entreprises locales. D\u2019autant que les petites entreprises, repr\u00e9sentent pr\u00e8s de 90% du nombre total d&rsquo;entreprises au Togo<\/em><\/strong><\/p>\n\n\n\n<p class=\"wp-block-paragraph\">L&rsquo;\u00e9v\u00e9nement, initi\u00e9 par le minist\u00e8re du commerce, a permis de mettre en lumi\u00e8re les d\u00e9fis et opportunit\u00e9s du secteur.<\/p>\n\n\n\n<p class=\"wp-block-paragraph\">Pendant deux jours, d\u00e9cideurs, chefs d\u2019entreprises et investisseurs ont multipli\u00e9 les \u00e9changes autour des d\u00e9fis du secteur&nbsp;:&nbsp;de la collaboration entre les grandes entreprises et les tr\u00e8s petites, petites et moyennes entreprises (TPME) aux questions li\u00e9es au financement et \u00e0 la comp\u00e9titivit\u00e9. L\u2019heure \u00e9tait aux opportunit\u00e9s et aux strat\u00e9gies pour structurer un \u00e9cosyst\u00e8me plus dynamique et inclusif.&nbsp;<\/p>\n\n\n<div class=\"wp-block-image\">\n<figure class=\"aligncenter size-large is-resized\"><img loading=\"lazy\" decoding=\"async\" width=\"727\" height=\"1024\" src=\"https:\/\/macite.tg\/wp-content\/uploads\/2025\/01\/Com-vente-aux-encheres_04-Fevrier-727x1024.jpg\" alt=\"\" class=\"wp-image-19808\" style=\"width:549px;height:auto\" srcset=\"https:\/\/macite.tg\/wp-content\/uploads\/2025\/01\/Com-vente-aux-encheres_04-Fevrier-727x1024.jpg 727w, https:\/\/macite.tg\/wp-content\/uploads\/2025\/01\/Com-vente-aux-encheres_04-Fevrier-213x300.jpg 213w, https:\/\/macite.tg\/wp-content\/uploads\/2025\/01\/Com-vente-aux-encheres_04-Fevrier-768x1082.jpg 768w, https:\/\/macite.tg\/wp-content\/uploads\/2025\/01\/Com-vente-aux-encheres_04-Fevrier.jpg 940w\" sizes=\"auto, (max-width: 727px) 100vw, 727px\" \/><\/figure>\n<\/div>\n\n\n<p class=\"wp-block-paragraph\">Au cours des \u00e9changes, des recommandations ont \u00e9t\u00e9 formul\u00e9es pour renforcer la comp\u00e9titivit\u00e9 des entreprises et favoriser un environnement propice \u00e0 la croissance des TPME. Gouvernance, acc\u00e8s au financement, gestion des ressources humaines\u2026 autant de leviers identifi\u00e9s pour assurer un d\u00e9veloppement durable du secteur priv\u00e9.<\/p>\n\n\n\n<p class=\"wp-block-paragraph\">\u201c<em>C\u2019est le lieu pour moi de f\u00e9liciter le secteur priv\u00e9 togolais pour son dynamisme et surtout pour sa r\u00e9silience malgr\u00e9 les diff\u00e9rents chocs exog\u00e8nes qui provoquent des tensions sur les cha\u00eenes d\u2019approvisionnement<\/em>\u201d, a indiqu\u00e9 la ministre du commerce, de l&rsquo;artisanat et de la consommation locale, Kayi Mivedor-Sambiani.<\/p>\n\n\n\n<p class=\"wp-block-paragraph\">Pour sa part, le Pr\u00e9sident du Groupement togolais des tr\u00e8s petites, petites et moyennes entreprises (GTPME), Aboki Vignon, intervenant au nom du Pr\u00e9sident du Conseil National du Patronat (CNP), a mis l&rsquo;accent sur la n\u00e9cessit\u00e9 de nouer des partenariats strat\u00e9giques avec les grandes entreprises afin d&rsquo;assurer un d\u00e9veloppement durable et effectif des TPME.<\/p>\n\n\n\n<p class=\"wp-block-paragraph\">En rappel, cette deuxi\u00e8me \u00e9dition du secteur priv\u00e9 avait d\u00e9marr\u00e9 avec un webinaire sur des th\u00e9matiques centr\u00e9es notamment sur les enjeux et d\u00e9fis li\u00e9s aux partenariats entre les grandes entreprises et les TPME.<\/p>\n\n\n\n<p class=\"wp-block-paragraph\">Au Togo, les investissements priv\u00e9s ont progress\u00e9 de 4,5% en moyenne au cours des&nbsp;derni\u00e8res ann\u00e9es pour atteindre plus de 20% du PIB en 2022, tandis que les flux d\u2019investissements directs \u00e9trangers ont atteint pr\u00e8s de 230 millions&nbsp;$ en 2022.<\/p>\n\n\n<div class=\"wp-block-image\">\n<figure class=\"aligncenter size-full is-resized\"><img loading=\"lazy\" decoding=\"async\" width=\"500\" height=\"698\" src=\"https:\/\/macite.tg\/wp-content\/uploads\/2025\/01\/OTR_Soumission-Douanes.jpg\" alt=\"\" class=\"wp-image-19738\" style=\"width:614px;height:auto\" srcset=\"https:\/\/macite.tg\/wp-content\/uploads\/2025\/01\/OTR_Soumission-Douanes.jpg 500w, https:\/\/macite.tg\/wp-content\/uploads\/2025\/01\/OTR_Soumission-Douanes-215x300.jpg 215w\" sizes=\"auto, (max-width: 500px) 100vw, 500px\" \/><\/figure>\n<\/div>\n\n\n<p class=\"wp-block-paragraph\">En mai 2024, le gouvernement, \u00e0 travers le Comit\u00e9 de concertation \u00c9tat-secteur priv\u00e9 (CCESP), a lanc\u00e9&nbsp;<a href=\"https:\/\/www.republiquetogolaise.com\/gouvernance-economique\/2705-9289-climat-des-affaires-l-etat-et-le-secteur-prive-lancent-une-enquete-de-satisfaction\">une enqu\u00eate nationale de satisfaction<\/a>&nbsp;afin d\u2019\u00e9valuer les relations entre le secteur priv\u00e9 et l\u2019administration publique. Men\u00e9e par l&rsquo;INSEED, cette \u00e9tude porte sur un \u00e9chantillon de 2500 entreprises. Les r\u00e9sultats, encore attendus, devraient fournir des indications cl\u00e9s pour am\u00e9liorer le climat des affaires et renforcer la collaboration entre les acteurs \u00e9conomiques et les autorit\u00e9s publiques.<\/p>\n\n\n\n<p class=\"wp-block-paragraph\"><strong>Source&nbsp;: republiquetogolaise<\/strong><\/p>\n\n\n\n<p class=\"wp-block-paragraph\"><a><strong><em>@macite.tg&nbsp;&nbsp;&nbsp;&nbsp;&nbsp;&nbsp;&nbsp;&nbsp;<\/em><\/strong><\/a><\/p>\n\n\n\n<p class=\"wp-block-paragraph\"><strong><em>E-mail&nbsp;: <\/em><\/strong><a href=\"mailto:maciteinfo@gmail.com\"><strong><em>maciteinfo@gmail.com<\/em><\/strong><\/a><strong><em>; <\/em><\/strong><a href=\"mailto:bawela1@gmail.com\"><strong><em>bawela1@gmail.com<\/em><\/strong><\/a><strong><em><\/em><\/strong><\/p>\n\n\n\n<p class=\"wp-block-paragraph\"><strong><em>Pour vos annonces, (publi)reportages, etc., joignez-nous au (00228)91515309\/<strong>79872224 <\/strong>www.macite.tg, L\u2019information, la bonne&nbsp;!<\/em><\/strong><\/p>\n","protected":false},"excerpt":{"rendered":"<p class=\"text-justify mb-2\" >La deuxi\u00e8me \u00e9dition des&nbsp;Journ\u00e9es du secteur priv\u00e9&nbsp;s\u2019est achev\u00e9e le jeudi 30 janvier, par un forum consacr\u00e9 \u00e0 la sous-traitance et le partenariat,&nbsp;deux leviers importants pour l\u2019essor des PME et entreprises locales. D\u2019autant que les petites entreprises, repr\u00e9sentent pr\u00e8s de 90% du nombre total d&rsquo;entreprises au [&hellip;]<\/p>\n","protected":false},"author":2,"featured_media":19839,"comment_status":"open","ping_status":"open","sticky":false,"template":"","format":"standard","meta":{"footnotes":""},"categories":[20,25],"tags":[],"class_list":["post-19837","post","type-post","status-publish","format-standard","has-post-thumbnail","hentry","category-actualite","category-entrepreneuriat"],"yoast_head":"<!-- This site is optimized with the Yoast SEO plugin v28.4 - https:\/\/yoast.com\/product\/yoast-seo-wordpress\/ -->\n<title>JOURNEES DU SECTEUR PRIVE\u00a0: Les rideaux se sont referm\u00e9s sur l\u2019acte 2 -<\/title>\n<meta name=\"robots\" content=\"index, follow, max-snippet:-1, max-image-preview:large, max-video-preview:-1\" \/>\n<link rel=\"canonical\" href=\"https:\/\/macite.tg\/?p=19837\" \/>\n<meta property=\"og:locale\" content=\"fr_FR\" \/>\n<meta property=\"og:type\" content=\"article\" \/>\n<meta property=\"og:title\" content=\"JOURNEES DU SECTEUR PRIVE\u00a0: Les rideaux se sont referm\u00e9s sur l\u2019acte 2 -\" \/>\n<meta property=\"og:description\" content=\"La deuxi\u00e8me \u00e9dition des&nbsp;Journ\u00e9es du secteur priv\u00e9&nbsp;s\u2019est achev\u00e9e le jeudi 30 janvier, par un forum consacr\u00e9 \u00e0 la sous-traitance et le partenariat,&nbsp;deux leviers importants pour l\u2019essor des PME et entreprises locales. D\u2019autant que les petites entreprises, repr\u00e9sentent pr\u00e8s de 90% du nombre total d&rsquo;entreprises au [&hellip;]\" \/>\n<meta property=\"og:url\" content=\"https:\/\/macite.tg\/?p=19837\" \/>\n<meta property=\"article:published_time\" content=\"2025-01-31T19:36:09+00:00\" \/>\n<meta property=\"article:modified_time\" content=\"2025-01-31T19:37:37+00:00\" \/>\n<meta property=\"og:image\" content=\"https:\/\/macite.tg\/wp-content\/uploads\/2025\/01\/Journee-sec-prive.jpg\" \/>\n\t<meta property=\"og:image:width\" content=\"500\" \/>\n\t<meta property=\"og:image:height\" content=\"391\" \/>\n\t<meta property=\"og:image:type\" content=\"image\/jpeg\" \/>\n<meta name=\"author\" content=\"Jean Pierre BAWELA\" \/>\n<meta name=\"twitter:card\" content=\"summary_large_image\" \/>\n<meta name=\"twitter:label1\" content=\"\u00c9crit par\" \/>\n\t<meta name=\"twitter:data1\" content=\"Jean Pierre BAWELA\" \/>\n\t<meta name=\"twitter:label2\" content=\"Dur\u00e9e de lecture estim\u00e9e\" \/>\n\t<meta name=\"twitter:data2\" content=\"3 minutes\" \/>\n<script type=\"application\/ld+json\" class=\"yoast-schema-graph\">{\"@context\":\"https:\\\/\\\/schema.org\",\"@graph\":[{\"@type\":\"Article\",\"@id\":\"https:\\\/\\\/macite.tg\\\/?p=19837#article\",\"isPartOf\":{\"@id\":\"https:\\\/\\\/macite.tg\\\/?p=19837\"},\"author\":{\"name\":\"Jean Pierre BAWELA\",\"@id\":\"https:\\\/\\\/macite.tg\\\/#\\\/schema\\\/person\\\/e9f2de7e5dbbe7770a9402c7ce82f5c2\"},\"headline\":\"JOURNEES DU SECTEUR PRIVE\u00a0: Les rideaux se sont referm\u00e9s sur l\u2019acte 2\",\"datePublished\":\"2025-01-31T19:36:09+00:00\",\"dateModified\":\"2025-01-31T19:37:37+00:00\",\"mainEntityOfPage\":{\"@id\":\"https:\\\/\\\/macite.tg\\\/?p=19837\"},\"wordCount\":527,\"commentCount\":0,\"image\":{\"@id\":\"https:\\\/\\\/macite.tg\\\/?p=19837#primaryimage\"},\"thumbnailUrl\":\"https:\\\/\\\/macite.tg\\\/wp-content\\\/uploads\\\/2025\\\/01\\\/Journee-sec-prive.jpg\",\"articleSection\":[\"ACTUALITE\",\"ENTREPRENEURIAT\"],\"inLanguage\":\"fr-FR\",\"potentialAction\":[{\"@type\":\"CommentAction\",\"name\":\"Comment\",\"target\":[\"https:\\\/\\\/macite.tg\\\/?p=19837#respond\"]}]},{\"@type\":\"WebPage\",\"@id\":\"https:\\\/\\\/macite.tg\\\/?p=19837\",\"url\":\"https:\\\/\\\/macite.tg\\\/?p=19837\",\"name\":\"JOURNEES DU SECTEUR PRIVE\u00a0: Les rideaux se sont referm\u00e9s sur l\u2019acte 2 -\",\"isPartOf\":{\"@id\":\"https:\\\/\\\/macite.tg\\\/#website\"},\"primaryImageOfPage\":{\"@id\":\"https:\\\/\\\/macite.tg\\\/?p=19837#primaryimage\"},\"image\":{\"@id\":\"https:\\\/\\\/macite.tg\\\/?p=19837#primaryimage\"},\"thumbnailUrl\":\"https:\\\/\\\/macite.tg\\\/wp-content\\\/uploads\\\/2025\\\/01\\\/Journee-sec-prive.jpg\",\"datePublished\":\"2025-01-31T19:36:09+00:00\",\"dateModified\":\"2025-01-31T19:37:37+00:00\",\"author\":{\"@id\":\"https:\\\/\\\/macite.tg\\\/#\\\/schema\\\/person\\\/e9f2de7e5dbbe7770a9402c7ce82f5c2\"},\"breadcrumb\":{\"@id\":\"https:\\\/\\\/macite.tg\\\/?p=19837#breadcrumb\"},\"inLanguage\":\"fr-FR\",\"potentialAction\":[{\"@type\":\"ReadAction\",\"target\":[\"https:\\\/\\\/macite.tg\\\/?p=19837\"]}]},{\"@type\":\"ImageObject\",\"inLanguage\":\"fr-FR\",\"@id\":\"https:\\\/\\\/macite.tg\\\/?p=19837#primaryimage\",\"url\":\"https:\\\/\\\/macite.tg\\\/wp-content\\\/uploads\\\/2025\\\/01\\\/Journee-sec-prive.jpg\",\"contentUrl\":\"https:\\\/\\\/macite.tg\\\/wp-content\\\/uploads\\\/2025\\\/01\\\/Journee-sec-prive.jpg\",\"width\":500,\"height\":391},{\"@type\":\"BreadcrumbList\",\"@id\":\"https:\\\/\\\/macite.tg\\\/?p=19837#breadcrumb\",\"itemListElement\":[{\"@type\":\"ListItem\",\"position\":1,\"name\":\"Accueil\",\"item\":\"https:\\\/\\\/macite.tg\\\/\"},{\"@type\":\"ListItem\",\"position\":2,\"name\":\"JOURNEES DU SECTEUR PRIVE\u00a0: Les rideaux se sont referm\u00e9s sur l\u2019acte 2\"}]},{\"@type\":\"WebSite\",\"@id\":\"https:\\\/\\\/macite.tg\\\/#website\",\"url\":\"https:\\\/\\\/macite.tg\\\/\",\"name\":\"\",\"description\":\"L&#039;information, la bonne!!!\",\"potentialAction\":[{\"@type\":\"SearchAction\",\"target\":{\"@type\":\"EntryPoint\",\"urlTemplate\":\"https:\\\/\\\/macite.tg\\\/?s={search_term_string}\"},\"query-input\":{\"@type\":\"PropertyValueSpecification\",\"valueRequired\":true,\"valueName\":\"search_term_string\"}}],\"inLanguage\":\"fr-FR\"},{\"@type\":\"Person\",\"@id\":\"https:\\\/\\\/macite.tg\\\/#\\\/schema\\\/person\\\/e9f2de7e5dbbe7770a9402c7ce82f5c2\",\"name\":\"Jean Pierre BAWELA\",\"image\":{\"@type\":\"ImageObject\",\"inLanguage\":\"fr-FR\",\"@id\":\"https:\\\/\\\/macite.tg\\\/wp-content\\\/uploads\\\/2023\\\/09\\\/WhatsApp-Image-2023-09-19-at-14.44.41-122x122.jpeg\",\"url\":\"https:\\\/\\\/macite.tg\\\/wp-content\\\/uploads\\\/2023\\\/09\\\/WhatsApp-Image-2023-09-19-at-14.44.41-122x122.jpeg\",\"contentUrl\":\"https:\\\/\\\/macite.tg\\\/wp-content\\\/uploads\\\/2023\\\/09\\\/WhatsApp-Image-2023-09-19-at-14.44.41-122x122.jpeg\",\"caption\":\"Jean Pierre BAWELA\"},\"url\":\"https:\\\/\\\/macite.tg\\\/?author=2\"}]}<\/script>\n<!-- \/ Yoast SEO plugin. -->","yoast_head_json":{"title":"JOURNEES DU SECTEUR PRIVE\u00a0: Les rideaux se sont referm\u00e9s sur l\u2019acte 2 -","robots":{"index":"index","follow":"follow","max-snippet":"max-snippet:-1","max-image-preview":"max-image-preview:large","max-video-preview":"max-video-preview:-1"},"canonical":"https:\/\/macite.tg\/?p=19837","og_locale":"fr_FR","og_type":"article","og_title":"JOURNEES DU SECTEUR PRIVE\u00a0: Les rideaux se sont referm\u00e9s sur l\u2019acte 2 -","og_description":"La deuxi\u00e8me \u00e9dition des&nbsp;Journ\u00e9es du secteur priv\u00e9&nbsp;s\u2019est achev\u00e9e le jeudi 30 janvier, par un forum consacr\u00e9 \u00e0 la sous-traitance et le partenariat,&nbsp;deux leviers importants pour l\u2019essor des PME et entreprises locales. D\u2019autant que les petites entreprises, repr\u00e9sentent pr\u00e8s de 90% du nombre total d&rsquo;entreprises au [&hellip;]","og_url":"https:\/\/macite.tg\/?p=19837","article_published_time":"2025-01-31T19:36:09+00:00","article_modified_time":"2025-01-31T19:37:37+00:00","og_image":[{"width":500,"height":391,"url":"https:\/\/macite.tg\/wp-content\/uploads\/2025\/01\/Journee-sec-prive.jpg","type":"image\/jpeg"}],"author":"Jean Pierre BAWELA","twitter_card":"summary_large_image","twitter_misc":{"\u00c9crit par":"Jean Pierre BAWELA","Dur\u00e9e de lecture estim\u00e9e":"3 minutes"},"schema":{"@context":"https:\/\/schema.org","@graph":[{"@type":"Article","@id":"https:\/\/macite.tg\/?p=19837#article","isPartOf":{"@id":"https:\/\/macite.tg\/?p=19837"},"author":{"name":"Jean Pierre BAWELA","@id":"https:\/\/macite.tg\/#\/schema\/person\/e9f2de7e5dbbe7770a9402c7ce82f5c2"},"headline":"JOURNEES DU SECTEUR PRIVE\u00a0: Les rideaux se sont referm\u00e9s sur l\u2019acte 2","datePublished":"2025-01-31T19:36:09+00:00","dateModified":"2025-01-31T19:37:37+00:00","mainEntityOfPage":{"@id":"https:\/\/macite.tg\/?p=19837"},"wordCount":527,"commentCount":0,"image":{"@id":"https:\/\/macite.tg\/?p=19837#primaryimage"},"thumbnailUrl":"https:\/\/macite.tg\/wp-content\/uploads\/2025\/01\/Journee-sec-prive.jpg","articleSection":["ACTUALITE","ENTREPRENEURIAT"],"inLanguage":"fr-FR","potentialAction":[{"@type":"CommentAction","name":"Comment","target":["https:\/\/macite.tg\/?p=19837#respond"]}]},{"@type":"WebPage","@id":"https:\/\/macite.tg\/?p=19837","url":"https:\/\/macite.tg\/?p=19837","name":"JOURNEES DU SECTEUR PRIVE\u00a0: Les rideaux se sont referm\u00e9s sur l\u2019acte 2 -","isPartOf":{"@id":"https:\/\/macite.tg\/#website"},"primaryImageOfPage":{"@id":"https:\/\/macite.tg\/?p=19837#primaryimage"},"image":{"@id":"https:\/\/macite.tg\/?p=19837#primaryimage"},"thumbnailUrl":"https:\/\/macite.tg\/wp-content\/uploads\/2025\/01\/Journee-sec-prive.jpg","datePublished":"2025-01-31T19:36:09+00:00","dateModified":"2025-01-31T19:37:37+00:00","author":{"@id":"https:\/\/macite.tg\/#\/schema\/person\/e9f2de7e5dbbe7770a9402c7ce82f5c2"},"breadcrumb":{"@id":"https:\/\/macite.tg\/?p=19837#breadcrumb"},"inLanguage":"fr-FR","potentialAction":[{"@type":"ReadAction","target":["https:\/\/macite.tg\/?p=19837"]}]},{"@type":"ImageObject","inLanguage":"fr-FR","@id":"https:\/\/macite.tg\/?p=19837#primaryimage","url":"https:\/\/macite.tg\/wp-content\/uploads\/2025\/01\/Journee-sec-prive.jpg","contentUrl":"https:\/\/macite.tg\/wp-content\/uploads\/2025\/01\/Journee-sec-prive.jpg","width":500,"height":391},{"@type":"BreadcrumbList","@id":"https:\/\/macite.tg\/?p=19837#breadcrumb","itemListElement":[{"@type":"ListItem","position":1,"name":"Accueil","item":"https:\/\/macite.tg\/"},{"@type":"ListItem","position":2,"name":"JOURNEES DU SECTEUR PRIVE\u00a0: Les rideaux se sont referm\u00e9s sur l\u2019acte 2"}]},{"@type":"WebSite","@id":"https:\/\/macite.tg\/#website","url":"https:\/\/macite.tg\/","name":"","description":"L&#039;information, la bonne!!!","potentialAction":[{"@type":"SearchAction","target":{"@type":"EntryPoint","urlTemplate":"https:\/\/macite.tg\/?s={search_term_string}"},"query-input":{"@type":"PropertyValueSpecification","valueRequired":true,"valueName":"search_term_string"}}],"inLanguage":"fr-FR"},{"@type":"Person","@id":"https:\/\/macite.tg\/#\/schema\/person\/e9f2de7e5dbbe7770a9402c7ce82f5c2","name":"Jean Pierre BAWELA","image":{"@type":"ImageObject","inLanguage":"fr-FR","@id":"https:\/\/macite.tg\/wp-content\/uploads\/2023\/09\/WhatsApp-Image-2023-09-19-at-14.44.41-122x122.jpeg","url":"https:\/\/macite.tg\/wp-content\/uploads\/2023\/09\/WhatsApp-Image-2023-09-19-at-14.44.41-122x122.jpeg","contentUrl":"https:\/\/macite.tg\/wp-content\/uploads\/2023\/09\/WhatsApp-Image-2023-09-19-at-14.44.41-122x122.jpeg","caption":"Jean Pierre BAWELA"},"url":"https:\/\/macite.tg\/?author=2"}]}},"_links":{"self":[{"href":"https:\/\/macite.tg\/index.php?rest_route=\/wp\/v2\/posts\/19837","targetHints":{"allow":["GET"]}}],"collection":[{"href":"https:\/\/macite.tg\/index.php?rest_route=\/wp\/v2\/posts"}],"about":[{"href":"https:\/\/macite.tg\/index.php?rest_route=\/wp\/v2\/types\/post"}],"author":[{"embeddable":true,"href":"https:\/\/macite.tg\/index.php?rest_route=\/wp\/v2\/users\/2"}],"replies":[{"embeddable":true,"href":"https:\/\/macite.tg\/index.php?rest_route=%2Fwp%2Fv2%2Fcomments&post=19837"}],"version-history":[{"count":0,"href":"https:\/\/macite.tg\/index.php?rest_route=\/wp\/v2\/posts\/19837\/revisions"}],"wp:featuredmedia":[{"embeddable":true,"href":"https:\/\/macite.tg\/index.php?rest_route=\/wp\/v2\/media\/19839"}],"wp:attachment":[{"href":"https:\/\/macite.tg\/index.php?rest_route=%2Fwp%2Fv2%2Fmedia&parent=19837"}],"wp:term":[{"taxonomy":"category","embeddable":true,"href":"https:\/\/macite.tg\/index.php?rest_route=%2Fwp%2Fv2%2Fcategories&post=19837"},{"taxonomy":"post_tag","embeddable":true,"href":"https:\/\/macite.tg\/index.php?rest_route=%2Fwp%2Fv2%2Ftags&post=19837"}],"curies":[{"name":"wp","href":"https:\/\/api.w.org\/{rel}","templated":true}]}}