{"id":19795,"date":"2025-01-31T13:29:17","date_gmt":"2025-01-31T13:29:17","guid":{"rendered":"https:\/\/macite.tg\/?p=19795"},"modified":"2025-01-31T13:29:28","modified_gmt":"2025-01-31T13:29:28","slug":"prise-de-fonctions-les-nouveaux-prefets-de-golfe-agoe-nyive-akebou-ogou-tchaoudjo-et-kara-officiellement-installes","status":"publish","type":"post","link":"https:\/\/macite.tg\/?p=19795","title":{"rendered":"PRISE DE FONCTIONS : Les nouveaux pr\u00e9fets de Golfe, Ago\u00e8-Nyiv\u00e9, Ak\u00e9bou, Ogou, Tchaoudjo et Kara officiellement install\u00e9s"},"content":{"rendered":"\n<p class=\"wp-block-paragraph\"><strong><em>Nomm\u00e9s il y a quelques jours d\u00e9j\u00e0, les nouveaux pr\u00e9fets ont, pour la plupart, pris officiellement fonctions cette mi-semaine, \u00e0 la faveur de c\u00e9r\u00e9monies de passation de charges. Ceci en pr\u00e9sence des gouverneurs de r\u00e9gion identifi\u00e9e.<\/em><\/strong><\/p>\n\n\n\n<p class=\"wp-block-paragraph\">Les nouveaux pr\u00e9fets, nomm\u00e9s il y a quelques jours, ont officiellement fonction en milieu de cette semaine. C\u2019\u00e9tait au cours de c\u00e9r\u00e9monies de passation de charges, pr\u00e9sid\u00e9es par les gouverneurs des diff\u00e9rentes r\u00e9gions concern\u00e9es.<\/p>\n\n\n\n<p class=\"wp-block-paragraph\">Dans la pr\u00e9fecture du Golfe et \u00e0 Ago\u00e8-Nyiv\u00e9, Kossivi Agbodan et Wediabalo Tinaka ont \u00e9t\u00e9 officiellement investis lors de c\u00e9r\u00e9monies conduites par Mme Zour\u00e9hatou Kassa-Traor\u00e9.<\/p>\n\n\n<div class=\"wp-block-image\">\n<figure class=\"aligncenter size-full\"><img loading=\"lazy\" decoding=\"async\" width=\"851\" height=\"315\" src=\"https:\/\/macite.tg\/wp-content\/uploads\/2025\/01\/OTR_Renseignements-2.jpg\" alt=\"\" class=\"wp-image-19733\" srcset=\"https:\/\/macite.tg\/wp-content\/uploads\/2025\/01\/OTR_Renseignements-2.jpg 851w, https:\/\/macite.tg\/wp-content\/uploads\/2025\/01\/OTR_Renseignements-2-300x111.jpg 300w, https:\/\/macite.tg\/wp-content\/uploads\/2025\/01\/OTR_Renseignements-2-768x284.jpg 768w\" sizes=\"auto, (max-width: 851px) 100vw, 851px\" \/><\/figure>\n<\/div>\n\n\n<p class=\"wp-block-paragraph\">Dans la r\u00e9gion de la Kara, le Colonel Badibawou Bakali a pass\u00e9 le t\u00e9moin au Colonel Far\u00e9 Bonfo, \u00e0 la t\u00eate de la pr\u00e9fecture de la Kara. C\u2019\u00e9tait en pr\u00e9sence du G\u00e9n\u00e9ral Komlan Adjitowou.<\/p>\n\n\n\n<p class=\"wp-block-paragraph\">Dans la Centrale, Tchimbiandja Yendoukoa succ\u00e8de au Colonel Mat\u00e9indou Monpion, \u00e0 la t\u00eate de la pr\u00e9fecture de Tchaoudjo.<\/p>\n\n\n\n<p class=\"wp-block-paragraph\">Dans les Plateaux, les pr\u00e9fectures d\u2019Ak\u00e9bou et de l\u2019Ogou ont de nouveaux dirigeants. Dans l\u2019Ak\u00e9bou, Yovo Koffi-Kuma a pass\u00e9 la main, hier jeudi 30 janvier, \u00e0 Toyi Kokou, alors que dans l\u2019Ogou, No\u00ebl Kodjo succ\u00e8de \u00e0 Edoh Akakpo. C\u2019\u00e9tait en pr\u00e9sence du G\u00e9n\u00e9ral de Brigade Dadja Maganaw\u00e9.<\/p>\n\n\n<div class=\"wp-block-image\">\n<figure class=\"aligncenter size-full\"><img loading=\"lazy\" decoding=\"async\" width=\"500\" height=\"698\" src=\"https:\/\/macite.tg\/wp-content\/uploads\/2025\/01\/OTR_Soumission-Douanes.jpg\" alt=\"\" class=\"wp-image-19738\" srcset=\"https:\/\/macite.tg\/wp-content\/uploads\/2025\/01\/OTR_Soumission-Douanes.jpg 500w, https:\/\/macite.tg\/wp-content\/uploads\/2025\/01\/OTR_Soumission-Douanes-215x300.jpg 215w\" sizes=\"auto, (max-width: 500px) 100vw, 500px\" \/><\/figure>\n<\/div>\n\n\n<p class=\"wp-block-paragraph\">Notons que les pr\u00e9fets, d\u00e9positaires de l\u2019autorit\u00e9 de l\u2019Etat dans leur pr\u00e9fecture, sont responsables de la mise en \u0153uvre de la politique publique. Ils sont aussi responsables du contr\u00f4le administratif de la pr\u00e9fecture, des communes et de tous les \u00e9tablissements publics implant\u00e9s dans leur ressort territorial.<\/p>\n\n\n\n<p class=\"wp-block-paragraph\"><strong>JPB<\/strong><\/p>\n\n\n\n<p class=\"wp-block-paragraph\"><a><strong><em>@macite.tg&nbsp;&nbsp;&nbsp;&nbsp;&nbsp;&nbsp;&nbsp;&nbsp;<\/em><\/strong><\/a><\/p>\n\n\n\n<p class=\"wp-block-paragraph\"><strong><em>E-mail&nbsp;: <\/em><\/strong><a href=\"mailto:maciteinfo@gmail.com\"><strong><em>maciteinfo@gmail.com<\/em><\/strong><\/a><strong><em>; <\/em><\/strong><a href=\"mailto:bawela1@gmail.com\"><strong><em>bawela1@gmail.com<\/em><\/strong><\/a><strong><em><\/em><\/strong><\/p>\n\n\n\n<p class=\"wp-block-paragraph\"><strong><em>Pour vos annonces, (publi)reportages, etc., joignez-nous au (00228)91515309\/<strong>79872224 <\/strong>www.macite.tg, L\u2019information, la bonne&nbsp;!<\/em><\/strong><\/p>\n","protected":false},"excerpt":{"rendered":"<p class=\"text-justify mb-2\" >Nomm\u00e9s il y a quelques jours d\u00e9j\u00e0, les nouveaux pr\u00e9fets ont, pour la plupart, pris officiellement fonctions cette mi-semaine, \u00e0 la faveur de c\u00e9r\u00e9monies de passation de charges. Ceci en pr\u00e9sence des gouverneurs de r\u00e9gion identifi\u00e9e. Les nouveaux pr\u00e9fets, nomm\u00e9s il y a quelques jours, [&hellip;]<\/p>\n","protected":false},"author":2,"featured_media":19798,"comment_status":"open","ping_status":"open","sticky":false,"template":"","format":"standard","meta":{"footnotes":""},"categories":[20,1],"tags":[],"class_list":["post-19795","post","type-post","status-publish","format-standard","has-post-thumbnail","hentry","category-actualite","category-politique"],"yoast_head":"<!-- This site is optimized with the Yoast SEO plugin v28.4 - https:\/\/yoast.com\/product\/yoast-seo-wordpress\/ -->\n<title>PRISE DE FONCTIONS : Les nouveaux pr\u00e9fets de Golfe, Ago\u00e8-Nyiv\u00e9, Ak\u00e9bou, Ogou, Tchaoudjo et Kara officiellement install\u00e9s -<\/title>\n<meta name=\"robots\" content=\"index, follow, max-snippet:-1, max-image-preview:large, max-video-preview:-1\" \/>\n<link rel=\"canonical\" href=\"https:\/\/macite.tg\/?p=19795\" \/>\n<meta property=\"og:locale\" content=\"fr_FR\" \/>\n<meta property=\"og:type\" content=\"article\" \/>\n<meta property=\"og:title\" content=\"PRISE DE FONCTIONS : Les nouveaux pr\u00e9fets de Golfe, Ago\u00e8-Nyiv\u00e9, Ak\u00e9bou, Ogou, Tchaoudjo et Kara officiellement install\u00e9s -\" \/>\n<meta property=\"og:description\" content=\"Nomm\u00e9s il y a quelques jours d\u00e9j\u00e0, les nouveaux pr\u00e9fets ont, pour la plupart, pris officiellement fonctions cette mi-semaine, \u00e0 la faveur de c\u00e9r\u00e9monies de passation de charges. Ceci en pr\u00e9sence des gouverneurs de r\u00e9gion identifi\u00e9e. Les nouveaux pr\u00e9fets, nomm\u00e9s il y a quelques jours, [&hellip;]\" \/>\n<meta property=\"og:url\" content=\"https:\/\/macite.tg\/?p=19795\" \/>\n<meta property=\"article:published_time\" content=\"2025-01-31T13:29:17+00:00\" \/>\n<meta property=\"article:modified_time\" content=\"2025-01-31T13:29:28+00:00\" \/>\n<meta property=\"og:image\" content=\"https:\/\/macite.tg\/wp-content\/uploads\/2025\/01\/Prefets-installes.jpg\" \/>\n\t<meta property=\"og:image:width\" content=\"500\" \/>\n\t<meta property=\"og:image:height\" content=\"91\" \/>\n\t<meta property=\"og:image:type\" content=\"image\/jpeg\" \/>\n<meta name=\"author\" content=\"Jean Pierre BAWELA\" \/>\n<meta name=\"twitter:card\" content=\"summary_large_image\" \/>\n<meta name=\"twitter:label1\" content=\"\u00c9crit par\" \/>\n\t<meta name=\"twitter:data1\" content=\"Jean Pierre BAWELA\" \/>\n\t<meta name=\"twitter:label2\" content=\"Dur\u00e9e de lecture estim\u00e9e\" \/>\n\t<meta name=\"twitter:data2\" content=\"2 minutes\" \/>\n<script type=\"application\/ld+json\" class=\"yoast-schema-graph\">{\"@context\":\"https:\\\/\\\/schema.org\",\"@graph\":[{\"@type\":\"Article\",\"@id\":\"https:\\\/\\\/macite.tg\\\/?p=19795#article\",\"isPartOf\":{\"@id\":\"https:\\\/\\\/macite.tg\\\/?p=19795\"},\"author\":{\"name\":\"Jean Pierre BAWELA\",\"@id\":\"https:\\\/\\\/macite.tg\\\/#\\\/schema\\\/person\\\/e9f2de7e5dbbe7770a9402c7ce82f5c2\"},\"headline\":\"PRISE DE FONCTIONS : Les nouveaux pr\u00e9fets de Golfe, Ago\u00e8-Nyiv\u00e9, Ak\u00e9bou, Ogou, Tchaoudjo et Kara officiellement install\u00e9s\",\"datePublished\":\"2025-01-31T13:29:17+00:00\",\"dateModified\":\"2025-01-31T13:29:28+00:00\",\"mainEntityOfPage\":{\"@id\":\"https:\\\/\\\/macite.tg\\\/?p=19795\"},\"wordCount\":344,\"commentCount\":0,\"image\":{\"@id\":\"https:\\\/\\\/macite.tg\\\/?p=19795#primaryimage\"},\"thumbnailUrl\":\"https:\\\/\\\/macite.tg\\\/wp-content\\\/uploads\\\/2025\\\/01\\\/Prefets-installes.jpg\",\"articleSection\":[\"ACTUALITE\",\"POLITIQUE\"],\"inLanguage\":\"fr-FR\",\"potentialAction\":[{\"@type\":\"CommentAction\",\"name\":\"Comment\",\"target\":[\"https:\\\/\\\/macite.tg\\\/?p=19795#respond\"]}]},{\"@type\":\"WebPage\",\"@id\":\"https:\\\/\\\/macite.tg\\\/?p=19795\",\"url\":\"https:\\\/\\\/macite.tg\\\/?p=19795\",\"name\":\"PRISE DE FONCTIONS : Les nouveaux pr\u00e9fets de Golfe, Ago\u00e8-Nyiv\u00e9, Ak\u00e9bou, Ogou, Tchaoudjo et Kara officiellement install\u00e9s -\",\"isPartOf\":{\"@id\":\"https:\\\/\\\/macite.tg\\\/#website\"},\"primaryImageOfPage\":{\"@id\":\"https:\\\/\\\/macite.tg\\\/?p=19795#primaryimage\"},\"image\":{\"@id\":\"https:\\\/\\\/macite.tg\\\/?p=19795#primaryimage\"},\"thumbnailUrl\":\"https:\\\/\\\/macite.tg\\\/wp-content\\\/uploads\\\/2025\\\/01\\\/Prefets-installes.jpg\",\"datePublished\":\"2025-01-31T13:29:17+00:00\",\"dateModified\":\"2025-01-31T13:29:28+00:00\",\"author\":{\"@id\":\"https:\\\/\\\/macite.tg\\\/#\\\/schema\\\/person\\\/e9f2de7e5dbbe7770a9402c7ce82f5c2\"},\"breadcrumb\":{\"@id\":\"https:\\\/\\\/macite.tg\\\/?p=19795#breadcrumb\"},\"inLanguage\":\"fr-FR\",\"potentialAction\":[{\"@type\":\"ReadAction\",\"target\":[\"https:\\\/\\\/macite.tg\\\/?p=19795\"]}]},{\"@type\":\"ImageObject\",\"inLanguage\":\"fr-FR\",\"@id\":\"https:\\\/\\\/macite.tg\\\/?p=19795#primaryimage\",\"url\":\"https:\\\/\\\/macite.tg\\\/wp-content\\\/uploads\\\/2025\\\/01\\\/Prefets-installes.jpg\",\"contentUrl\":\"https:\\\/\\\/macite.tg\\\/wp-content\\\/uploads\\\/2025\\\/01\\\/Prefets-installes.jpg\",\"width\":500,\"height\":91},{\"@type\":\"BreadcrumbList\",\"@id\":\"https:\\\/\\\/macite.tg\\\/?p=19795#breadcrumb\",\"itemListElement\":[{\"@type\":\"ListItem\",\"position\":1,\"name\":\"Accueil\",\"item\":\"https:\\\/\\\/macite.tg\\\/\"},{\"@type\":\"ListItem\",\"position\":2,\"name\":\"PRISE DE FONCTIONS : Les nouveaux pr\u00e9fets de Golfe, Ago\u00e8-Nyiv\u00e9, Ak\u00e9bou, Ogou, Tchaoudjo et Kara officiellement install\u00e9s\"}]},{\"@type\":\"WebSite\",\"@id\":\"https:\\\/\\\/macite.tg\\\/#website\",\"url\":\"https:\\\/\\\/macite.tg\\\/\",\"name\":\"\",\"description\":\"L&#039;information, la bonne!!!\",\"potentialAction\":[{\"@type\":\"SearchAction\",\"target\":{\"@type\":\"EntryPoint\",\"urlTemplate\":\"https:\\\/\\\/macite.tg\\\/?s={search_term_string}\"},\"query-input\":{\"@type\":\"PropertyValueSpecification\",\"valueRequired\":true,\"valueName\":\"search_term_string\"}}],\"inLanguage\":\"fr-FR\"},{\"@type\":\"Person\",\"@id\":\"https:\\\/\\\/macite.tg\\\/#\\\/schema\\\/person\\\/e9f2de7e5dbbe7770a9402c7ce82f5c2\",\"name\":\"Jean Pierre BAWELA\",\"image\":{\"@type\":\"ImageObject\",\"inLanguage\":\"fr-FR\",\"@id\":\"https:\\\/\\\/macite.tg\\\/wp-content\\\/uploads\\\/2023\\\/09\\\/WhatsApp-Image-2023-09-19-at-14.44.41-122x122.jpeg\",\"url\":\"https:\\\/\\\/macite.tg\\\/wp-content\\\/uploads\\\/2023\\\/09\\\/WhatsApp-Image-2023-09-19-at-14.44.41-122x122.jpeg\",\"contentUrl\":\"https:\\\/\\\/macite.tg\\\/wp-content\\\/uploads\\\/2023\\\/09\\\/WhatsApp-Image-2023-09-19-at-14.44.41-122x122.jpeg\",\"caption\":\"Jean Pierre BAWELA\"},\"url\":\"https:\\\/\\\/macite.tg\\\/?author=2\"}]}<\/script>\n<!-- \/ Yoast SEO plugin. -->","yoast_head_json":{"title":"PRISE DE FONCTIONS : Les nouveaux pr\u00e9fets de Golfe, Ago\u00e8-Nyiv\u00e9, Ak\u00e9bou, Ogou, Tchaoudjo et Kara officiellement install\u00e9s -","robots":{"index":"index","follow":"follow","max-snippet":"max-snippet:-1","max-image-preview":"max-image-preview:large","max-video-preview":"max-video-preview:-1"},"canonical":"https:\/\/macite.tg\/?p=19795","og_locale":"fr_FR","og_type":"article","og_title":"PRISE DE FONCTIONS : Les nouveaux pr\u00e9fets de Golfe, Ago\u00e8-Nyiv\u00e9, Ak\u00e9bou, Ogou, Tchaoudjo et Kara officiellement install\u00e9s -","og_description":"Nomm\u00e9s il y a quelques jours d\u00e9j\u00e0, les nouveaux pr\u00e9fets ont, pour la plupart, pris officiellement fonctions cette mi-semaine, \u00e0 la faveur de c\u00e9r\u00e9monies de passation de charges. Ceci en pr\u00e9sence des gouverneurs de r\u00e9gion identifi\u00e9e. Les nouveaux pr\u00e9fets, nomm\u00e9s il y a quelques jours, [&hellip;]","og_url":"https:\/\/macite.tg\/?p=19795","article_published_time":"2025-01-31T13:29:17+00:00","article_modified_time":"2025-01-31T13:29:28+00:00","og_image":[{"width":500,"height":91,"url":"https:\/\/macite.tg\/wp-content\/uploads\/2025\/01\/Prefets-installes.jpg","type":"image\/jpeg"}],"author":"Jean Pierre BAWELA","twitter_card":"summary_large_image","twitter_misc":{"\u00c9crit par":"Jean Pierre BAWELA","Dur\u00e9e de lecture estim\u00e9e":"2 minutes"},"schema":{"@context":"https:\/\/schema.org","@graph":[{"@type":"Article","@id":"https:\/\/macite.tg\/?p=19795#article","isPartOf":{"@id":"https:\/\/macite.tg\/?p=19795"},"author":{"name":"Jean Pierre BAWELA","@id":"https:\/\/macite.tg\/#\/schema\/person\/e9f2de7e5dbbe7770a9402c7ce82f5c2"},"headline":"PRISE DE FONCTIONS : Les nouveaux pr\u00e9fets de Golfe, Ago\u00e8-Nyiv\u00e9, Ak\u00e9bou, Ogou, Tchaoudjo et Kara officiellement install\u00e9s","datePublished":"2025-01-31T13:29:17+00:00","dateModified":"2025-01-31T13:29:28+00:00","mainEntityOfPage":{"@id":"https:\/\/macite.tg\/?p=19795"},"wordCount":344,"commentCount":0,"image":{"@id":"https:\/\/macite.tg\/?p=19795#primaryimage"},"thumbnailUrl":"https:\/\/macite.tg\/wp-content\/uploads\/2025\/01\/Prefets-installes.jpg","articleSection":["ACTUALITE","POLITIQUE"],"inLanguage":"fr-FR","potentialAction":[{"@type":"CommentAction","name":"Comment","target":["https:\/\/macite.tg\/?p=19795#respond"]}]},{"@type":"WebPage","@id":"https:\/\/macite.tg\/?p=19795","url":"https:\/\/macite.tg\/?p=19795","name":"PRISE DE FONCTIONS : Les nouveaux pr\u00e9fets de Golfe, Ago\u00e8-Nyiv\u00e9, Ak\u00e9bou, Ogou, Tchaoudjo et Kara officiellement install\u00e9s -","isPartOf":{"@id":"https:\/\/macite.tg\/#website"},"primaryImageOfPage":{"@id":"https:\/\/macite.tg\/?p=19795#primaryimage"},"image":{"@id":"https:\/\/macite.tg\/?p=19795#primaryimage"},"thumbnailUrl":"https:\/\/macite.tg\/wp-content\/uploads\/2025\/01\/Prefets-installes.jpg","datePublished":"2025-01-31T13:29:17+00:00","dateModified":"2025-01-31T13:29:28+00:00","author":{"@id":"https:\/\/macite.tg\/#\/schema\/person\/e9f2de7e5dbbe7770a9402c7ce82f5c2"},"breadcrumb":{"@id":"https:\/\/macite.tg\/?p=19795#breadcrumb"},"inLanguage":"fr-FR","potentialAction":[{"@type":"ReadAction","target":["https:\/\/macite.tg\/?p=19795"]}]},{"@type":"ImageObject","inLanguage":"fr-FR","@id":"https:\/\/macite.tg\/?p=19795#primaryimage","url":"https:\/\/macite.tg\/wp-content\/uploads\/2025\/01\/Prefets-installes.jpg","contentUrl":"https:\/\/macite.tg\/wp-content\/uploads\/2025\/01\/Prefets-installes.jpg","width":500,"height":91},{"@type":"BreadcrumbList","@id":"https:\/\/macite.tg\/?p=19795#breadcrumb","itemListElement":[{"@type":"ListItem","position":1,"name":"Accueil","item":"https:\/\/macite.tg\/"},{"@type":"ListItem","position":2,"name":"PRISE DE FONCTIONS : Les nouveaux pr\u00e9fets de Golfe, Ago\u00e8-Nyiv\u00e9, Ak\u00e9bou, Ogou, Tchaoudjo et Kara officiellement install\u00e9s"}]},{"@type":"WebSite","@id":"https:\/\/macite.tg\/#website","url":"https:\/\/macite.tg\/","name":"","description":"L&#039;information, la bonne!!!","potentialAction":[{"@type":"SearchAction","target":{"@type":"EntryPoint","urlTemplate":"https:\/\/macite.tg\/?s={search_term_string}"},"query-input":{"@type":"PropertyValueSpecification","valueRequired":true,"valueName":"search_term_string"}}],"inLanguage":"fr-FR"},{"@type":"Person","@id":"https:\/\/macite.tg\/#\/schema\/person\/e9f2de7e5dbbe7770a9402c7ce82f5c2","name":"Jean Pierre BAWELA","image":{"@type":"ImageObject","inLanguage":"fr-FR","@id":"https:\/\/macite.tg\/wp-content\/uploads\/2023\/09\/WhatsApp-Image-2023-09-19-at-14.44.41-122x122.jpeg","url":"https:\/\/macite.tg\/wp-content\/uploads\/2023\/09\/WhatsApp-Image-2023-09-19-at-14.44.41-122x122.jpeg","contentUrl":"https:\/\/macite.tg\/wp-content\/uploads\/2023\/09\/WhatsApp-Image-2023-09-19-at-14.44.41-122x122.jpeg","caption":"Jean Pierre BAWELA"},"url":"https:\/\/macite.tg\/?author=2"}]}},"_links":{"self":[{"href":"https:\/\/macite.tg\/index.php?rest_route=\/wp\/v2\/posts\/19795","targetHints":{"allow":["GET"]}}],"collection":[{"href":"https:\/\/macite.tg\/index.php?rest_route=\/wp\/v2\/posts"}],"about":[{"href":"https:\/\/macite.tg\/index.php?rest_route=\/wp\/v2\/types\/post"}],"author":[{"embeddable":true,"href":"https:\/\/macite.tg\/index.php?rest_route=\/wp\/v2\/users\/2"}],"replies":[{"embeddable":true,"href":"https:\/\/macite.tg\/index.php?rest_route=%2Fwp%2Fv2%2Fcomments&post=19795"}],"version-history":[{"count":0,"href":"https:\/\/macite.tg\/index.php?rest_route=\/wp\/v2\/posts\/19795\/revisions"}],"wp:featuredmedia":[{"embeddable":true,"href":"https:\/\/macite.tg\/index.php?rest_route=\/wp\/v2\/media\/19798"}],"wp:attachment":[{"href":"https:\/\/macite.tg\/index.php?rest_route=%2Fwp%2Fv2%2Fmedia&parent=19795"}],"wp:term":[{"taxonomy":"category","embeddable":true,"href":"https:\/\/macite.tg\/index.php?rest_route=%2Fwp%2Fv2%2Fcategories&post=19795"},{"taxonomy":"post_tag","embeddable":true,"href":"https:\/\/macite.tg\/index.php?rest_route=%2Fwp%2Fv2%2Ftags&post=19795"}],"curies":[{"name":"wp","href":"https:\/\/api.w.org\/{rel}","templated":true}]}}