{"id":19789,"date":"2025-01-31T11:54:44","date_gmt":"2025-01-31T11:54:44","guid":{"rendered":"https:\/\/macite.tg\/?p=19789"},"modified":"2025-01-31T12:42:01","modified_gmt":"2025-01-31T12:42:01","slug":"sortie-du-burkina-niger-et-mali-de-la-cedeao-des-milliers-de-manifestants-des-pays-de-laes-dans-les-rues","status":"publish","type":"post","link":"https:\/\/macite.tg\/?p=19789","title":{"rendered":"SORTIE DU BURKINA, NIGER ET MALI DE LA CEDEAO\u00a0: Des milliers de manifestants des pays de l\u2019AES dans les rues\u2026"},"content":{"rendered":"\n<p class=\"wp-block-paragraph\"><strong><em>Des manifestations dans plusieurs villes du Burkina Faso et du Niger ont eu lieu, mardi 28 janvier dernier, pour c\u00e9l\u00e9brer la sortie de la Communaut\u00e9 \u00e9conomique et de d\u00e9veloppement des \u00c9tats de l\u2019Afrique de l\u2019Ouest (CEDEAO) par les pays de l\u2019Alliance des \u00c9tats du Sahel (AES). Cette sortie a \u00e9t\u00e9 effective le mercredi 29 janvier dernier. Disant soutenir la d\u00e9cision des leaders de l\u2019AES, notamment du Burkina Faso, du Mali et du Niger, plusieurs milliers de personnes ont r\u00e9pondu pr\u00e9sent.<\/em><\/strong><\/p>\n\n\n\n<p class=\"wp-block-paragraph\">\u00c0 Niamey, au milieu de la foule, un faux cadavre sur un brancard est recouvert d\u2019un drapeau aux couleurs de la C\u00e9d\u00e9ao. Au milieu&nbsp;: une photo du pr\u00e9sident fran\u00e7ais Emmanuel Macron. Soit une fa\u00e7on de simuler la mort de l\u2019organisation ouest africaine et de celui dont accusent d\u2019\u00eatre derri\u00e8re.<\/p>\n\n\n\n<p class=\"wp-block-paragraph\">Comme dans d\u2019autres villes nig\u00e9riennes, \u00e0 Agadez, des milliers de personnes se sont rassembl\u00e9es dans un stade pour manifester leur soutien \u00e0 cette sortie de l\u2019AES de la CEDEAO. Les drapeaux des trois pays, Niger, Burkina et Mali sont partout, ainsi que le drapeau de la Russie. \u00ab&nbsp;<em>\u00c0 bas la CEDEAO et vive l\u2019AES&nbsp;<\/em>\u00bb \u00e9tait aussi visible sur des pancartes.<\/p>\n\n\n<div class=\"wp-block-image\">\n<figure class=\"aligncenter size-full is-resized\"><img loading=\"lazy\" decoding=\"async\" width=\"500\" height=\"681\" src=\"https:\/\/macite.tg\/wp-content\/uploads\/2025\/01\/OTR_TPU.jpg\" alt=\"\" class=\"wp-image-19737\" style=\"width:500px;height:auto\" srcset=\"https:\/\/macite.tg\/wp-content\/uploads\/2025\/01\/OTR_TPU.jpg 500w, https:\/\/macite.tg\/wp-content\/uploads\/2025\/01\/OTR_TPU-220x300.jpg 220w\" sizes=\"auto, (max-width: 500px) 100vw, 500px\" \/><\/figure>\n<\/div>\n\n\n<p class=\"wp-block-paragraph\">M\u00eame dynamique de l\u2019autre c\u00f4t\u00e9 de la fronti\u00e8re, au Burkina Faso.&nbsp;Les cha\u00eenes burkinab\u00e8 ont diffus\u00e9 depuis le matin du mercredi dernier, les images de la foule rassembl\u00e9e sur la place de la R\u00e9volution, \u00e0 Ouagadougou. Certains les drapeaux des trois pays de l\u2019AES &#8211;&nbsp;Burkina, Mali&nbsp;et Niger&nbsp;&#8211; et de la Russie, d\u2019autres avec des pancartes. Ces derni\u00e8res affichaient : \u00ab&nbsp;<em>\u00c0 bas la CEDEAO pourrie, vive l\u2019AES<\/em>&nbsp;\u00bb, ou bien \u00ab&nbsp;<em>28\/01\/2025, on ne veut plus de la CEDEAO<\/em>&nbsp;\u00bb, \u00ab&nbsp;<em>nous voulons la paix, vive l\u2019AES<\/em>&nbsp;\u00bb, entre autres.<\/p>\n\n\n<div class=\"wp-block-image\">\n<figure class=\"aligncenter size-full is-resized\"><img loading=\"lazy\" decoding=\"async\" width=\"690\" height=\"170\" src=\"https:\/\/macite.tg\/wp-content\/uploads\/2025\/01\/IMG-20240313-WA0013-2.jpg\" alt=\"\" class=\"wp-image-19790\" style=\"width:840px;height:auto\" srcset=\"https:\/\/macite.tg\/wp-content\/uploads\/2025\/01\/IMG-20240313-WA0013-2.jpg 690w, https:\/\/macite.tg\/wp-content\/uploads\/2025\/01\/IMG-20240313-WA0013-2-300x74.jpg 300w\" sizes=\"auto, (max-width: 690px) 100vw, 690px\" \/><\/figure>\n<\/div>\n\n\n<p class=\"wp-block-paragraph\">&nbsp;\u00ab&nbsp;<em>Nous sommes mobilis\u00e9s pour montrer que la sortie de la C\u00e9d\u00e9ao n\u2019est pas une simple d\u00e9cision des trois chefs d\u2019\u00c9tat. Les peuples de l\u2019AES soutiennent leurs pr\u00e9sidents<\/em>&nbsp;\u00bb, affirme ce soutien des autorit\u00e9s militaires, explique ce militant visiblement satisfait.<\/p>\n\n\n\n<p class=\"wp-block-paragraph\">Ces rassemblements ont eu lieu dans plusieurs villes du pays. \u00c0 Fada N\u2019Gourma, chef-lieu de la r\u00e9gion de l\u2019Est, la foule scandait \u00ab&nbsp;<em>Oui \u00e0 l\u2019AES, non \u00e0 la CEDEAO<\/em>&nbsp;\u00bb. Ou \u00ab&nbsp;<em>Adieu la CEDEAO aux mains li\u00e9es<\/em>&nbsp;\u00bb.<\/p>\n\n\n\n<p class=\"wp-block-paragraph\">M\u00eame dynamique \u00e0 Djibo, r\u00e9gion du Sahel, les manifestants se sont retrouv\u00e9s pour \u00e9riger les fondations d\u2019un rond-point d\u00e9j\u00e0 baptis\u00e9 du nom de l\u2019AES.<\/p>\n\n\n<div class=\"wp-block-image\">\n<figure class=\"aligncenter size-full\"><img loading=\"lazy\" decoding=\"async\" width=\"500\" height=\"698\" src=\"https:\/\/macite.tg\/wp-content\/uploads\/2025\/01\/OTR_Soumission-Douanes-1.jpg\" alt=\"\" class=\"wp-image-19739\" srcset=\"https:\/\/macite.tg\/wp-content\/uploads\/2025\/01\/OTR_Soumission-Douanes-1.jpg 500w, https:\/\/macite.tg\/wp-content\/uploads\/2025\/01\/OTR_Soumission-Douanes-1-215x300.jpg 215w\" sizes=\"auto, (max-width: 500px) 100vw, 500px\" \/><\/figure>\n<\/div>\n\n\n<p class=\"wp-block-paragraph\">\u00c0 Tenkodogo, dans la r\u00e9gion du Centre-Est, les manifestants ont transport\u00e9 \u00e0 bout de bras un faux cadavre envelopp\u00e9 dans un drapeau aux couleurs de la CEDEAO. Comme pour simuler la mort de l\u2019organisation ouest-africaine.<\/p>\n\n\n\n<p class=\"wp-block-paragraph\"><strong>MSN<\/strong><\/p>\n\n\n\n<p class=\"wp-block-paragraph\"><a><strong><em>@macite.tg&nbsp;&nbsp;&nbsp;&nbsp;&nbsp;&nbsp;&nbsp;&nbsp;<\/em><\/strong><\/a><\/p>\n\n\n\n<p class=\"wp-block-paragraph\"><strong><em>E-mail&nbsp;: <\/em><\/strong><a href=\"mailto:maciteinfo@gmail.com\"><strong><em>maciteinfo@gmail.com<\/em><\/strong><\/a><strong><em>; <\/em><\/strong><a href=\"mailto:bawela1@gmail.com\"><strong><em>bawela1@gmail.com<\/em><\/strong><\/a><strong><em><\/em><\/strong><\/p>\n\n\n\n<p class=\"wp-block-paragraph\"><strong><em>Pour vos annonces, (publi)reportages, etc., joignez-nous au (00228)91515309\/<strong>79872224 <\/strong>www.macite.tg, L\u2019information, la bonne&nbsp;!<\/em><\/strong><\/p>\n","protected":false},"excerpt":{"rendered":"<p class=\"text-justify mb-2\" >Des manifestations dans plusieurs villes du Burkina Faso et du Niger ont eu lieu, mardi 28 janvier dernier, pour c\u00e9l\u00e9brer la sortie de la Communaut\u00e9 \u00e9conomique et de d\u00e9veloppement des \u00c9tats de l\u2019Afrique de l\u2019Ouest (CEDEAO) par les pays de l\u2019Alliance des \u00c9tats du Sahel [&hellip;]<\/p>\n","protected":false},"author":2,"featured_media":19791,"comment_status":"open","ping_status":"open","sticky":false,"template":"","format":"standard","meta":{"footnotes":""},"categories":[20,1],"tags":[],"class_list":["post-19789","post","type-post","status-publish","format-standard","has-post-thumbnail","hentry","category-actualite","category-politique"],"yoast_head":"<!-- This site is optimized with the Yoast SEO plugin v28.4 - https:\/\/yoast.com\/product\/yoast-seo-wordpress\/ -->\n<title>SORTIE DU BURKINA, NIGER ET MALI DE LA CEDEAO\u00a0: Des milliers de manifestants des pays de l\u2019AES dans les rues\u2026 -<\/title>\n<meta name=\"robots\" content=\"index, follow, max-snippet:-1, max-image-preview:large, max-video-preview:-1\" \/>\n<link rel=\"canonical\" href=\"https:\/\/macite.tg\/?p=19789\" \/>\n<meta property=\"og:locale\" content=\"fr_FR\" \/>\n<meta property=\"og:type\" content=\"article\" \/>\n<meta property=\"og:title\" content=\"SORTIE DU BURKINA, NIGER ET MALI DE LA CEDEAO\u00a0: Des milliers de manifestants des pays de l\u2019AES dans les rues\u2026 -\" \/>\n<meta property=\"og:description\" content=\"Des manifestations dans plusieurs villes du Burkina Faso et du Niger ont eu lieu, mardi 28 janvier dernier, pour c\u00e9l\u00e9brer la sortie de la Communaut\u00e9 \u00e9conomique et de d\u00e9veloppement des \u00c9tats de l\u2019Afrique de l\u2019Ouest (CEDEAO) par les pays de l\u2019Alliance des \u00c9tats du Sahel [&hellip;]\" \/>\n<meta property=\"og:url\" content=\"https:\/\/macite.tg\/?p=19789\" \/>\n<meta property=\"article:published_time\" content=\"2025-01-31T11:54:44+00:00\" \/>\n<meta property=\"article:modified_time\" content=\"2025-01-31T12:42:01+00:00\" \/>\n<meta property=\"og:image\" content=\"https:\/\/macite.tg\/wp-content\/uploads\/2025\/01\/AES-militants.jpg\" \/>\n\t<meta property=\"og:image:width\" content=\"500\" \/>\n\t<meta property=\"og:image:height\" content=\"281\" \/>\n\t<meta property=\"og:image:type\" content=\"image\/jpeg\" \/>\n<meta name=\"author\" content=\"Jean Pierre BAWELA\" \/>\n<meta name=\"twitter:card\" content=\"summary_large_image\" \/>\n<meta name=\"twitter:label1\" content=\"\u00c9crit par\" \/>\n\t<meta name=\"twitter:data1\" content=\"Jean Pierre BAWELA\" \/>\n\t<meta name=\"twitter:label2\" content=\"Dur\u00e9e de lecture estim\u00e9e\" \/>\n\t<meta name=\"twitter:data2\" content=\"3 minutes\" \/>\n<script type=\"application\/ld+json\" class=\"yoast-schema-graph\">{\"@context\":\"https:\\\/\\\/schema.org\",\"@graph\":[{\"@type\":\"Article\",\"@id\":\"https:\\\/\\\/macite.tg\\\/?p=19789#article\",\"isPartOf\":{\"@id\":\"https:\\\/\\\/macite.tg\\\/?p=19789\"},\"author\":{\"name\":\"Jean Pierre BAWELA\",\"@id\":\"https:\\\/\\\/macite.tg\\\/#\\\/schema\\\/person\\\/e9f2de7e5dbbe7770a9402c7ce82f5c2\"},\"headline\":\"SORTIE DU BURKINA, NIGER ET MALI DE LA CEDEAO\u00a0: Des milliers de manifestants des pays de l\u2019AES dans les rues\u2026\",\"datePublished\":\"2025-01-31T11:54:44+00:00\",\"dateModified\":\"2025-01-31T12:42:01+00:00\",\"mainEntityOfPage\":{\"@id\":\"https:\\\/\\\/macite.tg\\\/?p=19789\"},\"wordCount\":527,\"commentCount\":0,\"image\":{\"@id\":\"https:\\\/\\\/macite.tg\\\/?p=19789#primaryimage\"},\"thumbnailUrl\":\"https:\\\/\\\/macite.tg\\\/wp-content\\\/uploads\\\/2025\\\/01\\\/AES-militants.jpg\",\"articleSection\":[\"ACTUALITE\",\"POLITIQUE\"],\"inLanguage\":\"fr-FR\",\"potentialAction\":[{\"@type\":\"CommentAction\",\"name\":\"Comment\",\"target\":[\"https:\\\/\\\/macite.tg\\\/?p=19789#respond\"]}]},{\"@type\":\"WebPage\",\"@id\":\"https:\\\/\\\/macite.tg\\\/?p=19789\",\"url\":\"https:\\\/\\\/macite.tg\\\/?p=19789\",\"name\":\"SORTIE DU BURKINA, NIGER ET MALI DE LA CEDEAO\u00a0: Des milliers de manifestants des pays de l\u2019AES dans les rues\u2026 -\",\"isPartOf\":{\"@id\":\"https:\\\/\\\/macite.tg\\\/#website\"},\"primaryImageOfPage\":{\"@id\":\"https:\\\/\\\/macite.tg\\\/?p=19789#primaryimage\"},\"image\":{\"@id\":\"https:\\\/\\\/macite.tg\\\/?p=19789#primaryimage\"},\"thumbnailUrl\":\"https:\\\/\\\/macite.tg\\\/wp-content\\\/uploads\\\/2025\\\/01\\\/AES-militants.jpg\",\"datePublished\":\"2025-01-31T11:54:44+00:00\",\"dateModified\":\"2025-01-31T12:42:01+00:00\",\"author\":{\"@id\":\"https:\\\/\\\/macite.tg\\\/#\\\/schema\\\/person\\\/e9f2de7e5dbbe7770a9402c7ce82f5c2\"},\"breadcrumb\":{\"@id\":\"https:\\\/\\\/macite.tg\\\/?p=19789#breadcrumb\"},\"inLanguage\":\"fr-FR\",\"potentialAction\":[{\"@type\":\"ReadAction\",\"target\":[\"https:\\\/\\\/macite.tg\\\/?p=19789\"]}]},{\"@type\":\"ImageObject\",\"inLanguage\":\"fr-FR\",\"@id\":\"https:\\\/\\\/macite.tg\\\/?p=19789#primaryimage\",\"url\":\"https:\\\/\\\/macite.tg\\\/wp-content\\\/uploads\\\/2025\\\/01\\\/AES-militants.jpg\",\"contentUrl\":\"https:\\\/\\\/macite.tg\\\/wp-content\\\/uploads\\\/2025\\\/01\\\/AES-militants.jpg\",\"width\":500,\"height\":281,\"caption\":\"Des manifestants \u00e0 Niamey le 28 janvier 2025 pour c\u00e9l\u00e9brer la sortie des pays de l'AES de la CEDEAO.\"},{\"@type\":\"BreadcrumbList\",\"@id\":\"https:\\\/\\\/macite.tg\\\/?p=19789#breadcrumb\",\"itemListElement\":[{\"@type\":\"ListItem\",\"position\":1,\"name\":\"Accueil\",\"item\":\"https:\\\/\\\/macite.tg\\\/\"},{\"@type\":\"ListItem\",\"position\":2,\"name\":\"SORTIE DU BURKINA, NIGER ET MALI DE LA CEDEAO\u00a0: Des milliers de manifestants des pays de l\u2019AES dans les rues\u2026\"}]},{\"@type\":\"WebSite\",\"@id\":\"https:\\\/\\\/macite.tg\\\/#website\",\"url\":\"https:\\\/\\\/macite.tg\\\/\",\"name\":\"\",\"description\":\"L&#039;information, la bonne!!!\",\"potentialAction\":[{\"@type\":\"SearchAction\",\"target\":{\"@type\":\"EntryPoint\",\"urlTemplate\":\"https:\\\/\\\/macite.tg\\\/?s={search_term_string}\"},\"query-input\":{\"@type\":\"PropertyValueSpecification\",\"valueRequired\":true,\"valueName\":\"search_term_string\"}}],\"inLanguage\":\"fr-FR\"},{\"@type\":\"Person\",\"@id\":\"https:\\\/\\\/macite.tg\\\/#\\\/schema\\\/person\\\/e9f2de7e5dbbe7770a9402c7ce82f5c2\",\"name\":\"Jean Pierre BAWELA\",\"image\":{\"@type\":\"ImageObject\",\"inLanguage\":\"fr-FR\",\"@id\":\"https:\\\/\\\/macite.tg\\\/wp-content\\\/uploads\\\/2023\\\/09\\\/WhatsApp-Image-2023-09-19-at-14.44.41-122x122.jpeg\",\"url\":\"https:\\\/\\\/macite.tg\\\/wp-content\\\/uploads\\\/2023\\\/09\\\/WhatsApp-Image-2023-09-19-at-14.44.41-122x122.jpeg\",\"contentUrl\":\"https:\\\/\\\/macite.tg\\\/wp-content\\\/uploads\\\/2023\\\/09\\\/WhatsApp-Image-2023-09-19-at-14.44.41-122x122.jpeg\",\"caption\":\"Jean Pierre BAWELA\"},\"url\":\"https:\\\/\\\/macite.tg\\\/?author=2\"}]}<\/script>\n<!-- \/ Yoast SEO plugin. -->","yoast_head_json":{"title":"SORTIE DU BURKINA, NIGER ET MALI DE LA CEDEAO\u00a0: Des milliers de manifestants des pays de l\u2019AES dans les rues\u2026 -","robots":{"index":"index","follow":"follow","max-snippet":"max-snippet:-1","max-image-preview":"max-image-preview:large","max-video-preview":"max-video-preview:-1"},"canonical":"https:\/\/macite.tg\/?p=19789","og_locale":"fr_FR","og_type":"article","og_title":"SORTIE DU BURKINA, NIGER ET MALI DE LA CEDEAO\u00a0: Des milliers de manifestants des pays de l\u2019AES dans les rues\u2026 -","og_description":"Des manifestations dans plusieurs villes du Burkina Faso et du Niger ont eu lieu, mardi 28 janvier dernier, pour c\u00e9l\u00e9brer la sortie de la Communaut\u00e9 \u00e9conomique et de d\u00e9veloppement des \u00c9tats de l\u2019Afrique de l\u2019Ouest (CEDEAO) par les pays de l\u2019Alliance des \u00c9tats du Sahel [&hellip;]","og_url":"https:\/\/macite.tg\/?p=19789","article_published_time":"2025-01-31T11:54:44+00:00","article_modified_time":"2025-01-31T12:42:01+00:00","og_image":[{"width":500,"height":281,"url":"https:\/\/macite.tg\/wp-content\/uploads\/2025\/01\/AES-militants.jpg","type":"image\/jpeg"}],"author":"Jean Pierre BAWELA","twitter_card":"summary_large_image","twitter_misc":{"\u00c9crit par":"Jean Pierre BAWELA","Dur\u00e9e de lecture estim\u00e9e":"3 minutes"},"schema":{"@context":"https:\/\/schema.org","@graph":[{"@type":"Article","@id":"https:\/\/macite.tg\/?p=19789#article","isPartOf":{"@id":"https:\/\/macite.tg\/?p=19789"},"author":{"name":"Jean Pierre BAWELA","@id":"https:\/\/macite.tg\/#\/schema\/person\/e9f2de7e5dbbe7770a9402c7ce82f5c2"},"headline":"SORTIE DU BURKINA, NIGER ET MALI DE LA CEDEAO\u00a0: Des milliers de manifestants des pays de l\u2019AES dans les rues\u2026","datePublished":"2025-01-31T11:54:44+00:00","dateModified":"2025-01-31T12:42:01+00:00","mainEntityOfPage":{"@id":"https:\/\/macite.tg\/?p=19789"},"wordCount":527,"commentCount":0,"image":{"@id":"https:\/\/macite.tg\/?p=19789#primaryimage"},"thumbnailUrl":"https:\/\/macite.tg\/wp-content\/uploads\/2025\/01\/AES-militants.jpg","articleSection":["ACTUALITE","POLITIQUE"],"inLanguage":"fr-FR","potentialAction":[{"@type":"CommentAction","name":"Comment","target":["https:\/\/macite.tg\/?p=19789#respond"]}]},{"@type":"WebPage","@id":"https:\/\/macite.tg\/?p=19789","url":"https:\/\/macite.tg\/?p=19789","name":"SORTIE DU BURKINA, NIGER ET MALI DE LA CEDEAO\u00a0: Des milliers de manifestants des pays de l\u2019AES dans les rues\u2026 -","isPartOf":{"@id":"https:\/\/macite.tg\/#website"},"primaryImageOfPage":{"@id":"https:\/\/macite.tg\/?p=19789#primaryimage"},"image":{"@id":"https:\/\/macite.tg\/?p=19789#primaryimage"},"thumbnailUrl":"https:\/\/macite.tg\/wp-content\/uploads\/2025\/01\/AES-militants.jpg","datePublished":"2025-01-31T11:54:44+00:00","dateModified":"2025-01-31T12:42:01+00:00","author":{"@id":"https:\/\/macite.tg\/#\/schema\/person\/e9f2de7e5dbbe7770a9402c7ce82f5c2"},"breadcrumb":{"@id":"https:\/\/macite.tg\/?p=19789#breadcrumb"},"inLanguage":"fr-FR","potentialAction":[{"@type":"ReadAction","target":["https:\/\/macite.tg\/?p=19789"]}]},{"@type":"ImageObject","inLanguage":"fr-FR","@id":"https:\/\/macite.tg\/?p=19789#primaryimage","url":"https:\/\/macite.tg\/wp-content\/uploads\/2025\/01\/AES-militants.jpg","contentUrl":"https:\/\/macite.tg\/wp-content\/uploads\/2025\/01\/AES-militants.jpg","width":500,"height":281,"caption":"Des manifestants \u00e0 Niamey le 28 janvier 2025 pour c\u00e9l\u00e9brer la sortie des pays de l'AES de la CEDEAO."},{"@type":"BreadcrumbList","@id":"https:\/\/macite.tg\/?p=19789#breadcrumb","itemListElement":[{"@type":"ListItem","position":1,"name":"Accueil","item":"https:\/\/macite.tg\/"},{"@type":"ListItem","position":2,"name":"SORTIE DU BURKINA, NIGER ET MALI DE LA CEDEAO\u00a0: Des milliers de manifestants des pays de l\u2019AES dans les rues\u2026"}]},{"@type":"WebSite","@id":"https:\/\/macite.tg\/#website","url":"https:\/\/macite.tg\/","name":"","description":"L&#039;information, la bonne!!!","potentialAction":[{"@type":"SearchAction","target":{"@type":"EntryPoint","urlTemplate":"https:\/\/macite.tg\/?s={search_term_string}"},"query-input":{"@type":"PropertyValueSpecification","valueRequired":true,"valueName":"search_term_string"}}],"inLanguage":"fr-FR"},{"@type":"Person","@id":"https:\/\/macite.tg\/#\/schema\/person\/e9f2de7e5dbbe7770a9402c7ce82f5c2","name":"Jean Pierre BAWELA","image":{"@type":"ImageObject","inLanguage":"fr-FR","@id":"https:\/\/macite.tg\/wp-content\/uploads\/2023\/09\/WhatsApp-Image-2023-09-19-at-14.44.41-122x122.jpeg","url":"https:\/\/macite.tg\/wp-content\/uploads\/2023\/09\/WhatsApp-Image-2023-09-19-at-14.44.41-122x122.jpeg","contentUrl":"https:\/\/macite.tg\/wp-content\/uploads\/2023\/09\/WhatsApp-Image-2023-09-19-at-14.44.41-122x122.jpeg","caption":"Jean Pierre BAWELA"},"url":"https:\/\/macite.tg\/?author=2"}]}},"_links":{"self":[{"href":"https:\/\/macite.tg\/index.php?rest_route=\/wp\/v2\/posts\/19789","targetHints":{"allow":["GET"]}}],"collection":[{"href":"https:\/\/macite.tg\/index.php?rest_route=\/wp\/v2\/posts"}],"about":[{"href":"https:\/\/macite.tg\/index.php?rest_route=\/wp\/v2\/types\/post"}],"author":[{"embeddable":true,"href":"https:\/\/macite.tg\/index.php?rest_route=\/wp\/v2\/users\/2"}],"replies":[{"embeddable":true,"href":"https:\/\/macite.tg\/index.php?rest_route=%2Fwp%2Fv2%2Fcomments&post=19789"}],"version-history":[{"count":0,"href":"https:\/\/macite.tg\/index.php?rest_route=\/wp\/v2\/posts\/19789\/revisions"}],"wp:featuredmedia":[{"embeddable":true,"href":"https:\/\/macite.tg\/index.php?rest_route=\/wp\/v2\/media\/19791"}],"wp:attachment":[{"href":"https:\/\/macite.tg\/index.php?rest_route=%2Fwp%2Fv2%2Fmedia&parent=19789"}],"wp:term":[{"taxonomy":"category","embeddable":true,"href":"https:\/\/macite.tg\/index.php?rest_route=%2Fwp%2Fv2%2Fcategories&post=19789"},{"taxonomy":"post_tag","embeddable":true,"href":"https:\/\/macite.tg\/index.php?rest_route=%2Fwp%2Fv2%2Ftags&post=19789"}],"curies":[{"name":"wp","href":"https:\/\/api.w.org\/{rel}","templated":true}]}}