{"id":19785,"date":"2025-01-31T11:36:27","date_gmt":"2025-01-31T11:36:27","guid":{"rendered":"https:\/\/macite.tg\/?p=19785"},"modified":"2025-01-31T11:36:41","modified_gmt":"2025-01-31T11:36:41","slug":"enquete-demographique-et-de-sante-bientot-un-4eme-exercice","status":"publish","type":"post","link":"https:\/\/macite.tg\/?p=19785","title":{"rendered":"ENQUETE DEMOGRAPHIQUE ET DE SANTE\u00a0: Bient\u00f4t un 4\u00e8me exercice \u2026"},"content":{"rendered":"\n<p class=\"wp-block-paragraph\"><strong><em>Cette 2025, le Togo va r\u00e9aliser une enqu\u00eate d\u00e9mographique et de sant\u00e9 (EDST-IV). L\u2019annonce a \u00e9t\u00e9 faite le mardi 28 janvier dernier, \u00e0 l\u2019issue de la r\u00e9union du Comit\u00e9 de pilotage du projet avec les partenaires techniques et financiers.<\/em><\/strong><\/p>\n\n\n\n<p class=\"wp-block-paragraph\">Dans le cadre du programme international Demographic Health Surveys (DHS), le Togo s\u2019appr\u00eate \u00e0 r\u00e9aliser, cette ann\u00e9e 2025, une enqu\u00eate d\u00e9mographique et de sant\u00e9 (EDST-IV), ceci apr\u00e8s plus d\u2019une d\u00e9cennie.<\/p>\n\n\n<div class=\"wp-block-image\">\n<figure class=\"aligncenter size-full\"><img loading=\"lazy\" decoding=\"async\" width=\"851\" height=\"315\" src=\"https:\/\/macite.tg\/wp-content\/uploads\/2025\/01\/OTR_Ferer-pour-batir-3.jpg\" alt=\"\" class=\"wp-image-19732\" srcset=\"https:\/\/macite.tg\/wp-content\/uploads\/2025\/01\/OTR_Ferer-pour-batir-3.jpg 851w, https:\/\/macite.tg\/wp-content\/uploads\/2025\/01\/OTR_Ferer-pour-batir-3-300x111.jpg 300w, https:\/\/macite.tg\/wp-content\/uploads\/2025\/01\/OTR_Ferer-pour-batir-3-768x284.jpg 768w\" sizes=\"auto, (max-width: 851px) 100vw, 851px\" \/><\/figure>\n<\/div>\n\n\n<p class=\"wp-block-paragraph\">Quatri\u00e8me exercice du genre, cette enqu\u00eate, qui sera men\u00e9e sous la supervision de l\u2019Institut national de la statistique et des \u00e9tudes \u00e9conomiques et d\u00e9mographiques (INSEED), se veut de collecter des donn\u00e9es essentielles sur la sant\u00e9 des populations togolaises. Elles porteront, notamment sur la sant\u00e9 maternelle et infantile, la nutrition et la planification familiale.&nbsp;<\/p>\n\n\n\n<p class=\"wp-block-paragraph\">Selon l\u2019autorit\u00e9, ces informations serviront de base pour l\u2019am\u00e9lioration des politiques publiques en mati\u00e8re de sant\u00e9, mais aussi sur l\u2019\u00e9laboration de nouvelles politiques dans ce sens.<\/p>\n\n\n<div class=\"wp-block-image\">\n<figure class=\"aligncenter size-full\"><img loading=\"lazy\" decoding=\"async\" width=\"500\" height=\"681\" src=\"https:\/\/macite.tg\/wp-content\/uploads\/2025\/01\/OTR_TPU.jpg\" alt=\"\" class=\"wp-image-19737\" srcset=\"https:\/\/macite.tg\/wp-content\/uploads\/2025\/01\/OTR_TPU.jpg 500w, https:\/\/macite.tg\/wp-content\/uploads\/2025\/01\/OTR_TPU-220x300.jpg 220w\" sizes=\"auto, (max-width: 500px) 100vw, 500px\" \/><\/figure>\n<\/div>\n\n\n<p class=\"wp-block-paragraph\">Notons que la derni\u00e8re enqu\u00eate remonte aux ann\u00e9e 2013-2014, apr\u00e8s celles r\u00e9alis\u00e9es en 1988 et 1998.<\/p>\n\n\n\n<p class=\"wp-block-paragraph\"><strong>JPB<\/strong><\/p>\n\n\n\n<p class=\"wp-block-paragraph\"><a><strong><em>@macite.tg&nbsp;&nbsp;&nbsp;&nbsp;&nbsp;&nbsp;&nbsp;&nbsp;<\/em><\/strong><\/a><\/p>\n\n\n\n<p class=\"wp-block-paragraph\"><strong><em>E-mail&nbsp;: <\/em><\/strong><a href=\"mailto:maciteinfo@gmail.com\"><strong><em>maciteinfo@gmail.com<\/em><\/strong><\/a><strong><em>; <\/em><\/strong><a href=\"mailto:bawela1@gmail.com\"><strong><em>bawela1@gmail.com<\/em><\/strong><\/a><strong><em><\/em><\/strong><\/p>\n\n\n\n<p class=\"wp-block-paragraph\"><strong><em>Pour vos annonces, (publi)reportages, etc., joignez-nous au (00228)91515309\/<strong>79872224 <\/strong>www.macite.tg, L\u2019information, la bonne&nbsp;!<\/em><\/strong><\/p>\n","protected":false},"excerpt":{"rendered":"<p class=\"text-justify mb-2\" >Cette 2025, le Togo va r\u00e9aliser une enqu\u00eate d\u00e9mographique et de sant\u00e9 (EDST-IV). L\u2019annonce a \u00e9t\u00e9 faite le mardi 28 janvier dernier, \u00e0 l\u2019issue de la r\u00e9union du Comit\u00e9 de pilotage du projet avec les partenaires techniques et financiers. Dans le cadre du programme international [&hellip;]<\/p>\n","protected":false},"author":2,"featured_media":19787,"comment_status":"open","ping_status":"open","sticky":false,"template":"","format":"standard","meta":{"footnotes":""},"categories":[20,5],"tags":[],"class_list":["post-19785","post","type-post","status-publish","format-standard","has-post-thumbnail","hentry","category-actualite","category-sante"],"yoast_head":"<!-- This site is optimized with the Yoast SEO plugin v28.4 - https:\/\/yoast.com\/product\/yoast-seo-wordpress\/ -->\n<title>ENQUETE DEMOGRAPHIQUE ET DE SANTE\u00a0: Bient\u00f4t un 4\u00e8me exercice \u2026 -<\/title>\n<meta name=\"robots\" content=\"index, follow, max-snippet:-1, max-image-preview:large, max-video-preview:-1\" \/>\n<link rel=\"canonical\" href=\"https:\/\/macite.tg\/?p=19785\" \/>\n<meta property=\"og:locale\" content=\"fr_FR\" \/>\n<meta property=\"og:type\" content=\"article\" \/>\n<meta property=\"og:title\" content=\"ENQUETE DEMOGRAPHIQUE ET DE SANTE\u00a0: Bient\u00f4t un 4\u00e8me exercice \u2026 -\" \/>\n<meta property=\"og:description\" content=\"Cette 2025, le Togo va r\u00e9aliser une enqu\u00eate d\u00e9mographique et de sant\u00e9 (EDST-IV). L\u2019annonce a \u00e9t\u00e9 faite le mardi 28 janvier dernier, \u00e0 l\u2019issue de la r\u00e9union du Comit\u00e9 de pilotage du projet avec les partenaires techniques et financiers. Dans le cadre du programme international [&hellip;]\" \/>\n<meta property=\"og:url\" content=\"https:\/\/macite.tg\/?p=19785\" \/>\n<meta property=\"article:published_time\" content=\"2025-01-31T11:36:27+00:00\" \/>\n<meta property=\"article:modified_time\" content=\"2025-01-31T11:36:41+00:00\" \/>\n<meta property=\"og:image\" content=\"https:\/\/macite.tg\/wp-content\/uploads\/2025\/01\/Enquete-sante.jpg\" \/>\n\t<meta property=\"og:image:width\" content=\"500\" \/>\n\t<meta property=\"og:image:height\" content=\"169\" \/>\n\t<meta property=\"og:image:type\" content=\"image\/jpeg\" \/>\n<meta name=\"author\" content=\"Jean Pierre BAWELA\" \/>\n<meta name=\"twitter:card\" content=\"summary_large_image\" \/>\n<meta name=\"twitter:label1\" content=\"\u00c9crit par\" \/>\n\t<meta name=\"twitter:data1\" content=\"Jean Pierre BAWELA\" \/>\n\t<meta name=\"twitter:label2\" content=\"Dur\u00e9e de lecture estim\u00e9e\" \/>\n\t<meta name=\"twitter:data2\" content=\"2 minutes\" \/>\n<script type=\"application\/ld+json\" class=\"yoast-schema-graph\">{\"@context\":\"https:\\\/\\\/schema.org\",\"@graph\":[{\"@type\":\"Article\",\"@id\":\"https:\\\/\\\/macite.tg\\\/?p=19785#article\",\"isPartOf\":{\"@id\":\"https:\\\/\\\/macite.tg\\\/?p=19785\"},\"author\":{\"name\":\"Jean Pierre BAWELA\",\"@id\":\"https:\\\/\\\/macite.tg\\\/#\\\/schema\\\/person\\\/e9f2de7e5dbbe7770a9402c7ce82f5c2\"},\"headline\":\"ENQUETE DEMOGRAPHIQUE ET DE SANTE\u00a0: Bient\u00f4t un 4\u00e8me exercice \u2026\",\"datePublished\":\"2025-01-31T11:36:27+00:00\",\"dateModified\":\"2025-01-31T11:36:41+00:00\",\"mainEntityOfPage\":{\"@id\":\"https:\\\/\\\/macite.tg\\\/?p=19785\"},\"wordCount\":235,\"commentCount\":0,\"image\":{\"@id\":\"https:\\\/\\\/macite.tg\\\/?p=19785#primaryimage\"},\"thumbnailUrl\":\"https:\\\/\\\/macite.tg\\\/wp-content\\\/uploads\\\/2025\\\/01\\\/Enquete-sante.jpg\",\"articleSection\":[\"ACTUALITE\",\"SANTE\"],\"inLanguage\":\"fr-FR\",\"potentialAction\":[{\"@type\":\"CommentAction\",\"name\":\"Comment\",\"target\":[\"https:\\\/\\\/macite.tg\\\/?p=19785#respond\"]}]},{\"@type\":\"WebPage\",\"@id\":\"https:\\\/\\\/macite.tg\\\/?p=19785\",\"url\":\"https:\\\/\\\/macite.tg\\\/?p=19785\",\"name\":\"ENQUETE DEMOGRAPHIQUE ET DE SANTE\u00a0: Bient\u00f4t un 4\u00e8me exercice \u2026 -\",\"isPartOf\":{\"@id\":\"https:\\\/\\\/macite.tg\\\/#website\"},\"primaryImageOfPage\":{\"@id\":\"https:\\\/\\\/macite.tg\\\/?p=19785#primaryimage\"},\"image\":{\"@id\":\"https:\\\/\\\/macite.tg\\\/?p=19785#primaryimage\"},\"thumbnailUrl\":\"https:\\\/\\\/macite.tg\\\/wp-content\\\/uploads\\\/2025\\\/01\\\/Enquete-sante.jpg\",\"datePublished\":\"2025-01-31T11:36:27+00:00\",\"dateModified\":\"2025-01-31T11:36:41+00:00\",\"author\":{\"@id\":\"https:\\\/\\\/macite.tg\\\/#\\\/schema\\\/person\\\/e9f2de7e5dbbe7770a9402c7ce82f5c2\"},\"breadcrumb\":{\"@id\":\"https:\\\/\\\/macite.tg\\\/?p=19785#breadcrumb\"},\"inLanguage\":\"fr-FR\",\"potentialAction\":[{\"@type\":\"ReadAction\",\"target\":[\"https:\\\/\\\/macite.tg\\\/?p=19785\"]}]},{\"@type\":\"ImageObject\",\"inLanguage\":\"fr-FR\",\"@id\":\"https:\\\/\\\/macite.tg\\\/?p=19785#primaryimage\",\"url\":\"https:\\\/\\\/macite.tg\\\/wp-content\\\/uploads\\\/2025\\\/01\\\/Enquete-sante.jpg\",\"contentUrl\":\"https:\\\/\\\/macite.tg\\\/wp-content\\\/uploads\\\/2025\\\/01\\\/Enquete-sante.jpg\",\"width\":500,\"height\":169,\"caption\":\"Le Comit\u00e9 de pilotage du projet en r\u00e9union mardi 28 janvier dernier \u00e0 Lom\u00e9.\"},{\"@type\":\"BreadcrumbList\",\"@id\":\"https:\\\/\\\/macite.tg\\\/?p=19785#breadcrumb\",\"itemListElement\":[{\"@type\":\"ListItem\",\"position\":1,\"name\":\"Accueil\",\"item\":\"https:\\\/\\\/macite.tg\\\/\"},{\"@type\":\"ListItem\",\"position\":2,\"name\":\"ENQUETE DEMOGRAPHIQUE ET DE SANTE\u00a0: Bient\u00f4t un 4\u00e8me exercice \u2026\"}]},{\"@type\":\"WebSite\",\"@id\":\"https:\\\/\\\/macite.tg\\\/#website\",\"url\":\"https:\\\/\\\/macite.tg\\\/\",\"name\":\"\",\"description\":\"L&#039;information, la bonne!!!\",\"potentialAction\":[{\"@type\":\"SearchAction\",\"target\":{\"@type\":\"EntryPoint\",\"urlTemplate\":\"https:\\\/\\\/macite.tg\\\/?s={search_term_string}\"},\"query-input\":{\"@type\":\"PropertyValueSpecification\",\"valueRequired\":true,\"valueName\":\"search_term_string\"}}],\"inLanguage\":\"fr-FR\"},{\"@type\":\"Person\",\"@id\":\"https:\\\/\\\/macite.tg\\\/#\\\/schema\\\/person\\\/e9f2de7e5dbbe7770a9402c7ce82f5c2\",\"name\":\"Jean Pierre BAWELA\",\"image\":{\"@type\":\"ImageObject\",\"inLanguage\":\"fr-FR\",\"@id\":\"https:\\\/\\\/macite.tg\\\/wp-content\\\/uploads\\\/2023\\\/09\\\/WhatsApp-Image-2023-09-19-at-14.44.41-122x122.jpeg\",\"url\":\"https:\\\/\\\/macite.tg\\\/wp-content\\\/uploads\\\/2023\\\/09\\\/WhatsApp-Image-2023-09-19-at-14.44.41-122x122.jpeg\",\"contentUrl\":\"https:\\\/\\\/macite.tg\\\/wp-content\\\/uploads\\\/2023\\\/09\\\/WhatsApp-Image-2023-09-19-at-14.44.41-122x122.jpeg\",\"caption\":\"Jean Pierre BAWELA\"},\"url\":\"https:\\\/\\\/macite.tg\\\/?author=2\"}]}<\/script>\n<!-- \/ Yoast SEO plugin. -->","yoast_head_json":{"title":"ENQUETE DEMOGRAPHIQUE ET DE SANTE\u00a0: Bient\u00f4t un 4\u00e8me exercice \u2026 -","robots":{"index":"index","follow":"follow","max-snippet":"max-snippet:-1","max-image-preview":"max-image-preview:large","max-video-preview":"max-video-preview:-1"},"canonical":"https:\/\/macite.tg\/?p=19785","og_locale":"fr_FR","og_type":"article","og_title":"ENQUETE DEMOGRAPHIQUE ET DE SANTE\u00a0: Bient\u00f4t un 4\u00e8me exercice \u2026 -","og_description":"Cette 2025, le Togo va r\u00e9aliser une enqu\u00eate d\u00e9mographique et de sant\u00e9 (EDST-IV). L\u2019annonce a \u00e9t\u00e9 faite le mardi 28 janvier dernier, \u00e0 l\u2019issue de la r\u00e9union du Comit\u00e9 de pilotage du projet avec les partenaires techniques et financiers. Dans le cadre du programme international [&hellip;]","og_url":"https:\/\/macite.tg\/?p=19785","article_published_time":"2025-01-31T11:36:27+00:00","article_modified_time":"2025-01-31T11:36:41+00:00","og_image":[{"width":500,"height":169,"url":"https:\/\/macite.tg\/wp-content\/uploads\/2025\/01\/Enquete-sante.jpg","type":"image\/jpeg"}],"author":"Jean Pierre BAWELA","twitter_card":"summary_large_image","twitter_misc":{"\u00c9crit par":"Jean Pierre BAWELA","Dur\u00e9e de lecture estim\u00e9e":"2 minutes"},"schema":{"@context":"https:\/\/schema.org","@graph":[{"@type":"Article","@id":"https:\/\/macite.tg\/?p=19785#article","isPartOf":{"@id":"https:\/\/macite.tg\/?p=19785"},"author":{"name":"Jean Pierre BAWELA","@id":"https:\/\/macite.tg\/#\/schema\/person\/e9f2de7e5dbbe7770a9402c7ce82f5c2"},"headline":"ENQUETE DEMOGRAPHIQUE ET DE SANTE\u00a0: Bient\u00f4t un 4\u00e8me exercice \u2026","datePublished":"2025-01-31T11:36:27+00:00","dateModified":"2025-01-31T11:36:41+00:00","mainEntityOfPage":{"@id":"https:\/\/macite.tg\/?p=19785"},"wordCount":235,"commentCount":0,"image":{"@id":"https:\/\/macite.tg\/?p=19785#primaryimage"},"thumbnailUrl":"https:\/\/macite.tg\/wp-content\/uploads\/2025\/01\/Enquete-sante.jpg","articleSection":["ACTUALITE","SANTE"],"inLanguage":"fr-FR","potentialAction":[{"@type":"CommentAction","name":"Comment","target":["https:\/\/macite.tg\/?p=19785#respond"]}]},{"@type":"WebPage","@id":"https:\/\/macite.tg\/?p=19785","url":"https:\/\/macite.tg\/?p=19785","name":"ENQUETE DEMOGRAPHIQUE ET DE SANTE\u00a0: Bient\u00f4t un 4\u00e8me exercice \u2026 -","isPartOf":{"@id":"https:\/\/macite.tg\/#website"},"primaryImageOfPage":{"@id":"https:\/\/macite.tg\/?p=19785#primaryimage"},"image":{"@id":"https:\/\/macite.tg\/?p=19785#primaryimage"},"thumbnailUrl":"https:\/\/macite.tg\/wp-content\/uploads\/2025\/01\/Enquete-sante.jpg","datePublished":"2025-01-31T11:36:27+00:00","dateModified":"2025-01-31T11:36:41+00:00","author":{"@id":"https:\/\/macite.tg\/#\/schema\/person\/e9f2de7e5dbbe7770a9402c7ce82f5c2"},"breadcrumb":{"@id":"https:\/\/macite.tg\/?p=19785#breadcrumb"},"inLanguage":"fr-FR","potentialAction":[{"@type":"ReadAction","target":["https:\/\/macite.tg\/?p=19785"]}]},{"@type":"ImageObject","inLanguage":"fr-FR","@id":"https:\/\/macite.tg\/?p=19785#primaryimage","url":"https:\/\/macite.tg\/wp-content\/uploads\/2025\/01\/Enquete-sante.jpg","contentUrl":"https:\/\/macite.tg\/wp-content\/uploads\/2025\/01\/Enquete-sante.jpg","width":500,"height":169,"caption":"Le Comit\u00e9 de pilotage du projet en r\u00e9union mardi 28 janvier dernier \u00e0 Lom\u00e9."},{"@type":"BreadcrumbList","@id":"https:\/\/macite.tg\/?p=19785#breadcrumb","itemListElement":[{"@type":"ListItem","position":1,"name":"Accueil","item":"https:\/\/macite.tg\/"},{"@type":"ListItem","position":2,"name":"ENQUETE DEMOGRAPHIQUE ET DE SANTE\u00a0: Bient\u00f4t un 4\u00e8me exercice \u2026"}]},{"@type":"WebSite","@id":"https:\/\/macite.tg\/#website","url":"https:\/\/macite.tg\/","name":"","description":"L&#039;information, la bonne!!!","potentialAction":[{"@type":"SearchAction","target":{"@type":"EntryPoint","urlTemplate":"https:\/\/macite.tg\/?s={search_term_string}"},"query-input":{"@type":"PropertyValueSpecification","valueRequired":true,"valueName":"search_term_string"}}],"inLanguage":"fr-FR"},{"@type":"Person","@id":"https:\/\/macite.tg\/#\/schema\/person\/e9f2de7e5dbbe7770a9402c7ce82f5c2","name":"Jean Pierre BAWELA","image":{"@type":"ImageObject","inLanguage":"fr-FR","@id":"https:\/\/macite.tg\/wp-content\/uploads\/2023\/09\/WhatsApp-Image-2023-09-19-at-14.44.41-122x122.jpeg","url":"https:\/\/macite.tg\/wp-content\/uploads\/2023\/09\/WhatsApp-Image-2023-09-19-at-14.44.41-122x122.jpeg","contentUrl":"https:\/\/macite.tg\/wp-content\/uploads\/2023\/09\/WhatsApp-Image-2023-09-19-at-14.44.41-122x122.jpeg","caption":"Jean Pierre BAWELA"},"url":"https:\/\/macite.tg\/?author=2"}]}},"_links":{"self":[{"href":"https:\/\/macite.tg\/index.php?rest_route=\/wp\/v2\/posts\/19785","targetHints":{"allow":["GET"]}}],"collection":[{"href":"https:\/\/macite.tg\/index.php?rest_route=\/wp\/v2\/posts"}],"about":[{"href":"https:\/\/macite.tg\/index.php?rest_route=\/wp\/v2\/types\/post"}],"author":[{"embeddable":true,"href":"https:\/\/macite.tg\/index.php?rest_route=\/wp\/v2\/users\/2"}],"replies":[{"embeddable":true,"href":"https:\/\/macite.tg\/index.php?rest_route=%2Fwp%2Fv2%2Fcomments&post=19785"}],"version-history":[{"count":0,"href":"https:\/\/macite.tg\/index.php?rest_route=\/wp\/v2\/posts\/19785\/revisions"}],"wp:featuredmedia":[{"embeddable":true,"href":"https:\/\/macite.tg\/index.php?rest_route=\/wp\/v2\/media\/19787"}],"wp:attachment":[{"href":"https:\/\/macite.tg\/index.php?rest_route=%2Fwp%2Fv2%2Fmedia&parent=19785"}],"wp:term":[{"taxonomy":"category","embeddable":true,"href":"https:\/\/macite.tg\/index.php?rest_route=%2Fwp%2Fv2%2Fcategories&post=19785"},{"taxonomy":"post_tag","embeddable":true,"href":"https:\/\/macite.tg\/index.php?rest_route=%2Fwp%2Fv2%2Ftags&post=19785"}],"curies":[{"name":"wp","href":"https:\/\/api.w.org\/{rel}","templated":true}]}}