{"id":19777,"date":"2025-01-30T19:20:39","date_gmt":"2025-01-30T19:20:39","guid":{"rendered":"https:\/\/macite.tg\/?p=19777"},"modified":"2025-01-30T19:20:48","modified_gmt":"2025-01-30T19:20:48","slug":"sahara-linitiative-marocaine-dautonomie-presentee-en-2007-une-tres-bonne-base-pour-une-solution-acceptee-par-les-parties-selon-la-belgiqu","status":"publish","type":"post","link":"https:\/\/macite.tg\/?p=19777","title":{"rendered":"SAHARA\u00a0: L\u2019Initiative marocaine d\u2019autonomie pr\u00e9sent\u00e9e en 2007, une \u2018\u2019tr\u00e8s bonne base pour une solution accept\u00e9e par les parties\u2019\u2019, selon la Belgique"},"content":{"rendered":"\n<p class=\"wp-block-paragraph\"><strong><em>Le <\/em><\/strong><strong><em>ministre belge des Affaires \u00e9trang\u00e8res, des affaires europ\u00e9ennes, du commerce ext\u00e9rieur et des institutions culturelles<\/em><\/strong><strong><em>, <\/em><\/strong><strong><em>Bernard Quintin en visite officielle \u00e0 Rabat, a eu, le mercredi 29 janvier 2025, une s\u00e9ance de travail avec le ministre des Affaires \u00e9trang\u00e8res, de la Coop\u00e9ration africaine et des Marocains r\u00e9sidant \u00e0 l&rsquo;\u00e9tranger, Nasser Bourita. Lors du point de presse tenu \u00e0 l\u2019issue de cette rencontre, le <\/em><\/strong><strong><em>chef de la diplomatie belge a exprim\u00e9 la position de la Belgique par rapport \u00e0 la question \u00e9pineuse du Sahara marocain.<\/em><\/strong><\/p>\n\n\n\n<p class=\"wp-block-paragraph\">Selon le diplomate belge, <em>\u00ab&nbsp;la Belgique consid\u00e8re l\u2019Initiative marocaine d\u2019autonomie, pr\u00e9sent\u00e9e en 2007, comme un effort s\u00e9rieux et cr\u00e9dible du Maroc et comme une tr\u00e8s bonne base pour une solution accept\u00e9e par les parties&nbsp;\u00bb.<\/em><\/p>\n\n\n\n<p class=\"wp-block-paragraph\">Relevant que ce dossier du Sahara est une \u00ab&nbsp;<em>question importante pour le Maroc&nbsp;\u00bb, <\/em>le chef de la diplomatie belge note que les \u00e9changes avec son homologue marocain lui ont permis de \u00ab&nbsp;<em>comprendre les tenants et aboutissants du Plan d\u2019autonomie et prendre la mesure du caract\u00e8re existentiel de cette question pour le Maroc&nbsp;\u00bb.<\/em><\/p>\n\n\n<div class=\"wp-block-image\">\n<figure class=\"aligncenter size-full\"><img loading=\"lazy\" decoding=\"async\" width=\"500\" height=\"681\" src=\"https:\/\/macite.tg\/wp-content\/uploads\/2025\/01\/OTR_TPU.jpg\" alt=\"\" class=\"wp-image-19737\" srcset=\"https:\/\/macite.tg\/wp-content\/uploads\/2025\/01\/OTR_TPU.jpg 500w, https:\/\/macite.tg\/wp-content\/uploads\/2025\/01\/OTR_TPU-220x300.jpg 220w\" sizes=\"auto, (max-width: 500px) 100vw, 500px\" \/><\/figure>\n<\/div>\n\n\n<p class=\"wp-block-paragraph\">Tout en relevant que <em>\u00ab&nbsp;certains<\/em> <em>partenaires europ\u00e9ens et internationaux importants ont \u00e9volu\u00e9 dans leur position&nbsp;\u00bb, <\/em>et que son pays et le Royaume allaient continuer \u00ab&nbsp;<em>\u00e0 mener un dialogue constructif \u00e0 ce sujet&nbsp;\u00bb, <\/em>M. Bernard Quintin a soulign\u00e9 que la Belgique <em>\u00ab&nbsp;apporte son plein soutien au processus des Nations Unies pour une solution politique, juste, durable et mutuellement acceptable pour les parties&nbsp;\u00bb<\/em> et <em>\u00ab&nbsp;rappelle l\u2019exclusivit\u00e9 de l\u2019ONU dans le processus politique&nbsp;\u00bb.<\/em><\/p>\n\n\n\n<p class=\"wp-block-paragraph\">Le ministre belge a tenu \u00e0 r\u00e9it\u00e9rer le soutien de son pays \u00e0 \u00ab<em>&nbsp;la r\u00e9solution 2703 du Conseil de s\u00e9curit\u00e9 de l\u2019ONU, qui a not\u00e9 le r\u00f4le et la responsabilit\u00e9 des parties dans la recherche d&rsquo;une solution politique r\u00e9aliste, pragmatique, durable et fond\u00e9e sur le compromis&nbsp;\u00bb.<\/em><\/p>\n\n\n<div class=\"wp-block-image\">\n<figure class=\"aligncenter size-full\"><img loading=\"lazy\" decoding=\"async\" width=\"500\" height=\"698\" src=\"https:\/\/macite.tg\/wp-content\/uploads\/2025\/01\/OTR_Soumission-Douanes-1.jpg\" alt=\"\" class=\"wp-image-19739\" srcset=\"https:\/\/macite.tg\/wp-content\/uploads\/2025\/01\/OTR_Soumission-Douanes-1.jpg 500w, https:\/\/macite.tg\/wp-content\/uploads\/2025\/01\/OTR_Soumission-Douanes-1-215x300.jpg 215w\" sizes=\"auto, (max-width: 500px) 100vw, 500px\" \/><\/figure>\n<\/div>\n\n\n<p class=\"wp-block-paragraph\">Rappelons que cette position r\u00e9aliste de la Belgique, s\u2019inscrit dans le cadre de la dynamique internationale impuls\u00e9e par les Hautes Instructions du Souverain marocain, dans l\u2019optique r\u00e9soudre d\u00e9finitivement le diff\u00e9rend autour de ses provinces du sud.<\/p>\n\n\n\n<p class=\"wp-block-paragraph\"><strong>MC<\/strong><\/p>\n\n\n\n<p class=\"wp-block-paragraph\"><a><strong><em>@macite.tg&nbsp;&nbsp;&nbsp;&nbsp;&nbsp;&nbsp;&nbsp;&nbsp;<\/em><\/strong><\/a><\/p>\n\n\n\n<p class=\"wp-block-paragraph\"><strong><em>E-mail&nbsp;: <\/em><\/strong><a href=\"mailto:maciteinfo@gmail.com\"><strong><em>maciteinfo@gmail.com<\/em><\/strong><\/a><strong><em>; <\/em><\/strong><a href=\"mailto:bawela1@gmail.com\"><strong><em>bawela1@gmail.com<\/em><\/strong><\/a><strong><em><\/em><\/strong><\/p>\n\n\n\n<p class=\"wp-block-paragraph\"><strong><em>Pour vos annonces, (publi)reportages, etc., joignez-nous au (00228)91515309\/<strong>79872224 <\/strong>www.macite.tg, L\u2019information, la bonne&nbsp;!<\/em><\/strong><\/p>\n","protected":false},"excerpt":{"rendered":"<p class=\"text-justify mb-2\" >Le ministre belge des Affaires \u00e9trang\u00e8res, des affaires europ\u00e9ennes, du commerce ext\u00e9rieur et des institutions culturelles, Bernard Quintin en visite officielle \u00e0 Rabat, a eu, le mercredi 29 janvier 2025, une s\u00e9ance de travail avec le ministre des Affaires \u00e9trang\u00e8res, de la Coop\u00e9ration africaine et [&hellip;]<\/p>\n","protected":false},"author":2,"featured_media":19779,"comment_status":"open","ping_status":"open","sticky":false,"template":"","format":"standard","meta":{"footnotes":""},"categories":[20,8],"tags":[],"class_list":["post-19777","post","type-post","status-publish","format-standard","has-post-thumbnail","hentry","category-actualite","category-diplomatie"],"yoast_head":"<!-- This site is optimized with the Yoast SEO plugin v28.4 - https:\/\/yoast.com\/product\/yoast-seo-wordpress\/ -->\n<title>SAHARA\u00a0: L\u2019Initiative marocaine d\u2019autonomie pr\u00e9sent\u00e9e en 2007, une \u2018\u2019tr\u00e8s bonne base pour une solution accept\u00e9e par les parties\u2019\u2019, selon la Belgique -<\/title>\n<meta name=\"robots\" content=\"index, follow, max-snippet:-1, max-image-preview:large, max-video-preview:-1\" \/>\n<link rel=\"canonical\" href=\"https:\/\/macite.tg\/?p=19777\" \/>\n<meta property=\"og:locale\" content=\"fr_FR\" \/>\n<meta property=\"og:type\" content=\"article\" \/>\n<meta property=\"og:title\" content=\"SAHARA\u00a0: L\u2019Initiative marocaine d\u2019autonomie pr\u00e9sent\u00e9e en 2007, une \u2018\u2019tr\u00e8s bonne base pour une solution accept\u00e9e par les parties\u2019\u2019, selon la Belgique -\" \/>\n<meta property=\"og:description\" content=\"Le ministre belge des Affaires \u00e9trang\u00e8res, des affaires europ\u00e9ennes, du commerce ext\u00e9rieur et des institutions culturelles, Bernard Quintin en visite officielle \u00e0 Rabat, a eu, le mercredi 29 janvier 2025, une s\u00e9ance de travail avec le ministre des Affaires \u00e9trang\u00e8res, de la Coop\u00e9ration africaine et [&hellip;]\" \/>\n<meta property=\"og:url\" content=\"https:\/\/macite.tg\/?p=19777\" \/>\n<meta property=\"article:published_time\" content=\"2025-01-30T19:20:39+00:00\" \/>\n<meta property=\"article:modified_time\" content=\"2025-01-30T19:20:48+00:00\" \/>\n<meta property=\"og:image\" content=\"https:\/\/macite.tg\/wp-content\/uploads\/2025\/01\/Diplomates-Belge-et-marocainjpg.jpg\" \/>\n\t<meta property=\"og:image:width\" content=\"500\" \/>\n\t<meta property=\"og:image:height\" content=\"296\" \/>\n\t<meta property=\"og:image:type\" content=\"image\/jpeg\" \/>\n<meta name=\"author\" content=\"Jean Pierre BAWELA\" \/>\n<meta name=\"twitter:card\" content=\"summary_large_image\" \/>\n<meta name=\"twitter:label1\" content=\"\u00c9crit par\" \/>\n\t<meta name=\"twitter:data1\" content=\"Jean Pierre BAWELA\" \/>\n\t<meta name=\"twitter:label2\" content=\"Dur\u00e9e de lecture estim\u00e9e\" \/>\n\t<meta name=\"twitter:data2\" content=\"3 minutes\" \/>\n<script type=\"application\/ld+json\" class=\"yoast-schema-graph\">{\"@context\":\"https:\\\/\\\/schema.org\",\"@graph\":[{\"@type\":\"Article\",\"@id\":\"https:\\\/\\\/macite.tg\\\/?p=19777#article\",\"isPartOf\":{\"@id\":\"https:\\\/\\\/macite.tg\\\/?p=19777\"},\"author\":{\"name\":\"Jean Pierre BAWELA\",\"@id\":\"https:\\\/\\\/macite.tg\\\/#\\\/schema\\\/person\\\/e9f2de7e5dbbe7770a9402c7ce82f5c2\"},\"headline\":\"SAHARA\u00a0: L\u2019Initiative marocaine d\u2019autonomie pr\u00e9sent\u00e9e en 2007, une \u2018\u2019tr\u00e8s bonne base pour une solution accept\u00e9e par les parties\u2019\u2019, selon la Belgique\",\"datePublished\":\"2025-01-30T19:20:39+00:00\",\"dateModified\":\"2025-01-30T19:20:48+00:00\",\"mainEntityOfPage\":{\"@id\":\"https:\\\/\\\/macite.tg\\\/?p=19777\"},\"wordCount\":427,\"commentCount\":0,\"image\":{\"@id\":\"https:\\\/\\\/macite.tg\\\/?p=19777#primaryimage\"},\"thumbnailUrl\":\"https:\\\/\\\/macite.tg\\\/wp-content\\\/uploads\\\/2025\\\/01\\\/Diplomates-Belge-et-marocainjpg.jpg\",\"articleSection\":[\"ACTUALITE\",\"DIPLOMATIE\"],\"inLanguage\":\"fr-FR\",\"potentialAction\":[{\"@type\":\"CommentAction\",\"name\":\"Comment\",\"target\":[\"https:\\\/\\\/macite.tg\\\/?p=19777#respond\"]}]},{\"@type\":\"WebPage\",\"@id\":\"https:\\\/\\\/macite.tg\\\/?p=19777\",\"url\":\"https:\\\/\\\/macite.tg\\\/?p=19777\",\"name\":\"SAHARA\u00a0: L\u2019Initiative marocaine d\u2019autonomie pr\u00e9sent\u00e9e en 2007, une \u2018\u2019tr\u00e8s bonne base pour une solution accept\u00e9e par les parties\u2019\u2019, selon la Belgique -\",\"isPartOf\":{\"@id\":\"https:\\\/\\\/macite.tg\\\/#website\"},\"primaryImageOfPage\":{\"@id\":\"https:\\\/\\\/macite.tg\\\/?p=19777#primaryimage\"},\"image\":{\"@id\":\"https:\\\/\\\/macite.tg\\\/?p=19777#primaryimage\"},\"thumbnailUrl\":\"https:\\\/\\\/macite.tg\\\/wp-content\\\/uploads\\\/2025\\\/01\\\/Diplomates-Belge-et-marocainjpg.jpg\",\"datePublished\":\"2025-01-30T19:20:39+00:00\",\"dateModified\":\"2025-01-30T19:20:48+00:00\",\"author\":{\"@id\":\"https:\\\/\\\/macite.tg\\\/#\\\/schema\\\/person\\\/e9f2de7e5dbbe7770a9402c7ce82f5c2\"},\"breadcrumb\":{\"@id\":\"https:\\\/\\\/macite.tg\\\/?p=19777#breadcrumb\"},\"inLanguage\":\"fr-FR\",\"potentialAction\":[{\"@type\":\"ReadAction\",\"target\":[\"https:\\\/\\\/macite.tg\\\/?p=19777\"]}]},{\"@type\":\"ImageObject\",\"inLanguage\":\"fr-FR\",\"@id\":\"https:\\\/\\\/macite.tg\\\/?p=19777#primaryimage\",\"url\":\"https:\\\/\\\/macite.tg\\\/wp-content\\\/uploads\\\/2025\\\/01\\\/Diplomates-Belge-et-marocainjpg.jpg\",\"contentUrl\":\"https:\\\/\\\/macite.tg\\\/wp-content\\\/uploads\\\/2025\\\/01\\\/Diplomates-Belge-et-marocainjpg.jpg\",\"width\":500,\"height\":296,\"caption\":\"Le chef de la diplomatie belge et son homologue marocain.\"},{\"@type\":\"BreadcrumbList\",\"@id\":\"https:\\\/\\\/macite.tg\\\/?p=19777#breadcrumb\",\"itemListElement\":[{\"@type\":\"ListItem\",\"position\":1,\"name\":\"Accueil\",\"item\":\"https:\\\/\\\/macite.tg\\\/\"},{\"@type\":\"ListItem\",\"position\":2,\"name\":\"SAHARA\u00a0: L\u2019Initiative marocaine d\u2019autonomie pr\u00e9sent\u00e9e en 2007, une \u2018\u2019tr\u00e8s bonne base pour une solution accept\u00e9e par les parties\u2019\u2019, selon la Belgique\"}]},{\"@type\":\"WebSite\",\"@id\":\"https:\\\/\\\/macite.tg\\\/#website\",\"url\":\"https:\\\/\\\/macite.tg\\\/\",\"name\":\"\",\"description\":\"L&#039;information, la bonne!!!\",\"potentialAction\":[{\"@type\":\"SearchAction\",\"target\":{\"@type\":\"EntryPoint\",\"urlTemplate\":\"https:\\\/\\\/macite.tg\\\/?s={search_term_string}\"},\"query-input\":{\"@type\":\"PropertyValueSpecification\",\"valueRequired\":true,\"valueName\":\"search_term_string\"}}],\"inLanguage\":\"fr-FR\"},{\"@type\":\"Person\",\"@id\":\"https:\\\/\\\/macite.tg\\\/#\\\/schema\\\/person\\\/e9f2de7e5dbbe7770a9402c7ce82f5c2\",\"name\":\"Jean Pierre BAWELA\",\"image\":{\"@type\":\"ImageObject\",\"inLanguage\":\"fr-FR\",\"@id\":\"https:\\\/\\\/macite.tg\\\/wp-content\\\/uploads\\\/2023\\\/09\\\/WhatsApp-Image-2023-09-19-at-14.44.41-122x122.jpeg\",\"url\":\"https:\\\/\\\/macite.tg\\\/wp-content\\\/uploads\\\/2023\\\/09\\\/WhatsApp-Image-2023-09-19-at-14.44.41-122x122.jpeg\",\"contentUrl\":\"https:\\\/\\\/macite.tg\\\/wp-content\\\/uploads\\\/2023\\\/09\\\/WhatsApp-Image-2023-09-19-at-14.44.41-122x122.jpeg\",\"caption\":\"Jean Pierre BAWELA\"},\"url\":\"https:\\\/\\\/macite.tg\\\/?author=2\"}]}<\/script>\n<!-- \/ Yoast SEO plugin. -->","yoast_head_json":{"title":"SAHARA\u00a0: L\u2019Initiative marocaine d\u2019autonomie pr\u00e9sent\u00e9e en 2007, une \u2018\u2019tr\u00e8s bonne base pour une solution accept\u00e9e par les parties\u2019\u2019, selon la Belgique -","robots":{"index":"index","follow":"follow","max-snippet":"max-snippet:-1","max-image-preview":"max-image-preview:large","max-video-preview":"max-video-preview:-1"},"canonical":"https:\/\/macite.tg\/?p=19777","og_locale":"fr_FR","og_type":"article","og_title":"SAHARA\u00a0: L\u2019Initiative marocaine d\u2019autonomie pr\u00e9sent\u00e9e en 2007, une \u2018\u2019tr\u00e8s bonne base pour une solution accept\u00e9e par les parties\u2019\u2019, selon la Belgique -","og_description":"Le ministre belge des Affaires \u00e9trang\u00e8res, des affaires europ\u00e9ennes, du commerce ext\u00e9rieur et des institutions culturelles, Bernard Quintin en visite officielle \u00e0 Rabat, a eu, le mercredi 29 janvier 2025, une s\u00e9ance de travail avec le ministre des Affaires \u00e9trang\u00e8res, de la Coop\u00e9ration africaine et [&hellip;]","og_url":"https:\/\/macite.tg\/?p=19777","article_published_time":"2025-01-30T19:20:39+00:00","article_modified_time":"2025-01-30T19:20:48+00:00","og_image":[{"width":500,"height":296,"url":"https:\/\/macite.tg\/wp-content\/uploads\/2025\/01\/Diplomates-Belge-et-marocainjpg.jpg","type":"image\/jpeg"}],"author":"Jean Pierre BAWELA","twitter_card":"summary_large_image","twitter_misc":{"\u00c9crit par":"Jean Pierre BAWELA","Dur\u00e9e de lecture estim\u00e9e":"3 minutes"},"schema":{"@context":"https:\/\/schema.org","@graph":[{"@type":"Article","@id":"https:\/\/macite.tg\/?p=19777#article","isPartOf":{"@id":"https:\/\/macite.tg\/?p=19777"},"author":{"name":"Jean Pierre BAWELA","@id":"https:\/\/macite.tg\/#\/schema\/person\/e9f2de7e5dbbe7770a9402c7ce82f5c2"},"headline":"SAHARA\u00a0: L\u2019Initiative marocaine d\u2019autonomie pr\u00e9sent\u00e9e en 2007, une \u2018\u2019tr\u00e8s bonne base pour une solution accept\u00e9e par les parties\u2019\u2019, selon la Belgique","datePublished":"2025-01-30T19:20:39+00:00","dateModified":"2025-01-30T19:20:48+00:00","mainEntityOfPage":{"@id":"https:\/\/macite.tg\/?p=19777"},"wordCount":427,"commentCount":0,"image":{"@id":"https:\/\/macite.tg\/?p=19777#primaryimage"},"thumbnailUrl":"https:\/\/macite.tg\/wp-content\/uploads\/2025\/01\/Diplomates-Belge-et-marocainjpg.jpg","articleSection":["ACTUALITE","DIPLOMATIE"],"inLanguage":"fr-FR","potentialAction":[{"@type":"CommentAction","name":"Comment","target":["https:\/\/macite.tg\/?p=19777#respond"]}]},{"@type":"WebPage","@id":"https:\/\/macite.tg\/?p=19777","url":"https:\/\/macite.tg\/?p=19777","name":"SAHARA\u00a0: L\u2019Initiative marocaine d\u2019autonomie pr\u00e9sent\u00e9e en 2007, une \u2018\u2019tr\u00e8s bonne base pour une solution accept\u00e9e par les parties\u2019\u2019, selon la Belgique -","isPartOf":{"@id":"https:\/\/macite.tg\/#website"},"primaryImageOfPage":{"@id":"https:\/\/macite.tg\/?p=19777#primaryimage"},"image":{"@id":"https:\/\/macite.tg\/?p=19777#primaryimage"},"thumbnailUrl":"https:\/\/macite.tg\/wp-content\/uploads\/2025\/01\/Diplomates-Belge-et-marocainjpg.jpg","datePublished":"2025-01-30T19:20:39+00:00","dateModified":"2025-01-30T19:20:48+00:00","author":{"@id":"https:\/\/macite.tg\/#\/schema\/person\/e9f2de7e5dbbe7770a9402c7ce82f5c2"},"breadcrumb":{"@id":"https:\/\/macite.tg\/?p=19777#breadcrumb"},"inLanguage":"fr-FR","potentialAction":[{"@type":"ReadAction","target":["https:\/\/macite.tg\/?p=19777"]}]},{"@type":"ImageObject","inLanguage":"fr-FR","@id":"https:\/\/macite.tg\/?p=19777#primaryimage","url":"https:\/\/macite.tg\/wp-content\/uploads\/2025\/01\/Diplomates-Belge-et-marocainjpg.jpg","contentUrl":"https:\/\/macite.tg\/wp-content\/uploads\/2025\/01\/Diplomates-Belge-et-marocainjpg.jpg","width":500,"height":296,"caption":"Le chef de la diplomatie belge et son homologue marocain."},{"@type":"BreadcrumbList","@id":"https:\/\/macite.tg\/?p=19777#breadcrumb","itemListElement":[{"@type":"ListItem","position":1,"name":"Accueil","item":"https:\/\/macite.tg\/"},{"@type":"ListItem","position":2,"name":"SAHARA\u00a0: L\u2019Initiative marocaine d\u2019autonomie pr\u00e9sent\u00e9e en 2007, une \u2018\u2019tr\u00e8s bonne base pour une solution accept\u00e9e par les parties\u2019\u2019, selon la Belgique"}]},{"@type":"WebSite","@id":"https:\/\/macite.tg\/#website","url":"https:\/\/macite.tg\/","name":"","description":"L&#039;information, la bonne!!!","potentialAction":[{"@type":"SearchAction","target":{"@type":"EntryPoint","urlTemplate":"https:\/\/macite.tg\/?s={search_term_string}"},"query-input":{"@type":"PropertyValueSpecification","valueRequired":true,"valueName":"search_term_string"}}],"inLanguage":"fr-FR"},{"@type":"Person","@id":"https:\/\/macite.tg\/#\/schema\/person\/e9f2de7e5dbbe7770a9402c7ce82f5c2","name":"Jean Pierre BAWELA","image":{"@type":"ImageObject","inLanguage":"fr-FR","@id":"https:\/\/macite.tg\/wp-content\/uploads\/2023\/09\/WhatsApp-Image-2023-09-19-at-14.44.41-122x122.jpeg","url":"https:\/\/macite.tg\/wp-content\/uploads\/2023\/09\/WhatsApp-Image-2023-09-19-at-14.44.41-122x122.jpeg","contentUrl":"https:\/\/macite.tg\/wp-content\/uploads\/2023\/09\/WhatsApp-Image-2023-09-19-at-14.44.41-122x122.jpeg","caption":"Jean Pierre BAWELA"},"url":"https:\/\/macite.tg\/?author=2"}]}},"_links":{"self":[{"href":"https:\/\/macite.tg\/index.php?rest_route=\/wp\/v2\/posts\/19777","targetHints":{"allow":["GET"]}}],"collection":[{"href":"https:\/\/macite.tg\/index.php?rest_route=\/wp\/v2\/posts"}],"about":[{"href":"https:\/\/macite.tg\/index.php?rest_route=\/wp\/v2\/types\/post"}],"author":[{"embeddable":true,"href":"https:\/\/macite.tg\/index.php?rest_route=\/wp\/v2\/users\/2"}],"replies":[{"embeddable":true,"href":"https:\/\/macite.tg\/index.php?rest_route=%2Fwp%2Fv2%2Fcomments&post=19777"}],"version-history":[{"count":0,"href":"https:\/\/macite.tg\/index.php?rest_route=\/wp\/v2\/posts\/19777\/revisions"}],"wp:featuredmedia":[{"embeddable":true,"href":"https:\/\/macite.tg\/index.php?rest_route=\/wp\/v2\/media\/19779"}],"wp:attachment":[{"href":"https:\/\/macite.tg\/index.php?rest_route=%2Fwp%2Fv2%2Fmedia&parent=19777"}],"wp:term":[{"taxonomy":"category","embeddable":true,"href":"https:\/\/macite.tg\/index.php?rest_route=%2Fwp%2Fv2%2Fcategories&post=19777"},{"taxonomy":"post_tag","embeddable":true,"href":"https:\/\/macite.tg\/index.php?rest_route=%2Fwp%2Fv2%2Ftags&post=19777"}],"curies":[{"name":"wp","href":"https:\/\/api.w.org\/{rel}","templated":true}]}}