{"id":19758,"date":"2025-01-30T17:17:14","date_gmt":"2025-01-30T17:17:14","guid":{"rendered":"https:\/\/macite.tg\/?p=19758"},"modified":"2025-01-30T19:46:27","modified_gmt":"2025-01-30T19:46:27","slug":"avis-de-deces-les-obseques-de-la-demi-soeur-du-chef-de-letat-ce-weekend-a-pya-la-famille-gnassingbe-plongee-dans-une-profonde-tristesse","status":"publish","type":"post","link":"https:\/\/macite.tg\/?p=19758","title":{"rendered":"AVIS DE DECES : Les obs\u00e8ques de la demi-s\u0153ur du Chef de l\u2019Etat ce weekend \u00e0 Pya&#8230; La famille GNASSINGBE plong\u00e9e dans une profonde tristesse"},"content":{"rendered":"\n<p class=\"wp-block-paragraph\"><strong><em>D\u00e9c\u00e9d\u00e9e le 23 janvier dernier au Pavillon militaire au CHU Sylvanus Olympio de Lom\u00e9, la demi-s\u0153ur du Chef de l\u2019Etat, Lelen Gnassingb\u00e9, sera conduite \u00e0 sa derni\u00e8re demeure ce weekend dans son village natal \u00e0 Pya Ak\u00e9\u00ef.<\/em><\/strong><\/p>\n\n\n\n<p class=\"wp-block-paragraph\">Fille du d\u00e9funt pr\u00e9sident Gnassingb\u00e9 Eyad\u00e9ma et de Hubertine Badagnaki, Lelen Gnassingb\u00e9 est rappel\u00e9e \u00e0 Dieu, dans la fleur de l\u2019\u00e2ge, des suites d\u2019une longue maladie.<\/p>\n\n\n<div class=\"wp-block-image\">\n<figure class=\"aligncenter size-full\"><img loading=\"lazy\" decoding=\"async\" width=\"851\" height=\"315\" src=\"https:\/\/macite.tg\/wp-content\/uploads\/2025\/01\/OTR_Renseignements-2.jpg\" alt=\"\" class=\"wp-image-19733\" srcset=\"https:\/\/macite.tg\/wp-content\/uploads\/2025\/01\/OTR_Renseignements-2.jpg 851w, https:\/\/macite.tg\/wp-content\/uploads\/2025\/01\/OTR_Renseignements-2-300x111.jpg 300w, https:\/\/macite.tg\/wp-content\/uploads\/2025\/01\/OTR_Renseignements-2-768x284.jpg 768w\" sizes=\"auto, (max-width: 851px) 100vw, 851px\" \/><\/figure>\n<\/div>\n\n\n<p class=\"wp-block-paragraph\">Son d\u00e9c\u00e8s, qui intervient dans un contexte particuli\u00e8rement difficile pour la famille Gnassingb\u00e9, plong\u00e9e dans une grande tristesse avec la comm\u00e9moration de l\u2019attentat de Sakawa, le 24 janvier, puis de l\u2019anniversaire de disparition du P\u00e8re de la Nation, le 05 f\u00e9vrier.<\/p>\n\n\n\n<p class=\"wp-block-paragraph\">Voici le programme des obs\u00e8ques de Lelegn Gnassingb\u00e9:<\/p>\n\n\n<div class=\"wp-block-image\">\n<figure class=\"aligncenter size-full\"><img loading=\"lazy\" decoding=\"async\" width=\"569\" height=\"802\" src=\"https:\/\/macite.tg\/wp-content\/uploads\/2025\/01\/f331b6c9-c4b9-466d-939e-9194e3ef9fb8.jpg\" alt=\"\" class=\"wp-image-19764\" srcset=\"https:\/\/macite.tg\/wp-content\/uploads\/2025\/01\/f331b6c9-c4b9-466d-939e-9194e3ef9fb8.jpg 569w, https:\/\/macite.tg\/wp-content\/uploads\/2025\/01\/f331b6c9-c4b9-466d-939e-9194e3ef9fb8-213x300.jpg 213w\" sizes=\"auto, (max-width: 569px) 100vw, 569px\" \/><\/figure>\n<\/div>\n\n\n<p class=\"wp-block-paragraph\"><a><strong><em>@macite.tg&nbsp;&nbsp;&nbsp;&nbsp;&nbsp;&nbsp;&nbsp;&nbsp;<\/em><\/strong> <\/a><\/p>\n\n\n\n<p class=\"wp-block-paragraph\"><strong><em>E-mail&nbsp;: <\/em><\/strong><a href=\"mailto:maciteinfo@gmail.com\"><strong><em>maciteinfo@gmail.com<\/em><\/strong><\/a><strong><em>; <\/em><\/strong><a href=\"mailto:bawela1@gmail.com\"><strong><em>bawela1@gmail.com<\/em><\/strong><\/a><strong><em><\/em><\/strong><\/p>\n\n\n\n<p class=\"wp-block-paragraph\"><strong><em>Pour vos annonces, (publi)reportages, etc., joignez-nous au (00228)91515309\/<strong>79872224 <\/strong>www.macite.tg, L\u2019information, la bonne&nbsp;!<\/em><\/strong><\/p>\n","protected":false},"excerpt":{"rendered":"<p class=\"text-justify mb-2\" >D\u00e9c\u00e9d\u00e9e le 23 janvier dernier au Pavillon militaire au CHU Sylvanus Olympio de Lom\u00e9, la demi-s\u0153ur du Chef de l\u2019Etat, Lelen Gnassingb\u00e9, sera conduite \u00e0 sa derni\u00e8re demeure ce weekend dans son village natal \u00e0 Pya Ak\u00e9\u00ef. Fille du d\u00e9funt pr\u00e9sident Gnassingb\u00e9 Eyad\u00e9ma et de [&hellip;]<\/p>\n","protected":false},"author":2,"featured_media":19766,"comment_status":"open","ping_status":"open","sticky":false,"template":"","format":"standard","meta":{"footnotes":""},"categories":[20,31],"tags":[],"class_list":["post-19758","post","type-post","status-publish","format-standard","has-post-thumbnail","hentry","category-actualite","category-annonce"],"yoast_head":"<!-- This site is optimized with the Yoast SEO plugin v28.4 - https:\/\/yoast.com\/product\/yoast-seo-wordpress\/ -->\n<title>AVIS DE DECES : Les obs\u00e8ques de la demi-s\u0153ur du Chef de l\u2019Etat ce weekend \u00e0 Pya... La famille GNASSINGBE plong\u00e9e dans une profonde tristesse -<\/title>\n<meta name=\"robots\" content=\"index, follow, max-snippet:-1, max-image-preview:large, max-video-preview:-1\" \/>\n<link rel=\"canonical\" href=\"https:\/\/macite.tg\/?p=19758\" \/>\n<meta property=\"og:locale\" content=\"fr_FR\" \/>\n<meta property=\"og:type\" content=\"article\" \/>\n<meta property=\"og:title\" content=\"AVIS DE DECES : Les obs\u00e8ques de la demi-s\u0153ur du Chef de l\u2019Etat ce weekend \u00e0 Pya... La famille GNASSINGBE plong\u00e9e dans une profonde tristesse -\" \/>\n<meta property=\"og:description\" content=\"D\u00e9c\u00e9d\u00e9e le 23 janvier dernier au Pavillon militaire au CHU Sylvanus Olympio de Lom\u00e9, la demi-s\u0153ur du Chef de l\u2019Etat, Lelen Gnassingb\u00e9, sera conduite \u00e0 sa derni\u00e8re demeure ce weekend dans son village natal \u00e0 Pya Ak\u00e9\u00ef. Fille du d\u00e9funt pr\u00e9sident Gnassingb\u00e9 Eyad\u00e9ma et de [&hellip;]\" \/>\n<meta property=\"og:url\" content=\"https:\/\/macite.tg\/?p=19758\" \/>\n<meta property=\"article:published_time\" content=\"2025-01-30T17:17:14+00:00\" \/>\n<meta property=\"article:modified_time\" content=\"2025-01-30T19:46:27+00:00\" \/>\n<meta property=\"og:image\" content=\"https:\/\/macite.tg\/wp-content\/uploads\/2025\/01\/Lelen-Gnass.jpg\" \/>\n\t<meta property=\"og:image:width\" content=\"377\" \/>\n\t<meta property=\"og:image:height\" content=\"352\" \/>\n\t<meta property=\"og:image:type\" content=\"image\/jpeg\" \/>\n<meta name=\"author\" content=\"Jean Pierre BAWELA\" \/>\n<meta name=\"twitter:card\" content=\"summary_large_image\" \/>\n<meta name=\"twitter:label1\" content=\"\u00c9crit par\" \/>\n\t<meta name=\"twitter:data1\" content=\"Jean Pierre BAWELA\" \/>\n\t<meta name=\"twitter:label2\" content=\"Dur\u00e9e de lecture estim\u00e9e\" \/>\n\t<meta name=\"twitter:data2\" content=\"2 minutes\" \/>\n<script type=\"application\/ld+json\" class=\"yoast-schema-graph\">{\"@context\":\"https:\\\/\\\/schema.org\",\"@graph\":[{\"@type\":\"Article\",\"@id\":\"https:\\\/\\\/macite.tg\\\/?p=19758#article\",\"isPartOf\":{\"@id\":\"https:\\\/\\\/macite.tg\\\/?p=19758\"},\"author\":{\"name\":\"Jean Pierre BAWELA\",\"@id\":\"https:\\\/\\\/macite.tg\\\/#\\\/schema\\\/person\\\/e9f2de7e5dbbe7770a9402c7ce82f5c2\"},\"headline\":\"AVIS DE DECES : Les obs\u00e8ques de la demi-s\u0153ur du Chef de l\u2019Etat ce weekend \u00e0 Pya&#8230; La famille GNASSINGBE plong\u00e9e dans une profonde tristesse\",\"datePublished\":\"2025-01-30T17:17:14+00:00\",\"dateModified\":\"2025-01-30T19:46:27+00:00\",\"mainEntityOfPage\":{\"@id\":\"https:\\\/\\\/macite.tg\\\/?p=19758\"},\"wordCount\":189,\"commentCount\":0,\"image\":{\"@id\":\"https:\\\/\\\/macite.tg\\\/?p=19758#primaryimage\"},\"thumbnailUrl\":\"https:\\\/\\\/macite.tg\\\/wp-content\\\/uploads\\\/2025\\\/01\\\/Lelen-Gnass.jpg\",\"articleSection\":[\"ACTUALITE\",\"ANNONCE\"],\"inLanguage\":\"fr-FR\",\"potentialAction\":[{\"@type\":\"CommentAction\",\"name\":\"Comment\",\"target\":[\"https:\\\/\\\/macite.tg\\\/?p=19758#respond\"]}]},{\"@type\":\"WebPage\",\"@id\":\"https:\\\/\\\/macite.tg\\\/?p=19758\",\"url\":\"https:\\\/\\\/macite.tg\\\/?p=19758\",\"name\":\"AVIS DE DECES : Les obs\u00e8ques de la demi-s\u0153ur du Chef de l\u2019Etat ce weekend \u00e0 Pya... La famille GNASSINGBE plong\u00e9e dans une profonde tristesse -\",\"isPartOf\":{\"@id\":\"https:\\\/\\\/macite.tg\\\/#website\"},\"primaryImageOfPage\":{\"@id\":\"https:\\\/\\\/macite.tg\\\/?p=19758#primaryimage\"},\"image\":{\"@id\":\"https:\\\/\\\/macite.tg\\\/?p=19758#primaryimage\"},\"thumbnailUrl\":\"https:\\\/\\\/macite.tg\\\/wp-content\\\/uploads\\\/2025\\\/01\\\/Lelen-Gnass.jpg\",\"datePublished\":\"2025-01-30T17:17:14+00:00\",\"dateModified\":\"2025-01-30T19:46:27+00:00\",\"author\":{\"@id\":\"https:\\\/\\\/macite.tg\\\/#\\\/schema\\\/person\\\/e9f2de7e5dbbe7770a9402c7ce82f5c2\"},\"breadcrumb\":{\"@id\":\"https:\\\/\\\/macite.tg\\\/?p=19758#breadcrumb\"},\"inLanguage\":\"fr-FR\",\"potentialAction\":[{\"@type\":\"ReadAction\",\"target\":[\"https:\\\/\\\/macite.tg\\\/?p=19758\"]}]},{\"@type\":\"ImageObject\",\"inLanguage\":\"fr-FR\",\"@id\":\"https:\\\/\\\/macite.tg\\\/?p=19758#primaryimage\",\"url\":\"https:\\\/\\\/macite.tg\\\/wp-content\\\/uploads\\\/2025\\\/01\\\/Lelen-Gnass.jpg\",\"contentUrl\":\"https:\\\/\\\/macite.tg\\\/wp-content\\\/uploads\\\/2025\\\/01\\\/Lelen-Gnass.jpg\",\"width\":377,\"height\":352,\"caption\":\"Lelen Gnassingb\u00e9\"},{\"@type\":\"BreadcrumbList\",\"@id\":\"https:\\\/\\\/macite.tg\\\/?p=19758#breadcrumb\",\"itemListElement\":[{\"@type\":\"ListItem\",\"position\":1,\"name\":\"Accueil\",\"item\":\"https:\\\/\\\/macite.tg\\\/\"},{\"@type\":\"ListItem\",\"position\":2,\"name\":\"AVIS DE DECES : Les obs\u00e8ques de la demi-s\u0153ur du Chef de l\u2019Etat ce weekend \u00e0 Pya&#8230; La famille GNASSINGBE plong\u00e9e dans une profonde tristesse\"}]},{\"@type\":\"WebSite\",\"@id\":\"https:\\\/\\\/macite.tg\\\/#website\",\"url\":\"https:\\\/\\\/macite.tg\\\/\",\"name\":\"\",\"description\":\"L&#039;information, la bonne!!!\",\"potentialAction\":[{\"@type\":\"SearchAction\",\"target\":{\"@type\":\"EntryPoint\",\"urlTemplate\":\"https:\\\/\\\/macite.tg\\\/?s={search_term_string}\"},\"query-input\":{\"@type\":\"PropertyValueSpecification\",\"valueRequired\":true,\"valueName\":\"search_term_string\"}}],\"inLanguage\":\"fr-FR\"},{\"@type\":\"Person\",\"@id\":\"https:\\\/\\\/macite.tg\\\/#\\\/schema\\\/person\\\/e9f2de7e5dbbe7770a9402c7ce82f5c2\",\"name\":\"Jean Pierre BAWELA\",\"image\":{\"@type\":\"ImageObject\",\"inLanguage\":\"fr-FR\",\"@id\":\"https:\\\/\\\/macite.tg\\\/wp-content\\\/uploads\\\/2023\\\/09\\\/WhatsApp-Image-2023-09-19-at-14.44.41-122x122.jpeg\",\"url\":\"https:\\\/\\\/macite.tg\\\/wp-content\\\/uploads\\\/2023\\\/09\\\/WhatsApp-Image-2023-09-19-at-14.44.41-122x122.jpeg\",\"contentUrl\":\"https:\\\/\\\/macite.tg\\\/wp-content\\\/uploads\\\/2023\\\/09\\\/WhatsApp-Image-2023-09-19-at-14.44.41-122x122.jpeg\",\"caption\":\"Jean Pierre BAWELA\"},\"url\":\"https:\\\/\\\/macite.tg\\\/?author=2\"}]}<\/script>\n<!-- \/ Yoast SEO plugin. -->","yoast_head_json":{"title":"AVIS DE DECES : Les obs\u00e8ques de la demi-s\u0153ur du Chef de l\u2019Etat ce weekend \u00e0 Pya... La famille GNASSINGBE plong\u00e9e dans une profonde tristesse -","robots":{"index":"index","follow":"follow","max-snippet":"max-snippet:-1","max-image-preview":"max-image-preview:large","max-video-preview":"max-video-preview:-1"},"canonical":"https:\/\/macite.tg\/?p=19758","og_locale":"fr_FR","og_type":"article","og_title":"AVIS DE DECES : Les obs\u00e8ques de la demi-s\u0153ur du Chef de l\u2019Etat ce weekend \u00e0 Pya... La famille GNASSINGBE plong\u00e9e dans une profonde tristesse -","og_description":"D\u00e9c\u00e9d\u00e9e le 23 janvier dernier au Pavillon militaire au CHU Sylvanus Olympio de Lom\u00e9, la demi-s\u0153ur du Chef de l\u2019Etat, Lelen Gnassingb\u00e9, sera conduite \u00e0 sa derni\u00e8re demeure ce weekend dans son village natal \u00e0 Pya Ak\u00e9\u00ef. Fille du d\u00e9funt pr\u00e9sident Gnassingb\u00e9 Eyad\u00e9ma et de [&hellip;]","og_url":"https:\/\/macite.tg\/?p=19758","article_published_time":"2025-01-30T17:17:14+00:00","article_modified_time":"2025-01-30T19:46:27+00:00","og_image":[{"width":377,"height":352,"url":"https:\/\/macite.tg\/wp-content\/uploads\/2025\/01\/Lelen-Gnass.jpg","type":"image\/jpeg"}],"author":"Jean Pierre BAWELA","twitter_card":"summary_large_image","twitter_misc":{"\u00c9crit par":"Jean Pierre BAWELA","Dur\u00e9e de lecture estim\u00e9e":"2 minutes"},"schema":{"@context":"https:\/\/schema.org","@graph":[{"@type":"Article","@id":"https:\/\/macite.tg\/?p=19758#article","isPartOf":{"@id":"https:\/\/macite.tg\/?p=19758"},"author":{"name":"Jean Pierre BAWELA","@id":"https:\/\/macite.tg\/#\/schema\/person\/e9f2de7e5dbbe7770a9402c7ce82f5c2"},"headline":"AVIS DE DECES : Les obs\u00e8ques de la demi-s\u0153ur du Chef de l\u2019Etat ce weekend \u00e0 Pya&#8230; La famille GNASSINGBE plong\u00e9e dans une profonde tristesse","datePublished":"2025-01-30T17:17:14+00:00","dateModified":"2025-01-30T19:46:27+00:00","mainEntityOfPage":{"@id":"https:\/\/macite.tg\/?p=19758"},"wordCount":189,"commentCount":0,"image":{"@id":"https:\/\/macite.tg\/?p=19758#primaryimage"},"thumbnailUrl":"https:\/\/macite.tg\/wp-content\/uploads\/2025\/01\/Lelen-Gnass.jpg","articleSection":["ACTUALITE","ANNONCE"],"inLanguage":"fr-FR","potentialAction":[{"@type":"CommentAction","name":"Comment","target":["https:\/\/macite.tg\/?p=19758#respond"]}]},{"@type":"WebPage","@id":"https:\/\/macite.tg\/?p=19758","url":"https:\/\/macite.tg\/?p=19758","name":"AVIS DE DECES : Les obs\u00e8ques de la demi-s\u0153ur du Chef de l\u2019Etat ce weekend \u00e0 Pya... La famille GNASSINGBE plong\u00e9e dans une profonde tristesse -","isPartOf":{"@id":"https:\/\/macite.tg\/#website"},"primaryImageOfPage":{"@id":"https:\/\/macite.tg\/?p=19758#primaryimage"},"image":{"@id":"https:\/\/macite.tg\/?p=19758#primaryimage"},"thumbnailUrl":"https:\/\/macite.tg\/wp-content\/uploads\/2025\/01\/Lelen-Gnass.jpg","datePublished":"2025-01-30T17:17:14+00:00","dateModified":"2025-01-30T19:46:27+00:00","author":{"@id":"https:\/\/macite.tg\/#\/schema\/person\/e9f2de7e5dbbe7770a9402c7ce82f5c2"},"breadcrumb":{"@id":"https:\/\/macite.tg\/?p=19758#breadcrumb"},"inLanguage":"fr-FR","potentialAction":[{"@type":"ReadAction","target":["https:\/\/macite.tg\/?p=19758"]}]},{"@type":"ImageObject","inLanguage":"fr-FR","@id":"https:\/\/macite.tg\/?p=19758#primaryimage","url":"https:\/\/macite.tg\/wp-content\/uploads\/2025\/01\/Lelen-Gnass.jpg","contentUrl":"https:\/\/macite.tg\/wp-content\/uploads\/2025\/01\/Lelen-Gnass.jpg","width":377,"height":352,"caption":"Lelen Gnassingb\u00e9"},{"@type":"BreadcrumbList","@id":"https:\/\/macite.tg\/?p=19758#breadcrumb","itemListElement":[{"@type":"ListItem","position":1,"name":"Accueil","item":"https:\/\/macite.tg\/"},{"@type":"ListItem","position":2,"name":"AVIS DE DECES : Les obs\u00e8ques de la demi-s\u0153ur du Chef de l\u2019Etat ce weekend \u00e0 Pya&#8230; La famille GNASSINGBE plong\u00e9e dans une profonde tristesse"}]},{"@type":"WebSite","@id":"https:\/\/macite.tg\/#website","url":"https:\/\/macite.tg\/","name":"","description":"L&#039;information, la bonne!!!","potentialAction":[{"@type":"SearchAction","target":{"@type":"EntryPoint","urlTemplate":"https:\/\/macite.tg\/?s={search_term_string}"},"query-input":{"@type":"PropertyValueSpecification","valueRequired":true,"valueName":"search_term_string"}}],"inLanguage":"fr-FR"},{"@type":"Person","@id":"https:\/\/macite.tg\/#\/schema\/person\/e9f2de7e5dbbe7770a9402c7ce82f5c2","name":"Jean Pierre BAWELA","image":{"@type":"ImageObject","inLanguage":"fr-FR","@id":"https:\/\/macite.tg\/wp-content\/uploads\/2023\/09\/WhatsApp-Image-2023-09-19-at-14.44.41-122x122.jpeg","url":"https:\/\/macite.tg\/wp-content\/uploads\/2023\/09\/WhatsApp-Image-2023-09-19-at-14.44.41-122x122.jpeg","contentUrl":"https:\/\/macite.tg\/wp-content\/uploads\/2023\/09\/WhatsApp-Image-2023-09-19-at-14.44.41-122x122.jpeg","caption":"Jean Pierre BAWELA"},"url":"https:\/\/macite.tg\/?author=2"}]}},"_links":{"self":[{"href":"https:\/\/macite.tg\/index.php?rest_route=\/wp\/v2\/posts\/19758","targetHints":{"allow":["GET"]}}],"collection":[{"href":"https:\/\/macite.tg\/index.php?rest_route=\/wp\/v2\/posts"}],"about":[{"href":"https:\/\/macite.tg\/index.php?rest_route=\/wp\/v2\/types\/post"}],"author":[{"embeddable":true,"href":"https:\/\/macite.tg\/index.php?rest_route=\/wp\/v2\/users\/2"}],"replies":[{"embeddable":true,"href":"https:\/\/macite.tg\/index.php?rest_route=%2Fwp%2Fv2%2Fcomments&post=19758"}],"version-history":[{"count":0,"href":"https:\/\/macite.tg\/index.php?rest_route=\/wp\/v2\/posts\/19758\/revisions"}],"wp:featuredmedia":[{"embeddable":true,"href":"https:\/\/macite.tg\/index.php?rest_route=\/wp\/v2\/media\/19766"}],"wp:attachment":[{"href":"https:\/\/macite.tg\/index.php?rest_route=%2Fwp%2Fv2%2Fmedia&parent=19758"}],"wp:term":[{"taxonomy":"category","embeddable":true,"href":"https:\/\/macite.tg\/index.php?rest_route=%2Fwp%2Fv2%2Fcategories&post=19758"},{"taxonomy":"post_tag","embeddable":true,"href":"https:\/\/macite.tg\/index.php?rest_route=%2Fwp%2Fv2%2Ftags&post=19758"}],"curies":[{"name":"wp","href":"https:\/\/api.w.org\/{rel}","templated":true}]}}