{"id":19757,"date":"2025-01-30T16:18:52","date_gmt":"2025-01-30T16:18:52","guid":{"rendered":"https:\/\/macite.tg\/?p=19757"},"modified":"2025-01-30T17:36:01","modified_gmt":"2025-01-30T17:36:01","slug":"20eme-anniversaire-du-rappel-a-dieu-du-pere-de-la-nation-une-commemoration-nationale-dont-voici-le-programme","status":"publish","type":"post","link":"https:\/\/macite.tg\/?p=19757","title":{"rendered":"20EME ANNIVERSAIRE DU RAPPEL A DIEU DU PERE DE LA NATION\u00a0: Une comm\u00e9moration nationale dont voici le programme"},"content":{"rendered":"\n<p class=\"wp-block-paragraph\"><strong><em>D\u00e9j\u00e0 20 ans que le P\u00e8re de la Nation, feu Pr\u00e9sident Gnassingb\u00e9 Eyad\u00e9ma, a \u00e9t\u00e9 rappel\u00e9 \u00e0 son Cr\u00e9ateur laissant inconsolable tout un peuple. Pour se rem\u00e9morer de cet-grand homme d\u2019Etat et grand visionnaire, l\u2019ex\u00e9cutif togolais a organis\u00e9 une s\u00e9rie d\u2019activit\u00e9s qui s\u2019\u00e9tendent sur l\u2019ensemble du territoire national, ceci pour renforcer l\u2019unit\u00e9 nationale.<\/em><\/strong><\/p>\n\n\n\n<p class=\"wp-block-paragraph\"><strong><em>C\u2019est par le biais d\u2019un communiqu\u00e9 que le ministre de l\u2019administration territoriale, de la d\u00e9centralisation et de la chefferie coutumi\u00e8re, le Col Hodabalo Awat\u00e9, a rendu public le programme de ces c\u00e9l\u00e9brations d\u2019envergure nationale.<\/em><\/strong><\/p>\n\n\n<div class=\"wp-block-image\">\n<figure class=\"aligncenter size-full\"><img loading=\"lazy\" decoding=\"async\" width=\"851\" height=\"315\" src=\"https:\/\/macite.tg\/wp-content\/uploads\/2025\/01\/OTR_Renseignements-2.jpg\" alt=\"\" class=\"wp-image-19733\" srcset=\"https:\/\/macite.tg\/wp-content\/uploads\/2025\/01\/OTR_Renseignements-2.jpg 851w, https:\/\/macite.tg\/wp-content\/uploads\/2025\/01\/OTR_Renseignements-2-300x111.jpg 300w, https:\/\/macite.tg\/wp-content\/uploads\/2025\/01\/OTR_Renseignements-2-768x284.jpg 768w\" sizes=\"auto, (max-width: 851px) 100vw, 851px\" \/><\/figure>\n<\/div>\n\n\n<p class=\"wp-block-paragraph\"><strong><u>Communiqu\u00e9<\/u><\/strong><\/p>\n\n\n\n<p class=\"wp-block-paragraph\"><strong><em>Le 20\u00e8me anniversaire du rappel \u00e0 Dieu du P\u00e8re de la nation, feu Pr\u00e9sident GNASSINGBE Eyad\u00e9ma, sera c\u00e9l\u00e9br\u00e9 en cette ann\u00e9e 2025 comme suit :<\/em><\/strong><\/p>\n\n\n\n<p class=\"wp-block-paragraph\"><strong>A- A LOME :<\/strong><\/p>\n\n\n\n<p class=\"wp-block-paragraph\"><strong>Lundi 03 f\u00e9vrier 2025<\/strong><\/p>\n\n\n\n<p class=\"wp-block-paragraph\"><strong><em>\u2022 08 heures 30 minutes :<\/em><\/strong> Colloque international \u00e0 l\u2019H\u00f4tel 2 f\u00e9vrier, portant sur les \u00ab Hommages au G\u00e9n\u00e9ral GNASSINGBE Eyad\u00e9ma, P\u00e8re de la Nation Togolaise \u00bb ;<\/p>\n\n\n\n<p class=\"wp-block-paragraph\"><strong><em>\u2022 15 heures 30 minutes :<\/em><\/strong> Danse \u00ab Kamou \u00bb sur le terrain du Lyc\u00e9e d\u2019Ago\u00e8-Nyiv\u00e9 Centre.<\/p>\n\n\n\n<p class=\"wp-block-paragraph\"><strong>B- DANS LA PREFECTURE DE LA KOZAH :<\/strong><\/p>\n\n\n\n<p class=\"wp-block-paragraph\"><strong>A Pya :<\/strong><\/p>\n\n\n\n<p class=\"wp-block-paragraph\"><strong>Mardi 04 f\u00e9vrier 2025<\/strong><\/p>\n\n\n\n<p class=\"wp-block-paragraph\"><strong><em>19 heures 00 minute<\/em><\/strong> : Veill\u00e9e de pri\u00e8re au domicile du P\u00e8re de la nation. Mise en place termin\u00e9e \u00e0 18 heures 30 minutes.<\/p>\n\n\n\n<p class=\"wp-block-paragraph\"><strong>A Kara : Mercredi 05 f\u00e9vrier 2025<\/strong><\/p>\n\n\n\n<p class=\"wp-block-paragraph\"><strong><em>\u2022 10 heures 00 minute<\/em><\/strong> : Au Palais des Congr\u00e8s de Kara : Pri\u00e8re \u0153cum\u00e9nique pour le repos de l\u2019\u00e2me du P\u00e8re de la nation en pr\u00e9sence de Son Excellence Monsieur Faure Essozimna GNASSINGBE, Pr\u00e9sident de la R\u00e9publique<\/p>\n\n\n\n<p class=\"wp-block-paragraph\">Sont invit\u00e9es \u00e0 cette c\u00e9r\u00e9monie les personnalit\u00e9s suivantes :<\/p>\n\n\n\n<p class=\"wp-block-paragraph\">&#8211; Madame le premier Ministre ;<\/p>\n\n\n<div class=\"wp-block-image\">\n<figure class=\"aligncenter size-full\"><img loading=\"lazy\" decoding=\"async\" width=\"851\" height=\"315\" src=\"https:\/\/macite.tg\/wp-content\/uploads\/2025\/01\/OTR_Renseignements-2.jpg\" alt=\"\" class=\"wp-image-19733\" srcset=\"https:\/\/macite.tg\/wp-content\/uploads\/2025\/01\/OTR_Renseignements-2.jpg 851w, https:\/\/macite.tg\/wp-content\/uploads\/2025\/01\/OTR_Renseignements-2-300x111.jpg 300w, https:\/\/macite.tg\/wp-content\/uploads\/2025\/01\/OTR_Renseignements-2-768x284.jpg 768w\" sizes=\"auto, (max-width: 851px) 100vw, 851px\" \/><\/figure>\n<\/div>\n\n\n<p class=\"wp-block-paragraph\">&#8211; Monsieur le pr\u00e9sident de l\u2019Assembl\u00e9e nationale ;<\/p>\n\n\n\n<p class=\"wp-block-paragraph\">&#8211; les pr\u00e9sidents des institutions de la R\u00e9publique ;<\/p>\n\n\n\n<p class=\"wp-block-paragraph\">&#8211; les membres du gouvernement ;<\/p>\n\n\n\n<p class=\"wp-block-paragraph\">&#8211; les d\u00e9put\u00e9s \u00e0 l\u2019Assembl\u00e9e nationale ;<\/p>\n\n\n\n<p class=\"wp-block-paragraph\">&#8211; le g\u00e9n\u00e9ral chef d\u2019Etat-major g\u00e9n\u00e9ral des Forces arm\u00e9es togolaises (FAT) ;<\/p>\n\n\n\n<p class=\"wp-block-paragraph\">&#8211; le secr\u00e9taire g\u00e9n\u00e9ral du Conseil national de d\u00e9fense et de s\u00e9curit\u00e9 (CNDS) ;<\/p>\n\n\n\n<p class=\"wp-block-paragraph\">&#8211; les chefs d\u2019Etat-major des arm\u00e9es ;<\/p>\n\n\n\n<p class=\"wp-block-paragraph\">&#8211; les officiers g\u00e9n\u00e9raux et sup\u00e9rieurs des FAT ;<\/p>\n\n\n\n<p class=\"wp-block-paragraph\">&nbsp;&#8211; les repr\u00e9sentants du corps diplomatique et des institutions internationales accr\u00e9dit\u00e9s au Togo&nbsp;;<\/p>\n\n\n\n<p class=\"wp-block-paragraph\">&#8211; les gouverneurs ;<\/p>\n\n\n\n<p class=\"wp-block-paragraph\">&#8211; les pr\u00e9sidents des conseils r\u00e9gionaux&nbsp;;<\/p>\n\n\n\n<p class=\"wp-block-paragraph\">&#8211; les secr\u00e9taires g\u00e9n\u00e9raux des gouvernorats et des conseils r\u00e9gionaux des r\u00e9gions de la Kara et Centrale ;<\/p>\n\n\n\n<p class=\"wp-block-paragraph\">&#8211; les pr\u00e9fets des r\u00e9gions de la Kara et Centrale ;<\/p>\n\n\n\n<p class=\"wp-block-paragraph\">&#8211; les secr\u00e9taires g\u00e9n\u00e9raux de pr\u00e9fectures des r\u00e9gions de la Kara et Centrale ;<\/p>\n\n\n<div class=\"wp-block-image\">\n<figure class=\"aligncenter size-large is-resized\"><img loading=\"lazy\" decoding=\"async\" width=\"1024\" height=\"1024\" src=\"https:\/\/macite.tg\/wp-content\/uploads\/2025\/01\/OTR_e-timbre-fiscal-2-1024x1024.jpg\" alt=\"\" class=\"wp-image-19596\" style=\"width:534px;height:auto\" srcset=\"https:\/\/macite.tg\/wp-content\/uploads\/2025\/01\/OTR_e-timbre-fiscal-2-1024x1024.jpg 1024w, https:\/\/macite.tg\/wp-content\/uploads\/2025\/01\/OTR_e-timbre-fiscal-2-300x300.jpg 300w, https:\/\/macite.tg\/wp-content\/uploads\/2025\/01\/OTR_e-timbre-fiscal-2-150x150.jpg 150w, https:\/\/macite.tg\/wp-content\/uploads\/2025\/01\/OTR_e-timbre-fiscal-2-768x768.jpg 768w, https:\/\/macite.tg\/wp-content\/uploads\/2025\/01\/OTR_e-timbre-fiscal-2-1536x1536.jpg 1536w, https:\/\/macite.tg\/wp-content\/uploads\/2025\/01\/OTR_e-timbre-fiscal-2-122x122.jpg 122w, https:\/\/macite.tg\/wp-content\/uploads\/2025\/01\/OTR_e-timbre-fiscal-2.jpg 2048w\" sizes=\"auto, (max-width: 1024px) 100vw, 1024px\" \/><\/figure>\n<\/div>\n\n\n<p class=\"wp-block-paragraph\">&#8211; les membres du bureau de la fa\u00eeti\u00e8re des communes du Togo ;<\/p>\n\n\n\n<p class=\"wp-block-paragraph\">&#8211; les maires, les adjoints aux maires, les pr\u00e9sidents des commissions et les secr\u00e9taires g\u00e9n\u00e9raux des communes des r\u00e9gions de la Kara et Centrale ;<\/p>\n\n\n\n<p class=\"wp-block-paragraph\">&#8211; les pr\u00e9sidents, vice-pr\u00e9sidents et secr\u00e9taires g\u00e9n\u00e9raux des universit\u00e9s nationales ;<\/p>\n\n\n\n<p class=\"wp-block-paragraph\">&#8211; les directeurs et chefs des diff\u00e9rents services d\u00e9concentr\u00e9s de l\u2019Etat dans les r\u00e9gions de la Kara et Centrale ;<\/p>\n\n\n\n<p class=\"wp-block-paragraph\">&#8211; les chefs traditionnels membres des bureaux des conseils pr\u00e9fectoraux de la chefferie traditionnelle de la r\u00e9gion de la Kara ;<\/p>\n\n\n\n<p class=\"wp-block-paragraph\">&#8211; les chefs de cantons de la Kozah ;<\/p>\n\n\n\n<p class=\"wp-block-paragraph\">&#8211; les pr\u00e9sidents de f\u00e9d\u00e9rations des organisations religieuses.<\/p>\n\n\n\n<p class=\"wp-block-paragraph\"><strong><em>La mise en place doit \u00eatre termin\u00e9e ce mercredi 05 f\u00e9vrier 2025 au palais des congr\u00e8s de Kara \u00e0 09 heures 30 minutes.<\/em><\/strong><\/p>\n\n\n\n<p class=\"wp-block-paragraph\">\u2022 14 heures 30 minutes : Danse \u00ab Kamou \u00bb sur l\u2019esplanade du Palais des Congr\u00e8s de Kara.<\/p>\n\n\n\n<p class=\"wp-block-paragraph\"><strong>C- DANS LES CHEFS-LIEUX DE REGIONS, DANS LES AUTRES PREFECTURES ET COMMUNES :<\/strong><\/p>\n\n\n\n<p class=\"wp-block-paragraph\"><strong><em>1. Vendredi 31 janvier 2025 :<\/em><\/strong> Pri\u00e8re musulmane dans les mosqu\u00e9es des chefs-lieux de r\u00e9gions, des autres pr\u00e9fectures et des communes, pour le repos de l\u2019\u00e2me du P\u00e8re de la nation<\/p>\n\n\n<div class=\"wp-block-image\">\n<figure class=\"aligncenter size-full is-resized\"><img loading=\"lazy\" decoding=\"async\" width=\"500\" height=\"681\" src=\"https:\/\/macite.tg\/wp-content\/uploads\/2025\/01\/OTR_TPU.jpg\" alt=\"\" class=\"wp-image-19737\" style=\"width:662px;height:auto\" srcset=\"https:\/\/macite.tg\/wp-content\/uploads\/2025\/01\/OTR_TPU.jpg 500w, https:\/\/macite.tg\/wp-content\/uploads\/2025\/01\/OTR_TPU-220x300.jpg 220w\" sizes=\"auto, (max-width: 500px) 100vw, 500px\" \/><\/figure>\n<\/div>\n\n\n<p class=\"wp-block-paragraph\"><strong><em>2. Dimanche 02 f\u00e9vrier 2025 :<\/em><\/strong> Pri\u00e8re chr\u00e9tienne dans les \u00e9glises et temples des chefs-lieux de r\u00e9gions, des autres pr\u00e9fectures et des communes, pour le repos de l\u2019\u00e2me du P\u00e8re de la nation.<\/p>\n\n\n\n<p class=\"wp-block-paragraph\"><strong><em>3. Mardi 04 f\u00e9vrier 2025 :<\/em><\/strong> Pri\u00e8re traditionnelle sur l\u2019\u00e9tendue du territoire national pour la m\u00eame intention<\/p>\n\n\n\n<p class=\"wp-block-paragraph\"><strong>Fait \u00e0 Lom\u00e9, le 28 janvier 2025<\/strong><\/p>\n\n\n\n<p class=\"wp-block-paragraph\"><strong>Hodabalo Awat\u00e9,<\/strong><\/p>\n\n\n\n<p class=\"wp-block-paragraph\"><strong>Ministre de l&rsquo;administration territoriale, de la d\u00e9centralisation et de la chefferie coutumi\u00e8re.<\/strong><\/p>\n\n\n\n<p class=\"wp-block-paragraph\"><a><strong><em>@macite.tg&nbsp;&nbsp;&nbsp;&nbsp;&nbsp;&nbsp;&nbsp;&nbsp;<\/em><\/strong><\/a><\/p>\n\n\n\n<p class=\"wp-block-paragraph\"><strong><em>E-mail&nbsp;: <\/em><\/strong><a href=\"mailto:maciteinfo@gmail.com\"><strong><em>maciteinfo@gmail.com<\/em><\/strong><\/a><strong><em>; <\/em><\/strong><a href=\"mailto:bawela1@gmail.com\"><strong><em>bawela1@gmail.com<\/em><\/strong><\/a><strong><em><\/em><\/strong><\/p>\n\n\n\n<p class=\"wp-block-paragraph\"><strong><em>Pour vos annonces, (publi)reportages, etc., joignez-nous au (00228)91515309\/<strong>79872224 <\/strong>www.macite.tg, L\u2019information, la bonne&nbsp;!<\/em><\/strong><\/p>\n","protected":false},"excerpt":{"rendered":"<p class=\"text-justify mb-2\" >D\u00e9j\u00e0 20 ans que le P\u00e8re de la Nation, feu Pr\u00e9sident Gnassingb\u00e9 Eyad\u00e9ma, a \u00e9t\u00e9 rappel\u00e9 \u00e0 son Cr\u00e9ateur laissant inconsolable tout un peuple. Pour se rem\u00e9morer de cet-grand homme d\u2019Etat et grand visionnaire, l\u2019ex\u00e9cutif togolais a organis\u00e9 une s\u00e9rie d\u2019activit\u00e9s qui s\u2019\u00e9tendent sur l\u2019ensemble [&hellip;]<\/p>\n","protected":false},"author":2,"featured_media":19759,"comment_status":"open","ping_status":"open","sticky":false,"template":"","format":"standard","meta":{"footnotes":""},"categories":[20,62],"tags":[],"class_list":["post-19757","post","type-post","status-publish","format-standard","has-post-thumbnail","hentry","category-actualite","category-hommage"],"yoast_head":"<!-- This site is optimized with the Yoast SEO plugin v28.4 - https:\/\/yoast.com\/product\/yoast-seo-wordpress\/ -->\n<title>20EME ANNIVERSAIRE DU RAPPEL A DIEU DU PERE DE LA NATION\u00a0: Une comm\u00e9moration nationale dont voici le programme -<\/title>\n<meta name=\"robots\" content=\"index, follow, max-snippet:-1, max-image-preview:large, max-video-preview:-1\" \/>\n<link rel=\"canonical\" href=\"https:\/\/macite.tg\/?p=19757\" \/>\n<meta property=\"og:locale\" content=\"fr_FR\" \/>\n<meta property=\"og:type\" content=\"article\" \/>\n<meta property=\"og:title\" content=\"20EME ANNIVERSAIRE DU RAPPEL A DIEU DU PERE DE LA NATION\u00a0: Une comm\u00e9moration nationale dont voici le programme -\" \/>\n<meta property=\"og:description\" content=\"D\u00e9j\u00e0 20 ans que le P\u00e8re de la Nation, feu Pr\u00e9sident Gnassingb\u00e9 Eyad\u00e9ma, a \u00e9t\u00e9 rappel\u00e9 \u00e0 son Cr\u00e9ateur laissant inconsolable tout un peuple. Pour se rem\u00e9morer de cet-grand homme d\u2019Etat et grand visionnaire, l\u2019ex\u00e9cutif togolais a organis\u00e9 une s\u00e9rie d\u2019activit\u00e9s qui s\u2019\u00e9tendent sur l\u2019ensemble [&hellip;]\" \/>\n<meta property=\"og:url\" content=\"https:\/\/macite.tg\/?p=19757\" \/>\n<meta property=\"article:published_time\" content=\"2025-01-30T16:18:52+00:00\" \/>\n<meta property=\"article:modified_time\" content=\"2025-01-30T17:36:01+00:00\" \/>\n<meta property=\"og:image\" content=\"https:\/\/macite.tg\/wp-content\/uploads\/2025\/01\/image-98.png\" \/>\n\t<meta property=\"og:image:width\" content=\"474\" \/>\n\t<meta property=\"og:image:height\" content=\"266\" \/>\n\t<meta property=\"og:image:type\" content=\"image\/png\" \/>\n<meta name=\"author\" content=\"Jean Pierre BAWELA\" \/>\n<meta name=\"twitter:card\" content=\"summary_large_image\" \/>\n<meta name=\"twitter:label1\" content=\"\u00c9crit par\" \/>\n\t<meta name=\"twitter:data1\" content=\"Jean Pierre BAWELA\" \/>\n\t<meta name=\"twitter:label2\" content=\"Dur\u00e9e de lecture estim\u00e9e\" \/>\n\t<meta name=\"twitter:data2\" content=\"4 minutes\" \/>\n<script type=\"application\/ld+json\" class=\"yoast-schema-graph\">{\"@context\":\"https:\\\/\\\/schema.org\",\"@graph\":[{\"@type\":\"Article\",\"@id\":\"https:\\\/\\\/macite.tg\\\/?p=19757#article\",\"isPartOf\":{\"@id\":\"https:\\\/\\\/macite.tg\\\/?p=19757\"},\"author\":{\"name\":\"Jean Pierre BAWELA\",\"@id\":\"https:\\\/\\\/macite.tg\\\/#\\\/schema\\\/person\\\/e9f2de7e5dbbe7770a9402c7ce82f5c2\"},\"headline\":\"20EME ANNIVERSAIRE DU RAPPEL A DIEU DU PERE DE LA NATION\u00a0: Une comm\u00e9moration nationale dont voici le programme\",\"datePublished\":\"2025-01-30T16:18:52+00:00\",\"dateModified\":\"2025-01-30T17:36:01+00:00\",\"mainEntityOfPage\":{\"@id\":\"https:\\\/\\\/macite.tg\\\/?p=19757\"},\"wordCount\":780,\"commentCount\":1,\"image\":{\"@id\":\"https:\\\/\\\/macite.tg\\\/?p=19757#primaryimage\"},\"thumbnailUrl\":\"https:\\\/\\\/macite.tg\\\/wp-content\\\/uploads\\\/2025\\\/01\\\/image-98.png\",\"articleSection\":[\"ACTUALITE\",\"HOMMAGE\"],\"inLanguage\":\"fr-FR\",\"potentialAction\":[{\"@type\":\"CommentAction\",\"name\":\"Comment\",\"target\":[\"https:\\\/\\\/macite.tg\\\/?p=19757#respond\"]}]},{\"@type\":\"WebPage\",\"@id\":\"https:\\\/\\\/macite.tg\\\/?p=19757\",\"url\":\"https:\\\/\\\/macite.tg\\\/?p=19757\",\"name\":\"20EME ANNIVERSAIRE DU RAPPEL A DIEU DU PERE DE LA NATION\u00a0: Une comm\u00e9moration nationale dont voici le programme -\",\"isPartOf\":{\"@id\":\"https:\\\/\\\/macite.tg\\\/#website\"},\"primaryImageOfPage\":{\"@id\":\"https:\\\/\\\/macite.tg\\\/?p=19757#primaryimage\"},\"image\":{\"@id\":\"https:\\\/\\\/macite.tg\\\/?p=19757#primaryimage\"},\"thumbnailUrl\":\"https:\\\/\\\/macite.tg\\\/wp-content\\\/uploads\\\/2025\\\/01\\\/image-98.png\",\"datePublished\":\"2025-01-30T16:18:52+00:00\",\"dateModified\":\"2025-01-30T17:36:01+00:00\",\"author\":{\"@id\":\"https:\\\/\\\/macite.tg\\\/#\\\/schema\\\/person\\\/e9f2de7e5dbbe7770a9402c7ce82f5c2\"},\"breadcrumb\":{\"@id\":\"https:\\\/\\\/macite.tg\\\/?p=19757#breadcrumb\"},\"inLanguage\":\"fr-FR\",\"potentialAction\":[{\"@type\":\"ReadAction\",\"target\":[\"https:\\\/\\\/macite.tg\\\/?p=19757\"]}]},{\"@type\":\"ImageObject\",\"inLanguage\":\"fr-FR\",\"@id\":\"https:\\\/\\\/macite.tg\\\/?p=19757#primaryimage\",\"url\":\"https:\\\/\\\/macite.tg\\\/wp-content\\\/uploads\\\/2025\\\/01\\\/image-98.png\",\"contentUrl\":\"https:\\\/\\\/macite.tg\\\/wp-content\\\/uploads\\\/2025\\\/01\\\/image-98.png\",\"width\":474,\"height\":266},{\"@type\":\"BreadcrumbList\",\"@id\":\"https:\\\/\\\/macite.tg\\\/?p=19757#breadcrumb\",\"itemListElement\":[{\"@type\":\"ListItem\",\"position\":1,\"name\":\"Accueil\",\"item\":\"https:\\\/\\\/macite.tg\\\/\"},{\"@type\":\"ListItem\",\"position\":2,\"name\":\"20EME ANNIVERSAIRE DU RAPPEL A DIEU DU PERE DE LA NATION\u00a0: Une comm\u00e9moration nationale dont voici le programme\"}]},{\"@type\":\"WebSite\",\"@id\":\"https:\\\/\\\/macite.tg\\\/#website\",\"url\":\"https:\\\/\\\/macite.tg\\\/\",\"name\":\"\",\"description\":\"L&#039;information, la bonne!!!\",\"potentialAction\":[{\"@type\":\"SearchAction\",\"target\":{\"@type\":\"EntryPoint\",\"urlTemplate\":\"https:\\\/\\\/macite.tg\\\/?s={search_term_string}\"},\"query-input\":{\"@type\":\"PropertyValueSpecification\",\"valueRequired\":true,\"valueName\":\"search_term_string\"}}],\"inLanguage\":\"fr-FR\"},{\"@type\":\"Person\",\"@id\":\"https:\\\/\\\/macite.tg\\\/#\\\/schema\\\/person\\\/e9f2de7e5dbbe7770a9402c7ce82f5c2\",\"name\":\"Jean Pierre BAWELA\",\"image\":{\"@type\":\"ImageObject\",\"inLanguage\":\"fr-FR\",\"@id\":\"https:\\\/\\\/macite.tg\\\/wp-content\\\/uploads\\\/2023\\\/09\\\/WhatsApp-Image-2023-09-19-at-14.44.41-122x122.jpeg\",\"url\":\"https:\\\/\\\/macite.tg\\\/wp-content\\\/uploads\\\/2023\\\/09\\\/WhatsApp-Image-2023-09-19-at-14.44.41-122x122.jpeg\",\"contentUrl\":\"https:\\\/\\\/macite.tg\\\/wp-content\\\/uploads\\\/2023\\\/09\\\/WhatsApp-Image-2023-09-19-at-14.44.41-122x122.jpeg\",\"caption\":\"Jean Pierre BAWELA\"},\"url\":\"https:\\\/\\\/macite.tg\\\/?author=2\"}]}<\/script>\n<!-- \/ Yoast SEO plugin. -->","yoast_head_json":{"title":"20EME ANNIVERSAIRE DU RAPPEL A DIEU DU PERE DE LA NATION\u00a0: Une comm\u00e9moration nationale dont voici le programme -","robots":{"index":"index","follow":"follow","max-snippet":"max-snippet:-1","max-image-preview":"max-image-preview:large","max-video-preview":"max-video-preview:-1"},"canonical":"https:\/\/macite.tg\/?p=19757","og_locale":"fr_FR","og_type":"article","og_title":"20EME ANNIVERSAIRE DU RAPPEL A DIEU DU PERE DE LA NATION\u00a0: Une comm\u00e9moration nationale dont voici le programme -","og_description":"D\u00e9j\u00e0 20 ans que le P\u00e8re de la Nation, feu Pr\u00e9sident Gnassingb\u00e9 Eyad\u00e9ma, a \u00e9t\u00e9 rappel\u00e9 \u00e0 son Cr\u00e9ateur laissant inconsolable tout un peuple. Pour se rem\u00e9morer de cet-grand homme d\u2019Etat et grand visionnaire, l\u2019ex\u00e9cutif togolais a organis\u00e9 une s\u00e9rie d\u2019activit\u00e9s qui s\u2019\u00e9tendent sur l\u2019ensemble [&hellip;]","og_url":"https:\/\/macite.tg\/?p=19757","article_published_time":"2025-01-30T16:18:52+00:00","article_modified_time":"2025-01-30T17:36:01+00:00","og_image":[{"width":474,"height":266,"url":"https:\/\/macite.tg\/wp-content\/uploads\/2025\/01\/image-98.png","type":"image\/png"}],"author":"Jean Pierre BAWELA","twitter_card":"summary_large_image","twitter_misc":{"\u00c9crit par":"Jean Pierre BAWELA","Dur\u00e9e de lecture estim\u00e9e":"4 minutes"},"schema":{"@context":"https:\/\/schema.org","@graph":[{"@type":"Article","@id":"https:\/\/macite.tg\/?p=19757#article","isPartOf":{"@id":"https:\/\/macite.tg\/?p=19757"},"author":{"name":"Jean Pierre BAWELA","@id":"https:\/\/macite.tg\/#\/schema\/person\/e9f2de7e5dbbe7770a9402c7ce82f5c2"},"headline":"20EME ANNIVERSAIRE DU RAPPEL A DIEU DU PERE DE LA NATION\u00a0: Une comm\u00e9moration nationale dont voici le programme","datePublished":"2025-01-30T16:18:52+00:00","dateModified":"2025-01-30T17:36:01+00:00","mainEntityOfPage":{"@id":"https:\/\/macite.tg\/?p=19757"},"wordCount":780,"commentCount":1,"image":{"@id":"https:\/\/macite.tg\/?p=19757#primaryimage"},"thumbnailUrl":"https:\/\/macite.tg\/wp-content\/uploads\/2025\/01\/image-98.png","articleSection":["ACTUALITE","HOMMAGE"],"inLanguage":"fr-FR","potentialAction":[{"@type":"CommentAction","name":"Comment","target":["https:\/\/macite.tg\/?p=19757#respond"]}]},{"@type":"WebPage","@id":"https:\/\/macite.tg\/?p=19757","url":"https:\/\/macite.tg\/?p=19757","name":"20EME ANNIVERSAIRE DU RAPPEL A DIEU DU PERE DE LA NATION\u00a0: Une comm\u00e9moration nationale dont voici le programme -","isPartOf":{"@id":"https:\/\/macite.tg\/#website"},"primaryImageOfPage":{"@id":"https:\/\/macite.tg\/?p=19757#primaryimage"},"image":{"@id":"https:\/\/macite.tg\/?p=19757#primaryimage"},"thumbnailUrl":"https:\/\/macite.tg\/wp-content\/uploads\/2025\/01\/image-98.png","datePublished":"2025-01-30T16:18:52+00:00","dateModified":"2025-01-30T17:36:01+00:00","author":{"@id":"https:\/\/macite.tg\/#\/schema\/person\/e9f2de7e5dbbe7770a9402c7ce82f5c2"},"breadcrumb":{"@id":"https:\/\/macite.tg\/?p=19757#breadcrumb"},"inLanguage":"fr-FR","potentialAction":[{"@type":"ReadAction","target":["https:\/\/macite.tg\/?p=19757"]}]},{"@type":"ImageObject","inLanguage":"fr-FR","@id":"https:\/\/macite.tg\/?p=19757#primaryimage","url":"https:\/\/macite.tg\/wp-content\/uploads\/2025\/01\/image-98.png","contentUrl":"https:\/\/macite.tg\/wp-content\/uploads\/2025\/01\/image-98.png","width":474,"height":266},{"@type":"BreadcrumbList","@id":"https:\/\/macite.tg\/?p=19757#breadcrumb","itemListElement":[{"@type":"ListItem","position":1,"name":"Accueil","item":"https:\/\/macite.tg\/"},{"@type":"ListItem","position":2,"name":"20EME ANNIVERSAIRE DU RAPPEL A DIEU DU PERE DE LA NATION\u00a0: Une comm\u00e9moration nationale dont voici le programme"}]},{"@type":"WebSite","@id":"https:\/\/macite.tg\/#website","url":"https:\/\/macite.tg\/","name":"","description":"L&#039;information, la bonne!!!","potentialAction":[{"@type":"SearchAction","target":{"@type":"EntryPoint","urlTemplate":"https:\/\/macite.tg\/?s={search_term_string}"},"query-input":{"@type":"PropertyValueSpecification","valueRequired":true,"valueName":"search_term_string"}}],"inLanguage":"fr-FR"},{"@type":"Person","@id":"https:\/\/macite.tg\/#\/schema\/person\/e9f2de7e5dbbe7770a9402c7ce82f5c2","name":"Jean Pierre BAWELA","image":{"@type":"ImageObject","inLanguage":"fr-FR","@id":"https:\/\/macite.tg\/wp-content\/uploads\/2023\/09\/WhatsApp-Image-2023-09-19-at-14.44.41-122x122.jpeg","url":"https:\/\/macite.tg\/wp-content\/uploads\/2023\/09\/WhatsApp-Image-2023-09-19-at-14.44.41-122x122.jpeg","contentUrl":"https:\/\/macite.tg\/wp-content\/uploads\/2023\/09\/WhatsApp-Image-2023-09-19-at-14.44.41-122x122.jpeg","caption":"Jean Pierre BAWELA"},"url":"https:\/\/macite.tg\/?author=2"}]}},"_links":{"self":[{"href":"https:\/\/macite.tg\/index.php?rest_route=\/wp\/v2\/posts\/19757","targetHints":{"allow":["GET"]}}],"collection":[{"href":"https:\/\/macite.tg\/index.php?rest_route=\/wp\/v2\/posts"}],"about":[{"href":"https:\/\/macite.tg\/index.php?rest_route=\/wp\/v2\/types\/post"}],"author":[{"embeddable":true,"href":"https:\/\/macite.tg\/index.php?rest_route=\/wp\/v2\/users\/2"}],"replies":[{"embeddable":true,"href":"https:\/\/macite.tg\/index.php?rest_route=%2Fwp%2Fv2%2Fcomments&post=19757"}],"version-history":[{"count":0,"href":"https:\/\/macite.tg\/index.php?rest_route=\/wp\/v2\/posts\/19757\/revisions"}],"wp:featuredmedia":[{"embeddable":true,"href":"https:\/\/macite.tg\/index.php?rest_route=\/wp\/v2\/media\/19759"}],"wp:attachment":[{"href":"https:\/\/macite.tg\/index.php?rest_route=%2Fwp%2Fv2%2Fmedia&parent=19757"}],"wp:term":[{"taxonomy":"category","embeddable":true,"href":"https:\/\/macite.tg\/index.php?rest_route=%2Fwp%2Fv2%2Fcategories&post=19757"},{"taxonomy":"post_tag","embeddable":true,"href":"https:\/\/macite.tg\/index.php?rest_route=%2Fwp%2Fv2%2Ftags&post=19757"}],"curies":[{"name":"wp","href":"https:\/\/api.w.org\/{rel}","templated":true}]}}