{"id":19748,"date":"2025-01-30T13:36:43","date_gmt":"2025-01-30T13:36:43","guid":{"rendered":"https:\/\/macite.tg\/?p=19748"},"modified":"2025-01-30T16:29:50","modified_gmt":"2025-01-30T16:29:50","slug":"suede-mort-tragiquement-pour-le-profanateur-du-coran","status":"publish","type":"post","link":"https:\/\/macite.tg\/?p=19748","title":{"rendered":"SUEDE\u00a0: Mort tragique du profanateur du Coran\u2026"},"content":{"rendered":"\n<p class=\"wp-block-paragraph\"><strong><em>Le nom de Salwan Momika, le profanateur du Coran, qui avait provoqu\u00e9 des manifestations de col\u00e8re dans plusieurs pays musulmans en 2023, fait de nouveau la une des m\u00e9dias apr\u00e8s sa mort tragique en banlieue de Stockholm. Mercredi soir, la police su\u00e9doise a confirm\u00e9 qu\u2019un homme avait \u00e9t\u00e9 tu\u00e9 par balles dans un immeuble de Sodertalje, o\u00f9 r\u00e9sidait l\u2019Irakien de confession chr\u00e9tienne. Le d\u00e9c\u00e8s a \u00e9t\u00e9 confirm\u00e9 peu apr\u00e8s son arriv\u00e9e \u00e0 l\u2019h\u00f4pital.<\/em><\/strong><\/p>\n\n\n\n<p class=\"wp-block-paragraph\">Un tribunal de Stockholm devait rendre son jugement ce jeudi sur les accusations d\u2019incitation \u00e0 la haine ethnique port\u00e9es contre Salwan Momika. Toutefois, le verdict a \u00e9t\u00e9 report\u00e9 au 3 f\u00e9vrier en raison de la confirmation de son d\u00e9c\u00e8s. La justice su\u00e9doise enqu\u00eate d\u00e9sormais sur les circonstances de son meurtre, en ouvrant une enqu\u00eate pour homicide.&nbsp;<\/p>\n\n\n<div class=\"wp-block-image\">\n<figure class=\"aligncenter size-full\"><img loading=\"lazy\" decoding=\"async\" width=\"851\" height=\"315\" src=\"https:\/\/macite.tg\/wp-content\/uploads\/2025\/01\/OTR_Renseignements-2.jpg\" alt=\"\" class=\"wp-image-19733\" srcset=\"https:\/\/macite.tg\/wp-content\/uploads\/2025\/01\/OTR_Renseignements-2.jpg 851w, https:\/\/macite.tg\/wp-content\/uploads\/2025\/01\/OTR_Renseignements-2-300x111.jpg 300w, https:\/\/macite.tg\/wp-content\/uploads\/2025\/01\/OTR_Renseignements-2-768x284.jpg 768w\" sizes=\"auto, (max-width: 851px) 100vw, 851px\" \/><\/figure>\n<\/div>\n\n\n<p class=\"wp-block-paragraph\">Salwan Momika avait attir\u00e9 l\u2019attention internationale l\u2019\u00e9t\u00e9 dernier, lorsque lui et son alter ego, Salwan Najem, avaient \u00e9t\u00e9 renvoy\u00e9s en jugement pour avoir profan\u00e9 le Coran \u00e0 plusieurs reprises, y compris par des actes de br\u00fblages publics, parfois accompagn\u00e9s de commentaires provocateurs \u00e0 l\u2019encontre des musulmans.<\/p>\n\n\n\n<p class=\"wp-block-paragraph\">Leur geste avait enflamm\u00e9 les relations entre la Su\u00e8de et plusieurs nations du Moyen-Orient, provoquant des manifestations violentes, notamment l\u2019attaque de l\u2019ambassade de Su\u00e8de \u00e0 Bagdad en juillet 2023.<\/p>\n\n\n\n<p class=\"wp-block-paragraph\">Dans un contexte d\u00e9j\u00e0 tendu, les autorit\u00e9s su\u00e9doises avaient d\u00fb faire face \u00e0 un climat de menace accru, avec le service de renseignement su\u00e9dois (Sapo) rehaussant son niveau d\u2019alerte en raison des risques li\u00e9s aux agitations autour des profanations du Coran.<\/p>\n\n\n<div class=\"wp-block-image\">\n<figure class=\"aligncenter size-full is-resized\"><img loading=\"lazy\" decoding=\"async\" width=\"500\" height=\"681\" src=\"https:\/\/macite.tg\/wp-content\/uploads\/2025\/01\/OTR_TPU.jpg\" alt=\"\" class=\"wp-image-19737\" style=\"width:572px;height:auto\" srcset=\"https:\/\/macite.tg\/wp-content\/uploads\/2025\/01\/OTR_TPU.jpg 500w, https:\/\/macite.tg\/wp-content\/uploads\/2025\/01\/OTR_TPU-220x300.jpg 220w\" sizes=\"auto, (max-width: 500px) 100vw, 500px\" \/><\/figure>\n<\/div>\n\n\n<p class=\"wp-block-paragraph\">Un incident similaire, en ao\u00fbt 2023, avait pouss\u00e9 la Su\u00e8de \u00e0 condamner ces actes de profanation tout en soulignant que la libert\u00e9 d\u2019expression et de r\u00e9union \u00e9taient prot\u00e9g\u00e9es par sa Constitution.<\/p>\n\n\n\n<p class=\"wp-block-paragraph\">Pourtant, la question de la libert\u00e9 d\u2019expression face aux actes incitant \u00e0 la haine ethnique s\u2019est \u00e9galement retrouv\u00e9e sous les projecteurs, surtout apr\u00e8s qu\u2019un tribunal su\u00e9dois ait condamn\u00e9, en octobre 2023, un homme pour avoir br\u00fbl\u00e9 le Coran, marquant un tournant dans la jurisprudence en mati\u00e8re de discours haineux.<\/p>\n\n\n\n<p class=\"wp-block-paragraph\"><strong>SeneNews<\/strong><\/p>\n\n\n\n<p class=\"wp-block-paragraph\"><a><strong><em>@macite.tg&nbsp;&nbsp;&nbsp;&nbsp;&nbsp;&nbsp;&nbsp;&nbsp;<\/em><\/strong><\/a><\/p>\n\n\n\n<p class=\"wp-block-paragraph\"><strong><em>E-mail&nbsp;: <\/em><\/strong><a href=\"mailto:maciteinfo@gmail.com\"><strong><em>maciteinfo@gmail.com<\/em><\/strong><\/a><strong><em>; <\/em><\/strong><a href=\"mailto:bawela1@gmail.com\"><strong><em>bawela1@gmail.com<\/em><\/strong><\/a><strong><em><\/em><\/strong><\/p>\n\n\n\n<p class=\"wp-block-paragraph\"><strong><em>Pour vos annonces, (publi)reportages, etc., joignez-nous au (00228)91515309\/<strong>79872224 <\/strong>www.macite.tg, L\u2019information, la bonne&nbsp;!<\/em><\/strong><\/p>\n","protected":false},"excerpt":{"rendered":"<p class=\"text-justify mb-2\" >Le nom de Salwan Momika, le profanateur du Coran, qui avait provoqu\u00e9 des manifestations de col\u00e8re dans plusieurs pays musulmans en 2023, fait de nouveau la une des m\u00e9dias apr\u00e8s sa mort tragique en banlieue de Stockholm. Mercredi soir, la police su\u00e9doise a confirm\u00e9 qu\u2019un [&hellip;]<\/p>\n","protected":false},"author":2,"featured_media":19754,"comment_status":"open","ping_status":"open","sticky":false,"template":"","format":"standard","meta":{"footnotes":""},"categories":[20,36],"tags":[],"class_list":["post-19748","post","type-post","status-publish","format-standard","has-post-thumbnail","hentry","category-actualite","category-drame"],"yoast_head":"<!-- This site is optimized with the Yoast SEO plugin v28.4 - https:\/\/yoast.com\/product\/yoast-seo-wordpress\/ -->\n<title>SUEDE\u00a0: Mort tragique du profanateur du Coran\u2026 -<\/title>\n<meta name=\"robots\" content=\"index, follow, max-snippet:-1, max-image-preview:large, max-video-preview:-1\" \/>\n<link rel=\"canonical\" href=\"https:\/\/macite.tg\/?p=19748\" \/>\n<meta property=\"og:locale\" content=\"fr_FR\" \/>\n<meta property=\"og:type\" content=\"article\" \/>\n<meta property=\"og:title\" content=\"SUEDE\u00a0: Mort tragique du profanateur du Coran\u2026 -\" \/>\n<meta property=\"og:description\" content=\"Le nom de Salwan Momika, le profanateur du Coran, qui avait provoqu\u00e9 des manifestations de col\u00e8re dans plusieurs pays musulmans en 2023, fait de nouveau la une des m\u00e9dias apr\u00e8s sa mort tragique en banlieue de Stockholm. Mercredi soir, la police su\u00e9doise a confirm\u00e9 qu\u2019un [&hellip;]\" \/>\n<meta property=\"og:url\" content=\"https:\/\/macite.tg\/?p=19748\" \/>\n<meta property=\"article:published_time\" content=\"2025-01-30T13:36:43+00:00\" \/>\n<meta property=\"article:modified_time\" content=\"2025-01-30T16:29:50+00:00\" \/>\n<meta property=\"og:image\" content=\"https:\/\/macite.tg\/wp-content\/uploads\/2025\/01\/Profanateur-du-Coran.jpg\" \/>\n\t<meta property=\"og:image:width\" content=\"500\" \/>\n\t<meta property=\"og:image:height\" content=\"273\" \/>\n\t<meta property=\"og:image:type\" content=\"image\/jpeg\" \/>\n<meta name=\"author\" content=\"Jean Pierre BAWELA\" \/>\n<meta name=\"twitter:card\" content=\"summary_large_image\" \/>\n<meta name=\"twitter:label1\" content=\"\u00c9crit par\" \/>\n\t<meta name=\"twitter:data1\" content=\"Jean Pierre BAWELA\" \/>\n\t<meta name=\"twitter:label2\" content=\"Dur\u00e9e de lecture estim\u00e9e\" \/>\n\t<meta name=\"twitter:data2\" content=\"3 minutes\" \/>\n<script type=\"application\/ld+json\" class=\"yoast-schema-graph\">{\"@context\":\"https:\\\/\\\/schema.org\",\"@graph\":[{\"@type\":\"Article\",\"@id\":\"https:\\\/\\\/macite.tg\\\/?p=19748#article\",\"isPartOf\":{\"@id\":\"https:\\\/\\\/macite.tg\\\/?p=19748\"},\"author\":{\"name\":\"Jean Pierre BAWELA\",\"@id\":\"https:\\\/\\\/macite.tg\\\/#\\\/schema\\\/person\\\/e9f2de7e5dbbe7770a9402c7ce82f5c2\"},\"headline\":\"SUEDE\u00a0: Mort tragique du profanateur du Coran\u2026\",\"datePublished\":\"2025-01-30T13:36:43+00:00\",\"dateModified\":\"2025-01-30T16:29:50+00:00\",\"mainEntityOfPage\":{\"@id\":\"https:\\\/\\\/macite.tg\\\/?p=19748\"},\"wordCount\":408,\"commentCount\":0,\"image\":{\"@id\":\"https:\\\/\\\/macite.tg\\\/?p=19748#primaryimage\"},\"thumbnailUrl\":\"https:\\\/\\\/macite.tg\\\/wp-content\\\/uploads\\\/2025\\\/01\\\/Profanateur-du-Coran.jpg\",\"articleSection\":[\"ACTUALITE\",\"DRAME\"],\"inLanguage\":\"fr-FR\",\"potentialAction\":[{\"@type\":\"CommentAction\",\"name\":\"Comment\",\"target\":[\"https:\\\/\\\/macite.tg\\\/?p=19748#respond\"]}]},{\"@type\":\"WebPage\",\"@id\":\"https:\\\/\\\/macite.tg\\\/?p=19748\",\"url\":\"https:\\\/\\\/macite.tg\\\/?p=19748\",\"name\":\"SUEDE\u00a0: Mort tragique du profanateur du Coran\u2026 -\",\"isPartOf\":{\"@id\":\"https:\\\/\\\/macite.tg\\\/#website\"},\"primaryImageOfPage\":{\"@id\":\"https:\\\/\\\/macite.tg\\\/?p=19748#primaryimage\"},\"image\":{\"@id\":\"https:\\\/\\\/macite.tg\\\/?p=19748#primaryimage\"},\"thumbnailUrl\":\"https:\\\/\\\/macite.tg\\\/wp-content\\\/uploads\\\/2025\\\/01\\\/Profanateur-du-Coran.jpg\",\"datePublished\":\"2025-01-30T13:36:43+00:00\",\"dateModified\":\"2025-01-30T16:29:50+00:00\",\"author\":{\"@id\":\"https:\\\/\\\/macite.tg\\\/#\\\/schema\\\/person\\\/e9f2de7e5dbbe7770a9402c7ce82f5c2\"},\"breadcrumb\":{\"@id\":\"https:\\\/\\\/macite.tg\\\/?p=19748#breadcrumb\"},\"inLanguage\":\"fr-FR\",\"potentialAction\":[{\"@type\":\"ReadAction\",\"target\":[\"https:\\\/\\\/macite.tg\\\/?p=19748\"]}]},{\"@type\":\"ImageObject\",\"inLanguage\":\"fr-FR\",\"@id\":\"https:\\\/\\\/macite.tg\\\/?p=19748#primaryimage\",\"url\":\"https:\\\/\\\/macite.tg\\\/wp-content\\\/uploads\\\/2025\\\/01\\\/Profanateur-du-Coran.jpg\",\"contentUrl\":\"https:\\\/\\\/macite.tg\\\/wp-content\\\/uploads\\\/2025\\\/01\\\/Profanateur-du-Coran.jpg\",\"width\":500,\"height\":273,\"caption\":\"Salwan Momika , irakien de confession chr\u00e9tienne\"},{\"@type\":\"BreadcrumbList\",\"@id\":\"https:\\\/\\\/macite.tg\\\/?p=19748#breadcrumb\",\"itemListElement\":[{\"@type\":\"ListItem\",\"position\":1,\"name\":\"Accueil\",\"item\":\"https:\\\/\\\/macite.tg\\\/\"},{\"@type\":\"ListItem\",\"position\":2,\"name\":\"SUEDE\u00a0: Mort tragique du profanateur du Coran\u2026\"}]},{\"@type\":\"WebSite\",\"@id\":\"https:\\\/\\\/macite.tg\\\/#website\",\"url\":\"https:\\\/\\\/macite.tg\\\/\",\"name\":\"\",\"description\":\"L&#039;information, la bonne!!!\",\"potentialAction\":[{\"@type\":\"SearchAction\",\"target\":{\"@type\":\"EntryPoint\",\"urlTemplate\":\"https:\\\/\\\/macite.tg\\\/?s={search_term_string}\"},\"query-input\":{\"@type\":\"PropertyValueSpecification\",\"valueRequired\":true,\"valueName\":\"search_term_string\"}}],\"inLanguage\":\"fr-FR\"},{\"@type\":\"Person\",\"@id\":\"https:\\\/\\\/macite.tg\\\/#\\\/schema\\\/person\\\/e9f2de7e5dbbe7770a9402c7ce82f5c2\",\"name\":\"Jean Pierre BAWELA\",\"image\":{\"@type\":\"ImageObject\",\"inLanguage\":\"fr-FR\",\"@id\":\"https:\\\/\\\/macite.tg\\\/wp-content\\\/uploads\\\/2023\\\/09\\\/WhatsApp-Image-2023-09-19-at-14.44.41-122x122.jpeg\",\"url\":\"https:\\\/\\\/macite.tg\\\/wp-content\\\/uploads\\\/2023\\\/09\\\/WhatsApp-Image-2023-09-19-at-14.44.41-122x122.jpeg\",\"contentUrl\":\"https:\\\/\\\/macite.tg\\\/wp-content\\\/uploads\\\/2023\\\/09\\\/WhatsApp-Image-2023-09-19-at-14.44.41-122x122.jpeg\",\"caption\":\"Jean Pierre BAWELA\"},\"url\":\"https:\\\/\\\/macite.tg\\\/?author=2\"}]}<\/script>\n<!-- \/ Yoast SEO plugin. -->","yoast_head_json":{"title":"SUEDE\u00a0: Mort tragique du profanateur du Coran\u2026 -","robots":{"index":"index","follow":"follow","max-snippet":"max-snippet:-1","max-image-preview":"max-image-preview:large","max-video-preview":"max-video-preview:-1"},"canonical":"https:\/\/macite.tg\/?p=19748","og_locale":"fr_FR","og_type":"article","og_title":"SUEDE\u00a0: Mort tragique du profanateur du Coran\u2026 -","og_description":"Le nom de Salwan Momika, le profanateur du Coran, qui avait provoqu\u00e9 des manifestations de col\u00e8re dans plusieurs pays musulmans en 2023, fait de nouveau la une des m\u00e9dias apr\u00e8s sa mort tragique en banlieue de Stockholm. Mercredi soir, la police su\u00e9doise a confirm\u00e9 qu\u2019un [&hellip;]","og_url":"https:\/\/macite.tg\/?p=19748","article_published_time":"2025-01-30T13:36:43+00:00","article_modified_time":"2025-01-30T16:29:50+00:00","og_image":[{"width":500,"height":273,"url":"https:\/\/macite.tg\/wp-content\/uploads\/2025\/01\/Profanateur-du-Coran.jpg","type":"image\/jpeg"}],"author":"Jean Pierre BAWELA","twitter_card":"summary_large_image","twitter_misc":{"\u00c9crit par":"Jean Pierre BAWELA","Dur\u00e9e de lecture estim\u00e9e":"3 minutes"},"schema":{"@context":"https:\/\/schema.org","@graph":[{"@type":"Article","@id":"https:\/\/macite.tg\/?p=19748#article","isPartOf":{"@id":"https:\/\/macite.tg\/?p=19748"},"author":{"name":"Jean Pierre BAWELA","@id":"https:\/\/macite.tg\/#\/schema\/person\/e9f2de7e5dbbe7770a9402c7ce82f5c2"},"headline":"SUEDE\u00a0: Mort tragique du profanateur du Coran\u2026","datePublished":"2025-01-30T13:36:43+00:00","dateModified":"2025-01-30T16:29:50+00:00","mainEntityOfPage":{"@id":"https:\/\/macite.tg\/?p=19748"},"wordCount":408,"commentCount":0,"image":{"@id":"https:\/\/macite.tg\/?p=19748#primaryimage"},"thumbnailUrl":"https:\/\/macite.tg\/wp-content\/uploads\/2025\/01\/Profanateur-du-Coran.jpg","articleSection":["ACTUALITE","DRAME"],"inLanguage":"fr-FR","potentialAction":[{"@type":"CommentAction","name":"Comment","target":["https:\/\/macite.tg\/?p=19748#respond"]}]},{"@type":"WebPage","@id":"https:\/\/macite.tg\/?p=19748","url":"https:\/\/macite.tg\/?p=19748","name":"SUEDE\u00a0: Mort tragique du profanateur du Coran\u2026 -","isPartOf":{"@id":"https:\/\/macite.tg\/#website"},"primaryImageOfPage":{"@id":"https:\/\/macite.tg\/?p=19748#primaryimage"},"image":{"@id":"https:\/\/macite.tg\/?p=19748#primaryimage"},"thumbnailUrl":"https:\/\/macite.tg\/wp-content\/uploads\/2025\/01\/Profanateur-du-Coran.jpg","datePublished":"2025-01-30T13:36:43+00:00","dateModified":"2025-01-30T16:29:50+00:00","author":{"@id":"https:\/\/macite.tg\/#\/schema\/person\/e9f2de7e5dbbe7770a9402c7ce82f5c2"},"breadcrumb":{"@id":"https:\/\/macite.tg\/?p=19748#breadcrumb"},"inLanguage":"fr-FR","potentialAction":[{"@type":"ReadAction","target":["https:\/\/macite.tg\/?p=19748"]}]},{"@type":"ImageObject","inLanguage":"fr-FR","@id":"https:\/\/macite.tg\/?p=19748#primaryimage","url":"https:\/\/macite.tg\/wp-content\/uploads\/2025\/01\/Profanateur-du-Coran.jpg","contentUrl":"https:\/\/macite.tg\/wp-content\/uploads\/2025\/01\/Profanateur-du-Coran.jpg","width":500,"height":273,"caption":"Salwan Momika , irakien de confession chr\u00e9tienne"},{"@type":"BreadcrumbList","@id":"https:\/\/macite.tg\/?p=19748#breadcrumb","itemListElement":[{"@type":"ListItem","position":1,"name":"Accueil","item":"https:\/\/macite.tg\/"},{"@type":"ListItem","position":2,"name":"SUEDE\u00a0: Mort tragique du profanateur du Coran\u2026"}]},{"@type":"WebSite","@id":"https:\/\/macite.tg\/#website","url":"https:\/\/macite.tg\/","name":"","description":"L&#039;information, la bonne!!!","potentialAction":[{"@type":"SearchAction","target":{"@type":"EntryPoint","urlTemplate":"https:\/\/macite.tg\/?s={search_term_string}"},"query-input":{"@type":"PropertyValueSpecification","valueRequired":true,"valueName":"search_term_string"}}],"inLanguage":"fr-FR"},{"@type":"Person","@id":"https:\/\/macite.tg\/#\/schema\/person\/e9f2de7e5dbbe7770a9402c7ce82f5c2","name":"Jean Pierre BAWELA","image":{"@type":"ImageObject","inLanguage":"fr-FR","@id":"https:\/\/macite.tg\/wp-content\/uploads\/2023\/09\/WhatsApp-Image-2023-09-19-at-14.44.41-122x122.jpeg","url":"https:\/\/macite.tg\/wp-content\/uploads\/2023\/09\/WhatsApp-Image-2023-09-19-at-14.44.41-122x122.jpeg","contentUrl":"https:\/\/macite.tg\/wp-content\/uploads\/2023\/09\/WhatsApp-Image-2023-09-19-at-14.44.41-122x122.jpeg","caption":"Jean Pierre BAWELA"},"url":"https:\/\/macite.tg\/?author=2"}]}},"_links":{"self":[{"href":"https:\/\/macite.tg\/index.php?rest_route=\/wp\/v2\/posts\/19748","targetHints":{"allow":["GET"]}}],"collection":[{"href":"https:\/\/macite.tg\/index.php?rest_route=\/wp\/v2\/posts"}],"about":[{"href":"https:\/\/macite.tg\/index.php?rest_route=\/wp\/v2\/types\/post"}],"author":[{"embeddable":true,"href":"https:\/\/macite.tg\/index.php?rest_route=\/wp\/v2\/users\/2"}],"replies":[{"embeddable":true,"href":"https:\/\/macite.tg\/index.php?rest_route=%2Fwp%2Fv2%2Fcomments&post=19748"}],"version-history":[{"count":0,"href":"https:\/\/macite.tg\/index.php?rest_route=\/wp\/v2\/posts\/19748\/revisions"}],"wp:featuredmedia":[{"embeddable":true,"href":"https:\/\/macite.tg\/index.php?rest_route=\/wp\/v2\/media\/19754"}],"wp:attachment":[{"href":"https:\/\/macite.tg\/index.php?rest_route=%2Fwp%2Fv2%2Fmedia&parent=19748"}],"wp:term":[{"taxonomy":"category","embeddable":true,"href":"https:\/\/macite.tg\/index.php?rest_route=%2Fwp%2Fv2%2Fcategories&post=19748"},{"taxonomy":"post_tag","embeddable":true,"href":"https:\/\/macite.tg\/index.php?rest_route=%2Fwp%2Fv2%2Ftags&post=19748"}],"curies":[{"name":"wp","href":"https:\/\/api.w.org\/{rel}","templated":true}]}}