{"id":19742,"date":"2025-01-30T13:01:21","date_gmt":"2025-01-30T13:01:21","guid":{"rendered":"https:\/\/macite.tg\/?p=19742"},"modified":"2025-01-30T13:09:48","modified_gmt":"2025-01-30T13:09:48","slug":"elections-a-la-commission-de-lua-un-emissaire-du-president-egyptien-a-lomele-leadership-du-togo-a-lhonneur","status":"publish","type":"post","link":"https:\/\/macite.tg\/?p=19742","title":{"rendered":"\u00c9LECTIONS A LA COMMISSION DE L\u2019UA\u00a0: Un \u00e9missaire du pr\u00e9sident \u00e9gyptien \u00e0 Lom\u00e9\u2026Le leadership du Togo \u00e0 l\u2019honneur"},"content":{"rendered":"\n<p class=\"wp-block-paragraph\"><strong><em>Dans le cadre des \u00e9lections \u00e0 la Commission de l\u2019Union africaine (UA), un \u00e9missaire du president \u00e9gyptien,  Abdel Fattah Al-Sissi, a \u00e9t\u00e9 d\u00e9p\u00each\u00e9 \u00e0 Lom\u00e9, le mardi 28 janvier dernier, dans l\u2019optique d\u2019obtenir de soutien du Togo.<\/em><\/strong><\/p>\n\n\n\n<p class=\"wp-block-paragraph\">L\u2019envoy\u00e9e sp\u00e9ciale et candidate au poste de la Vice-pr\u00e9sidence de la Commission de l\u2019Union africaine (UA), Hanan Morsy, a \u00e9t\u00e9 re\u00e7ue, le mardi 28 janvier dernier, par la Cheffe de l\u2019ex\u00e9cutif, Mme Victoire Tom\u00e9gah-Dogb\u00e9. Pour cette candidature, l\u2019Egypte sollicite le soutien du Togo.<\/p>\n\n\n\n<p class=\"wp-block-paragraph\">Dans ce sens, Mme Hanan Morsy est venue transmettre le message du leader \u00e9gyptien Abdel Fattah Al-Sissi, \u00e0 son homologue togolais, Faure Essozimna Gnassingb\u00e9.<\/p>\n\n\n<div class=\"wp-block-image\">\n<figure class=\"aligncenter size-full\"><img loading=\"lazy\" decoding=\"async\" width=\"500\" height=\"681\" src=\"https:\/\/macite.tg\/wp-content\/uploads\/2025\/01\/OTR_TPU.jpg\" alt=\"\" class=\"wp-image-19737\" srcset=\"https:\/\/macite.tg\/wp-content\/uploads\/2025\/01\/OTR_TPU.jpg 500w, https:\/\/macite.tg\/wp-content\/uploads\/2025\/01\/OTR_TPU-220x300.jpg 220w\" sizes=\"auto, (max-width: 500px) 100vw, 500px\" \/><\/figure>\n<\/div>\n\n\n<p class=\"wp-block-paragraph\">La place du Togo sur l\u2019\u00e9chiquier continental n\u2019est plus \u00e0 discuter. Soulignant que \u00ab&nbsp;<em>le Togo est connu pour son leadership sur le continent&nbsp;\u00bb, <\/em>la responsable, secr\u00e9taire ex\u00e9cutive adjointe et \u00e9conomiste en chef de la Commission \u00e9conomique des Nations Unies pour l&rsquo;Afrique depuis 2022, compte sur Lom\u00e9 pour se faire \u00e9lire au poste de Vice-pr\u00e9sidente de la Commission de l\u2019UA.<\/p>\n\n\n\n<p class=\"wp-block-paragraph\">Les candidatures pour les huit postes de haute responsabilit\u00e9 de la Commission (Pr\u00e9sident, Vice-pr\u00e9sident et Commissaires), sont ouvertes depuis plusieurs semaines d\u00e9j\u00e0. Elles tiennent compte de plusieurs crit\u00e8res, \u00e0 savoir&nbsp;: la r\u00e9partition g\u00e9ographique des portefeuilles, la parit\u00e9 hommes-femmes, la rotation pr\u00e9visible, l\u2019attraction et la r\u00e9tention des meilleurs talents africains, le leadership et la gestion responsables et efficaces, et la s\u00e9lection transparente, fond\u00e9e sur le m\u00e9rite<strong>.<\/strong> <\/p>\n\n\n\n<p class=\"wp-block-paragraph\">Notons que ces \u00e9lections de 2025 vont se d\u00e9rouler conform\u00e9ment \u00e0 la d\u00e9cision du Conseil ex\u00e9cutif minist\u00e9riel, qui stipule que la rotation par restriction partielle, notamment contr\u00f4ler le r\u00f4le du pr\u00e9sident et du vice-pr\u00e9sident sur la base d&rsquo;une rotation interr\u00e9gionale pr\u00e9visible suivant l&rsquo;ordre alphab\u00e9tique anglais, et d&rsquo;une comp\u00e9tition ouverte pour les portefeuilles des commissaires.<\/p>\n\n\n<div class=\"wp-block-image\">\n<figure class=\"aligncenter size-full\"><img loading=\"lazy\" decoding=\"async\" width=\"851\" height=\"315\" src=\"https:\/\/macite.tg\/wp-content\/uploads\/2025\/01\/OTR_Renseignements-2.jpg\" alt=\"\" class=\"wp-image-19733\" srcset=\"https:\/\/macite.tg\/wp-content\/uploads\/2025\/01\/OTR_Renseignements-2.jpg 851w, https:\/\/macite.tg\/wp-content\/uploads\/2025\/01\/OTR_Renseignements-2-300x111.jpg 300w, https:\/\/macite.tg\/wp-content\/uploads\/2025\/01\/OTR_Renseignements-2-768x284.jpg 768w\" sizes=\"auto, (max-width: 851px) 100vw, 851px\" \/><\/figure>\n<\/div>\n\n\n<p class=\"wp-block-paragraph\">Ainsi, le processus sera bas\u00e9 sur trois bases, notamment :<\/p>\n\n\n\n<ol start=\"1\" class=\"wp-block-list\">\n<li>Le principe de la rotation interr\u00e9gionale : la r\u00e9gion Est pr\u00e9sente des candidats \u00e0 la pr\u00e9sidence et la r\u00e9gion Nord pr\u00e9sente des candidats \u00e0 la vice-pr\u00e9sidence, les deux r\u00e9gions pr\u00e9sentant des candidats f\u00e9minins et masculins.<\/li>\n\n\n\n<li>Les trois autres r\u00e9gions (centrale, australe et Ouest) peuvent pr\u00e9senter au moins deux candidats (une femme et un homme) pour les six portefeuilles de commissaires.<\/li>\n\n\n\n<li>Chaque r\u00e9gion d\u00e9termine sa propre proc\u00e9dure de d\u00e9signation des candidats pour les portefeuilles auxquels elle est \u00e9ligible.<\/li>\n<\/ol>\n\n\n\n<p class=\"wp-block-paragraph\">Notons que les \u00e9lections se tiendront le mois le 12 f\u00e9vrier prochain, lors du 38<sup>\u00e8me<\/sup> Sommet de l\u2019UA, qui aura pour th\u00e8me&nbsp;: <em>\u00ab Construire un front uni pour faire avancer la cause de la justice et du paiement des r\u00e9parations aux Africains \u00bb.<\/em><\/p>\n\n\n<div class=\"wp-block-image\">\n<figure class=\"aligncenter size-full is-resized\"><img loading=\"lazy\" decoding=\"async\" width=\"500\" height=\"698\" src=\"https:\/\/macite.tg\/wp-content\/uploads\/2025\/01\/OTR_Soumission-Douanes-1.jpg\" alt=\"\" class=\"wp-image-19739\" style=\"width:566px;height:auto\" srcset=\"https:\/\/macite.tg\/wp-content\/uploads\/2025\/01\/OTR_Soumission-Douanes-1.jpg 500w, https:\/\/macite.tg\/wp-content\/uploads\/2025\/01\/OTR_Soumission-Douanes-1-215x300.jpg 215w\" sizes=\"auto, (max-width: 500px) 100vw, 500px\" \/><\/figure>\n<\/div>\n\n\n<p class=\"wp-block-paragraph\">Selon les principes des p\u00e8res fondateurs, l\u2019institution continentale devra \u0153uvrer pour une <em>\u00ab Afrique int\u00e9gr\u00e9e, prosp\u00e8re et pacifique, dirig\u00e9e par ses propres citoyens et repr\u00e9sentant une force dynamique sur la sc\u00e8ne mondiale \u00bb.<\/em><\/p>\n\n\n\n<p class=\"wp-block-paragraph\"><strong>JPB<\/strong><\/p>\n\n\n\n<p class=\"wp-block-paragraph\"><a><strong><em>@macite.tg&nbsp;&nbsp;&nbsp;&nbsp;&nbsp;&nbsp;&nbsp;&nbsp;<\/em><\/strong><\/a><\/p>\n\n\n\n<p class=\"wp-block-paragraph\"><strong><em>E-mail&nbsp;: <\/em><\/strong><a href=\"mailto:maciteinfo@gmail.com\"><strong><em>maciteinfo@gmail.com<\/em><\/strong><\/a><strong><em>; <\/em><\/strong><a href=\"mailto:bawela1@gmail.com\"><strong><em>bawela1@gmail.com<\/em><\/strong><\/a><strong><em><\/em><\/strong><\/p>\n\n\n\n<p class=\"wp-block-paragraph\"><strong><em>Pour vos annonces, (publi)reportages, etc., joignez-nous au (00228)91515309\/<strong>79872224 <\/strong>www.macite.tg, L\u2019information, la bonne&nbsp;!<\/em><\/strong><\/p>\n","protected":false},"excerpt":{"rendered":"<p class=\"text-justify mb-2\" >Dans le cadre des \u00e9lections \u00e0 la Commission de l\u2019Union africaine (UA), un \u00e9missaire du president \u00e9gyptien, Abdel Fattah Al-Sissi, a \u00e9t\u00e9 d\u00e9p\u00each\u00e9 \u00e0 Lom\u00e9, le mardi 28 janvier dernier, dans l\u2019optique d\u2019obtenir de soutien du Togo. L\u2019envoy\u00e9e sp\u00e9ciale et candidate au poste de la [&hellip;]<\/p>\n","protected":false},"author":2,"featured_media":19745,"comment_status":"open","ping_status":"open","sticky":false,"template":"","format":"standard","meta":{"footnotes":""},"categories":[20,8],"tags":[],"class_list":["post-19742","post","type-post","status-publish","format-standard","has-post-thumbnail","hentry","category-actualite","category-diplomatie"],"yoast_head":"<!-- This site is optimized with the Yoast SEO plugin v28.4 - https:\/\/yoast.com\/product\/yoast-seo-wordpress\/ -->\n<title>\u00c9LECTIONS A LA COMMISSION DE L\u2019UA\u00a0: Un \u00e9missaire du pr\u00e9sident \u00e9gyptien \u00e0 Lom\u00e9\u2026Le leadership du Togo \u00e0 l\u2019honneur -<\/title>\n<meta name=\"robots\" content=\"index, follow, max-snippet:-1, max-image-preview:large, max-video-preview:-1\" \/>\n<link rel=\"canonical\" href=\"https:\/\/macite.tg\/?p=19742\" \/>\n<meta property=\"og:locale\" content=\"fr_FR\" \/>\n<meta property=\"og:type\" content=\"article\" \/>\n<meta property=\"og:title\" content=\"\u00c9LECTIONS A LA COMMISSION DE L\u2019UA\u00a0: Un \u00e9missaire du pr\u00e9sident \u00e9gyptien \u00e0 Lom\u00e9\u2026Le leadership du Togo \u00e0 l\u2019honneur -\" \/>\n<meta property=\"og:description\" content=\"Dans le cadre des \u00e9lections \u00e0 la Commission de l\u2019Union africaine (UA), un \u00e9missaire du president \u00e9gyptien, Abdel Fattah Al-Sissi, a \u00e9t\u00e9 d\u00e9p\u00each\u00e9 \u00e0 Lom\u00e9, le mardi 28 janvier dernier, dans l\u2019optique d\u2019obtenir de soutien du Togo. L\u2019envoy\u00e9e sp\u00e9ciale et candidate au poste de la [&hellip;]\" \/>\n<meta property=\"og:url\" content=\"https:\/\/macite.tg\/?p=19742\" \/>\n<meta property=\"article:published_time\" content=\"2025-01-30T13:01:21+00:00\" \/>\n<meta property=\"article:modified_time\" content=\"2025-01-30T13:09:48+00:00\" \/>\n<meta property=\"og:image\" content=\"https:\/\/macite.tg\/wp-content\/uploads\/2025\/01\/image-96.png\" \/>\n\t<meta property=\"og:image:width\" content=\"500\" \/>\n\t<meta property=\"og:image:height\" content=\"333\" \/>\n\t<meta property=\"og:image:type\" content=\"image\/png\" \/>\n<meta name=\"author\" content=\"Jean Pierre BAWELA\" \/>\n<meta name=\"twitter:card\" content=\"summary_large_image\" \/>\n<meta name=\"twitter:label1\" content=\"\u00c9crit par\" \/>\n\t<meta name=\"twitter:data1\" content=\"Jean Pierre BAWELA\" \/>\n\t<meta name=\"twitter:label2\" content=\"Dur\u00e9e de lecture estim\u00e9e\" \/>\n\t<meta name=\"twitter:data2\" content=\"3 minutes\" \/>\n<script type=\"application\/ld+json\" class=\"yoast-schema-graph\">{\"@context\":\"https:\\\/\\\/schema.org\",\"@graph\":[{\"@type\":\"Article\",\"@id\":\"https:\\\/\\\/macite.tg\\\/?p=19742#article\",\"isPartOf\":{\"@id\":\"https:\\\/\\\/macite.tg\\\/?p=19742\"},\"author\":{\"name\":\"Jean Pierre BAWELA\",\"@id\":\"https:\\\/\\\/macite.tg\\\/#\\\/schema\\\/person\\\/e9f2de7e5dbbe7770a9402c7ce82f5c2\"},\"headline\":\"\u00c9LECTIONS A LA COMMISSION DE L\u2019UA\u00a0: Un \u00e9missaire du pr\u00e9sident \u00e9gyptien \u00e0 Lom\u00e9\u2026Le leadership du Togo \u00e0 l\u2019honneur\",\"datePublished\":\"2025-01-30T13:01:21+00:00\",\"dateModified\":\"2025-01-30T13:09:48+00:00\",\"mainEntityOfPage\":{\"@id\":\"https:\\\/\\\/macite.tg\\\/?p=19742\"},\"wordCount\":563,\"commentCount\":0,\"image\":{\"@id\":\"https:\\\/\\\/macite.tg\\\/?p=19742#primaryimage\"},\"thumbnailUrl\":\"https:\\\/\\\/macite.tg\\\/wp-content\\\/uploads\\\/2025\\\/01\\\/image-96.png\",\"articleSection\":[\"ACTUALITE\",\"DIPLOMATIE\"],\"inLanguage\":\"fr-FR\",\"potentialAction\":[{\"@type\":\"CommentAction\",\"name\":\"Comment\",\"target\":[\"https:\\\/\\\/macite.tg\\\/?p=19742#respond\"]}]},{\"@type\":\"WebPage\",\"@id\":\"https:\\\/\\\/macite.tg\\\/?p=19742\",\"url\":\"https:\\\/\\\/macite.tg\\\/?p=19742\",\"name\":\"\u00c9LECTIONS A LA COMMISSION DE L\u2019UA\u00a0: Un \u00e9missaire du pr\u00e9sident \u00e9gyptien \u00e0 Lom\u00e9\u2026Le leadership du Togo \u00e0 l\u2019honneur -\",\"isPartOf\":{\"@id\":\"https:\\\/\\\/macite.tg\\\/#website\"},\"primaryImageOfPage\":{\"@id\":\"https:\\\/\\\/macite.tg\\\/?p=19742#primaryimage\"},\"image\":{\"@id\":\"https:\\\/\\\/macite.tg\\\/?p=19742#primaryimage\"},\"thumbnailUrl\":\"https:\\\/\\\/macite.tg\\\/wp-content\\\/uploads\\\/2025\\\/01\\\/image-96.png\",\"datePublished\":\"2025-01-30T13:01:21+00:00\",\"dateModified\":\"2025-01-30T13:09:48+00:00\",\"author\":{\"@id\":\"https:\\\/\\\/macite.tg\\\/#\\\/schema\\\/person\\\/e9f2de7e5dbbe7770a9402c7ce82f5c2\"},\"breadcrumb\":{\"@id\":\"https:\\\/\\\/macite.tg\\\/?p=19742#breadcrumb\"},\"inLanguage\":\"fr-FR\",\"potentialAction\":[{\"@type\":\"ReadAction\",\"target\":[\"https:\\\/\\\/macite.tg\\\/?p=19742\"]}]},{\"@type\":\"ImageObject\",\"inLanguage\":\"fr-FR\",\"@id\":\"https:\\\/\\\/macite.tg\\\/?p=19742#primaryimage\",\"url\":\"https:\\\/\\\/macite.tg\\\/wp-content\\\/uploads\\\/2025\\\/01\\\/image-96.png\",\"contentUrl\":\"https:\\\/\\\/macite.tg\\\/wp-content\\\/uploads\\\/2025\\\/01\\\/image-96.png\",\"width\":500,\"height\":333,\"caption\":\"Hanan Morsy (g) remettant le message du leader \u00e9gyptien \u00e0 Mme le PM Dogb\u00e9\"},{\"@type\":\"BreadcrumbList\",\"@id\":\"https:\\\/\\\/macite.tg\\\/?p=19742#breadcrumb\",\"itemListElement\":[{\"@type\":\"ListItem\",\"position\":1,\"name\":\"Accueil\",\"item\":\"https:\\\/\\\/macite.tg\\\/\"},{\"@type\":\"ListItem\",\"position\":2,\"name\":\"\u00c9LECTIONS A LA COMMISSION DE L\u2019UA\u00a0: Un \u00e9missaire du pr\u00e9sident \u00e9gyptien \u00e0 Lom\u00e9\u2026Le leadership du Togo \u00e0 l\u2019honneur\"}]},{\"@type\":\"WebSite\",\"@id\":\"https:\\\/\\\/macite.tg\\\/#website\",\"url\":\"https:\\\/\\\/macite.tg\\\/\",\"name\":\"\",\"description\":\"L&#039;information, la bonne!!!\",\"potentialAction\":[{\"@type\":\"SearchAction\",\"target\":{\"@type\":\"EntryPoint\",\"urlTemplate\":\"https:\\\/\\\/macite.tg\\\/?s={search_term_string}\"},\"query-input\":{\"@type\":\"PropertyValueSpecification\",\"valueRequired\":true,\"valueName\":\"search_term_string\"}}],\"inLanguage\":\"fr-FR\"},{\"@type\":\"Person\",\"@id\":\"https:\\\/\\\/macite.tg\\\/#\\\/schema\\\/person\\\/e9f2de7e5dbbe7770a9402c7ce82f5c2\",\"name\":\"Jean Pierre BAWELA\",\"image\":{\"@type\":\"ImageObject\",\"inLanguage\":\"fr-FR\",\"@id\":\"https:\\\/\\\/macite.tg\\\/wp-content\\\/uploads\\\/2023\\\/09\\\/WhatsApp-Image-2023-09-19-at-14.44.41-122x122.jpeg\",\"url\":\"https:\\\/\\\/macite.tg\\\/wp-content\\\/uploads\\\/2023\\\/09\\\/WhatsApp-Image-2023-09-19-at-14.44.41-122x122.jpeg\",\"contentUrl\":\"https:\\\/\\\/macite.tg\\\/wp-content\\\/uploads\\\/2023\\\/09\\\/WhatsApp-Image-2023-09-19-at-14.44.41-122x122.jpeg\",\"caption\":\"Jean Pierre BAWELA\"},\"url\":\"https:\\\/\\\/macite.tg\\\/?author=2\"}]}<\/script>\n<!-- \/ Yoast SEO plugin. -->","yoast_head_json":{"title":"\u00c9LECTIONS A LA COMMISSION DE L\u2019UA\u00a0: Un \u00e9missaire du pr\u00e9sident \u00e9gyptien \u00e0 Lom\u00e9\u2026Le leadership du Togo \u00e0 l\u2019honneur -","robots":{"index":"index","follow":"follow","max-snippet":"max-snippet:-1","max-image-preview":"max-image-preview:large","max-video-preview":"max-video-preview:-1"},"canonical":"https:\/\/macite.tg\/?p=19742","og_locale":"fr_FR","og_type":"article","og_title":"\u00c9LECTIONS A LA COMMISSION DE L\u2019UA\u00a0: Un \u00e9missaire du pr\u00e9sident \u00e9gyptien \u00e0 Lom\u00e9\u2026Le leadership du Togo \u00e0 l\u2019honneur -","og_description":"Dans le cadre des \u00e9lections \u00e0 la Commission de l\u2019Union africaine (UA), un \u00e9missaire du president \u00e9gyptien, Abdel Fattah Al-Sissi, a \u00e9t\u00e9 d\u00e9p\u00each\u00e9 \u00e0 Lom\u00e9, le mardi 28 janvier dernier, dans l\u2019optique d\u2019obtenir de soutien du Togo. L\u2019envoy\u00e9e sp\u00e9ciale et candidate au poste de la [&hellip;]","og_url":"https:\/\/macite.tg\/?p=19742","article_published_time":"2025-01-30T13:01:21+00:00","article_modified_time":"2025-01-30T13:09:48+00:00","og_image":[{"width":500,"height":333,"url":"https:\/\/macite.tg\/wp-content\/uploads\/2025\/01\/image-96.png","type":"image\/png"}],"author":"Jean Pierre BAWELA","twitter_card":"summary_large_image","twitter_misc":{"\u00c9crit par":"Jean Pierre BAWELA","Dur\u00e9e de lecture estim\u00e9e":"3 minutes"},"schema":{"@context":"https:\/\/schema.org","@graph":[{"@type":"Article","@id":"https:\/\/macite.tg\/?p=19742#article","isPartOf":{"@id":"https:\/\/macite.tg\/?p=19742"},"author":{"name":"Jean Pierre BAWELA","@id":"https:\/\/macite.tg\/#\/schema\/person\/e9f2de7e5dbbe7770a9402c7ce82f5c2"},"headline":"\u00c9LECTIONS A LA COMMISSION DE L\u2019UA\u00a0: Un \u00e9missaire du pr\u00e9sident \u00e9gyptien \u00e0 Lom\u00e9\u2026Le leadership du Togo \u00e0 l\u2019honneur","datePublished":"2025-01-30T13:01:21+00:00","dateModified":"2025-01-30T13:09:48+00:00","mainEntityOfPage":{"@id":"https:\/\/macite.tg\/?p=19742"},"wordCount":563,"commentCount":0,"image":{"@id":"https:\/\/macite.tg\/?p=19742#primaryimage"},"thumbnailUrl":"https:\/\/macite.tg\/wp-content\/uploads\/2025\/01\/image-96.png","articleSection":["ACTUALITE","DIPLOMATIE"],"inLanguage":"fr-FR","potentialAction":[{"@type":"CommentAction","name":"Comment","target":["https:\/\/macite.tg\/?p=19742#respond"]}]},{"@type":"WebPage","@id":"https:\/\/macite.tg\/?p=19742","url":"https:\/\/macite.tg\/?p=19742","name":"\u00c9LECTIONS A LA COMMISSION DE L\u2019UA\u00a0: Un \u00e9missaire du pr\u00e9sident \u00e9gyptien \u00e0 Lom\u00e9\u2026Le leadership du Togo \u00e0 l\u2019honneur -","isPartOf":{"@id":"https:\/\/macite.tg\/#website"},"primaryImageOfPage":{"@id":"https:\/\/macite.tg\/?p=19742#primaryimage"},"image":{"@id":"https:\/\/macite.tg\/?p=19742#primaryimage"},"thumbnailUrl":"https:\/\/macite.tg\/wp-content\/uploads\/2025\/01\/image-96.png","datePublished":"2025-01-30T13:01:21+00:00","dateModified":"2025-01-30T13:09:48+00:00","author":{"@id":"https:\/\/macite.tg\/#\/schema\/person\/e9f2de7e5dbbe7770a9402c7ce82f5c2"},"breadcrumb":{"@id":"https:\/\/macite.tg\/?p=19742#breadcrumb"},"inLanguage":"fr-FR","potentialAction":[{"@type":"ReadAction","target":["https:\/\/macite.tg\/?p=19742"]}]},{"@type":"ImageObject","inLanguage":"fr-FR","@id":"https:\/\/macite.tg\/?p=19742#primaryimage","url":"https:\/\/macite.tg\/wp-content\/uploads\/2025\/01\/image-96.png","contentUrl":"https:\/\/macite.tg\/wp-content\/uploads\/2025\/01\/image-96.png","width":500,"height":333,"caption":"Hanan Morsy (g) remettant le message du leader \u00e9gyptien \u00e0 Mme le PM Dogb\u00e9"},{"@type":"BreadcrumbList","@id":"https:\/\/macite.tg\/?p=19742#breadcrumb","itemListElement":[{"@type":"ListItem","position":1,"name":"Accueil","item":"https:\/\/macite.tg\/"},{"@type":"ListItem","position":2,"name":"\u00c9LECTIONS A LA COMMISSION DE L\u2019UA\u00a0: Un \u00e9missaire du pr\u00e9sident \u00e9gyptien \u00e0 Lom\u00e9\u2026Le leadership du Togo \u00e0 l\u2019honneur"}]},{"@type":"WebSite","@id":"https:\/\/macite.tg\/#website","url":"https:\/\/macite.tg\/","name":"","description":"L&#039;information, la bonne!!!","potentialAction":[{"@type":"SearchAction","target":{"@type":"EntryPoint","urlTemplate":"https:\/\/macite.tg\/?s={search_term_string}"},"query-input":{"@type":"PropertyValueSpecification","valueRequired":true,"valueName":"search_term_string"}}],"inLanguage":"fr-FR"},{"@type":"Person","@id":"https:\/\/macite.tg\/#\/schema\/person\/e9f2de7e5dbbe7770a9402c7ce82f5c2","name":"Jean Pierre BAWELA","image":{"@type":"ImageObject","inLanguage":"fr-FR","@id":"https:\/\/macite.tg\/wp-content\/uploads\/2023\/09\/WhatsApp-Image-2023-09-19-at-14.44.41-122x122.jpeg","url":"https:\/\/macite.tg\/wp-content\/uploads\/2023\/09\/WhatsApp-Image-2023-09-19-at-14.44.41-122x122.jpeg","contentUrl":"https:\/\/macite.tg\/wp-content\/uploads\/2023\/09\/WhatsApp-Image-2023-09-19-at-14.44.41-122x122.jpeg","caption":"Jean Pierre BAWELA"},"url":"https:\/\/macite.tg\/?author=2"}]}},"_links":{"self":[{"href":"https:\/\/macite.tg\/index.php?rest_route=\/wp\/v2\/posts\/19742","targetHints":{"allow":["GET"]}}],"collection":[{"href":"https:\/\/macite.tg\/index.php?rest_route=\/wp\/v2\/posts"}],"about":[{"href":"https:\/\/macite.tg\/index.php?rest_route=\/wp\/v2\/types\/post"}],"author":[{"embeddable":true,"href":"https:\/\/macite.tg\/index.php?rest_route=\/wp\/v2\/users\/2"}],"replies":[{"embeddable":true,"href":"https:\/\/macite.tg\/index.php?rest_route=%2Fwp%2Fv2%2Fcomments&post=19742"}],"version-history":[{"count":0,"href":"https:\/\/macite.tg\/index.php?rest_route=\/wp\/v2\/posts\/19742\/revisions"}],"wp:featuredmedia":[{"embeddable":true,"href":"https:\/\/macite.tg\/index.php?rest_route=\/wp\/v2\/media\/19745"}],"wp:attachment":[{"href":"https:\/\/macite.tg\/index.php?rest_route=%2Fwp%2Fv2%2Fmedia&parent=19742"}],"wp:term":[{"taxonomy":"category","embeddable":true,"href":"https:\/\/macite.tg\/index.php?rest_route=%2Fwp%2Fv2%2Fcategories&post=19742"},{"taxonomy":"post_tag","embeddable":true,"href":"https:\/\/macite.tg\/index.php?rest_route=%2Fwp%2Fv2%2Ftags&post=19742"}],"curies":[{"name":"wp","href":"https:\/\/api.w.org\/{rel}","templated":true}]}}