{"id":19736,"date":"2025-01-30T12:09:44","date_gmt":"2025-01-30T12:09:44","guid":{"rendered":"https:\/\/macite.tg\/?p=19736"},"modified":"2025-01-30T12:09:59","modified_gmt":"2025-01-30T12:09:59","slug":"gambie-lex-president-yaya-jammeh-annonce-son-retour-au-pays-les-portes-des-geoles-souvrent","status":"publish","type":"post","link":"https:\/\/macite.tg\/?p=19736","title":{"rendered":"GAMBIE\u00a0: L\u2019ex pr\u00e9sident Yaya Jammeh annonce son retour au pays\u2026 les portes des ge\u00f4les s\u2019ouvrent"},"content":{"rendered":"\n<p class=\"wp-block-paragraph\"><strong><em>Dans un audio, l\u2019ancien dictateur gambien annonce qu\u2019il a l\u2019intention de revenir au pays pour g\u00e9rer la formation politique qu\u2019il a cr\u00e9\u00e9e. Manifestement combatif, Yahya Jammeh n\u2019\u00e9lude pas le risque important qu\u2019il y soit jug\u00e9.<\/em><\/strong><\/p>\n\n\n\n<p class=\"wp-block-paragraph\">Le toujours fantasque Yaya Jammeh\u00a0est-il en train de bluffer, pour galvaniser ses partisans, ou est-il aussi na\u00eff qu\u2019un Moussa Dadis Camara\u00a0revenu dans un pays natal qui ne lui promettait que les affres de la justice\u00a0? C\u2019est dans un r\u00e9cent message audio d\u2019une trentaine de minutes que l\u2019ex-dictateur gambien a d\u00e9clar\u00e9 vouloir <em>\u00ab\u00a0revenir\u00a0\u00bb<\/em> dans son pays, <em>\u00ab\u00a0que cela plaise ou pas, par la gr\u00e2ce d\u2019Allah\u00a0\u00bb.<\/em> Il entend notamment y poursuivre son parcours politique, \u00e0 l\u2019int\u00e9rieur de la formation qu\u2019il a fond\u00e9e en 1996, l\u2019Alliance patriotique pour la r\u00e9orientation et la construction (APRC).<\/p>\n\n\n<div class=\"wp-block-image\">\n<figure class=\"aligncenter size-full is-resized\"><img loading=\"lazy\" decoding=\"async\" width=\"500\" height=\"681\" src=\"https:\/\/macite.tg\/wp-content\/uploads\/2025\/01\/OTR_TPU.jpg\" alt=\"\" class=\"wp-image-19737\" style=\"width:550px;height:auto\" srcset=\"https:\/\/macite.tg\/wp-content\/uploads\/2025\/01\/OTR_TPU.jpg 500w, https:\/\/macite.tg\/wp-content\/uploads\/2025\/01\/OTR_TPU-220x300.jpg 220w\" sizes=\"auto, (max-width: 500px) 100vw, 500px\" \/><\/figure>\n<\/div>\n\n\n<p class=\"wp-block-paragraph\"><em>\u00ab\u00a0J\u2019ai d\u00e9cid\u00e9 aujourd\u2019hui de reprendre la t\u00eate de mon parti et de ne plus la confier \u00e0 personne\u00a0\u00bb,<\/em> pr\u00e9cise-t-il dans son message manifestement destin\u00e9 \u00e0 ses partisans. Depuis son d\u00e9part forc\u00e9 le 21 janvier 2017, apr\u00e8s 23 ans de pouvoir autoritaire et apr\u00e8s avoir tent\u00e9 de refuser sa d\u00e9faite \u00e0 l\u2019\u00e9lection pr\u00e9sidentielle de 2016, l\u2019ombre du presque sexag\u00e9naire a continu\u00e9 de planer sur la politique gambienne.<\/p>\n\n\n\n<p class=\"wp-block-paragraph\"><strong>Perspective de proc\u00e8s<\/strong><\/p>\n\n\n\n<p class=\"wp-block-paragraph\">Le timing de cette intervention semble hasardeux, la Communaut\u00e9 des \u00c9tats d\u2019Afrique de l\u2019Ouest (Cedeao) ayant apport\u00e9 un r\u00e9cent soutien \u00e0 la cr\u00e9ation d\u2019un tribunal sp\u00e9cial dont il \u00e9tait question depuis des ann\u00e9es, notamment apr\u00e8s la cr\u00e9ation d\u2019une Commission gambienne v\u00e9rit\u00e9, r\u00e9conciliation et r\u00e9parations, en 2022.<\/p>\n\n\n\n<p class=\"wp-block-paragraph\">Apr\u00e8s avoir document\u00e9 les atrocit\u00e9s de l\u2019\u00e8re Jammeh \u2013 mais aussi une tentative de coup d\u2019\u00c9tat ant\u00e9rieure \u00e0 la prise de pouvoir de l\u2019ancien dictateur \u2013, ladite structure avait recommand\u00e9 de poursuivre 70 personnes, \u00e0 commencer par Yahya Jammeh et ses escadrons de la mort, le commando des Jugulars.<\/p>\n\n\n<div class=\"wp-block-image\">\n<figure class=\"aligncenter size-full\"><img loading=\"lazy\" decoding=\"async\" width=\"851\" height=\"315\" src=\"https:\/\/macite.tg\/wp-content\/uploads\/2025\/01\/OTR_Ferer-pour-batir-3.jpg\" alt=\"\" class=\"wp-image-19732\" srcset=\"https:\/\/macite.tg\/wp-content\/uploads\/2025\/01\/OTR_Ferer-pour-batir-3.jpg 851w, https:\/\/macite.tg\/wp-content\/uploads\/2025\/01\/OTR_Ferer-pour-batir-3-300x111.jpg 300w, https:\/\/macite.tg\/wp-content\/uploads\/2025\/01\/OTR_Ferer-pour-batir-3-768x284.jpg 768w\" sizes=\"auto, (max-width: 851px) 100vw, 851px\" \/><\/figure>\n<\/div>\n\n\n<p class=\"wp-block-paragraph\">En cas de proc\u00e8s, devraient \u00eatre reproch\u00e9s des faits de torture d\u2019opposants et de journalistes, d\u2019ex\u00e9cutions extra-judiciaires, de d\u00e9tentions arbitraires, de disparitions forc\u00e9es et m\u00eame de trois viols qui auraient \u00e9t\u00e9 commis par le chef de l\u2019\u00c9tat lui-m\u00eame. Seront notamment jug\u00e9s l&rsquo;assinat du journaliste Deyda Hydara, en 2004, et la mort en d\u00e9tention de l\u2019opposant Solo Sandeg, en 2016.<\/p>\n\n\n\n<p class=\"wp-block-paragraph\"><strong>Pr\u00e9sidentielle en 2026<\/strong><\/p>\n\n\n\n<p class=\"wp-block-paragraph\">Na\u00efvet\u00e9 ? Comme il le pr\u00e9cise dans son audio, Yahya Jammeh n\u2019occulte pas les proc\u00e9dures enclench\u00e9es contre lui et ses partisans : \u00ab&nbsp;le jour de notre rendez-vous approche&nbsp;\u00bb et \u00ab&nbsp;que ceux qui menacent de me mettre en prison attendent que j\u2019arrive. Le jour o\u00f9 il faudra rendre des comptes approche, et ce jour-l\u00e0, on r\u00e8glera les comptes&nbsp;\u00bb. Il ajoute \u00ab&nbsp;vous pensez que j\u2019ai peur de compara\u00eetre devant la justice ? Par la gr\u00e2ce d\u2019Allah le tout puissant, je vais revenir, que \u00e7a leur plaise ou non.&nbsp;\u00bb Ce n\u2019est pourtant pas la premi\u00e8re fois que l\u2019ancien dictateur annonce son retour au pays. Peut-\u00eatre parce qu\u2019il n\u2019existe aucun accord d\u2019extradition entre la Guin\u00e9e \u00e9quatoriale et la Gambie.<\/p>\n\n\n<div class=\"wp-block-image\">\n<figure class=\"aligncenter size-full is-resized\"><img loading=\"lazy\" decoding=\"async\" width=\"500\" height=\"698\" src=\"https:\/\/macite.tg\/wp-content\/uploads\/2025\/01\/OTR_Soumission-Douanes-1.jpg\" alt=\"\" class=\"wp-image-19739\" style=\"width:650px;height:auto\" srcset=\"https:\/\/macite.tg\/wp-content\/uploads\/2025\/01\/OTR_Soumission-Douanes-1.jpg 500w, https:\/\/macite.tg\/wp-content\/uploads\/2025\/01\/OTR_Soumission-Douanes-1-215x300.jpg 215w\" sizes=\"auto, (max-width: 500px) 100vw, 500px\" \/><\/figure>\n<\/div>\n\n\n<p class=\"wp-block-paragraph\">Depuis sa chute, l\u2019ancien pr\u00e9sident r\u00e9side en exil dans le pays de Teadoro Obiang Nguema Mbasogo.\u00a0La prochaine \u00e9lection pr\u00e9sidentielle gambienne doit se tenir en 2026. Le 21 janvier dernier, la formation politique au pouvoir, le Parti Populaire National (NPP), adh\u00e9rait au choix de l\u2019actuel chef de l\u2019\u00c9tat et secr\u00e9taire g\u00e9n\u00e9ral du parti, Adama Barrow\u00a0\u2013 tombeur de Jammeh \u2013 d\u2019\u00eatre de nouveau son porte-drapeau.<\/p>\n\n\n\n<p class=\"wp-block-paragraph\"><strong>MSN<\/strong><\/p>\n\n\n\n<p class=\"wp-block-paragraph\"><a><strong><em>@macite.tg&nbsp;&nbsp;&nbsp;&nbsp;&nbsp;&nbsp;&nbsp;&nbsp;<\/em><\/strong><\/a><\/p>\n\n\n\n<p class=\"wp-block-paragraph\"><strong><em>E-mail&nbsp;: <\/em><\/strong><a href=\"mailto:maciteinfo@gmail.com\"><strong><em>maciteinfo@gmail.com<\/em><\/strong><\/a><strong><em>; <\/em><\/strong><a href=\"mailto:bawela1@gmail.com\"><strong><em>bawela1@gmail.com<\/em><\/strong><\/a><strong><em><\/em><\/strong><\/p>\n\n\n\n<p class=\"wp-block-paragraph\"><strong><em>Pour vos annonces, (publi)reportages, etc., joignez-nous au (00228)91515309\/<strong>79872224 <\/strong>www.macite.tg, L\u2019information, la bonne&nbsp;!<\/em><\/strong><\/p>\n","protected":false},"excerpt":{"rendered":"<p class=\"text-justify mb-2\" >Dans un audio, l\u2019ancien dictateur gambien annonce qu\u2019il a l\u2019intention de revenir au pays pour g\u00e9rer la formation politique qu\u2019il a cr\u00e9\u00e9e. Manifestement combatif, Yahya Jammeh n\u2019\u00e9lude pas le risque important qu\u2019il y soit jug\u00e9. Le toujours fantasque Yaya Jammeh\u00a0est-il en train de bluffer, pour [&hellip;]<\/p>\n","protected":false},"author":2,"featured_media":19740,"comment_status":"open","ping_status":"open","sticky":false,"template":"","format":"standard","meta":{"footnotes":""},"categories":[20,26,1],"tags":[],"class_list":["post-19736","post","type-post","status-publish","format-standard","has-post-thumbnail","hentry","category-actualite","category-justice","category-politique"],"yoast_head":"<!-- This site is optimized with the Yoast SEO plugin v28.4 - https:\/\/yoast.com\/product\/yoast-seo-wordpress\/ -->\n<title>GAMBIE\u00a0: L\u2019ex pr\u00e9sident Yaya Jammeh annonce son retour au pays\u2026 les portes des ge\u00f4les s\u2019ouvrent -<\/title>\n<meta name=\"robots\" content=\"index, follow, max-snippet:-1, max-image-preview:large, max-video-preview:-1\" \/>\n<link rel=\"canonical\" href=\"https:\/\/macite.tg\/?p=19736\" \/>\n<meta property=\"og:locale\" content=\"fr_FR\" \/>\n<meta property=\"og:type\" content=\"article\" \/>\n<meta property=\"og:title\" content=\"GAMBIE\u00a0: L\u2019ex pr\u00e9sident Yaya Jammeh annonce son retour au pays\u2026 les portes des ge\u00f4les s\u2019ouvrent -\" \/>\n<meta property=\"og:description\" content=\"Dans un audio, l\u2019ancien dictateur gambien annonce qu\u2019il a l\u2019intention de revenir au pays pour g\u00e9rer la formation politique qu\u2019il a cr\u00e9\u00e9e. Manifestement combatif, Yahya Jammeh n\u2019\u00e9lude pas le risque important qu\u2019il y soit jug\u00e9. Le toujours fantasque Yaya Jammeh\u00a0est-il en train de bluffer, pour [&hellip;]\" \/>\n<meta property=\"og:url\" content=\"https:\/\/macite.tg\/?p=19736\" \/>\n<meta property=\"article:published_time\" content=\"2025-01-30T12:09:44+00:00\" \/>\n<meta property=\"article:modified_time\" content=\"2025-01-30T12:09:59+00:00\" \/>\n<meta property=\"og:image\" content=\"https:\/\/macite.tg\/wp-content\/uploads\/2025\/01\/Yaya-Jammeh.jpg\" \/>\n\t<meta property=\"og:image:width\" content=\"500\" \/>\n\t<meta property=\"og:image:height\" content=\"250\" \/>\n\t<meta property=\"og:image:type\" content=\"image\/jpeg\" \/>\n<meta name=\"author\" content=\"Jean Pierre BAWELA\" \/>\n<meta name=\"twitter:card\" content=\"summary_large_image\" \/>\n<meta name=\"twitter:label1\" content=\"\u00c9crit par\" \/>\n\t<meta name=\"twitter:data1\" content=\"Jean Pierre BAWELA\" \/>\n\t<meta name=\"twitter:label2\" content=\"Dur\u00e9e de lecture estim\u00e9e\" \/>\n\t<meta name=\"twitter:data2\" content=\"4 minutes\" \/>\n<script type=\"application\/ld+json\" class=\"yoast-schema-graph\">{\"@context\":\"https:\\\/\\\/schema.org\",\"@graph\":[{\"@type\":\"Article\",\"@id\":\"https:\\\/\\\/macite.tg\\\/?p=19736#article\",\"isPartOf\":{\"@id\":\"https:\\\/\\\/macite.tg\\\/?p=19736\"},\"author\":{\"name\":\"Jean Pierre BAWELA\",\"@id\":\"https:\\\/\\\/macite.tg\\\/#\\\/schema\\\/person\\\/e9f2de7e5dbbe7770a9402c7ce82f5c2\"},\"headline\":\"GAMBIE\u00a0: L\u2019ex pr\u00e9sident Yaya Jammeh annonce son retour au pays\u2026 les portes des ge\u00f4les s\u2019ouvrent\",\"datePublished\":\"2025-01-30T12:09:44+00:00\",\"dateModified\":\"2025-01-30T12:09:59+00:00\",\"mainEntityOfPage\":{\"@id\":\"https:\\\/\\\/macite.tg\\\/?p=19736\"},\"wordCount\":669,\"commentCount\":0,\"image\":{\"@id\":\"https:\\\/\\\/macite.tg\\\/?p=19736#primaryimage\"},\"thumbnailUrl\":\"https:\\\/\\\/macite.tg\\\/wp-content\\\/uploads\\\/2025\\\/01\\\/Yaya-Jammeh.jpg\",\"articleSection\":[\"ACTUALITE\",\"JUSTICE\",\"POLITIQUE\"],\"inLanguage\":\"fr-FR\",\"potentialAction\":[{\"@type\":\"CommentAction\",\"name\":\"Comment\",\"target\":[\"https:\\\/\\\/macite.tg\\\/?p=19736#respond\"]}]},{\"@type\":\"WebPage\",\"@id\":\"https:\\\/\\\/macite.tg\\\/?p=19736\",\"url\":\"https:\\\/\\\/macite.tg\\\/?p=19736\",\"name\":\"GAMBIE\u00a0: L\u2019ex pr\u00e9sident Yaya Jammeh annonce son retour au pays\u2026 les portes des ge\u00f4les s\u2019ouvrent -\",\"isPartOf\":{\"@id\":\"https:\\\/\\\/macite.tg\\\/#website\"},\"primaryImageOfPage\":{\"@id\":\"https:\\\/\\\/macite.tg\\\/?p=19736#primaryimage\"},\"image\":{\"@id\":\"https:\\\/\\\/macite.tg\\\/?p=19736#primaryimage\"},\"thumbnailUrl\":\"https:\\\/\\\/macite.tg\\\/wp-content\\\/uploads\\\/2025\\\/01\\\/Yaya-Jammeh.jpg\",\"datePublished\":\"2025-01-30T12:09:44+00:00\",\"dateModified\":\"2025-01-30T12:09:59+00:00\",\"author\":{\"@id\":\"https:\\\/\\\/macite.tg\\\/#\\\/schema\\\/person\\\/e9f2de7e5dbbe7770a9402c7ce82f5c2\"},\"breadcrumb\":{\"@id\":\"https:\\\/\\\/macite.tg\\\/?p=19736#breadcrumb\"},\"inLanguage\":\"fr-FR\",\"potentialAction\":[{\"@type\":\"ReadAction\",\"target\":[\"https:\\\/\\\/macite.tg\\\/?p=19736\"]}]},{\"@type\":\"ImageObject\",\"inLanguage\":\"fr-FR\",\"@id\":\"https:\\\/\\\/macite.tg\\\/?p=19736#primaryimage\",\"url\":\"https:\\\/\\\/macite.tg\\\/wp-content\\\/uploads\\\/2025\\\/01\\\/Yaya-Jammeh.jpg\",\"contentUrl\":\"https:\\\/\\\/macite.tg\\\/wp-content\\\/uploads\\\/2025\\\/01\\\/Yaya-Jammeh.jpg\",\"width\":500,\"height\":250},{\"@type\":\"BreadcrumbList\",\"@id\":\"https:\\\/\\\/macite.tg\\\/?p=19736#breadcrumb\",\"itemListElement\":[{\"@type\":\"ListItem\",\"position\":1,\"name\":\"Accueil\",\"item\":\"https:\\\/\\\/macite.tg\\\/\"},{\"@type\":\"ListItem\",\"position\":2,\"name\":\"GAMBIE\u00a0: L\u2019ex pr\u00e9sident Yaya Jammeh annonce son retour au pays\u2026 les portes des ge\u00f4les s\u2019ouvrent\"}]},{\"@type\":\"WebSite\",\"@id\":\"https:\\\/\\\/macite.tg\\\/#website\",\"url\":\"https:\\\/\\\/macite.tg\\\/\",\"name\":\"\",\"description\":\"L&#039;information, la bonne!!!\",\"potentialAction\":[{\"@type\":\"SearchAction\",\"target\":{\"@type\":\"EntryPoint\",\"urlTemplate\":\"https:\\\/\\\/macite.tg\\\/?s={search_term_string}\"},\"query-input\":{\"@type\":\"PropertyValueSpecification\",\"valueRequired\":true,\"valueName\":\"search_term_string\"}}],\"inLanguage\":\"fr-FR\"},{\"@type\":\"Person\",\"@id\":\"https:\\\/\\\/macite.tg\\\/#\\\/schema\\\/person\\\/e9f2de7e5dbbe7770a9402c7ce82f5c2\",\"name\":\"Jean Pierre BAWELA\",\"image\":{\"@type\":\"ImageObject\",\"inLanguage\":\"fr-FR\",\"@id\":\"https:\\\/\\\/macite.tg\\\/wp-content\\\/uploads\\\/2023\\\/09\\\/WhatsApp-Image-2023-09-19-at-14.44.41-122x122.jpeg\",\"url\":\"https:\\\/\\\/macite.tg\\\/wp-content\\\/uploads\\\/2023\\\/09\\\/WhatsApp-Image-2023-09-19-at-14.44.41-122x122.jpeg\",\"contentUrl\":\"https:\\\/\\\/macite.tg\\\/wp-content\\\/uploads\\\/2023\\\/09\\\/WhatsApp-Image-2023-09-19-at-14.44.41-122x122.jpeg\",\"caption\":\"Jean Pierre BAWELA\"},\"url\":\"https:\\\/\\\/macite.tg\\\/?author=2\"}]}<\/script>\n<!-- \/ Yoast SEO plugin. -->","yoast_head_json":{"title":"GAMBIE\u00a0: L\u2019ex pr\u00e9sident Yaya Jammeh annonce son retour au pays\u2026 les portes des ge\u00f4les s\u2019ouvrent -","robots":{"index":"index","follow":"follow","max-snippet":"max-snippet:-1","max-image-preview":"max-image-preview:large","max-video-preview":"max-video-preview:-1"},"canonical":"https:\/\/macite.tg\/?p=19736","og_locale":"fr_FR","og_type":"article","og_title":"GAMBIE\u00a0: L\u2019ex pr\u00e9sident Yaya Jammeh annonce son retour au pays\u2026 les portes des ge\u00f4les s\u2019ouvrent -","og_description":"Dans un audio, l\u2019ancien dictateur gambien annonce qu\u2019il a l\u2019intention de revenir au pays pour g\u00e9rer la formation politique qu\u2019il a cr\u00e9\u00e9e. Manifestement combatif, Yahya Jammeh n\u2019\u00e9lude pas le risque important qu\u2019il y soit jug\u00e9. Le toujours fantasque Yaya Jammeh\u00a0est-il en train de bluffer, pour [&hellip;]","og_url":"https:\/\/macite.tg\/?p=19736","article_published_time":"2025-01-30T12:09:44+00:00","article_modified_time":"2025-01-30T12:09:59+00:00","og_image":[{"width":500,"height":250,"url":"https:\/\/macite.tg\/wp-content\/uploads\/2025\/01\/Yaya-Jammeh.jpg","type":"image\/jpeg"}],"author":"Jean Pierre BAWELA","twitter_card":"summary_large_image","twitter_misc":{"\u00c9crit par":"Jean Pierre BAWELA","Dur\u00e9e de lecture estim\u00e9e":"4 minutes"},"schema":{"@context":"https:\/\/schema.org","@graph":[{"@type":"Article","@id":"https:\/\/macite.tg\/?p=19736#article","isPartOf":{"@id":"https:\/\/macite.tg\/?p=19736"},"author":{"name":"Jean Pierre BAWELA","@id":"https:\/\/macite.tg\/#\/schema\/person\/e9f2de7e5dbbe7770a9402c7ce82f5c2"},"headline":"GAMBIE\u00a0: L\u2019ex pr\u00e9sident Yaya Jammeh annonce son retour au pays\u2026 les portes des ge\u00f4les s\u2019ouvrent","datePublished":"2025-01-30T12:09:44+00:00","dateModified":"2025-01-30T12:09:59+00:00","mainEntityOfPage":{"@id":"https:\/\/macite.tg\/?p=19736"},"wordCount":669,"commentCount":0,"image":{"@id":"https:\/\/macite.tg\/?p=19736#primaryimage"},"thumbnailUrl":"https:\/\/macite.tg\/wp-content\/uploads\/2025\/01\/Yaya-Jammeh.jpg","articleSection":["ACTUALITE","JUSTICE","POLITIQUE"],"inLanguage":"fr-FR","potentialAction":[{"@type":"CommentAction","name":"Comment","target":["https:\/\/macite.tg\/?p=19736#respond"]}]},{"@type":"WebPage","@id":"https:\/\/macite.tg\/?p=19736","url":"https:\/\/macite.tg\/?p=19736","name":"GAMBIE\u00a0: L\u2019ex pr\u00e9sident Yaya Jammeh annonce son retour au pays\u2026 les portes des ge\u00f4les s\u2019ouvrent -","isPartOf":{"@id":"https:\/\/macite.tg\/#website"},"primaryImageOfPage":{"@id":"https:\/\/macite.tg\/?p=19736#primaryimage"},"image":{"@id":"https:\/\/macite.tg\/?p=19736#primaryimage"},"thumbnailUrl":"https:\/\/macite.tg\/wp-content\/uploads\/2025\/01\/Yaya-Jammeh.jpg","datePublished":"2025-01-30T12:09:44+00:00","dateModified":"2025-01-30T12:09:59+00:00","author":{"@id":"https:\/\/macite.tg\/#\/schema\/person\/e9f2de7e5dbbe7770a9402c7ce82f5c2"},"breadcrumb":{"@id":"https:\/\/macite.tg\/?p=19736#breadcrumb"},"inLanguage":"fr-FR","potentialAction":[{"@type":"ReadAction","target":["https:\/\/macite.tg\/?p=19736"]}]},{"@type":"ImageObject","inLanguage":"fr-FR","@id":"https:\/\/macite.tg\/?p=19736#primaryimage","url":"https:\/\/macite.tg\/wp-content\/uploads\/2025\/01\/Yaya-Jammeh.jpg","contentUrl":"https:\/\/macite.tg\/wp-content\/uploads\/2025\/01\/Yaya-Jammeh.jpg","width":500,"height":250},{"@type":"BreadcrumbList","@id":"https:\/\/macite.tg\/?p=19736#breadcrumb","itemListElement":[{"@type":"ListItem","position":1,"name":"Accueil","item":"https:\/\/macite.tg\/"},{"@type":"ListItem","position":2,"name":"GAMBIE\u00a0: L\u2019ex pr\u00e9sident Yaya Jammeh annonce son retour au pays\u2026 les portes des ge\u00f4les s\u2019ouvrent"}]},{"@type":"WebSite","@id":"https:\/\/macite.tg\/#website","url":"https:\/\/macite.tg\/","name":"","description":"L&#039;information, la bonne!!!","potentialAction":[{"@type":"SearchAction","target":{"@type":"EntryPoint","urlTemplate":"https:\/\/macite.tg\/?s={search_term_string}"},"query-input":{"@type":"PropertyValueSpecification","valueRequired":true,"valueName":"search_term_string"}}],"inLanguage":"fr-FR"},{"@type":"Person","@id":"https:\/\/macite.tg\/#\/schema\/person\/e9f2de7e5dbbe7770a9402c7ce82f5c2","name":"Jean Pierre BAWELA","image":{"@type":"ImageObject","inLanguage":"fr-FR","@id":"https:\/\/macite.tg\/wp-content\/uploads\/2023\/09\/WhatsApp-Image-2023-09-19-at-14.44.41-122x122.jpeg","url":"https:\/\/macite.tg\/wp-content\/uploads\/2023\/09\/WhatsApp-Image-2023-09-19-at-14.44.41-122x122.jpeg","contentUrl":"https:\/\/macite.tg\/wp-content\/uploads\/2023\/09\/WhatsApp-Image-2023-09-19-at-14.44.41-122x122.jpeg","caption":"Jean Pierre BAWELA"},"url":"https:\/\/macite.tg\/?author=2"}]}},"_links":{"self":[{"href":"https:\/\/macite.tg\/index.php?rest_route=\/wp\/v2\/posts\/19736","targetHints":{"allow":["GET"]}}],"collection":[{"href":"https:\/\/macite.tg\/index.php?rest_route=\/wp\/v2\/posts"}],"about":[{"href":"https:\/\/macite.tg\/index.php?rest_route=\/wp\/v2\/types\/post"}],"author":[{"embeddable":true,"href":"https:\/\/macite.tg\/index.php?rest_route=\/wp\/v2\/users\/2"}],"replies":[{"embeddable":true,"href":"https:\/\/macite.tg\/index.php?rest_route=%2Fwp%2Fv2%2Fcomments&post=19736"}],"version-history":[{"count":0,"href":"https:\/\/macite.tg\/index.php?rest_route=\/wp\/v2\/posts\/19736\/revisions"}],"wp:featuredmedia":[{"embeddable":true,"href":"https:\/\/macite.tg\/index.php?rest_route=\/wp\/v2\/media\/19740"}],"wp:attachment":[{"href":"https:\/\/macite.tg\/index.php?rest_route=%2Fwp%2Fv2%2Fmedia&parent=19736"}],"wp:term":[{"taxonomy":"category","embeddable":true,"href":"https:\/\/macite.tg\/index.php?rest_route=%2Fwp%2Fv2%2Fcategories&post=19736"},{"taxonomy":"post_tag","embeddable":true,"href":"https:\/\/macite.tg\/index.php?rest_route=%2Fwp%2Fv2%2Ftags&post=19736"}],"curies":[{"name":"wp","href":"https:\/\/api.w.org\/{rel}","templated":true}]}}