{"id":1972,"date":"2022-11-21T09:17:59","date_gmt":"2022-11-21T09:17:59","guid":{"rendered":"https:\/\/macite.info\/?p=1972"},"modified":"2022-11-21T09:18:00","modified_gmt":"2022-11-21T09:18:00","slug":"sa-blessure-son-absence-le-match-du-senegal-sadio-mane-sort-de-son-silence","status":"publish","type":"post","link":"https:\/\/macite.tg\/?p=1972","title":{"rendered":"SA BLESSURE, SON ABSENCE, LE MATCH DU S\u00c9N\u00c9GAL\u2026 Sadio Man\u00e9 sort de son silence"},"content":{"rendered":"\n<p class=\"wp-block-paragraph\"><\/p>\n\n\n\n<p class=\"wp-block-paragraph\"><strong><em>Apr\u00e8s l\u2019annonce de son forfait, l\u2019attaquant international s\u00e9n\u00e9galais Sadio s\u2019exprime enfin depuis. Le soci\u00e9taire du Bayern Munich s\u2019est prononc\u00e9 sur son absence et son fort souhait pour la s\u00e9lection nationale. <\/em><\/strong><em><\/em><\/p>\n\n\n\n<p class=\"wp-block-paragraph\"><em> \u00abVous \u00e9tiez nombreux \u00e0 m\u2019avoir adress\u00e9 des messages de soutien \u00e0 la suite de ma blessure. Dieu merci, l\u2019op\u00e9ration subie en milieu de semaine s\u2019est bien pass\u00e9e. Je veux profiter de cette occasion pour vous remercier tous et vous t\u00e9moigner ma reconnaissance\u00bb,<\/em> a \u00e9crit Sadio Man\u00e9 en guise de reconnaissance.<\/p>\n\n\n<div class=\"wp-block-image\">\n<figure class=\"aligncenter size-large is-resized\"><img loading=\"lazy\" decoding=\"async\" src=\"https:\/\/macite.tg\/wp-content\/uploads\/2022\/11\/ANNONCES-1-1024x426.jpg\" alt=\"\" class=\"wp-image-1602\" width=\"770\" height=\"320\" srcset=\"https:\/\/macite.tg\/wp-content\/uploads\/2022\/11\/ANNONCES-1-1024x426.jpg 1024w, https:\/\/macite.tg\/wp-content\/uploads\/2022\/11\/ANNONCES-1-300x125.jpg 300w, https:\/\/macite.tg\/wp-content\/uploads\/2022\/11\/ANNONCES-1-768x319.jpg 768w, https:\/\/macite.tg\/wp-content\/uploads\/2022\/11\/ANNONCES-1.jpg 1080w\" sizes=\"auto, (max-width: 770px) 100vw, 770px\" \/><\/figure>\n<\/div>\n\n\n<p class=\"wp-block-paragraph\">Ensuite, il apporte son soutien \u00e0 l\u2019\u00e9quipe nationale qui joue cet apr\u00e8s-midi \u00e0 16h GMT face au Pays-Bas.<\/p>\n\n\n\n<p class=\"wp-block-paragraph\"><em>\u00abCe lundi, notre cher pays va entrer en lice dans la Coupe du Monde, Qatar 2022.<\/em> <em>Je suis s\u00fbr que les Lions vont se transcender et aborderont tous les matchs comme une vraie finale. Je suis aussi persuad\u00e9 que tous les S\u00e9n\u00e9galais seront devant le petit \u00e9cran pour supporter et encourager notre vaillante \u00e9quipe nationale.<\/em><\/p>\n\n\n\n<p class=\"wp-block-paragraph\"><em>Comme tous les inconditionnels de la Tani\u00e8re, je suis convaincu que les co\u00e9quipiers vont se battre comme un seul homme et comme ils ont l\u2019habitude de le faire afin d\u2019honorer notre cher pays. Vive le S\u00e9n\u00e9gal, Allez les Lions&nbsp;!\u00bb,<\/em> a conclu l\u2019attaquant.<\/p>\n\n\n\n<p class=\"wp-block-paragraph\">Rappelons qu\u2019en match d\u2019ouverture hier, l\u2019\u00c9quateur a dispos\u00e9 du Qatar, pays organisateur de ce mondial, 2 buts \u00e0 0. Une rencontre domin\u00e9e par les sud-am\u00e9ricains ont eu une soir\u00e9e bien maitris\u00e9e, entrent bien dans cette comp\u00e9tition.<\/p>\n\n\n\n<p class=\"wp-block-paragraph\"><strong>Avec SeneNews<\/strong><\/p>\n\n\n\n<p class=\"wp-block-paragraph\"><strong><em>@macite.info<\/em><\/strong><\/p>\n\n\n\n<p class=\"wp-block-paragraph\"><strong><em>E-mail&nbsp;: <\/em><\/strong><a href=\"mailto:maciteinfo@gmail.com\"><em>maciteinfo@gmail.com<\/em><\/a><strong><em>; <\/em><\/strong><a href=\"mailto:bawela1@gmail.com\"><em>bawela1@gmail.com<\/em><\/a><\/p>\n\n\n\n<p class=\"wp-block-paragraph\"><strong><em>Pour vos annonces, (publi)reportages, etc., joignez nous au (00228) 91515309\/<\/em><\/strong><strong>79872224<\/strong><em><\/em><\/p>\n\n\n\n<p class=\"wp-block-paragraph\"><a href=\"http:\/\/www.macite.info\"><em>www.macite.info<\/em><\/a><strong><em>, L\u2019information, la bonne&nbsp;!<\/em><\/strong><\/p>\n","protected":false},"excerpt":{"rendered":"<p class=\"text-justify mb-2\" >Apr\u00e8s l\u2019annonce de son forfait, l\u2019attaquant international s\u00e9n\u00e9galais Sadio s\u2019exprime enfin depuis. Le soci\u00e9taire du Bayern Munich s\u2019est prononc\u00e9 sur son absence et son fort souhait pour la s\u00e9lection nationale. \u00abVous \u00e9tiez nombreux \u00e0 m\u2019avoir adress\u00e9 des messages de soutien \u00e0 la suite de ma [&hellip;]<\/p>\n","protected":false},"author":2,"featured_media":1973,"comment_status":"open","ping_status":"open","sticky":false,"template":"","format":"standard","meta":{"footnotes":""},"categories":[7],"tags":[],"class_list":["post-1972","post","type-post","status-publish","format-standard","has-post-thumbnail","hentry","category-sports"],"yoast_head":"<!-- This site is optimized with the Yoast SEO plugin v28.4 - https:\/\/yoast.com\/product\/yoast-seo-wordpress\/ -->\n<title>SA BLESSURE, SON ABSENCE, LE MATCH DU S\u00c9N\u00c9GAL\u2026 Sadio Man\u00e9 sort de son silence -<\/title>\n<meta name=\"robots\" content=\"index, follow, max-snippet:-1, max-image-preview:large, max-video-preview:-1\" \/>\n<link rel=\"canonical\" href=\"https:\/\/macite.tg\/?p=1972\" \/>\n<meta property=\"og:locale\" content=\"fr_FR\" \/>\n<meta property=\"og:type\" content=\"article\" \/>\n<meta property=\"og:title\" content=\"SA BLESSURE, SON ABSENCE, LE MATCH DU S\u00c9N\u00c9GAL\u2026 Sadio Man\u00e9 sort de son silence -\" \/>\n<meta property=\"og:description\" content=\"Apr\u00e8s l\u2019annonce de son forfait, l\u2019attaquant international s\u00e9n\u00e9galais Sadio s\u2019exprime enfin depuis. Le soci\u00e9taire du Bayern Munich s\u2019est prononc\u00e9 sur son absence et son fort souhait pour la s\u00e9lection nationale. \u00abVous \u00e9tiez nombreux \u00e0 m\u2019avoir adress\u00e9 des messages de soutien \u00e0 la suite de ma [&hellip;]\" \/>\n<meta property=\"og:url\" content=\"https:\/\/macite.tg\/?p=1972\" \/>\n<meta property=\"article:published_time\" content=\"2022-11-21T09:17:59+00:00\" \/>\n<meta property=\"article:modified_time\" content=\"2022-11-21T09:18:00+00:00\" \/>\n<meta property=\"og:image\" content=\"https:\/\/macite.tg\/wp-content\/uploads\/2022\/11\/Sadio_Mane_Senegal_Egypt_AFCON_2021.jpeg\" \/>\n\t<meta property=\"og:image:width\" content=\"1200\" \/>\n\t<meta property=\"og:image:height\" content=\"800\" \/>\n\t<meta property=\"og:image:type\" content=\"image\/jpeg\" \/>\n<meta name=\"author\" content=\"Jean Pierre BAWELA\" \/>\n<meta name=\"twitter:card\" content=\"summary_large_image\" \/>\n<meta name=\"twitter:label1\" content=\"\u00c9crit par\" \/>\n\t<meta name=\"twitter:data1\" content=\"Jean Pierre BAWELA\" \/>\n\t<meta name=\"twitter:label2\" content=\"Dur\u00e9e de lecture estim\u00e9e\" \/>\n\t<meta name=\"twitter:data2\" content=\"2 minutes\" \/>\n<script type=\"application\/ld+json\" class=\"yoast-schema-graph\">{\"@context\":\"https:\\\/\\\/schema.org\",\"@graph\":[{\"@type\":\"Article\",\"@id\":\"https:\\\/\\\/macite.tg\\\/?p=1972#article\",\"isPartOf\":{\"@id\":\"https:\\\/\\\/macite.tg\\\/?p=1972\"},\"author\":{\"name\":\"Jean Pierre BAWELA\",\"@id\":\"https:\\\/\\\/macite.tg\\\/#\\\/schema\\\/person\\\/e9f2de7e5dbbe7770a9402c7ce82f5c2\"},\"headline\":\"SA BLESSURE, SON ABSENCE, LE MATCH DU S\u00c9N\u00c9GAL\u2026 Sadio Man\u00e9 sort de son silence\",\"datePublished\":\"2022-11-21T09:17:59+00:00\",\"dateModified\":\"2022-11-21T09:18:00+00:00\",\"mainEntityOfPage\":{\"@id\":\"https:\\\/\\\/macite.tg\\\/?p=1972\"},\"wordCount\":304,\"commentCount\":0,\"image\":{\"@id\":\"https:\\\/\\\/macite.tg\\\/?p=1972#primaryimage\"},\"thumbnailUrl\":\"https:\\\/\\\/macite.tg\\\/wp-content\\\/uploads\\\/2022\\\/11\\\/Sadio_Mane_Senegal_Egypt_AFCON_2021.jpeg\",\"articleSection\":[\"SPORTS\"],\"inLanguage\":\"fr-FR\",\"potentialAction\":[{\"@type\":\"CommentAction\",\"name\":\"Comment\",\"target\":[\"https:\\\/\\\/macite.tg\\\/?p=1972#respond\"]}]},{\"@type\":\"WebPage\",\"@id\":\"https:\\\/\\\/macite.tg\\\/?p=1972\",\"url\":\"https:\\\/\\\/macite.tg\\\/?p=1972\",\"name\":\"SA BLESSURE, SON ABSENCE, LE MATCH DU S\u00c9N\u00c9GAL\u2026 Sadio Man\u00e9 sort de son silence -\",\"isPartOf\":{\"@id\":\"https:\\\/\\\/macite.tg\\\/#website\"},\"primaryImageOfPage\":{\"@id\":\"https:\\\/\\\/macite.tg\\\/?p=1972#primaryimage\"},\"image\":{\"@id\":\"https:\\\/\\\/macite.tg\\\/?p=1972#primaryimage\"},\"thumbnailUrl\":\"https:\\\/\\\/macite.tg\\\/wp-content\\\/uploads\\\/2022\\\/11\\\/Sadio_Mane_Senegal_Egypt_AFCON_2021.jpeg\",\"datePublished\":\"2022-11-21T09:17:59+00:00\",\"dateModified\":\"2022-11-21T09:18:00+00:00\",\"author\":{\"@id\":\"https:\\\/\\\/macite.tg\\\/#\\\/schema\\\/person\\\/e9f2de7e5dbbe7770a9402c7ce82f5c2\"},\"breadcrumb\":{\"@id\":\"https:\\\/\\\/macite.tg\\\/?p=1972#breadcrumb\"},\"inLanguage\":\"fr-FR\",\"potentialAction\":[{\"@type\":\"ReadAction\",\"target\":[\"https:\\\/\\\/macite.tg\\\/?p=1972\"]}]},{\"@type\":\"ImageObject\",\"inLanguage\":\"fr-FR\",\"@id\":\"https:\\\/\\\/macite.tg\\\/?p=1972#primaryimage\",\"url\":\"https:\\\/\\\/macite.tg\\\/wp-content\\\/uploads\\\/2022\\\/11\\\/Sadio_Mane_Senegal_Egypt_AFCON_2021.jpeg\",\"contentUrl\":\"https:\\\/\\\/macite.tg\\\/wp-content\\\/uploads\\\/2022\\\/11\\\/Sadio_Mane_Senegal_Egypt_AFCON_2021.jpeg\",\"width\":1200,\"height\":800},{\"@type\":\"BreadcrumbList\",\"@id\":\"https:\\\/\\\/macite.tg\\\/?p=1972#breadcrumb\",\"itemListElement\":[{\"@type\":\"ListItem\",\"position\":1,\"name\":\"Accueil\",\"item\":\"https:\\\/\\\/macite.tg\\\/\"},{\"@type\":\"ListItem\",\"position\":2,\"name\":\"SA BLESSURE, SON ABSENCE, LE MATCH DU S\u00c9N\u00c9GAL\u2026 Sadio Man\u00e9 sort de son silence\"}]},{\"@type\":\"WebSite\",\"@id\":\"https:\\\/\\\/macite.tg\\\/#website\",\"url\":\"https:\\\/\\\/macite.tg\\\/\",\"name\":\"\",\"description\":\"L&#039;information, la bonne!!!\",\"potentialAction\":[{\"@type\":\"SearchAction\",\"target\":{\"@type\":\"EntryPoint\",\"urlTemplate\":\"https:\\\/\\\/macite.tg\\\/?s={search_term_string}\"},\"query-input\":{\"@type\":\"PropertyValueSpecification\",\"valueRequired\":true,\"valueName\":\"search_term_string\"}}],\"inLanguage\":\"fr-FR\"},{\"@type\":\"Person\",\"@id\":\"https:\\\/\\\/macite.tg\\\/#\\\/schema\\\/person\\\/e9f2de7e5dbbe7770a9402c7ce82f5c2\",\"name\":\"Jean Pierre BAWELA\",\"image\":{\"@type\":\"ImageObject\",\"inLanguage\":\"fr-FR\",\"@id\":\"https:\\\/\\\/macite.tg\\\/wp-content\\\/uploads\\\/2023\\\/09\\\/WhatsApp-Image-2023-09-19-at-14.44.41-122x122.jpeg\",\"url\":\"https:\\\/\\\/macite.tg\\\/wp-content\\\/uploads\\\/2023\\\/09\\\/WhatsApp-Image-2023-09-19-at-14.44.41-122x122.jpeg\",\"contentUrl\":\"https:\\\/\\\/macite.tg\\\/wp-content\\\/uploads\\\/2023\\\/09\\\/WhatsApp-Image-2023-09-19-at-14.44.41-122x122.jpeg\",\"caption\":\"Jean Pierre BAWELA\"},\"url\":\"https:\\\/\\\/macite.tg\\\/?author=2\"}]}<\/script>\n<!-- \/ Yoast SEO plugin. -->","yoast_head_json":{"title":"SA BLESSURE, SON ABSENCE, LE MATCH DU S\u00c9N\u00c9GAL\u2026 Sadio Man\u00e9 sort de son silence -","robots":{"index":"index","follow":"follow","max-snippet":"max-snippet:-1","max-image-preview":"max-image-preview:large","max-video-preview":"max-video-preview:-1"},"canonical":"https:\/\/macite.tg\/?p=1972","og_locale":"fr_FR","og_type":"article","og_title":"SA BLESSURE, SON ABSENCE, LE MATCH DU S\u00c9N\u00c9GAL\u2026 Sadio Man\u00e9 sort de son silence -","og_description":"Apr\u00e8s l\u2019annonce de son forfait, l\u2019attaquant international s\u00e9n\u00e9galais Sadio s\u2019exprime enfin depuis. Le soci\u00e9taire du Bayern Munich s\u2019est prononc\u00e9 sur son absence et son fort souhait pour la s\u00e9lection nationale. \u00abVous \u00e9tiez nombreux \u00e0 m\u2019avoir adress\u00e9 des messages de soutien \u00e0 la suite de ma [&hellip;]","og_url":"https:\/\/macite.tg\/?p=1972","article_published_time":"2022-11-21T09:17:59+00:00","article_modified_time":"2022-11-21T09:18:00+00:00","og_image":[{"width":1200,"height":800,"url":"https:\/\/macite.tg\/wp-content\/uploads\/2022\/11\/Sadio_Mane_Senegal_Egypt_AFCON_2021.jpeg","type":"image\/jpeg"}],"author":"Jean Pierre BAWELA","twitter_card":"summary_large_image","twitter_misc":{"\u00c9crit par":"Jean Pierre BAWELA","Dur\u00e9e de lecture estim\u00e9e":"2 minutes"},"schema":{"@context":"https:\/\/schema.org","@graph":[{"@type":"Article","@id":"https:\/\/macite.tg\/?p=1972#article","isPartOf":{"@id":"https:\/\/macite.tg\/?p=1972"},"author":{"name":"Jean Pierre BAWELA","@id":"https:\/\/macite.tg\/#\/schema\/person\/e9f2de7e5dbbe7770a9402c7ce82f5c2"},"headline":"SA BLESSURE, SON ABSENCE, LE MATCH DU S\u00c9N\u00c9GAL\u2026 Sadio Man\u00e9 sort de son silence","datePublished":"2022-11-21T09:17:59+00:00","dateModified":"2022-11-21T09:18:00+00:00","mainEntityOfPage":{"@id":"https:\/\/macite.tg\/?p=1972"},"wordCount":304,"commentCount":0,"image":{"@id":"https:\/\/macite.tg\/?p=1972#primaryimage"},"thumbnailUrl":"https:\/\/macite.tg\/wp-content\/uploads\/2022\/11\/Sadio_Mane_Senegal_Egypt_AFCON_2021.jpeg","articleSection":["SPORTS"],"inLanguage":"fr-FR","potentialAction":[{"@type":"CommentAction","name":"Comment","target":["https:\/\/macite.tg\/?p=1972#respond"]}]},{"@type":"WebPage","@id":"https:\/\/macite.tg\/?p=1972","url":"https:\/\/macite.tg\/?p=1972","name":"SA BLESSURE, SON ABSENCE, LE MATCH DU S\u00c9N\u00c9GAL\u2026 Sadio Man\u00e9 sort de son silence -","isPartOf":{"@id":"https:\/\/macite.tg\/#website"},"primaryImageOfPage":{"@id":"https:\/\/macite.tg\/?p=1972#primaryimage"},"image":{"@id":"https:\/\/macite.tg\/?p=1972#primaryimage"},"thumbnailUrl":"https:\/\/macite.tg\/wp-content\/uploads\/2022\/11\/Sadio_Mane_Senegal_Egypt_AFCON_2021.jpeg","datePublished":"2022-11-21T09:17:59+00:00","dateModified":"2022-11-21T09:18:00+00:00","author":{"@id":"https:\/\/macite.tg\/#\/schema\/person\/e9f2de7e5dbbe7770a9402c7ce82f5c2"},"breadcrumb":{"@id":"https:\/\/macite.tg\/?p=1972#breadcrumb"},"inLanguage":"fr-FR","potentialAction":[{"@type":"ReadAction","target":["https:\/\/macite.tg\/?p=1972"]}]},{"@type":"ImageObject","inLanguage":"fr-FR","@id":"https:\/\/macite.tg\/?p=1972#primaryimage","url":"https:\/\/macite.tg\/wp-content\/uploads\/2022\/11\/Sadio_Mane_Senegal_Egypt_AFCON_2021.jpeg","contentUrl":"https:\/\/macite.tg\/wp-content\/uploads\/2022\/11\/Sadio_Mane_Senegal_Egypt_AFCON_2021.jpeg","width":1200,"height":800},{"@type":"BreadcrumbList","@id":"https:\/\/macite.tg\/?p=1972#breadcrumb","itemListElement":[{"@type":"ListItem","position":1,"name":"Accueil","item":"https:\/\/macite.tg\/"},{"@type":"ListItem","position":2,"name":"SA BLESSURE, SON ABSENCE, LE MATCH DU S\u00c9N\u00c9GAL\u2026 Sadio Man\u00e9 sort de son silence"}]},{"@type":"WebSite","@id":"https:\/\/macite.tg\/#website","url":"https:\/\/macite.tg\/","name":"","description":"L&#039;information, la bonne!!!","potentialAction":[{"@type":"SearchAction","target":{"@type":"EntryPoint","urlTemplate":"https:\/\/macite.tg\/?s={search_term_string}"},"query-input":{"@type":"PropertyValueSpecification","valueRequired":true,"valueName":"search_term_string"}}],"inLanguage":"fr-FR"},{"@type":"Person","@id":"https:\/\/macite.tg\/#\/schema\/person\/e9f2de7e5dbbe7770a9402c7ce82f5c2","name":"Jean Pierre BAWELA","image":{"@type":"ImageObject","inLanguage":"fr-FR","@id":"https:\/\/macite.tg\/wp-content\/uploads\/2023\/09\/WhatsApp-Image-2023-09-19-at-14.44.41-122x122.jpeg","url":"https:\/\/macite.tg\/wp-content\/uploads\/2023\/09\/WhatsApp-Image-2023-09-19-at-14.44.41-122x122.jpeg","contentUrl":"https:\/\/macite.tg\/wp-content\/uploads\/2023\/09\/WhatsApp-Image-2023-09-19-at-14.44.41-122x122.jpeg","caption":"Jean Pierre BAWELA"},"url":"https:\/\/macite.tg\/?author=2"}]}},"_links":{"self":[{"href":"https:\/\/macite.tg\/index.php?rest_route=\/wp\/v2\/posts\/1972","targetHints":{"allow":["GET"]}}],"collection":[{"href":"https:\/\/macite.tg\/index.php?rest_route=\/wp\/v2\/posts"}],"about":[{"href":"https:\/\/macite.tg\/index.php?rest_route=\/wp\/v2\/types\/post"}],"author":[{"embeddable":true,"href":"https:\/\/macite.tg\/index.php?rest_route=\/wp\/v2\/users\/2"}],"replies":[{"embeddable":true,"href":"https:\/\/macite.tg\/index.php?rest_route=%2Fwp%2Fv2%2Fcomments&post=1972"}],"version-history":[{"count":0,"href":"https:\/\/macite.tg\/index.php?rest_route=\/wp\/v2\/posts\/1972\/revisions"}],"wp:featuredmedia":[{"embeddable":true,"href":"https:\/\/macite.tg\/index.php?rest_route=\/wp\/v2\/media\/1973"}],"wp:attachment":[{"href":"https:\/\/macite.tg\/index.php?rest_route=%2Fwp%2Fv2%2Fmedia&parent=1972"}],"wp:term":[{"taxonomy":"category","embeddable":true,"href":"https:\/\/macite.tg\/index.php?rest_route=%2Fwp%2Fv2%2Fcategories&post=1972"},{"taxonomy":"post_tag","embeddable":true,"href":"https:\/\/macite.tg\/index.php?rest_route=%2Fwp%2Fv2%2Ftags&post=1972"}],"curies":[{"name":"wp","href":"https:\/\/api.w.org\/{rel}","templated":true}]}}