{"id":19567,"date":"2025-01-23T13:15:31","date_gmt":"2025-01-23T13:15:31","guid":{"rendered":"https:\/\/macite.tg\/?p=19567"},"modified":"2025-01-23T13:16:11","modified_gmt":"2025-01-23T13:16:11","slug":"confusion-au-sommet-de-letat-tchadien-quand-le-pouvoir-oppose-deux-freres-mahamat-et-adam-deby","status":"publish","type":"post","link":"https:\/\/macite.tg\/?p=19567","title":{"rendered":"CONFUSION AU SOMMET DE L\u2019ETAT\u00a0TCHADIEN : Quand le pouvoir oppose deux fr\u00e8res, Mahamat et Adam Deby"},"content":{"rendered":"\n<p class=\"wp-block-paragraph\"><strong><em>Au Tchad, le torchon br\u00fble entre les fr\u00e8res Deby, tous des hommes en uniforme. Une querelle entre le pr\u00e9sident tchadien et son fr\u00e8re a\u00een\u00e9 \u00e9clate au grand jour et semble cr\u00e9er des confusions au sommet de l\u2019Etat.<\/em><\/strong> <\/p>\n\n\n\n<p class=\"wp-block-paragraph\">Dans sa lettre, le g\u00e9n\u00e9ral Adam Idriss Deby s\u2019insurge contre son fr\u00e8re.&nbsp;Il dit avoir \u00e9t\u00e9 abandonn\u00e9 et d\u00e9crit une d\u00e9cennie d\u2019exil, de solitude et de trahison. Il va \u00e9galement s\u2019insurger contre la gouvernance de Mahamat Idriss Deby en le citant nomm\u00e9ment. \u00ab&nbsp;<em>Et c\u2019est bien de Mahamat Idriss Deby que je m\u2019exprime ici. C\u2019\u00e9tait d\u2019abord la machine \u00e0 espoir, et quel espoir ? L\u2019espoir de ne pas sombrer dans le chaos.<\/em><\/p>\n\n\n\n<p class=\"wp-block-paragraph\"><em>Mahamat est devenu le chaos ! Et quel chaos ? Le chaos de la peur permanente et de la force pr\u00eate \u00e0 frapper quiconque ose contester la moindre part de son autorit\u00e9. La ruine du peu d\u2019institutions que nous avons et de l\u2019\u00e9conomie naissante d\u2019un peuple saignant de la guerre perp\u00e9tuelle.<\/em>&nbsp;\u00bb<\/p>\n\n\n<div class=\"wp-block-image\">\n<figure class=\"aligncenter size-full\"><img loading=\"lazy\" decoding=\"async\" width=\"851\" height=\"315\" src=\"https:\/\/macite.tg\/wp-content\/uploads\/2025\/01\/OTR_Renseignements-1.jpg\" alt=\"\" class=\"wp-image-19409\" srcset=\"https:\/\/macite.tg\/wp-content\/uploads\/2025\/01\/OTR_Renseignements-1.jpg 851w, https:\/\/macite.tg\/wp-content\/uploads\/2025\/01\/OTR_Renseignements-1-300x111.jpg 300w, https:\/\/macite.tg\/wp-content\/uploads\/2025\/01\/OTR_Renseignements-1-768x284.jpg 768w\" sizes=\"auto, (max-width: 851px) 100vw, 851px\" \/><\/figure>\n<\/div>\n\n\n<p class=\"wp-block-paragraph\">Il accuse son fr\u00e8re d\u2019avoir plong\u00e9 le Tchad dans le chaos. \u00ab&nbsp;<em>Mahamat est devenu le chaos ! Et quel chaos ? Le chaos de la peur permanente et de la force pr\u00eate \u00e0 frapper quiconque ose contester.<\/em>&nbsp;\u00bb Adam Idriss Deby invite son fr\u00e8re cadet \u00e0 d\u00e9missionner. Il estime que ce dernier a \u00e9chou\u00e9 \u00e0 ramener la paix et la prosp\u00e9rit\u00e9 promises au peuple tchadien. Il d\u00e9nonce \u00e9galement une gestion autoritaire et une manipulation des institutions.<\/p>\n\n\n\n<p class=\"wp-block-paragraph\">Dans un communiqu\u00e9 en cinq points, Mahamat Idriss D\u00e9by riposte.&nbsp; Il rejette les accusations de son fr\u00e8re, qu\u2019il qualifie de <em>\u00ab haineuses et jalouses \u00bb.<\/em> Le pr\u00e9sident tchadien rappelle le contexte familial et professionnel, soulignant que l\u2019exil d\u2019Adam d\u00e9coule de son refus d\u2019accepter une nomination au sein de la DGSSIE, sous le commandement de son fr\u00e8re cadet. \u00ab&nbsp;<em>Le d\u00e9funt Mar\u00e9chal du Tchad Idriss Deby Itno, notre p\u00e8re, (paix \u00e0 son \u00e2me) m\u2019avait nomm\u00e9 directeur g\u00e9n\u00e9ral de la DGSSIE, le 20 septembre 2014, alors que le g\u00e9n\u00e9ral Adam Idriss Deby, plus \u00e2g\u00e9 que moi, \u00e9tait CEM au sein de cette m\u00eame grande formation mise sous ma direction.<\/em><\/p>\n\n\n\n<p class=\"wp-block-paragraph\"><em>Deuxi\u00e8mement&nbsp;: Il avait abandonn\u00e9 son poste au sein de la DGSSIE en contestation \u00e0 cette nomination. Il s\u2019est av\u00e9r\u00e9 par la suite que cette nomination \u00e9tait une des raisons principales de son d\u00e9part en exil. Il n\u2019a donc jamais accept\u00e9 qu\u2019il soit mis sous le commandement d\u2019un fr\u00e8re cadet, en raison de son \u00e9go surdimensionn\u00e9.&nbsp;<\/em>\u00bb<\/p>\n\n\n<div class=\"wp-block-image\">\n<figure class=\"aligncenter size-large is-resized\"><img loading=\"lazy\" decoding=\"async\" width=\"717\" height=\"1024\" src=\"https:\/\/macite.tg\/wp-content\/uploads\/2025\/01\/OTR_Vente-aux-enchere-28-janvier-717x1024.jpg\" alt=\"\" class=\"wp-image-19525\" style=\"width:505px;height:auto\" srcset=\"https:\/\/macite.tg\/wp-content\/uploads\/2025\/01\/OTR_Vente-aux-enchere-28-janvier-717x1024.jpg 717w, https:\/\/macite.tg\/wp-content\/uploads\/2025\/01\/OTR_Vente-aux-enchere-28-janvier-210x300.jpg 210w, https:\/\/macite.tg\/wp-content\/uploads\/2025\/01\/OTR_Vente-aux-enchere-28-janvier-768x1097.jpg 768w, https:\/\/macite.tg\/wp-content\/uploads\/2025\/01\/OTR_Vente-aux-enchere-28-janvier-1075x1536.jpg 1075w, https:\/\/macite.tg\/wp-content\/uploads\/2025\/01\/OTR_Vente-aux-enchere-28-janvier.jpg 1120w\" sizes=\"auto, (max-width: 717px) 100vw, 717px\" \/><\/figure>\n<\/div>\n\n\n<p class=\"wp-block-paragraph\">Mahamat Idriss D\u00e9by accuse \u00e9galement Adam de transformer des frustrations personnelles en revendications publiques : <em>\u00ab Sa vaine tentative de faire passer ses rancunes pour des causes du peuple n\u2019est qu\u2019une diversion. \u00bb<\/em> Il met \u00e9galement en doute les m\u00e9rites militaires de son fr\u00e8re, remettant en question ses contributions au pays et sa l\u00e9gitimit\u00e9 en tant que g\u00e9n\u00e9ral.<\/p>\n\n\n\n<p class=\"wp-block-paragraph\"><strong>MSN<\/strong><\/p>\n\n\n\n<p class=\"wp-block-paragraph\"><a><strong><em>@macite.tg&nbsp;&nbsp;&nbsp;&nbsp;&nbsp;&nbsp;&nbsp;&nbsp;<\/em><\/strong><\/a><\/p>\n\n\n\n<p class=\"wp-block-paragraph\"><strong><em>E-mail&nbsp;: <\/em><\/strong><a href=\"mailto:maciteinfo@gmail.com\"><strong><em>maciteinfo@gmail.com<\/em><\/strong><\/a><strong><em>; <\/em><\/strong><a href=\"mailto:bawela1@gmail.com\"><strong><em>bawela1@gmail.com<\/em><\/strong><\/a><strong><em><\/em><\/strong><\/p>\n\n\n\n<p class=\"wp-block-paragraph\"><strong><em>Pour vos annonces, (publi)reportages, etc., joignez-nous au (00228)91515309\/<strong>79872224 <\/strong>www.macite.tg, L\u2019information, la bonne&nbsp;!<\/em><\/strong><\/p>\n","protected":false},"excerpt":{"rendered":"<p class=\"text-justify mb-2\" >Au Tchad, le torchon br\u00fble entre les fr\u00e8res Deby, tous des hommes en uniforme. Une querelle entre le pr\u00e9sident tchadien et son fr\u00e8re a\u00een\u00e9 \u00e9clate au grand jour et semble cr\u00e9er des confusions au sommet de l\u2019Etat. Dans sa lettre, le g\u00e9n\u00e9ral Adam Idriss Deby [&hellip;]<\/p>\n","protected":false},"author":2,"featured_media":19569,"comment_status":"open","ping_status":"open","sticky":false,"template":"","format":"standard","meta":{"footnotes":""},"categories":[20,1],"tags":[],"class_list":["post-19567","post","type-post","status-publish","format-standard","has-post-thumbnail","hentry","category-actualite","category-politique"],"yoast_head":"<!-- This site is optimized with the Yoast SEO plugin v28.4 - https:\/\/yoast.com\/product\/yoast-seo-wordpress\/ -->\n<title>CONFUSION AU SOMMET DE L\u2019ETAT\u00a0TCHADIEN : Quand le pouvoir oppose deux fr\u00e8res, Mahamat et Adam Deby -<\/title>\n<meta name=\"robots\" content=\"index, follow, max-snippet:-1, max-image-preview:large, max-video-preview:-1\" \/>\n<link rel=\"canonical\" href=\"https:\/\/macite.tg\/?p=19567\" \/>\n<meta property=\"og:locale\" content=\"fr_FR\" \/>\n<meta property=\"og:type\" content=\"article\" \/>\n<meta property=\"og:title\" content=\"CONFUSION AU SOMMET DE L\u2019ETAT\u00a0TCHADIEN : Quand le pouvoir oppose deux fr\u00e8res, Mahamat et Adam Deby -\" \/>\n<meta property=\"og:description\" content=\"Au Tchad, le torchon br\u00fble entre les fr\u00e8res Deby, tous des hommes en uniforme. Une querelle entre le pr\u00e9sident tchadien et son fr\u00e8re a\u00een\u00e9 \u00e9clate au grand jour et semble cr\u00e9er des confusions au sommet de l\u2019Etat. Dans sa lettre, le g\u00e9n\u00e9ral Adam Idriss Deby [&hellip;]\" \/>\n<meta property=\"og:url\" content=\"https:\/\/macite.tg\/?p=19567\" \/>\n<meta property=\"article:published_time\" content=\"2025-01-23T13:15:31+00:00\" \/>\n<meta property=\"article:modified_time\" content=\"2025-01-23T13:16:11+00:00\" \/>\n<meta property=\"og:image\" content=\"https:\/\/macite.tg\/wp-content\/uploads\/2025\/01\/les-Debys.jpg\" \/>\n\t<meta property=\"og:image:width\" content=\"500\" \/>\n\t<meta property=\"og:image:height\" content=\"281\" \/>\n\t<meta property=\"og:image:type\" content=\"image\/jpeg\" \/>\n<meta name=\"author\" content=\"Jean Pierre BAWELA\" \/>\n<meta name=\"twitter:card\" content=\"summary_large_image\" \/>\n<meta name=\"twitter:label1\" content=\"\u00c9crit par\" \/>\n\t<meta name=\"twitter:data1\" content=\"Jean Pierre BAWELA\" \/>\n\t<meta name=\"twitter:label2\" content=\"Dur\u00e9e de lecture estim\u00e9e\" \/>\n\t<meta name=\"twitter:data2\" content=\"3 minutes\" \/>\n<script type=\"application\/ld+json\" class=\"yoast-schema-graph\">{\"@context\":\"https:\\\/\\\/schema.org\",\"@graph\":[{\"@type\":\"Article\",\"@id\":\"https:\\\/\\\/macite.tg\\\/?p=19567#article\",\"isPartOf\":{\"@id\":\"https:\\\/\\\/macite.tg\\\/?p=19567\"},\"author\":{\"name\":\"Jean Pierre BAWELA\",\"@id\":\"https:\\\/\\\/macite.tg\\\/#\\\/schema\\\/person\\\/e9f2de7e5dbbe7770a9402c7ce82f5c2\"},\"headline\":\"CONFUSION AU SOMMET DE L\u2019ETAT\u00a0TCHADIEN : Quand le pouvoir oppose deux fr\u00e8res, Mahamat et Adam Deby\",\"datePublished\":\"2025-01-23T13:15:31+00:00\",\"dateModified\":\"2025-01-23T13:16:11+00:00\",\"mainEntityOfPage\":{\"@id\":\"https:\\\/\\\/macite.tg\\\/?p=19567\"},\"wordCount\":563,\"commentCount\":0,\"image\":{\"@id\":\"https:\\\/\\\/macite.tg\\\/?p=19567#primaryimage\"},\"thumbnailUrl\":\"https:\\\/\\\/macite.tg\\\/wp-content\\\/uploads\\\/2025\\\/01\\\/les-Debys.jpg\",\"articleSection\":[\"ACTUALITE\",\"POLITIQUE\"],\"inLanguage\":\"fr-FR\",\"potentialAction\":[{\"@type\":\"CommentAction\",\"name\":\"Comment\",\"target\":[\"https:\\\/\\\/macite.tg\\\/?p=19567#respond\"]}]},{\"@type\":\"WebPage\",\"@id\":\"https:\\\/\\\/macite.tg\\\/?p=19567\",\"url\":\"https:\\\/\\\/macite.tg\\\/?p=19567\",\"name\":\"CONFUSION AU SOMMET DE L\u2019ETAT\u00a0TCHADIEN : Quand le pouvoir oppose deux fr\u00e8res, Mahamat et Adam Deby -\",\"isPartOf\":{\"@id\":\"https:\\\/\\\/macite.tg\\\/#website\"},\"primaryImageOfPage\":{\"@id\":\"https:\\\/\\\/macite.tg\\\/?p=19567#primaryimage\"},\"image\":{\"@id\":\"https:\\\/\\\/macite.tg\\\/?p=19567#primaryimage\"},\"thumbnailUrl\":\"https:\\\/\\\/macite.tg\\\/wp-content\\\/uploads\\\/2025\\\/01\\\/les-Debys.jpg\",\"datePublished\":\"2025-01-23T13:15:31+00:00\",\"dateModified\":\"2025-01-23T13:16:11+00:00\",\"author\":{\"@id\":\"https:\\\/\\\/macite.tg\\\/#\\\/schema\\\/person\\\/e9f2de7e5dbbe7770a9402c7ce82f5c2\"},\"breadcrumb\":{\"@id\":\"https:\\\/\\\/macite.tg\\\/?p=19567#breadcrumb\"},\"inLanguage\":\"fr-FR\",\"potentialAction\":[{\"@type\":\"ReadAction\",\"target\":[\"https:\\\/\\\/macite.tg\\\/?p=19567\"]}]},{\"@type\":\"ImageObject\",\"inLanguage\":\"fr-FR\",\"@id\":\"https:\\\/\\\/macite.tg\\\/?p=19567#primaryimage\",\"url\":\"https:\\\/\\\/macite.tg\\\/wp-content\\\/uploads\\\/2025\\\/01\\\/les-Debys.jpg\",\"contentUrl\":\"https:\\\/\\\/macite.tg\\\/wp-content\\\/uploads\\\/2025\\\/01\\\/les-Debys.jpg\",\"width\":500,\"height\":281},{\"@type\":\"BreadcrumbList\",\"@id\":\"https:\\\/\\\/macite.tg\\\/?p=19567#breadcrumb\",\"itemListElement\":[{\"@type\":\"ListItem\",\"position\":1,\"name\":\"Accueil\",\"item\":\"https:\\\/\\\/macite.tg\\\/\"},{\"@type\":\"ListItem\",\"position\":2,\"name\":\"CONFUSION AU SOMMET DE L\u2019ETAT\u00a0TCHADIEN : Quand le pouvoir oppose deux fr\u00e8res, Mahamat et Adam Deby\"}]},{\"@type\":\"WebSite\",\"@id\":\"https:\\\/\\\/macite.tg\\\/#website\",\"url\":\"https:\\\/\\\/macite.tg\\\/\",\"name\":\"\",\"description\":\"L&#039;information, la bonne!!!\",\"potentialAction\":[{\"@type\":\"SearchAction\",\"target\":{\"@type\":\"EntryPoint\",\"urlTemplate\":\"https:\\\/\\\/macite.tg\\\/?s={search_term_string}\"},\"query-input\":{\"@type\":\"PropertyValueSpecification\",\"valueRequired\":true,\"valueName\":\"search_term_string\"}}],\"inLanguage\":\"fr-FR\"},{\"@type\":\"Person\",\"@id\":\"https:\\\/\\\/macite.tg\\\/#\\\/schema\\\/person\\\/e9f2de7e5dbbe7770a9402c7ce82f5c2\",\"name\":\"Jean Pierre BAWELA\",\"image\":{\"@type\":\"ImageObject\",\"inLanguage\":\"fr-FR\",\"@id\":\"https:\\\/\\\/macite.tg\\\/wp-content\\\/uploads\\\/2023\\\/09\\\/WhatsApp-Image-2023-09-19-at-14.44.41-122x122.jpeg\",\"url\":\"https:\\\/\\\/macite.tg\\\/wp-content\\\/uploads\\\/2023\\\/09\\\/WhatsApp-Image-2023-09-19-at-14.44.41-122x122.jpeg\",\"contentUrl\":\"https:\\\/\\\/macite.tg\\\/wp-content\\\/uploads\\\/2023\\\/09\\\/WhatsApp-Image-2023-09-19-at-14.44.41-122x122.jpeg\",\"caption\":\"Jean Pierre BAWELA\"},\"url\":\"https:\\\/\\\/macite.tg\\\/?author=2\"}]}<\/script>\n<!-- \/ Yoast SEO plugin. -->","yoast_head_json":{"title":"CONFUSION AU SOMMET DE L\u2019ETAT\u00a0TCHADIEN : Quand le pouvoir oppose deux fr\u00e8res, Mahamat et Adam Deby -","robots":{"index":"index","follow":"follow","max-snippet":"max-snippet:-1","max-image-preview":"max-image-preview:large","max-video-preview":"max-video-preview:-1"},"canonical":"https:\/\/macite.tg\/?p=19567","og_locale":"fr_FR","og_type":"article","og_title":"CONFUSION AU SOMMET DE L\u2019ETAT\u00a0TCHADIEN : Quand le pouvoir oppose deux fr\u00e8res, Mahamat et Adam Deby -","og_description":"Au Tchad, le torchon br\u00fble entre les fr\u00e8res Deby, tous des hommes en uniforme. Une querelle entre le pr\u00e9sident tchadien et son fr\u00e8re a\u00een\u00e9 \u00e9clate au grand jour et semble cr\u00e9er des confusions au sommet de l\u2019Etat. Dans sa lettre, le g\u00e9n\u00e9ral Adam Idriss Deby [&hellip;]","og_url":"https:\/\/macite.tg\/?p=19567","article_published_time":"2025-01-23T13:15:31+00:00","article_modified_time":"2025-01-23T13:16:11+00:00","og_image":[{"width":500,"height":281,"url":"https:\/\/macite.tg\/wp-content\/uploads\/2025\/01\/les-Debys.jpg","type":"image\/jpeg"}],"author":"Jean Pierre BAWELA","twitter_card":"summary_large_image","twitter_misc":{"\u00c9crit par":"Jean Pierre BAWELA","Dur\u00e9e de lecture estim\u00e9e":"3 minutes"},"schema":{"@context":"https:\/\/schema.org","@graph":[{"@type":"Article","@id":"https:\/\/macite.tg\/?p=19567#article","isPartOf":{"@id":"https:\/\/macite.tg\/?p=19567"},"author":{"name":"Jean Pierre BAWELA","@id":"https:\/\/macite.tg\/#\/schema\/person\/e9f2de7e5dbbe7770a9402c7ce82f5c2"},"headline":"CONFUSION AU SOMMET DE L\u2019ETAT\u00a0TCHADIEN : Quand le pouvoir oppose deux fr\u00e8res, Mahamat et Adam Deby","datePublished":"2025-01-23T13:15:31+00:00","dateModified":"2025-01-23T13:16:11+00:00","mainEntityOfPage":{"@id":"https:\/\/macite.tg\/?p=19567"},"wordCount":563,"commentCount":0,"image":{"@id":"https:\/\/macite.tg\/?p=19567#primaryimage"},"thumbnailUrl":"https:\/\/macite.tg\/wp-content\/uploads\/2025\/01\/les-Debys.jpg","articleSection":["ACTUALITE","POLITIQUE"],"inLanguage":"fr-FR","potentialAction":[{"@type":"CommentAction","name":"Comment","target":["https:\/\/macite.tg\/?p=19567#respond"]}]},{"@type":"WebPage","@id":"https:\/\/macite.tg\/?p=19567","url":"https:\/\/macite.tg\/?p=19567","name":"CONFUSION AU SOMMET DE L\u2019ETAT\u00a0TCHADIEN : Quand le pouvoir oppose deux fr\u00e8res, Mahamat et Adam Deby -","isPartOf":{"@id":"https:\/\/macite.tg\/#website"},"primaryImageOfPage":{"@id":"https:\/\/macite.tg\/?p=19567#primaryimage"},"image":{"@id":"https:\/\/macite.tg\/?p=19567#primaryimage"},"thumbnailUrl":"https:\/\/macite.tg\/wp-content\/uploads\/2025\/01\/les-Debys.jpg","datePublished":"2025-01-23T13:15:31+00:00","dateModified":"2025-01-23T13:16:11+00:00","author":{"@id":"https:\/\/macite.tg\/#\/schema\/person\/e9f2de7e5dbbe7770a9402c7ce82f5c2"},"breadcrumb":{"@id":"https:\/\/macite.tg\/?p=19567#breadcrumb"},"inLanguage":"fr-FR","potentialAction":[{"@type":"ReadAction","target":["https:\/\/macite.tg\/?p=19567"]}]},{"@type":"ImageObject","inLanguage":"fr-FR","@id":"https:\/\/macite.tg\/?p=19567#primaryimage","url":"https:\/\/macite.tg\/wp-content\/uploads\/2025\/01\/les-Debys.jpg","contentUrl":"https:\/\/macite.tg\/wp-content\/uploads\/2025\/01\/les-Debys.jpg","width":500,"height":281},{"@type":"BreadcrumbList","@id":"https:\/\/macite.tg\/?p=19567#breadcrumb","itemListElement":[{"@type":"ListItem","position":1,"name":"Accueil","item":"https:\/\/macite.tg\/"},{"@type":"ListItem","position":2,"name":"CONFUSION AU SOMMET DE L\u2019ETAT\u00a0TCHADIEN : Quand le pouvoir oppose deux fr\u00e8res, Mahamat et Adam Deby"}]},{"@type":"WebSite","@id":"https:\/\/macite.tg\/#website","url":"https:\/\/macite.tg\/","name":"","description":"L&#039;information, la bonne!!!","potentialAction":[{"@type":"SearchAction","target":{"@type":"EntryPoint","urlTemplate":"https:\/\/macite.tg\/?s={search_term_string}"},"query-input":{"@type":"PropertyValueSpecification","valueRequired":true,"valueName":"search_term_string"}}],"inLanguage":"fr-FR"},{"@type":"Person","@id":"https:\/\/macite.tg\/#\/schema\/person\/e9f2de7e5dbbe7770a9402c7ce82f5c2","name":"Jean Pierre BAWELA","image":{"@type":"ImageObject","inLanguage":"fr-FR","@id":"https:\/\/macite.tg\/wp-content\/uploads\/2023\/09\/WhatsApp-Image-2023-09-19-at-14.44.41-122x122.jpeg","url":"https:\/\/macite.tg\/wp-content\/uploads\/2023\/09\/WhatsApp-Image-2023-09-19-at-14.44.41-122x122.jpeg","contentUrl":"https:\/\/macite.tg\/wp-content\/uploads\/2023\/09\/WhatsApp-Image-2023-09-19-at-14.44.41-122x122.jpeg","caption":"Jean Pierre BAWELA"},"url":"https:\/\/macite.tg\/?author=2"}]}},"_links":{"self":[{"href":"https:\/\/macite.tg\/index.php?rest_route=\/wp\/v2\/posts\/19567","targetHints":{"allow":["GET"]}}],"collection":[{"href":"https:\/\/macite.tg\/index.php?rest_route=\/wp\/v2\/posts"}],"about":[{"href":"https:\/\/macite.tg\/index.php?rest_route=\/wp\/v2\/types\/post"}],"author":[{"embeddable":true,"href":"https:\/\/macite.tg\/index.php?rest_route=\/wp\/v2\/users\/2"}],"replies":[{"embeddable":true,"href":"https:\/\/macite.tg\/index.php?rest_route=%2Fwp%2Fv2%2Fcomments&post=19567"}],"version-history":[{"count":0,"href":"https:\/\/macite.tg\/index.php?rest_route=\/wp\/v2\/posts\/19567\/revisions"}],"wp:featuredmedia":[{"embeddable":true,"href":"https:\/\/macite.tg\/index.php?rest_route=\/wp\/v2\/media\/19569"}],"wp:attachment":[{"href":"https:\/\/macite.tg\/index.php?rest_route=%2Fwp%2Fv2%2Fmedia&parent=19567"}],"wp:term":[{"taxonomy":"category","embeddable":true,"href":"https:\/\/macite.tg\/index.php?rest_route=%2Fwp%2Fv2%2Fcategories&post=19567"},{"taxonomy":"post_tag","embeddable":true,"href":"https:\/\/macite.tg\/index.php?rest_route=%2Fwp%2Fv2%2Ftags&post=19567"}],"curies":[{"name":"wp","href":"https:\/\/api.w.org\/{rel}","templated":true}]}}