{"id":19564,"date":"2025-01-23T12:58:50","date_gmt":"2025-01-23T12:58:50","guid":{"rendered":"https:\/\/macite.tg\/?p=19564"},"modified":"2025-01-23T13:00:02","modified_gmt":"2025-01-23T13:00:02","slug":"coooperation-lome-et-tel-aviv-si-loin-si-proche","status":"publish","type":"post","link":"https:\/\/macite.tg\/?p=19564","title":{"rendered":"COOOPERATION : Lom\u00e9 et Tel-Aviv, si loin si proche\u2026"},"content":{"rendered":"\n<p class=\"wp-block-paragraph\"><strong><em>Dans le cadre du renforcement du partenariat bilat\u00e9ral entre le Togo et l\u2019Etat H\u00e9breux, le chef de la diplomatie togolaise, Prof Robert Dussey, a eu des \u00e9changes t\u00e9l\u00e9phoniques, le lundi 20 janvier dernier, avec son homologue isra\u00e9lien, Gideon Saar.<\/em><\/strong><\/p>\n\n\n\n<p class=\"wp-block-paragraph\">Premier du genre, les deux diplomates ont abord\u00e9, lors des discussions, plusieurs secteurs fondamentaux de la collaboration entre leurs deux pays, mais \u00e9galement des sujets de pr\u00e9occupations communes.<\/p>\n\n\n\n<p class=\"wp-block-paragraph\">Lors des \u00e9changes, le chef de la diplomatie de l\u2019Etat h\u00e9breux, Gideon Saar, a inform\u00e9 l\u2019officiel togolais de la situation en cours dans la bande de Gaza. Il lui a fait cas, notamment de la lib\u00e9ration des otages, avant de lui exprimer la gratitude de l\u2019Isra\u00ebl au Togo pour son soutien apr\u00e8s les attaques perp\u00e9tr\u00e9s le 07 octobre 2023.&nbsp;<\/p>\n\n\n<div class=\"wp-block-image\">\n<figure class=\"aligncenter size-full\"><img loading=\"lazy\" decoding=\"async\" width=\"851\" height=\"315\" src=\"https:\/\/macite.tg\/wp-content\/uploads\/2025\/01\/OTR_Ferer-pour-batir-1.jpg\" alt=\"\" class=\"wp-image-19403\" srcset=\"https:\/\/macite.tg\/wp-content\/uploads\/2025\/01\/OTR_Ferer-pour-batir-1.jpg 851w, https:\/\/macite.tg\/wp-content\/uploads\/2025\/01\/OTR_Ferer-pour-batir-1-300x111.jpg 300w, https:\/\/macite.tg\/wp-content\/uploads\/2025\/01\/OTR_Ferer-pour-batir-1-768x284.jpg 768w\" sizes=\"auto, (max-width: 851px) 100vw, 851px\" \/><\/figure>\n<\/div>\n\n\n<p class=\"wp-block-paragraph\">Les deux officiels ont, ensuite, discut\u00e9 de la menace commune que constitue le terrorisme et ses ramifications, d\u00e9bouchant ainsi sur la n\u00e9cessit\u00e9 de coop\u00e9rer. Et dans ce sens, Gideon Saar a affirm\u00e9&nbsp;: \u00ab&nbsp;<em>Nous travaillerons ensemble pour renforcer les relations bilat\u00e9rales entre nos deux nations<\/em>&nbsp;\u00bb. Ce qui rappelle d\u2019ailleurs les v\u0153ux communs entre Lom\u00e9 et Tel-Aviv qui avait, en 2022, d\u00e9cid\u00e9 d\u2019actualiser leur coop\u00e9ration dans l\u2019optique de \u00ab&nbsp;<em>mieux l\u2019adapter au contexte actuel et aux options strat\u00e9giques de deux Etats&nbsp;\u00bb.<\/em><\/p>\n\n\n<div class=\"wp-block-image\">\n<figure class=\"aligncenter size-large is-resized\"><img loading=\"lazy\" decoding=\"async\" width=\"717\" height=\"1024\" src=\"https:\/\/macite.tg\/wp-content\/uploads\/2025\/01\/OTR_Vente-aux-enchere-28-janvier-717x1024.jpg\" alt=\"\" class=\"wp-image-19525\" style=\"width:559px;height:auto\" srcset=\"https:\/\/macite.tg\/wp-content\/uploads\/2025\/01\/OTR_Vente-aux-enchere-28-janvier-717x1024.jpg 717w, https:\/\/macite.tg\/wp-content\/uploads\/2025\/01\/OTR_Vente-aux-enchere-28-janvier-210x300.jpg 210w, https:\/\/macite.tg\/wp-content\/uploads\/2025\/01\/OTR_Vente-aux-enchere-28-janvier-768x1097.jpg 768w, https:\/\/macite.tg\/wp-content\/uploads\/2025\/01\/OTR_Vente-aux-enchere-28-janvier-1075x1536.jpg 1075w, https:\/\/macite.tg\/wp-content\/uploads\/2025\/01\/OTR_Vente-aux-enchere-28-janvier.jpg 1120w\" sizes=\"auto, (max-width: 717px) 100vw, 717px\" \/><\/figure>\n<\/div>\n\n\n<p class=\"wp-block-paragraph\">Notons que le Togo et l\u2019Etat H\u00e9breux sont li\u00e9s par des liens \u00e9troits de coop\u00e9rations, notamment dans des domaines politique, diplomatique mais aussi \u00e9conomique.<\/p>\n\n\n\n<p class=\"wp-block-paragraph\"><strong>JPB<\/strong><\/p>\n\n\n\n<p class=\"wp-block-paragraph\"><a><strong><em>@macite.tg&nbsp;&nbsp;&nbsp;&nbsp;&nbsp;&nbsp;&nbsp;&nbsp;<\/em><\/strong><\/a><\/p>\n\n\n\n<p class=\"wp-block-paragraph\"><strong><em>E-mail&nbsp;: <\/em><\/strong><a href=\"mailto:maciteinfo@gmail.com\"><strong><em>maciteinfo@gmail.com<\/em><\/strong><\/a><strong><em>; <\/em><\/strong><a href=\"mailto:bawela1@gmail.com\"><strong><em>bawela1@gmail.com<\/em><\/strong><\/a><strong><em><\/em><\/strong><\/p>\n\n\n\n<p class=\"wp-block-paragraph\"><strong><em>Pour vos annonces, (publi)reportages, etc., joignez-nous au (00228)91515309\/<strong>79872224 <\/strong>www.macite.tg, L\u2019information, la bonne&nbsp;!<\/em><\/strong><\/p>\n","protected":false},"excerpt":{"rendered":"<p class=\"text-justify mb-2\" >Dans le cadre du renforcement du partenariat bilat\u00e9ral entre le Togo et l\u2019Etat H\u00e9breux, le chef de la diplomatie togolaise, Prof Robert Dussey, a eu des \u00e9changes t\u00e9l\u00e9phoniques, le lundi 20 janvier dernier, avec son homologue isra\u00e9lien, Gideon Saar. Premier du genre, les deux diplomates [&hellip;]<\/p>\n","protected":false},"author":2,"featured_media":19565,"comment_status":"open","ping_status":"open","sticky":false,"template":"","format":"standard","meta":{"footnotes":""},"categories":[20,8],"tags":[],"class_list":["post-19564","post","type-post","status-publish","format-standard","has-post-thumbnail","hentry","category-actualite","category-diplomatie"],"yoast_head":"<!-- This site is optimized with the Yoast SEO plugin v28.4 - https:\/\/yoast.com\/product\/yoast-seo-wordpress\/ -->\n<title>COOOPERATION : Lom\u00e9 et Tel-Aviv, si loin si proche\u2026 -<\/title>\n<meta name=\"robots\" content=\"index, follow, max-snippet:-1, max-image-preview:large, max-video-preview:-1\" \/>\n<link rel=\"canonical\" href=\"https:\/\/macite.tg\/?p=19564\" \/>\n<meta property=\"og:locale\" content=\"fr_FR\" \/>\n<meta property=\"og:type\" content=\"article\" \/>\n<meta property=\"og:title\" content=\"COOOPERATION : Lom\u00e9 et Tel-Aviv, si loin si proche\u2026 -\" \/>\n<meta property=\"og:description\" content=\"Dans le cadre du renforcement du partenariat bilat\u00e9ral entre le Togo et l\u2019Etat H\u00e9breux, le chef de la diplomatie togolaise, Prof Robert Dussey, a eu des \u00e9changes t\u00e9l\u00e9phoniques, le lundi 20 janvier dernier, avec son homologue isra\u00e9lien, Gideon Saar. Premier du genre, les deux diplomates [&hellip;]\" \/>\n<meta property=\"og:url\" content=\"https:\/\/macite.tg\/?p=19564\" \/>\n<meta property=\"article:published_time\" content=\"2025-01-23T12:58:50+00:00\" \/>\n<meta property=\"article:modified_time\" content=\"2025-01-23T13:00:02+00:00\" \/>\n<meta property=\"og:image\" content=\"https:\/\/macite.tg\/wp-content\/uploads\/2025\/01\/Lome-Tel-Aviv.jpg\" \/>\n\t<meta property=\"og:image:width\" content=\"500\" \/>\n\t<meta property=\"og:image:height\" content=\"309\" \/>\n\t<meta property=\"og:image:type\" content=\"image\/jpeg\" \/>\n<meta name=\"author\" content=\"Jean Pierre BAWELA\" \/>\n<meta name=\"twitter:card\" content=\"summary_large_image\" \/>\n<meta name=\"twitter:label1\" content=\"\u00c9crit par\" \/>\n\t<meta name=\"twitter:data1\" content=\"Jean Pierre BAWELA\" \/>\n\t<meta name=\"twitter:label2\" content=\"Dur\u00e9e de lecture estim\u00e9e\" \/>\n\t<meta name=\"twitter:data2\" content=\"2 minutes\" \/>\n<script type=\"application\/ld+json\" class=\"yoast-schema-graph\">{\"@context\":\"https:\\\/\\\/schema.org\",\"@graph\":[{\"@type\":\"Article\",\"@id\":\"https:\\\/\\\/macite.tg\\\/?p=19564#article\",\"isPartOf\":{\"@id\":\"https:\\\/\\\/macite.tg\\\/?p=19564\"},\"author\":{\"name\":\"Jean Pierre BAWELA\",\"@id\":\"https:\\\/\\\/macite.tg\\\/#\\\/schema\\\/person\\\/e9f2de7e5dbbe7770a9402c7ce82f5c2\"},\"headline\":\"COOOPERATION : Lom\u00e9 et Tel-Aviv, si loin si proche\u2026\",\"datePublished\":\"2025-01-23T12:58:50+00:00\",\"dateModified\":\"2025-01-23T13:00:02+00:00\",\"mainEntityOfPage\":{\"@id\":\"https:\\\/\\\/macite.tg\\\/?p=19564\"},\"wordCount\":305,\"commentCount\":0,\"image\":{\"@id\":\"https:\\\/\\\/macite.tg\\\/?p=19564#primaryimage\"},\"thumbnailUrl\":\"https:\\\/\\\/macite.tg\\\/wp-content\\\/uploads\\\/2025\\\/01\\\/Lome-Tel-Aviv.jpg\",\"articleSection\":[\"ACTUALITE\",\"DIPLOMATIE\"],\"inLanguage\":\"fr-FR\",\"potentialAction\":[{\"@type\":\"CommentAction\",\"name\":\"Comment\",\"target\":[\"https:\\\/\\\/macite.tg\\\/?p=19564#respond\"]}]},{\"@type\":\"WebPage\",\"@id\":\"https:\\\/\\\/macite.tg\\\/?p=19564\",\"url\":\"https:\\\/\\\/macite.tg\\\/?p=19564\",\"name\":\"COOOPERATION : Lom\u00e9 et Tel-Aviv, si loin si proche\u2026 -\",\"isPartOf\":{\"@id\":\"https:\\\/\\\/macite.tg\\\/#website\"},\"primaryImageOfPage\":{\"@id\":\"https:\\\/\\\/macite.tg\\\/?p=19564#primaryimage\"},\"image\":{\"@id\":\"https:\\\/\\\/macite.tg\\\/?p=19564#primaryimage\"},\"thumbnailUrl\":\"https:\\\/\\\/macite.tg\\\/wp-content\\\/uploads\\\/2025\\\/01\\\/Lome-Tel-Aviv.jpg\",\"datePublished\":\"2025-01-23T12:58:50+00:00\",\"dateModified\":\"2025-01-23T13:00:02+00:00\",\"author\":{\"@id\":\"https:\\\/\\\/macite.tg\\\/#\\\/schema\\\/person\\\/e9f2de7e5dbbe7770a9402c7ce82f5c2\"},\"breadcrumb\":{\"@id\":\"https:\\\/\\\/macite.tg\\\/?p=19564#breadcrumb\"},\"inLanguage\":\"fr-FR\",\"potentialAction\":[{\"@type\":\"ReadAction\",\"target\":[\"https:\\\/\\\/macite.tg\\\/?p=19564\"]}]},{\"@type\":\"ImageObject\",\"inLanguage\":\"fr-FR\",\"@id\":\"https:\\\/\\\/macite.tg\\\/?p=19564#primaryimage\",\"url\":\"https:\\\/\\\/macite.tg\\\/wp-content\\\/uploads\\\/2025\\\/01\\\/Lome-Tel-Aviv.jpg\",\"contentUrl\":\"https:\\\/\\\/macite.tg\\\/wp-content\\\/uploads\\\/2025\\\/01\\\/Lome-Tel-Aviv.jpg\",\"width\":500,\"height\":309},{\"@type\":\"BreadcrumbList\",\"@id\":\"https:\\\/\\\/macite.tg\\\/?p=19564#breadcrumb\",\"itemListElement\":[{\"@type\":\"ListItem\",\"position\":1,\"name\":\"Accueil\",\"item\":\"https:\\\/\\\/macite.tg\\\/\"},{\"@type\":\"ListItem\",\"position\":2,\"name\":\"COOOPERATION : Lom\u00e9 et Tel-Aviv, si loin si proche\u2026\"}]},{\"@type\":\"WebSite\",\"@id\":\"https:\\\/\\\/macite.tg\\\/#website\",\"url\":\"https:\\\/\\\/macite.tg\\\/\",\"name\":\"\",\"description\":\"L&#039;information, la bonne!!!\",\"potentialAction\":[{\"@type\":\"SearchAction\",\"target\":{\"@type\":\"EntryPoint\",\"urlTemplate\":\"https:\\\/\\\/macite.tg\\\/?s={search_term_string}\"},\"query-input\":{\"@type\":\"PropertyValueSpecification\",\"valueRequired\":true,\"valueName\":\"search_term_string\"}}],\"inLanguage\":\"fr-FR\"},{\"@type\":\"Person\",\"@id\":\"https:\\\/\\\/macite.tg\\\/#\\\/schema\\\/person\\\/e9f2de7e5dbbe7770a9402c7ce82f5c2\",\"name\":\"Jean Pierre BAWELA\",\"image\":{\"@type\":\"ImageObject\",\"inLanguage\":\"fr-FR\",\"@id\":\"https:\\\/\\\/macite.tg\\\/wp-content\\\/uploads\\\/2023\\\/09\\\/WhatsApp-Image-2023-09-19-at-14.44.41-122x122.jpeg\",\"url\":\"https:\\\/\\\/macite.tg\\\/wp-content\\\/uploads\\\/2023\\\/09\\\/WhatsApp-Image-2023-09-19-at-14.44.41-122x122.jpeg\",\"contentUrl\":\"https:\\\/\\\/macite.tg\\\/wp-content\\\/uploads\\\/2023\\\/09\\\/WhatsApp-Image-2023-09-19-at-14.44.41-122x122.jpeg\",\"caption\":\"Jean Pierre BAWELA\"},\"url\":\"https:\\\/\\\/macite.tg\\\/?author=2\"}]}<\/script>\n<!-- \/ Yoast SEO plugin. -->","yoast_head_json":{"title":"COOOPERATION : Lom\u00e9 et Tel-Aviv, si loin si proche\u2026 -","robots":{"index":"index","follow":"follow","max-snippet":"max-snippet:-1","max-image-preview":"max-image-preview:large","max-video-preview":"max-video-preview:-1"},"canonical":"https:\/\/macite.tg\/?p=19564","og_locale":"fr_FR","og_type":"article","og_title":"COOOPERATION : Lom\u00e9 et Tel-Aviv, si loin si proche\u2026 -","og_description":"Dans le cadre du renforcement du partenariat bilat\u00e9ral entre le Togo et l\u2019Etat H\u00e9breux, le chef de la diplomatie togolaise, Prof Robert Dussey, a eu des \u00e9changes t\u00e9l\u00e9phoniques, le lundi 20 janvier dernier, avec son homologue isra\u00e9lien, Gideon Saar. Premier du genre, les deux diplomates [&hellip;]","og_url":"https:\/\/macite.tg\/?p=19564","article_published_time":"2025-01-23T12:58:50+00:00","article_modified_time":"2025-01-23T13:00:02+00:00","og_image":[{"width":500,"height":309,"url":"https:\/\/macite.tg\/wp-content\/uploads\/2025\/01\/Lome-Tel-Aviv.jpg","type":"image\/jpeg"}],"author":"Jean Pierre BAWELA","twitter_card":"summary_large_image","twitter_misc":{"\u00c9crit par":"Jean Pierre BAWELA","Dur\u00e9e de lecture estim\u00e9e":"2 minutes"},"schema":{"@context":"https:\/\/schema.org","@graph":[{"@type":"Article","@id":"https:\/\/macite.tg\/?p=19564#article","isPartOf":{"@id":"https:\/\/macite.tg\/?p=19564"},"author":{"name":"Jean Pierre BAWELA","@id":"https:\/\/macite.tg\/#\/schema\/person\/e9f2de7e5dbbe7770a9402c7ce82f5c2"},"headline":"COOOPERATION : Lom\u00e9 et Tel-Aviv, si loin si proche\u2026","datePublished":"2025-01-23T12:58:50+00:00","dateModified":"2025-01-23T13:00:02+00:00","mainEntityOfPage":{"@id":"https:\/\/macite.tg\/?p=19564"},"wordCount":305,"commentCount":0,"image":{"@id":"https:\/\/macite.tg\/?p=19564#primaryimage"},"thumbnailUrl":"https:\/\/macite.tg\/wp-content\/uploads\/2025\/01\/Lome-Tel-Aviv.jpg","articleSection":["ACTUALITE","DIPLOMATIE"],"inLanguage":"fr-FR","potentialAction":[{"@type":"CommentAction","name":"Comment","target":["https:\/\/macite.tg\/?p=19564#respond"]}]},{"@type":"WebPage","@id":"https:\/\/macite.tg\/?p=19564","url":"https:\/\/macite.tg\/?p=19564","name":"COOOPERATION : Lom\u00e9 et Tel-Aviv, si loin si proche\u2026 -","isPartOf":{"@id":"https:\/\/macite.tg\/#website"},"primaryImageOfPage":{"@id":"https:\/\/macite.tg\/?p=19564#primaryimage"},"image":{"@id":"https:\/\/macite.tg\/?p=19564#primaryimage"},"thumbnailUrl":"https:\/\/macite.tg\/wp-content\/uploads\/2025\/01\/Lome-Tel-Aviv.jpg","datePublished":"2025-01-23T12:58:50+00:00","dateModified":"2025-01-23T13:00:02+00:00","author":{"@id":"https:\/\/macite.tg\/#\/schema\/person\/e9f2de7e5dbbe7770a9402c7ce82f5c2"},"breadcrumb":{"@id":"https:\/\/macite.tg\/?p=19564#breadcrumb"},"inLanguage":"fr-FR","potentialAction":[{"@type":"ReadAction","target":["https:\/\/macite.tg\/?p=19564"]}]},{"@type":"ImageObject","inLanguage":"fr-FR","@id":"https:\/\/macite.tg\/?p=19564#primaryimage","url":"https:\/\/macite.tg\/wp-content\/uploads\/2025\/01\/Lome-Tel-Aviv.jpg","contentUrl":"https:\/\/macite.tg\/wp-content\/uploads\/2025\/01\/Lome-Tel-Aviv.jpg","width":500,"height":309},{"@type":"BreadcrumbList","@id":"https:\/\/macite.tg\/?p=19564#breadcrumb","itemListElement":[{"@type":"ListItem","position":1,"name":"Accueil","item":"https:\/\/macite.tg\/"},{"@type":"ListItem","position":2,"name":"COOOPERATION : Lom\u00e9 et Tel-Aviv, si loin si proche\u2026"}]},{"@type":"WebSite","@id":"https:\/\/macite.tg\/#website","url":"https:\/\/macite.tg\/","name":"","description":"L&#039;information, la bonne!!!","potentialAction":[{"@type":"SearchAction","target":{"@type":"EntryPoint","urlTemplate":"https:\/\/macite.tg\/?s={search_term_string}"},"query-input":{"@type":"PropertyValueSpecification","valueRequired":true,"valueName":"search_term_string"}}],"inLanguage":"fr-FR"},{"@type":"Person","@id":"https:\/\/macite.tg\/#\/schema\/person\/e9f2de7e5dbbe7770a9402c7ce82f5c2","name":"Jean Pierre BAWELA","image":{"@type":"ImageObject","inLanguage":"fr-FR","@id":"https:\/\/macite.tg\/wp-content\/uploads\/2023\/09\/WhatsApp-Image-2023-09-19-at-14.44.41-122x122.jpeg","url":"https:\/\/macite.tg\/wp-content\/uploads\/2023\/09\/WhatsApp-Image-2023-09-19-at-14.44.41-122x122.jpeg","contentUrl":"https:\/\/macite.tg\/wp-content\/uploads\/2023\/09\/WhatsApp-Image-2023-09-19-at-14.44.41-122x122.jpeg","caption":"Jean Pierre BAWELA"},"url":"https:\/\/macite.tg\/?author=2"}]}},"_links":{"self":[{"href":"https:\/\/macite.tg\/index.php?rest_route=\/wp\/v2\/posts\/19564","targetHints":{"allow":["GET"]}}],"collection":[{"href":"https:\/\/macite.tg\/index.php?rest_route=\/wp\/v2\/posts"}],"about":[{"href":"https:\/\/macite.tg\/index.php?rest_route=\/wp\/v2\/types\/post"}],"author":[{"embeddable":true,"href":"https:\/\/macite.tg\/index.php?rest_route=\/wp\/v2\/users\/2"}],"replies":[{"embeddable":true,"href":"https:\/\/macite.tg\/index.php?rest_route=%2Fwp%2Fv2%2Fcomments&post=19564"}],"version-history":[{"count":0,"href":"https:\/\/macite.tg\/index.php?rest_route=\/wp\/v2\/posts\/19564\/revisions"}],"wp:featuredmedia":[{"embeddable":true,"href":"https:\/\/macite.tg\/index.php?rest_route=\/wp\/v2\/media\/19565"}],"wp:attachment":[{"href":"https:\/\/macite.tg\/index.php?rest_route=%2Fwp%2Fv2%2Fmedia&parent=19564"}],"wp:term":[{"taxonomy":"category","embeddable":true,"href":"https:\/\/macite.tg\/index.php?rest_route=%2Fwp%2Fv2%2Fcategories&post=19564"},{"taxonomy":"post_tag","embeddable":true,"href":"https:\/\/macite.tg\/index.php?rest_route=%2Fwp%2Fv2%2Ftags&post=19564"}],"curies":[{"name":"wp","href":"https:\/\/api.w.org\/{rel}","templated":true}]}}