{"id":19553,"date":"2025-01-23T12:09:50","date_gmt":"2025-01-23T12:09:50","guid":{"rendered":"https:\/\/macite.tg\/?p=19553"},"modified":"2025-01-23T12:21:17","modified_gmt":"2025-01-23T12:21:17","slug":"attentat-de-sarakawa-voici-le-programme-de-la-commemoration-du-51eme-anniversaire","status":"publish","type":"post","link":"https:\/\/macite.tg\/?p=19553","title":{"rendered":"ATTENTAT DE SARAKAWA\u00a0: Voici le programme de la comm\u00e9moration du 51\u00e8me anniversaire"},"content":{"rendered":"\n<p class=\"wp-block-paragraph\"><strong><em>Comme tous les ans, le Togo s\u2019appr\u00eate \u00e0 comm\u00e9morer, en d\u00e9but de la seconde moitier du mois de Janvier, l\u2019attentat de Sarakawa, qui marque un tournant d\u00e9cisif dans la relance \u00e9conomique du pays. Dans ce sens, plusieurs activit\u00e9s, notamment de recueillement, de communion et d\u2019\u00e9changes, sont au programme de cette c\u00e9l\u00e9bration, selon un calendrier bien concoct\u00e9 par le ministre de l\u2019Administration territoriale, de la d\u00e9centralisation et de la chefferie coutumi\u00e8re, le Col Awat\u00e9 Hodabalo.<\/em><\/strong><\/p>\n\n\n\n<p class=\"wp-block-paragraph\">Ces activit\u00e9s, qui d\u00e9marrent ce 23 janvier par une conf\u00e9rence publique sur le th\u00e8me&nbsp;:&nbsp;\u00ab&nbsp;l\u2019attentat de Sarakawa et son impact sur le tissus \u00e9conomique&nbsp;\u00bb, prendront fin le 24 janvier par un d\u00e9p\u00f4t de gerbes.<\/p>\n\n\n\n<p class=\"wp-block-paragraph\"><strong>Voici le programme rendu public \u00e0 cet effet&nbsp;:<\/strong><\/p>\n\n\n\n<p class=\"wp-block-paragraph\"><strong>A Kara&nbsp;<\/strong><\/p>\n\n\n\n<p class=\"wp-block-paragraph\"><strong>23 janvier 2025<\/strong><\/p>\n\n\n<div class=\"wp-block-image\">\n<figure class=\"aligncenter size-full\"><img loading=\"lazy\" decoding=\"async\" width=\"851\" height=\"315\" src=\"https:\/\/macite.tg\/wp-content\/uploads\/2025\/01\/OTR_Ferer-pour-batir-1.jpg\" alt=\"\" class=\"wp-image-19403\" srcset=\"https:\/\/macite.tg\/wp-content\/uploads\/2025\/01\/OTR_Ferer-pour-batir-1.jpg 851w, https:\/\/macite.tg\/wp-content\/uploads\/2025\/01\/OTR_Ferer-pour-batir-1-300x111.jpg 300w, https:\/\/macite.tg\/wp-content\/uploads\/2025\/01\/OTR_Ferer-pour-batir-1-768x284.jpg 768w\" sizes=\"auto, (max-width: 851px) 100vw, 851px\" \/><\/figure>\n<\/div>\n\n\n<p class=\"wp-block-paragraph\"><strong>16h&nbsp;:&nbsp;<\/strong>Conf\u00e9rence publique au Palais des Congr\u00e8s sur le th\u00e8me&nbsp;<strong>\u201cl\u2019attentat de Sarakawa et son impact sur le tissu \u00e9conomique\u201d<\/strong><\/p>\n\n\n\n<p class=\"wp-block-paragraph\"><strong>24 janvier 2025<\/strong><\/p>\n\n\n\n<p class=\"wp-block-paragraph\"><strong>08h30&nbsp;:&nbsp;<\/strong>Visite du Pr\u00e9sident de la R\u00e9publique au Centre des maladies infectieuses (CMI) de Kara&nbsp;<\/p>\n\n\n\n<p class=\"wp-block-paragraph\"><strong>09h00&nbsp;:&nbsp;<\/strong>C\u00e9r\u00e9monie d\u2019inauguration de l\u2019h\u00f4pital Dogta Lafi\u00e8 annexe de Kara par le Pr\u00e9sident de la R\u00e9publique<\/p>\n\n\n\n<p class=\"wp-block-paragraph\"><strong>A Sarakawa&nbsp;<\/strong><\/p>\n\n\n\n<p class=\"wp-block-paragraph\"><strong>24 janvier 2025<\/strong><\/p>\n\n\n\n<p class=\"wp-block-paragraph\"><strong>15h37&nbsp;:&nbsp;<\/strong>D\u00e9p\u00f4t de gerbes au mausol\u00e9e de Sarakawa par le Pr\u00e9sident de la R\u00e9publique&nbsp;<\/p>\n\n\n\n<p class=\"wp-block-paragraph\"><strong>A Lom\u00e9&nbsp;<\/strong><\/p>\n\n\n\n<p class=\"wp-block-paragraph\"><strong>24 janvier 2025<\/strong><\/p>\n\n\n<div class=\"wp-block-image\">\n<figure class=\"aligncenter size-full\"><img loading=\"lazy\" decoding=\"async\" width=\"851\" height=\"315\" src=\"https:\/\/macite.tg\/wp-content\/uploads\/2025\/01\/OTR_Renseignements-1.jpg\" alt=\"\" class=\"wp-image-19409\" srcset=\"https:\/\/macite.tg\/wp-content\/uploads\/2025\/01\/OTR_Renseignements-1.jpg 851w, https:\/\/macite.tg\/wp-content\/uploads\/2025\/01\/OTR_Renseignements-1-300x111.jpg 300w, https:\/\/macite.tg\/wp-content\/uploads\/2025\/01\/OTR_Renseignements-1-768x284.jpg 768w\" sizes=\"auto, (max-width: 851px) 100vw, 851px\" \/><\/figure>\n<\/div>\n\n\n<p class=\"wp-block-paragraph\"><strong>15h37&nbsp;:&nbsp;<\/strong>D\u00e9p\u00f4t de gerbes \u00e0 la Place des Martyrs par le Pr\u00e9sident de la R\u00e9publique ou son repr\u00e9sentant<\/p>\n\n\n\n<p class=\"wp-block-paragraph\"><strong>Dans les chefs-lieux des r\u00e9gions&nbsp;<\/strong><\/p>\n\n\n\n<p class=\"wp-block-paragraph\"><strong>24 janvier 2025<\/strong><\/p>\n\n\n\n<p class=\"wp-block-paragraph\"><strong>15h37&nbsp;:&nbsp;<\/strong>D\u00e9p\u00f4t de gerbes dans les conditions habituelles par le Gouverneur.<\/p>\n\n\n\n<p class=\"wp-block-paragraph\"><a><strong><em>@macite.tg&nbsp;&nbsp;&nbsp;&nbsp;&nbsp;&nbsp;&nbsp;&nbsp;<\/em><\/strong><\/a><\/p>\n\n\n\n<p class=\"wp-block-paragraph\"><strong><em>E-mail&nbsp;: <\/em><\/strong><a href=\"mailto:maciteinfo@gmail.com\"><strong><em>maciteinfo@gmail.com<\/em><\/strong><\/a><strong><em>; <\/em><\/strong><a href=\"mailto:bawela1@gmail.com\"><strong><em>bawela1@gmail.com<\/em><\/strong><\/a><strong><em><\/em><\/strong><\/p>\n\n\n\n<p class=\"wp-block-paragraph\"><strong><em>Pour vos annonces, (publi)reportages, etc., joignez-nous au (00228)91515309\/<strong>79872224 <\/strong>www.macite.tg, L\u2019information, la bonne&nbsp;!<\/em><\/strong><\/p>\n","protected":false},"excerpt":{"rendered":"<p class=\"text-justify mb-2\" >Comme tous les ans, le Togo s\u2019appr\u00eate \u00e0 comm\u00e9morer, en d\u00e9but de la seconde moitier du mois de Janvier, l\u2019attentat de Sarakawa, qui marque un tournant d\u00e9cisif dans la relance \u00e9conomique du pays. Dans ce sens, plusieurs activit\u00e9s, notamment de recueillement, de communion et d\u2019\u00e9changes, [&hellip;]<\/p>\n","protected":false},"author":2,"featured_media":19558,"comment_status":"open","ping_status":"open","sticky":false,"template":"","format":"standard","meta":{"footnotes":""},"categories":[20,1],"tags":[],"class_list":["post-19553","post","type-post","status-publish","format-standard","has-post-thumbnail","hentry","category-actualite","category-politique"],"yoast_head":"<!-- This site is optimized with the Yoast SEO plugin v28.4 - https:\/\/yoast.com\/product\/yoast-seo-wordpress\/ -->\n<title>ATTENTAT DE SARAKAWA\u00a0: Voici le programme de la comm\u00e9moration du 51\u00e8me anniversaire -<\/title>\n<meta name=\"robots\" content=\"index, follow, max-snippet:-1, max-image-preview:large, max-video-preview:-1\" \/>\n<link rel=\"canonical\" href=\"https:\/\/macite.tg\/?p=19553\" \/>\n<meta property=\"og:locale\" content=\"fr_FR\" \/>\n<meta property=\"og:type\" content=\"article\" \/>\n<meta property=\"og:title\" content=\"ATTENTAT DE SARAKAWA\u00a0: Voici le programme de la comm\u00e9moration du 51\u00e8me anniversaire -\" \/>\n<meta property=\"og:description\" content=\"Comme tous les ans, le Togo s\u2019appr\u00eate \u00e0 comm\u00e9morer, en d\u00e9but de la seconde moitier du mois de Janvier, l\u2019attentat de Sarakawa, qui marque un tournant d\u00e9cisif dans la relance \u00e9conomique du pays. Dans ce sens, plusieurs activit\u00e9s, notamment de recueillement, de communion et d\u2019\u00e9changes, [&hellip;]\" \/>\n<meta property=\"og:url\" content=\"https:\/\/macite.tg\/?p=19553\" \/>\n<meta property=\"article:published_time\" content=\"2025-01-23T12:09:50+00:00\" \/>\n<meta property=\"article:modified_time\" content=\"2025-01-23T12:21:17+00:00\" \/>\n<meta property=\"og:image\" content=\"https:\/\/macite.tg\/wp-content\/uploads\/2025\/01\/image-79.png\" \/>\n\t<meta property=\"og:image:width\" content=\"385\" \/>\n\t<meta property=\"og:image:height\" content=\"270\" \/>\n\t<meta property=\"og:image:type\" content=\"image\/png\" \/>\n<meta name=\"author\" content=\"Jean Pierre BAWELA\" \/>\n<meta name=\"twitter:card\" content=\"summary_large_image\" \/>\n<meta name=\"twitter:label1\" content=\"\u00c9crit par\" \/>\n\t<meta name=\"twitter:data1\" content=\"Jean Pierre BAWELA\" \/>\n\t<meta name=\"twitter:label2\" content=\"Dur\u00e9e de lecture estim\u00e9e\" \/>\n\t<meta name=\"twitter:data2\" content=\"2 minutes\" \/>\n<script type=\"application\/ld+json\" class=\"yoast-schema-graph\">{\"@context\":\"https:\\\/\\\/schema.org\",\"@graph\":[{\"@type\":\"Article\",\"@id\":\"https:\\\/\\\/macite.tg\\\/?p=19553#article\",\"isPartOf\":{\"@id\":\"https:\\\/\\\/macite.tg\\\/?p=19553\"},\"author\":{\"name\":\"Jean Pierre BAWELA\",\"@id\":\"https:\\\/\\\/macite.tg\\\/#\\\/schema\\\/person\\\/e9f2de7e5dbbe7770a9402c7ce82f5c2\"},\"headline\":\"ATTENTAT DE SARAKAWA\u00a0: Voici le programme de la comm\u00e9moration du 51\u00e8me anniversaire\",\"datePublished\":\"2025-01-23T12:09:50+00:00\",\"dateModified\":\"2025-01-23T12:21:17+00:00\",\"mainEntityOfPage\":{\"@id\":\"https:\\\/\\\/macite.tg\\\/?p=19553\"},\"wordCount\":338,\"commentCount\":0,\"image\":{\"@id\":\"https:\\\/\\\/macite.tg\\\/?p=19553#primaryimage\"},\"thumbnailUrl\":\"https:\\\/\\\/macite.tg\\\/wp-content\\\/uploads\\\/2025\\\/01\\\/image-79.png\",\"articleSection\":[\"ACTUALITE\",\"POLITIQUE\"],\"inLanguage\":\"fr-FR\",\"potentialAction\":[{\"@type\":\"CommentAction\",\"name\":\"Comment\",\"target\":[\"https:\\\/\\\/macite.tg\\\/?p=19553#respond\"]}]},{\"@type\":\"WebPage\",\"@id\":\"https:\\\/\\\/macite.tg\\\/?p=19553\",\"url\":\"https:\\\/\\\/macite.tg\\\/?p=19553\",\"name\":\"ATTENTAT DE SARAKAWA\u00a0: Voici le programme de la comm\u00e9moration du 51\u00e8me anniversaire -\",\"isPartOf\":{\"@id\":\"https:\\\/\\\/macite.tg\\\/#website\"},\"primaryImageOfPage\":{\"@id\":\"https:\\\/\\\/macite.tg\\\/?p=19553#primaryimage\"},\"image\":{\"@id\":\"https:\\\/\\\/macite.tg\\\/?p=19553#primaryimage\"},\"thumbnailUrl\":\"https:\\\/\\\/macite.tg\\\/wp-content\\\/uploads\\\/2025\\\/01\\\/image-79.png\",\"datePublished\":\"2025-01-23T12:09:50+00:00\",\"dateModified\":\"2025-01-23T12:21:17+00:00\",\"author\":{\"@id\":\"https:\\\/\\\/macite.tg\\\/#\\\/schema\\\/person\\\/e9f2de7e5dbbe7770a9402c7ce82f5c2\"},\"breadcrumb\":{\"@id\":\"https:\\\/\\\/macite.tg\\\/?p=19553#breadcrumb\"},\"inLanguage\":\"fr-FR\",\"potentialAction\":[{\"@type\":\"ReadAction\",\"target\":[\"https:\\\/\\\/macite.tg\\\/?p=19553\"]}]},{\"@type\":\"ImageObject\",\"inLanguage\":\"fr-FR\",\"@id\":\"https:\\\/\\\/macite.tg\\\/?p=19553#primaryimage\",\"url\":\"https:\\\/\\\/macite.tg\\\/wp-content\\\/uploads\\\/2025\\\/01\\\/image-79.png\",\"contentUrl\":\"https:\\\/\\\/macite.tg\\\/wp-content\\\/uploads\\\/2025\\\/01\\\/image-79.png\",\"width\":385,\"height\":270},{\"@type\":\"BreadcrumbList\",\"@id\":\"https:\\\/\\\/macite.tg\\\/?p=19553#breadcrumb\",\"itemListElement\":[{\"@type\":\"ListItem\",\"position\":1,\"name\":\"Accueil\",\"item\":\"https:\\\/\\\/macite.tg\\\/\"},{\"@type\":\"ListItem\",\"position\":2,\"name\":\"ATTENTAT DE SARAKAWA\u00a0: Voici le programme de la comm\u00e9moration du 51\u00e8me anniversaire\"}]},{\"@type\":\"WebSite\",\"@id\":\"https:\\\/\\\/macite.tg\\\/#website\",\"url\":\"https:\\\/\\\/macite.tg\\\/\",\"name\":\"\",\"description\":\"L&#039;information, la bonne!!!\",\"potentialAction\":[{\"@type\":\"SearchAction\",\"target\":{\"@type\":\"EntryPoint\",\"urlTemplate\":\"https:\\\/\\\/macite.tg\\\/?s={search_term_string}\"},\"query-input\":{\"@type\":\"PropertyValueSpecification\",\"valueRequired\":true,\"valueName\":\"search_term_string\"}}],\"inLanguage\":\"fr-FR\"},{\"@type\":\"Person\",\"@id\":\"https:\\\/\\\/macite.tg\\\/#\\\/schema\\\/person\\\/e9f2de7e5dbbe7770a9402c7ce82f5c2\",\"name\":\"Jean Pierre BAWELA\",\"image\":{\"@type\":\"ImageObject\",\"inLanguage\":\"fr-FR\",\"@id\":\"https:\\\/\\\/macite.tg\\\/wp-content\\\/uploads\\\/2023\\\/09\\\/WhatsApp-Image-2023-09-19-at-14.44.41-122x122.jpeg\",\"url\":\"https:\\\/\\\/macite.tg\\\/wp-content\\\/uploads\\\/2023\\\/09\\\/WhatsApp-Image-2023-09-19-at-14.44.41-122x122.jpeg\",\"contentUrl\":\"https:\\\/\\\/macite.tg\\\/wp-content\\\/uploads\\\/2023\\\/09\\\/WhatsApp-Image-2023-09-19-at-14.44.41-122x122.jpeg\",\"caption\":\"Jean Pierre BAWELA\"},\"url\":\"https:\\\/\\\/macite.tg\\\/?author=2\"}]}<\/script>\n<!-- \/ Yoast SEO plugin. -->","yoast_head_json":{"title":"ATTENTAT DE SARAKAWA\u00a0: Voici le programme de la comm\u00e9moration du 51\u00e8me anniversaire -","robots":{"index":"index","follow":"follow","max-snippet":"max-snippet:-1","max-image-preview":"max-image-preview:large","max-video-preview":"max-video-preview:-1"},"canonical":"https:\/\/macite.tg\/?p=19553","og_locale":"fr_FR","og_type":"article","og_title":"ATTENTAT DE SARAKAWA\u00a0: Voici le programme de la comm\u00e9moration du 51\u00e8me anniversaire -","og_description":"Comme tous les ans, le Togo s\u2019appr\u00eate \u00e0 comm\u00e9morer, en d\u00e9but de la seconde moitier du mois de Janvier, l\u2019attentat de Sarakawa, qui marque un tournant d\u00e9cisif dans la relance \u00e9conomique du pays. Dans ce sens, plusieurs activit\u00e9s, notamment de recueillement, de communion et d\u2019\u00e9changes, [&hellip;]","og_url":"https:\/\/macite.tg\/?p=19553","article_published_time":"2025-01-23T12:09:50+00:00","article_modified_time":"2025-01-23T12:21:17+00:00","og_image":[{"width":385,"height":270,"url":"https:\/\/macite.tg\/wp-content\/uploads\/2025\/01\/image-79.png","type":"image\/png"}],"author":"Jean Pierre BAWELA","twitter_card":"summary_large_image","twitter_misc":{"\u00c9crit par":"Jean Pierre BAWELA","Dur\u00e9e de lecture estim\u00e9e":"2 minutes"},"schema":{"@context":"https:\/\/schema.org","@graph":[{"@type":"Article","@id":"https:\/\/macite.tg\/?p=19553#article","isPartOf":{"@id":"https:\/\/macite.tg\/?p=19553"},"author":{"name":"Jean Pierre BAWELA","@id":"https:\/\/macite.tg\/#\/schema\/person\/e9f2de7e5dbbe7770a9402c7ce82f5c2"},"headline":"ATTENTAT DE SARAKAWA\u00a0: Voici le programme de la comm\u00e9moration du 51\u00e8me anniversaire","datePublished":"2025-01-23T12:09:50+00:00","dateModified":"2025-01-23T12:21:17+00:00","mainEntityOfPage":{"@id":"https:\/\/macite.tg\/?p=19553"},"wordCount":338,"commentCount":0,"image":{"@id":"https:\/\/macite.tg\/?p=19553#primaryimage"},"thumbnailUrl":"https:\/\/macite.tg\/wp-content\/uploads\/2025\/01\/image-79.png","articleSection":["ACTUALITE","POLITIQUE"],"inLanguage":"fr-FR","potentialAction":[{"@type":"CommentAction","name":"Comment","target":["https:\/\/macite.tg\/?p=19553#respond"]}]},{"@type":"WebPage","@id":"https:\/\/macite.tg\/?p=19553","url":"https:\/\/macite.tg\/?p=19553","name":"ATTENTAT DE SARAKAWA\u00a0: Voici le programme de la comm\u00e9moration du 51\u00e8me anniversaire -","isPartOf":{"@id":"https:\/\/macite.tg\/#website"},"primaryImageOfPage":{"@id":"https:\/\/macite.tg\/?p=19553#primaryimage"},"image":{"@id":"https:\/\/macite.tg\/?p=19553#primaryimage"},"thumbnailUrl":"https:\/\/macite.tg\/wp-content\/uploads\/2025\/01\/image-79.png","datePublished":"2025-01-23T12:09:50+00:00","dateModified":"2025-01-23T12:21:17+00:00","author":{"@id":"https:\/\/macite.tg\/#\/schema\/person\/e9f2de7e5dbbe7770a9402c7ce82f5c2"},"breadcrumb":{"@id":"https:\/\/macite.tg\/?p=19553#breadcrumb"},"inLanguage":"fr-FR","potentialAction":[{"@type":"ReadAction","target":["https:\/\/macite.tg\/?p=19553"]}]},{"@type":"ImageObject","inLanguage":"fr-FR","@id":"https:\/\/macite.tg\/?p=19553#primaryimage","url":"https:\/\/macite.tg\/wp-content\/uploads\/2025\/01\/image-79.png","contentUrl":"https:\/\/macite.tg\/wp-content\/uploads\/2025\/01\/image-79.png","width":385,"height":270},{"@type":"BreadcrumbList","@id":"https:\/\/macite.tg\/?p=19553#breadcrumb","itemListElement":[{"@type":"ListItem","position":1,"name":"Accueil","item":"https:\/\/macite.tg\/"},{"@type":"ListItem","position":2,"name":"ATTENTAT DE SARAKAWA\u00a0: Voici le programme de la comm\u00e9moration du 51\u00e8me anniversaire"}]},{"@type":"WebSite","@id":"https:\/\/macite.tg\/#website","url":"https:\/\/macite.tg\/","name":"","description":"L&#039;information, la bonne!!!","potentialAction":[{"@type":"SearchAction","target":{"@type":"EntryPoint","urlTemplate":"https:\/\/macite.tg\/?s={search_term_string}"},"query-input":{"@type":"PropertyValueSpecification","valueRequired":true,"valueName":"search_term_string"}}],"inLanguage":"fr-FR"},{"@type":"Person","@id":"https:\/\/macite.tg\/#\/schema\/person\/e9f2de7e5dbbe7770a9402c7ce82f5c2","name":"Jean Pierre BAWELA","image":{"@type":"ImageObject","inLanguage":"fr-FR","@id":"https:\/\/macite.tg\/wp-content\/uploads\/2023\/09\/WhatsApp-Image-2023-09-19-at-14.44.41-122x122.jpeg","url":"https:\/\/macite.tg\/wp-content\/uploads\/2023\/09\/WhatsApp-Image-2023-09-19-at-14.44.41-122x122.jpeg","contentUrl":"https:\/\/macite.tg\/wp-content\/uploads\/2023\/09\/WhatsApp-Image-2023-09-19-at-14.44.41-122x122.jpeg","caption":"Jean Pierre BAWELA"},"url":"https:\/\/macite.tg\/?author=2"}]}},"_links":{"self":[{"href":"https:\/\/macite.tg\/index.php?rest_route=\/wp\/v2\/posts\/19553","targetHints":{"allow":["GET"]}}],"collection":[{"href":"https:\/\/macite.tg\/index.php?rest_route=\/wp\/v2\/posts"}],"about":[{"href":"https:\/\/macite.tg\/index.php?rest_route=\/wp\/v2\/types\/post"}],"author":[{"embeddable":true,"href":"https:\/\/macite.tg\/index.php?rest_route=\/wp\/v2\/users\/2"}],"replies":[{"embeddable":true,"href":"https:\/\/macite.tg\/index.php?rest_route=%2Fwp%2Fv2%2Fcomments&post=19553"}],"version-history":[{"count":0,"href":"https:\/\/macite.tg\/index.php?rest_route=\/wp\/v2\/posts\/19553\/revisions"}],"wp:featuredmedia":[{"embeddable":true,"href":"https:\/\/macite.tg\/index.php?rest_route=\/wp\/v2\/media\/19558"}],"wp:attachment":[{"href":"https:\/\/macite.tg\/index.php?rest_route=%2Fwp%2Fv2%2Fmedia&parent=19553"}],"wp:term":[{"taxonomy":"category","embeddable":true,"href":"https:\/\/macite.tg\/index.php?rest_route=%2Fwp%2Fv2%2Fcategories&post=19553"},{"taxonomy":"post_tag","embeddable":true,"href":"https:\/\/macite.tg\/index.php?rest_route=%2Fwp%2Fv2%2Ftags&post=19553"}],"curies":[{"name":"wp","href":"https:\/\/api.w.org\/{rel}","templated":true}]}}