{"id":19546,"date":"2025-01-23T10:34:05","date_gmt":"2025-01-23T10:34:05","guid":{"rendered":"https:\/\/macite.tg\/?p=19546"},"modified":"2025-01-23T10:38:44","modified_gmt":"2025-01-23T10:38:44","slug":"pouvoir-central-de-nouveaux-prefets-pour-une-meilleure-representation","status":"publish","type":"post","link":"https:\/\/macite.tg\/?p=19546","title":{"rendered":"POUVOIR CENTRAL : De nouveaux pr\u00e9fets pour une meilleure repr\u00e9sentation"},"content":{"rendered":"\n<p class=\"wp-block-paragraph\"><strong><em>Le Pr\u00e9sident de la R\u00e9publique, Faure Essozimna Gnassingb\u00e9 a proc\u00e9d\u00e9, hier mercredi \u00e0 la nomination de plusieurs repr\u00e9sentants du pouvoir central au niveau pr\u00e9fectoral. Ces nouveaux pr\u00e9fets connu ou sorti de l\u2019ombre, vise, selon tout vraisemblance, \u00e0 assurer une meilleure repr\u00e9sentation de l\u2019autorit\u00e9 centrale.<\/em><\/strong><\/p>\n\n\n\n<p class=\"wp-block-paragraph\">Selon des sources concordantes, il suffit de bien scruter les pr\u00e9fectures objet de ces mutations pour s\u2019en convaincre du projet de renouveau que l\u2019on projette sur ces lieux. (Nous y reviendrons&nbsp;!). <\/p>\n\n\n\n<p class=\"wp-block-paragraph\"><strong>Voici les nouveaux repr\u00e9sentant du pouvoir central et leur lieu d\u2019affectation&nbsp;:<\/strong><\/p>\n\n\n\n<p class=\"wp-block-paragraph\">Ouro-Gouroungou Horoumila est nomm\u00e9 pr\u00e9fet de T\u00f4ne.&nbsp;<\/p>\n\n\n\n<p class=\"wp-block-paragraph\">Le Colonel Bonfo Far\u00e9 est nomm\u00e9 pr\u00e9fet de la Kozah.&nbsp;<\/p>\n\n\n\n<p class=\"wp-block-paragraph\">Tchimbiandja Yendoukoa est nomm\u00e9 pr\u00e9fet de Tchaoudjo.&nbsp;<\/p>\n\n\n<div class=\"wp-block-image\">\n<figure class=\"aligncenter size-full is-resized\"><img loading=\"lazy\" decoding=\"async\" width=\"690\" height=\"170\" src=\"https:\/\/macite.tg\/wp-content\/uploads\/2025\/01\/IMG-20240313-WA0013-1.jpg\" alt=\"\" class=\"wp-image-19485\" style=\"width:840px;height:auto\" srcset=\"https:\/\/macite.tg\/wp-content\/uploads\/2025\/01\/IMG-20240313-WA0013-1.jpg 690w, https:\/\/macite.tg\/wp-content\/uploads\/2025\/01\/IMG-20240313-WA0013-1-300x74.jpg 300w\" sizes=\"auto, (max-width: 690px) 100vw, 690px\" \/><\/figure>\n<\/div>\n\n\n<p class=\"wp-block-paragraph\">Ekpe Kodjo Agbeko est nomm\u00e9 pr\u00e9fet de l\u2019Ogou.&nbsp;<\/p>\n\n\n\n<p class=\"wp-block-paragraph\">Gadewa Mawouna est nomm\u00e9 pr\u00e9fet de Zio.&nbsp;<\/p>\n\n\n\n<p class=\"wp-block-paragraph\">Tinaka Wediabalo Kossi est nomm\u00e9 pr\u00e9fet d\u2019Ago\u00e8-Nyiv\u00e9.&nbsp;<\/p>\n\n\n\n<p class=\"wp-block-paragraph\">Agbodan Kossivi est nomm\u00e9 pr\u00e9fet du Golfe.&nbsp;<\/p>\n\n\n\n<p class=\"wp-block-paragraph\">Le Lieutenant-colonel Assiah Hodabalo est nomm\u00e9 pr\u00e9fet de Bassar.&nbsp;<\/p>\n\n\n\n<p class=\"wp-block-paragraph\">Toyi Kokou est nomm\u00e9 pr\u00e9fet de l\u2019Ak\u00e9bou.&nbsp;<\/p>\n\n\n<div class=\"wp-block-image\">\n<figure class=\"aligncenter size-large is-resized\"><img loading=\"lazy\" decoding=\"async\" width=\"722\" height=\"1024\" src=\"https:\/\/macite.tg\/wp-content\/uploads\/2025\/01\/Nomination-722x1024.jpg\" alt=\"\" class=\"wp-image-19550\" style=\"width:556px;height:auto\" srcset=\"https:\/\/macite.tg\/wp-content\/uploads\/2025\/01\/Nomination-722x1024.jpg 722w, https:\/\/macite.tg\/wp-content\/uploads\/2025\/01\/Nomination-212x300.jpg 212w, https:\/\/macite.tg\/wp-content\/uploads\/2025\/01\/Nomination-768x1089.jpg 768w, https:\/\/macite.tg\/wp-content\/uploads\/2025\/01\/Nomination.jpg 846w\" sizes=\"auto, (max-width: 722px) 100vw, 722px\" \/><\/figure>\n<\/div>\n\n\n<p class=\"wp-block-paragraph\"><strong>La R\u00e9daction<\/strong><\/p>\n\n\n\n<p class=\"wp-block-paragraph\"><a><strong><em>@macite.tg&nbsp;&nbsp;&nbsp;&nbsp;&nbsp;&nbsp;&nbsp;&nbsp;<\/em><\/strong><\/a><\/p>\n\n\n\n<p class=\"wp-block-paragraph\"><strong><em>E-mail&nbsp;: <\/em><\/strong><a href=\"mailto:maciteinfo@gmail.com\"><strong><em>maciteinfo@gmail.com<\/em><\/strong><\/a><strong><em>; <\/em><\/strong><a href=\"mailto:bawela1@gmail.com\"><strong><em>bawela1@gmail.com<\/em><\/strong><\/a><strong><em><\/em><\/strong><\/p>\n\n\n\n<p class=\"wp-block-paragraph\"><strong><em>Pour vos annonces, (publi)reportages, etc., joignez-nous au (00228)91515309\/<strong>79872224 <\/strong>www.macite.tg, L\u2019information, la bonne&nbsp;!<\/em><\/strong><\/p>\n","protected":false},"excerpt":{"rendered":"<p class=\"text-justify mb-2\" >Le Pr\u00e9sident de la R\u00e9publique, Faure Essozimna Gnassingb\u00e9 a proc\u00e9d\u00e9, hier mercredi \u00e0 la nomination de plusieurs repr\u00e9sentants du pouvoir central au niveau pr\u00e9fectoral. Ces nouveaux pr\u00e9fets connu ou sorti de l\u2019ombre, vise, selon tout vraisemblance, \u00e0 assurer une meilleure repr\u00e9sentation de l\u2019autorit\u00e9 centrale. Selon [&hellip;]<\/p>\n","protected":false},"author":2,"featured_media":19551,"comment_status":"open","ping_status":"open","sticky":false,"template":"","format":"standard","meta":{"footnotes":""},"categories":[20,1],"tags":[],"class_list":["post-19546","post","type-post","status-publish","format-standard","has-post-thumbnail","hentry","category-actualite","category-politique"],"yoast_head":"<!-- This site is optimized with the Yoast SEO plugin v28.4 - https:\/\/yoast.com\/product\/yoast-seo-wordpress\/ -->\n<title>POUVOIR CENTRAL : De nouveaux pr\u00e9fets pour une meilleure repr\u00e9sentation -<\/title>\n<meta name=\"robots\" content=\"index, follow, max-snippet:-1, max-image-preview:large, max-video-preview:-1\" \/>\n<link rel=\"canonical\" href=\"https:\/\/macite.tg\/?p=19546\" \/>\n<meta property=\"og:locale\" content=\"fr_FR\" \/>\n<meta property=\"og:type\" content=\"article\" \/>\n<meta property=\"og:title\" content=\"POUVOIR CENTRAL : De nouveaux pr\u00e9fets pour une meilleure repr\u00e9sentation -\" \/>\n<meta property=\"og:description\" content=\"Le Pr\u00e9sident de la R\u00e9publique, Faure Essozimna Gnassingb\u00e9 a proc\u00e9d\u00e9, hier mercredi \u00e0 la nomination de plusieurs repr\u00e9sentants du pouvoir central au niveau pr\u00e9fectoral. Ces nouveaux pr\u00e9fets connu ou sorti de l\u2019ombre, vise, selon tout vraisemblance, \u00e0 assurer une meilleure repr\u00e9sentation de l\u2019autorit\u00e9 centrale. Selon [&hellip;]\" \/>\n<meta property=\"og:url\" content=\"https:\/\/macite.tg\/?p=19546\" \/>\n<meta property=\"article:published_time\" content=\"2025-01-23T10:34:05+00:00\" \/>\n<meta property=\"article:modified_time\" content=\"2025-01-23T10:38:44+00:00\" \/>\n<meta property=\"og:image\" content=\"https:\/\/macite.tg\/wp-content\/uploads\/2025\/01\/image-77.png\" \/>\n\t<meta property=\"og:image:width\" content=\"405\" \/>\n\t<meta property=\"og:image:height\" content=\"271\" \/>\n\t<meta property=\"og:image:type\" content=\"image\/png\" \/>\n<meta name=\"author\" content=\"Jean Pierre BAWELA\" \/>\n<meta name=\"twitter:card\" content=\"summary_large_image\" \/>\n<meta name=\"twitter:label1\" content=\"\u00c9crit par\" \/>\n\t<meta name=\"twitter:data1\" content=\"Jean Pierre BAWELA\" \/>\n\t<meta name=\"twitter:label2\" content=\"Dur\u00e9e de lecture estim\u00e9e\" \/>\n\t<meta name=\"twitter:data2\" content=\"2 minutes\" \/>\n<script type=\"application\/ld+json\" class=\"yoast-schema-graph\">{\"@context\":\"https:\\\/\\\/schema.org\",\"@graph\":[{\"@type\":\"Article\",\"@id\":\"https:\\\/\\\/macite.tg\\\/?p=19546#article\",\"isPartOf\":{\"@id\":\"https:\\\/\\\/macite.tg\\\/?p=19546\"},\"author\":{\"name\":\"Jean Pierre BAWELA\",\"@id\":\"https:\\\/\\\/macite.tg\\\/#\\\/schema\\\/person\\\/e9f2de7e5dbbe7770a9402c7ce82f5c2\"},\"headline\":\"POUVOIR CENTRAL : De nouveaux pr\u00e9fets pour une meilleure repr\u00e9sentation\",\"datePublished\":\"2025-01-23T10:34:05+00:00\",\"dateModified\":\"2025-01-23T10:38:44+00:00\",\"mainEntityOfPage\":{\"@id\":\"https:\\\/\\\/macite.tg\\\/?p=19546\"},\"wordCount\":241,\"commentCount\":0,\"image\":{\"@id\":\"https:\\\/\\\/macite.tg\\\/?p=19546#primaryimage\"},\"thumbnailUrl\":\"https:\\\/\\\/macite.tg\\\/wp-content\\\/uploads\\\/2025\\\/01\\\/image-77.png\",\"articleSection\":[\"ACTUALITE\",\"POLITIQUE\"],\"inLanguage\":\"fr-FR\",\"potentialAction\":[{\"@type\":\"CommentAction\",\"name\":\"Comment\",\"target\":[\"https:\\\/\\\/macite.tg\\\/?p=19546#respond\"]}]},{\"@type\":\"WebPage\",\"@id\":\"https:\\\/\\\/macite.tg\\\/?p=19546\",\"url\":\"https:\\\/\\\/macite.tg\\\/?p=19546\",\"name\":\"POUVOIR CENTRAL : De nouveaux pr\u00e9fets pour une meilleure repr\u00e9sentation -\",\"isPartOf\":{\"@id\":\"https:\\\/\\\/macite.tg\\\/#website\"},\"primaryImageOfPage\":{\"@id\":\"https:\\\/\\\/macite.tg\\\/?p=19546#primaryimage\"},\"image\":{\"@id\":\"https:\\\/\\\/macite.tg\\\/?p=19546#primaryimage\"},\"thumbnailUrl\":\"https:\\\/\\\/macite.tg\\\/wp-content\\\/uploads\\\/2025\\\/01\\\/image-77.png\",\"datePublished\":\"2025-01-23T10:34:05+00:00\",\"dateModified\":\"2025-01-23T10:38:44+00:00\",\"author\":{\"@id\":\"https:\\\/\\\/macite.tg\\\/#\\\/schema\\\/person\\\/e9f2de7e5dbbe7770a9402c7ce82f5c2\"},\"breadcrumb\":{\"@id\":\"https:\\\/\\\/macite.tg\\\/?p=19546#breadcrumb\"},\"inLanguage\":\"fr-FR\",\"potentialAction\":[{\"@type\":\"ReadAction\",\"target\":[\"https:\\\/\\\/macite.tg\\\/?p=19546\"]}]},{\"@type\":\"ImageObject\",\"inLanguage\":\"fr-FR\",\"@id\":\"https:\\\/\\\/macite.tg\\\/?p=19546#primaryimage\",\"url\":\"https:\\\/\\\/macite.tg\\\/wp-content\\\/uploads\\\/2025\\\/01\\\/image-77.png\",\"contentUrl\":\"https:\\\/\\\/macite.tg\\\/wp-content\\\/uploads\\\/2025\\\/01\\\/image-77.png\",\"width\":405,\"height\":271,\"caption\":\"Le Chef de l'Etat faure Gnassingb\u00e9\"},{\"@type\":\"BreadcrumbList\",\"@id\":\"https:\\\/\\\/macite.tg\\\/?p=19546#breadcrumb\",\"itemListElement\":[{\"@type\":\"ListItem\",\"position\":1,\"name\":\"Accueil\",\"item\":\"https:\\\/\\\/macite.tg\\\/\"},{\"@type\":\"ListItem\",\"position\":2,\"name\":\"POUVOIR CENTRAL : De nouveaux pr\u00e9fets pour une meilleure repr\u00e9sentation\"}]},{\"@type\":\"WebSite\",\"@id\":\"https:\\\/\\\/macite.tg\\\/#website\",\"url\":\"https:\\\/\\\/macite.tg\\\/\",\"name\":\"\",\"description\":\"L&#039;information, la bonne!!!\",\"potentialAction\":[{\"@type\":\"SearchAction\",\"target\":{\"@type\":\"EntryPoint\",\"urlTemplate\":\"https:\\\/\\\/macite.tg\\\/?s={search_term_string}\"},\"query-input\":{\"@type\":\"PropertyValueSpecification\",\"valueRequired\":true,\"valueName\":\"search_term_string\"}}],\"inLanguage\":\"fr-FR\"},{\"@type\":\"Person\",\"@id\":\"https:\\\/\\\/macite.tg\\\/#\\\/schema\\\/person\\\/e9f2de7e5dbbe7770a9402c7ce82f5c2\",\"name\":\"Jean Pierre BAWELA\",\"image\":{\"@type\":\"ImageObject\",\"inLanguage\":\"fr-FR\",\"@id\":\"https:\\\/\\\/macite.tg\\\/wp-content\\\/uploads\\\/2023\\\/09\\\/WhatsApp-Image-2023-09-19-at-14.44.41-122x122.jpeg\",\"url\":\"https:\\\/\\\/macite.tg\\\/wp-content\\\/uploads\\\/2023\\\/09\\\/WhatsApp-Image-2023-09-19-at-14.44.41-122x122.jpeg\",\"contentUrl\":\"https:\\\/\\\/macite.tg\\\/wp-content\\\/uploads\\\/2023\\\/09\\\/WhatsApp-Image-2023-09-19-at-14.44.41-122x122.jpeg\",\"caption\":\"Jean Pierre BAWELA\"},\"url\":\"https:\\\/\\\/macite.tg\\\/?author=2\"}]}<\/script>\n<!-- \/ Yoast SEO plugin. -->","yoast_head_json":{"title":"POUVOIR CENTRAL : De nouveaux pr\u00e9fets pour une meilleure repr\u00e9sentation -","robots":{"index":"index","follow":"follow","max-snippet":"max-snippet:-1","max-image-preview":"max-image-preview:large","max-video-preview":"max-video-preview:-1"},"canonical":"https:\/\/macite.tg\/?p=19546","og_locale":"fr_FR","og_type":"article","og_title":"POUVOIR CENTRAL : De nouveaux pr\u00e9fets pour une meilleure repr\u00e9sentation -","og_description":"Le Pr\u00e9sident de la R\u00e9publique, Faure Essozimna Gnassingb\u00e9 a proc\u00e9d\u00e9, hier mercredi \u00e0 la nomination de plusieurs repr\u00e9sentants du pouvoir central au niveau pr\u00e9fectoral. Ces nouveaux pr\u00e9fets connu ou sorti de l\u2019ombre, vise, selon tout vraisemblance, \u00e0 assurer une meilleure repr\u00e9sentation de l\u2019autorit\u00e9 centrale. Selon [&hellip;]","og_url":"https:\/\/macite.tg\/?p=19546","article_published_time":"2025-01-23T10:34:05+00:00","article_modified_time":"2025-01-23T10:38:44+00:00","og_image":[{"width":405,"height":271,"url":"https:\/\/macite.tg\/wp-content\/uploads\/2025\/01\/image-77.png","type":"image\/png"}],"author":"Jean Pierre BAWELA","twitter_card":"summary_large_image","twitter_misc":{"\u00c9crit par":"Jean Pierre BAWELA","Dur\u00e9e de lecture estim\u00e9e":"2 minutes"},"schema":{"@context":"https:\/\/schema.org","@graph":[{"@type":"Article","@id":"https:\/\/macite.tg\/?p=19546#article","isPartOf":{"@id":"https:\/\/macite.tg\/?p=19546"},"author":{"name":"Jean Pierre BAWELA","@id":"https:\/\/macite.tg\/#\/schema\/person\/e9f2de7e5dbbe7770a9402c7ce82f5c2"},"headline":"POUVOIR CENTRAL : De nouveaux pr\u00e9fets pour une meilleure repr\u00e9sentation","datePublished":"2025-01-23T10:34:05+00:00","dateModified":"2025-01-23T10:38:44+00:00","mainEntityOfPage":{"@id":"https:\/\/macite.tg\/?p=19546"},"wordCount":241,"commentCount":0,"image":{"@id":"https:\/\/macite.tg\/?p=19546#primaryimage"},"thumbnailUrl":"https:\/\/macite.tg\/wp-content\/uploads\/2025\/01\/image-77.png","articleSection":["ACTUALITE","POLITIQUE"],"inLanguage":"fr-FR","potentialAction":[{"@type":"CommentAction","name":"Comment","target":["https:\/\/macite.tg\/?p=19546#respond"]}]},{"@type":"WebPage","@id":"https:\/\/macite.tg\/?p=19546","url":"https:\/\/macite.tg\/?p=19546","name":"POUVOIR CENTRAL : De nouveaux pr\u00e9fets pour une meilleure repr\u00e9sentation -","isPartOf":{"@id":"https:\/\/macite.tg\/#website"},"primaryImageOfPage":{"@id":"https:\/\/macite.tg\/?p=19546#primaryimage"},"image":{"@id":"https:\/\/macite.tg\/?p=19546#primaryimage"},"thumbnailUrl":"https:\/\/macite.tg\/wp-content\/uploads\/2025\/01\/image-77.png","datePublished":"2025-01-23T10:34:05+00:00","dateModified":"2025-01-23T10:38:44+00:00","author":{"@id":"https:\/\/macite.tg\/#\/schema\/person\/e9f2de7e5dbbe7770a9402c7ce82f5c2"},"breadcrumb":{"@id":"https:\/\/macite.tg\/?p=19546#breadcrumb"},"inLanguage":"fr-FR","potentialAction":[{"@type":"ReadAction","target":["https:\/\/macite.tg\/?p=19546"]}]},{"@type":"ImageObject","inLanguage":"fr-FR","@id":"https:\/\/macite.tg\/?p=19546#primaryimage","url":"https:\/\/macite.tg\/wp-content\/uploads\/2025\/01\/image-77.png","contentUrl":"https:\/\/macite.tg\/wp-content\/uploads\/2025\/01\/image-77.png","width":405,"height":271,"caption":"Le Chef de l'Etat faure Gnassingb\u00e9"},{"@type":"BreadcrumbList","@id":"https:\/\/macite.tg\/?p=19546#breadcrumb","itemListElement":[{"@type":"ListItem","position":1,"name":"Accueil","item":"https:\/\/macite.tg\/"},{"@type":"ListItem","position":2,"name":"POUVOIR CENTRAL : De nouveaux pr\u00e9fets pour une meilleure repr\u00e9sentation"}]},{"@type":"WebSite","@id":"https:\/\/macite.tg\/#website","url":"https:\/\/macite.tg\/","name":"","description":"L&#039;information, la bonne!!!","potentialAction":[{"@type":"SearchAction","target":{"@type":"EntryPoint","urlTemplate":"https:\/\/macite.tg\/?s={search_term_string}"},"query-input":{"@type":"PropertyValueSpecification","valueRequired":true,"valueName":"search_term_string"}}],"inLanguage":"fr-FR"},{"@type":"Person","@id":"https:\/\/macite.tg\/#\/schema\/person\/e9f2de7e5dbbe7770a9402c7ce82f5c2","name":"Jean Pierre BAWELA","image":{"@type":"ImageObject","inLanguage":"fr-FR","@id":"https:\/\/macite.tg\/wp-content\/uploads\/2023\/09\/WhatsApp-Image-2023-09-19-at-14.44.41-122x122.jpeg","url":"https:\/\/macite.tg\/wp-content\/uploads\/2023\/09\/WhatsApp-Image-2023-09-19-at-14.44.41-122x122.jpeg","contentUrl":"https:\/\/macite.tg\/wp-content\/uploads\/2023\/09\/WhatsApp-Image-2023-09-19-at-14.44.41-122x122.jpeg","caption":"Jean Pierre BAWELA"},"url":"https:\/\/macite.tg\/?author=2"}]}},"_links":{"self":[{"href":"https:\/\/macite.tg\/index.php?rest_route=\/wp\/v2\/posts\/19546","targetHints":{"allow":["GET"]}}],"collection":[{"href":"https:\/\/macite.tg\/index.php?rest_route=\/wp\/v2\/posts"}],"about":[{"href":"https:\/\/macite.tg\/index.php?rest_route=\/wp\/v2\/types\/post"}],"author":[{"embeddable":true,"href":"https:\/\/macite.tg\/index.php?rest_route=\/wp\/v2\/users\/2"}],"replies":[{"embeddable":true,"href":"https:\/\/macite.tg\/index.php?rest_route=%2Fwp%2Fv2%2Fcomments&post=19546"}],"version-history":[{"count":0,"href":"https:\/\/macite.tg\/index.php?rest_route=\/wp\/v2\/posts\/19546\/revisions"}],"wp:featuredmedia":[{"embeddable":true,"href":"https:\/\/macite.tg\/index.php?rest_route=\/wp\/v2\/media\/19551"}],"wp:attachment":[{"href":"https:\/\/macite.tg\/index.php?rest_route=%2Fwp%2Fv2%2Fmedia&parent=19546"}],"wp:term":[{"taxonomy":"category","embeddable":true,"href":"https:\/\/macite.tg\/index.php?rest_route=%2Fwp%2Fv2%2Fcategories&post=19546"},{"taxonomy":"post_tag","embeddable":true,"href":"https:\/\/macite.tg\/index.php?rest_route=%2Fwp%2Fv2%2Ftags&post=19546"}],"curies":[{"name":"wp","href":"https:\/\/api.w.org\/{rel}","templated":true}]}}