{"id":19541,"date":"2025-01-22T18:37:05","date_gmt":"2025-01-22T18:37:05","guid":{"rendered":"https:\/\/macite.tg\/?p=19541"},"modified":"2025-01-22T18:37:18","modified_gmt":"2025-01-22T18:37:18","slug":"collecte-des-dechets-menagers-la-coree-du-sud-apporte-un-soutien-logistique-a-plusieurs-communes","status":"publish","type":"post","link":"https:\/\/macite.tg\/?p=19541","title":{"rendered":"COLLECTE DES DECHETS MENAGERS : La Cor\u00e9e du Sud apporte un soutien logistique \u00e0 plusieurs communes"},"content":{"rendered":"\n<p class=\"wp-block-paragraph\"><strong><em>Plusieurs communes du Togo, notamment Lacs 1, Ago\u00e8-Nyiv\u00e9 1 et Ago\u00e8-Nyiv\u00e9 2, vont d\u00e9sormais am\u00e9liorer leur syst\u00e8me de collecte et de traitement de d\u00e9chets. En effet, ces trois communes ont b\u00e9n\u00e9fici\u00e9, en fin de semaine derni\u00e8re, d\u2019un nouvel appui logistique de la R\u00e9publique de Cor\u00e9e du Sud.<\/em><\/strong><\/p>\n\n\n\n<p class=\"wp-block-paragraph\">Apr\u00e8s le don, il y a quelques mois, d\u2019\u00e9quipements informatiques aux trois communes (Lac1, Ago\u00e8-Nyiv\u00e91 et Ago\u00e8-Nyiv\u00e92), ces derni\u00e8res viennent de b\u00e9n\u00e9ficier d\u2019un autre don. Il s\u2019agit de mat\u00e9riels roulants, notamment des camions-poubelles, qui devraient aider \u00e0 am\u00e9liorer la gestion des d\u00e9chets dans ces communes.<\/p>\n\n\n<div class=\"wp-block-image\">\n<figure class=\"aligncenter size-full is-resized\"><img loading=\"lazy\" decoding=\"async\" width=\"690\" height=\"170\" src=\"https:\/\/macite.tg\/wp-content\/uploads\/2025\/01\/IMG-20240313-WA0013-1.jpg\" alt=\"\" class=\"wp-image-19485\" style=\"width:840px;height:auto\" srcset=\"https:\/\/macite.tg\/wp-content\/uploads\/2025\/01\/IMG-20240313-WA0013-1.jpg 690w, https:\/\/macite.tg\/wp-content\/uploads\/2025\/01\/IMG-20240313-WA0013-1-300x74.jpg 300w\" sizes=\"auto, (max-width: 690px) 100vw, 690px\" \/><\/figure>\n<\/div>\n\n\n<p class=\"wp-block-paragraph\">Estim\u00e9 \u00e0 quelque 237 millions FCFA, ces mat\u00e9riels roulants devront contribuer non seulement \u00e0 am\u00e9liorer la gestion des d\u00e9chets dans ces communes, mais aussi aider \u00e0 la pr\u00e9servation de l\u2019environnement.<\/p>\n\n\n\n<p class=\"wp-block-paragraph\">Notons que ce mat\u00e9riel a \u00e9t\u00e9 remis au cours d\u2019une c\u00e9r\u00e9monie \u00e0 Lom\u00e9 entre le minist\u00e8re des Affaires \u00e9trang\u00e8res et l\u2019Ambassade de la Cor\u00e9e du Sud au Togo.<\/p>\n\n\n<div class=\"wp-block-image\">\n<figure class=\"aligncenter size-large is-resized\"><img loading=\"lazy\" decoding=\"async\" width=\"717\" height=\"1024\" src=\"https:\/\/macite.tg\/wp-content\/uploads\/2025\/01\/OTR_Vente-aux-enchere-28-janvier-717x1024.jpg\" alt=\"\" class=\"wp-image-19525\" style=\"width:487px;height:auto\" srcset=\"https:\/\/macite.tg\/wp-content\/uploads\/2025\/01\/OTR_Vente-aux-enchere-28-janvier-717x1024.jpg 717w, https:\/\/macite.tg\/wp-content\/uploads\/2025\/01\/OTR_Vente-aux-enchere-28-janvier-210x300.jpg 210w, https:\/\/macite.tg\/wp-content\/uploads\/2025\/01\/OTR_Vente-aux-enchere-28-janvier-768x1097.jpg 768w, https:\/\/macite.tg\/wp-content\/uploads\/2025\/01\/OTR_Vente-aux-enchere-28-janvier-1075x1536.jpg 1075w, https:\/\/macite.tg\/wp-content\/uploads\/2025\/01\/OTR_Vente-aux-enchere-28-janvier.jpg 1120w\" sizes=\"auto, (max-width: 717px) 100vw, 717px\" \/><\/figure>\n<\/div>\n\n\n<p class=\"wp-block-paragraph\">Rappelons que le Togo et le \u2018\u2019Pays du matin calme\u2019\u2019 entretiennent des liens s\u00e9culaires de coop\u00e9ration. D\u2019ailleurs, les dirigeants des deux pays avaient, en marge du premier Sommet Cor\u00e9e-Afrique, r\u00e9affirm\u00e9 leur volont\u00e9 de renforcer le partenariat entre leurs deux pays, ceci dans plusieurs domaines cl\u00e9s tels que l\u2019agriculture, l\u2019\u00e9ducation, les \u00e9nergies renouvelables, la sant\u00e9, les TICs, entre autres.<\/p>\n\n\n\n<p class=\"wp-block-paragraph\"><strong>JPB<\/strong><\/p>\n\n\n\n<p class=\"wp-block-paragraph\"><a><strong><em>@macite.tg&nbsp;&nbsp;&nbsp;&nbsp;&nbsp;&nbsp;&nbsp;&nbsp;<\/em><\/strong><\/a><\/p>\n\n\n\n<p class=\"wp-block-paragraph\"><strong><em>E-mail&nbsp;: <\/em><\/strong><a href=\"mailto:maciteinfo@gmail.com\"><strong><em>maciteinfo@gmail.com<\/em><\/strong><\/a><strong><em>; <\/em><\/strong><a href=\"mailto:bawela1@gmail.com\"><strong><em>bawela1@gmail.com<\/em><\/strong><\/a><strong><em><\/em><\/strong><\/p>\n\n\n\n<p class=\"wp-block-paragraph\"><strong><em>Pour vos annonces, (publi)reportages, etc., joignez-nous au (00228)91515309\/<strong>79872224 <\/strong>www.macite.tg, L\u2019information, la bonne&nbsp;!<\/em><\/strong><\/p>\n","protected":false},"excerpt":{"rendered":"<p class=\"text-justify mb-2\" >Plusieurs communes du Togo, notamment Lacs 1, Ago\u00e8-Nyiv\u00e9 1 et Ago\u00e8-Nyiv\u00e9 2, vont d\u00e9sormais am\u00e9liorer leur syst\u00e8me de collecte et de traitement de d\u00e9chets. En effet, ces trois communes ont b\u00e9n\u00e9fici\u00e9, en fin de semaine derni\u00e8re, d\u2019un nouvel appui logistique de la R\u00e9publique de Cor\u00e9e [&hellip;]<\/p>\n","protected":false},"author":2,"featured_media":19542,"comment_status":"open","ping_status":"open","sticky":false,"template":"","format":"standard","meta":{"footnotes":""},"categories":[20,15],"tags":[],"class_list":["post-19541","post","type-post","status-publish","format-standard","has-post-thumbnail","hentry","category-actualite","category-developpement"],"yoast_head":"<!-- This site is optimized with the Yoast SEO plugin v28.4 - https:\/\/yoast.com\/product\/yoast-seo-wordpress\/ -->\n<title>COLLECTE DES DECHETS MENAGERS : La Cor\u00e9e du Sud apporte un soutien logistique \u00e0 plusieurs communes -<\/title>\n<meta name=\"robots\" content=\"index, follow, max-snippet:-1, max-image-preview:large, max-video-preview:-1\" \/>\n<link rel=\"canonical\" href=\"https:\/\/macite.tg\/?p=19541\" \/>\n<meta property=\"og:locale\" content=\"fr_FR\" \/>\n<meta property=\"og:type\" content=\"article\" \/>\n<meta property=\"og:title\" content=\"COLLECTE DES DECHETS MENAGERS : La Cor\u00e9e du Sud apporte un soutien logistique \u00e0 plusieurs communes -\" \/>\n<meta property=\"og:description\" content=\"Plusieurs communes du Togo, notamment Lacs 1, Ago\u00e8-Nyiv\u00e9 1 et Ago\u00e8-Nyiv\u00e9 2, vont d\u00e9sormais am\u00e9liorer leur syst\u00e8me de collecte et de traitement de d\u00e9chets. En effet, ces trois communes ont b\u00e9n\u00e9fici\u00e9, en fin de semaine derni\u00e8re, d\u2019un nouvel appui logistique de la R\u00e9publique de Cor\u00e9e [&hellip;]\" \/>\n<meta property=\"og:url\" content=\"https:\/\/macite.tg\/?p=19541\" \/>\n<meta property=\"article:published_time\" content=\"2025-01-22T18:37:05+00:00\" \/>\n<meta property=\"article:modified_time\" content=\"2025-01-22T18:37:18+00:00\" \/>\n<meta property=\"og:image\" content=\"https:\/\/macite.tg\/wp-content\/uploads\/2025\/01\/Dechet.jpg\" \/>\n\t<meta property=\"og:image:width\" content=\"500\" \/>\n\t<meta property=\"og:image:height\" content=\"281\" \/>\n\t<meta property=\"og:image:type\" content=\"image\/jpeg\" \/>\n<meta name=\"author\" content=\"Jean Pierre BAWELA\" \/>\n<meta name=\"twitter:card\" content=\"summary_large_image\" \/>\n<meta name=\"twitter:label1\" content=\"\u00c9crit par\" \/>\n\t<meta name=\"twitter:data1\" content=\"Jean Pierre BAWELA\" \/>\n\t<meta name=\"twitter:label2\" content=\"Dur\u00e9e de lecture estim\u00e9e\" \/>\n\t<meta name=\"twitter:data2\" content=\"2 minutes\" \/>\n<script type=\"application\/ld+json\" class=\"yoast-schema-graph\">{\"@context\":\"https:\\\/\\\/schema.org\",\"@graph\":[{\"@type\":\"Article\",\"@id\":\"https:\\\/\\\/macite.tg\\\/?p=19541#article\",\"isPartOf\":{\"@id\":\"https:\\\/\\\/macite.tg\\\/?p=19541\"},\"author\":{\"name\":\"Jean Pierre BAWELA\",\"@id\":\"https:\\\/\\\/macite.tg\\\/#\\\/schema\\\/person\\\/e9f2de7e5dbbe7770a9402c7ce82f5c2\"},\"headline\":\"COLLECTE DES DECHETS MENAGERS : La Cor\u00e9e du Sud apporte un soutien logistique \u00e0 plusieurs communes\",\"datePublished\":\"2025-01-22T18:37:05+00:00\",\"dateModified\":\"2025-01-22T18:37:18+00:00\",\"mainEntityOfPage\":{\"@id\":\"https:\\\/\\\/macite.tg\\\/?p=19541\"},\"wordCount\":294,\"commentCount\":1,\"image\":{\"@id\":\"https:\\\/\\\/macite.tg\\\/?p=19541#primaryimage\"},\"thumbnailUrl\":\"https:\\\/\\\/macite.tg\\\/wp-content\\\/uploads\\\/2025\\\/01\\\/Dechet.jpg\",\"articleSection\":[\"ACTUALITE\",\"DEVELOPPEMENT\"],\"inLanguage\":\"fr-FR\",\"potentialAction\":[{\"@type\":\"CommentAction\",\"name\":\"Comment\",\"target\":[\"https:\\\/\\\/macite.tg\\\/?p=19541#respond\"]}]},{\"@type\":\"WebPage\",\"@id\":\"https:\\\/\\\/macite.tg\\\/?p=19541\",\"url\":\"https:\\\/\\\/macite.tg\\\/?p=19541\",\"name\":\"COLLECTE DES DECHETS MENAGERS : La Cor\u00e9e du Sud apporte un soutien logistique \u00e0 plusieurs communes -\",\"isPartOf\":{\"@id\":\"https:\\\/\\\/macite.tg\\\/#website\"},\"primaryImageOfPage\":{\"@id\":\"https:\\\/\\\/macite.tg\\\/?p=19541#primaryimage\"},\"image\":{\"@id\":\"https:\\\/\\\/macite.tg\\\/?p=19541#primaryimage\"},\"thumbnailUrl\":\"https:\\\/\\\/macite.tg\\\/wp-content\\\/uploads\\\/2025\\\/01\\\/Dechet.jpg\",\"datePublished\":\"2025-01-22T18:37:05+00:00\",\"dateModified\":\"2025-01-22T18:37:18+00:00\",\"author\":{\"@id\":\"https:\\\/\\\/macite.tg\\\/#\\\/schema\\\/person\\\/e9f2de7e5dbbe7770a9402c7ce82f5c2\"},\"breadcrumb\":{\"@id\":\"https:\\\/\\\/macite.tg\\\/?p=19541#breadcrumb\"},\"inLanguage\":\"fr-FR\",\"potentialAction\":[{\"@type\":\"ReadAction\",\"target\":[\"https:\\\/\\\/macite.tg\\\/?p=19541\"]}]},{\"@type\":\"ImageObject\",\"inLanguage\":\"fr-FR\",\"@id\":\"https:\\\/\\\/macite.tg\\\/?p=19541#primaryimage\",\"url\":\"https:\\\/\\\/macite.tg\\\/wp-content\\\/uploads\\\/2025\\\/01\\\/Dechet.jpg\",\"contentUrl\":\"https:\\\/\\\/macite.tg\\\/wp-content\\\/uploads\\\/2025\\\/01\\\/Dechet.jpg\",\"width\":500,\"height\":281},{\"@type\":\"BreadcrumbList\",\"@id\":\"https:\\\/\\\/macite.tg\\\/?p=19541#breadcrumb\",\"itemListElement\":[{\"@type\":\"ListItem\",\"position\":1,\"name\":\"Accueil\",\"item\":\"https:\\\/\\\/macite.tg\\\/\"},{\"@type\":\"ListItem\",\"position\":2,\"name\":\"COLLECTE DES DECHETS MENAGERS : La Cor\u00e9e du Sud apporte un soutien logistique \u00e0 plusieurs communes\"}]},{\"@type\":\"WebSite\",\"@id\":\"https:\\\/\\\/macite.tg\\\/#website\",\"url\":\"https:\\\/\\\/macite.tg\\\/\",\"name\":\"\",\"description\":\"L&#039;information, la bonne!!!\",\"potentialAction\":[{\"@type\":\"SearchAction\",\"target\":{\"@type\":\"EntryPoint\",\"urlTemplate\":\"https:\\\/\\\/macite.tg\\\/?s={search_term_string}\"},\"query-input\":{\"@type\":\"PropertyValueSpecification\",\"valueRequired\":true,\"valueName\":\"search_term_string\"}}],\"inLanguage\":\"fr-FR\"},{\"@type\":\"Person\",\"@id\":\"https:\\\/\\\/macite.tg\\\/#\\\/schema\\\/person\\\/e9f2de7e5dbbe7770a9402c7ce82f5c2\",\"name\":\"Jean Pierre BAWELA\",\"image\":{\"@type\":\"ImageObject\",\"inLanguage\":\"fr-FR\",\"@id\":\"https:\\\/\\\/macite.tg\\\/wp-content\\\/uploads\\\/2023\\\/09\\\/WhatsApp-Image-2023-09-19-at-14.44.41-122x122.jpeg\",\"url\":\"https:\\\/\\\/macite.tg\\\/wp-content\\\/uploads\\\/2023\\\/09\\\/WhatsApp-Image-2023-09-19-at-14.44.41-122x122.jpeg\",\"contentUrl\":\"https:\\\/\\\/macite.tg\\\/wp-content\\\/uploads\\\/2023\\\/09\\\/WhatsApp-Image-2023-09-19-at-14.44.41-122x122.jpeg\",\"caption\":\"Jean Pierre BAWELA\"},\"url\":\"https:\\\/\\\/macite.tg\\\/?author=2\"}]}<\/script>\n<!-- \/ Yoast SEO plugin. -->","yoast_head_json":{"title":"COLLECTE DES DECHETS MENAGERS : La Cor\u00e9e du Sud apporte un soutien logistique \u00e0 plusieurs communes -","robots":{"index":"index","follow":"follow","max-snippet":"max-snippet:-1","max-image-preview":"max-image-preview:large","max-video-preview":"max-video-preview:-1"},"canonical":"https:\/\/macite.tg\/?p=19541","og_locale":"fr_FR","og_type":"article","og_title":"COLLECTE DES DECHETS MENAGERS : La Cor\u00e9e du Sud apporte un soutien logistique \u00e0 plusieurs communes -","og_description":"Plusieurs communes du Togo, notamment Lacs 1, Ago\u00e8-Nyiv\u00e9 1 et Ago\u00e8-Nyiv\u00e9 2, vont d\u00e9sormais am\u00e9liorer leur syst\u00e8me de collecte et de traitement de d\u00e9chets. En effet, ces trois communes ont b\u00e9n\u00e9fici\u00e9, en fin de semaine derni\u00e8re, d\u2019un nouvel appui logistique de la R\u00e9publique de Cor\u00e9e [&hellip;]","og_url":"https:\/\/macite.tg\/?p=19541","article_published_time":"2025-01-22T18:37:05+00:00","article_modified_time":"2025-01-22T18:37:18+00:00","og_image":[{"width":500,"height":281,"url":"https:\/\/macite.tg\/wp-content\/uploads\/2025\/01\/Dechet.jpg","type":"image\/jpeg"}],"author":"Jean Pierre BAWELA","twitter_card":"summary_large_image","twitter_misc":{"\u00c9crit par":"Jean Pierre BAWELA","Dur\u00e9e de lecture estim\u00e9e":"2 minutes"},"schema":{"@context":"https:\/\/schema.org","@graph":[{"@type":"Article","@id":"https:\/\/macite.tg\/?p=19541#article","isPartOf":{"@id":"https:\/\/macite.tg\/?p=19541"},"author":{"name":"Jean Pierre BAWELA","@id":"https:\/\/macite.tg\/#\/schema\/person\/e9f2de7e5dbbe7770a9402c7ce82f5c2"},"headline":"COLLECTE DES DECHETS MENAGERS : La Cor\u00e9e du Sud apporte un soutien logistique \u00e0 plusieurs communes","datePublished":"2025-01-22T18:37:05+00:00","dateModified":"2025-01-22T18:37:18+00:00","mainEntityOfPage":{"@id":"https:\/\/macite.tg\/?p=19541"},"wordCount":294,"commentCount":1,"image":{"@id":"https:\/\/macite.tg\/?p=19541#primaryimage"},"thumbnailUrl":"https:\/\/macite.tg\/wp-content\/uploads\/2025\/01\/Dechet.jpg","articleSection":["ACTUALITE","DEVELOPPEMENT"],"inLanguage":"fr-FR","potentialAction":[{"@type":"CommentAction","name":"Comment","target":["https:\/\/macite.tg\/?p=19541#respond"]}]},{"@type":"WebPage","@id":"https:\/\/macite.tg\/?p=19541","url":"https:\/\/macite.tg\/?p=19541","name":"COLLECTE DES DECHETS MENAGERS : La Cor\u00e9e du Sud apporte un soutien logistique \u00e0 plusieurs communes -","isPartOf":{"@id":"https:\/\/macite.tg\/#website"},"primaryImageOfPage":{"@id":"https:\/\/macite.tg\/?p=19541#primaryimage"},"image":{"@id":"https:\/\/macite.tg\/?p=19541#primaryimage"},"thumbnailUrl":"https:\/\/macite.tg\/wp-content\/uploads\/2025\/01\/Dechet.jpg","datePublished":"2025-01-22T18:37:05+00:00","dateModified":"2025-01-22T18:37:18+00:00","author":{"@id":"https:\/\/macite.tg\/#\/schema\/person\/e9f2de7e5dbbe7770a9402c7ce82f5c2"},"breadcrumb":{"@id":"https:\/\/macite.tg\/?p=19541#breadcrumb"},"inLanguage":"fr-FR","potentialAction":[{"@type":"ReadAction","target":["https:\/\/macite.tg\/?p=19541"]}]},{"@type":"ImageObject","inLanguage":"fr-FR","@id":"https:\/\/macite.tg\/?p=19541#primaryimage","url":"https:\/\/macite.tg\/wp-content\/uploads\/2025\/01\/Dechet.jpg","contentUrl":"https:\/\/macite.tg\/wp-content\/uploads\/2025\/01\/Dechet.jpg","width":500,"height":281},{"@type":"BreadcrumbList","@id":"https:\/\/macite.tg\/?p=19541#breadcrumb","itemListElement":[{"@type":"ListItem","position":1,"name":"Accueil","item":"https:\/\/macite.tg\/"},{"@type":"ListItem","position":2,"name":"COLLECTE DES DECHETS MENAGERS : La Cor\u00e9e du Sud apporte un soutien logistique \u00e0 plusieurs communes"}]},{"@type":"WebSite","@id":"https:\/\/macite.tg\/#website","url":"https:\/\/macite.tg\/","name":"","description":"L&#039;information, la bonne!!!","potentialAction":[{"@type":"SearchAction","target":{"@type":"EntryPoint","urlTemplate":"https:\/\/macite.tg\/?s={search_term_string}"},"query-input":{"@type":"PropertyValueSpecification","valueRequired":true,"valueName":"search_term_string"}}],"inLanguage":"fr-FR"},{"@type":"Person","@id":"https:\/\/macite.tg\/#\/schema\/person\/e9f2de7e5dbbe7770a9402c7ce82f5c2","name":"Jean Pierre BAWELA","image":{"@type":"ImageObject","inLanguage":"fr-FR","@id":"https:\/\/macite.tg\/wp-content\/uploads\/2023\/09\/WhatsApp-Image-2023-09-19-at-14.44.41-122x122.jpeg","url":"https:\/\/macite.tg\/wp-content\/uploads\/2023\/09\/WhatsApp-Image-2023-09-19-at-14.44.41-122x122.jpeg","contentUrl":"https:\/\/macite.tg\/wp-content\/uploads\/2023\/09\/WhatsApp-Image-2023-09-19-at-14.44.41-122x122.jpeg","caption":"Jean Pierre BAWELA"},"url":"https:\/\/macite.tg\/?author=2"}]}},"_links":{"self":[{"href":"https:\/\/macite.tg\/index.php?rest_route=\/wp\/v2\/posts\/19541","targetHints":{"allow":["GET"]}}],"collection":[{"href":"https:\/\/macite.tg\/index.php?rest_route=\/wp\/v2\/posts"}],"about":[{"href":"https:\/\/macite.tg\/index.php?rest_route=\/wp\/v2\/types\/post"}],"author":[{"embeddable":true,"href":"https:\/\/macite.tg\/index.php?rest_route=\/wp\/v2\/users\/2"}],"replies":[{"embeddable":true,"href":"https:\/\/macite.tg\/index.php?rest_route=%2Fwp%2Fv2%2Fcomments&post=19541"}],"version-history":[{"count":0,"href":"https:\/\/macite.tg\/index.php?rest_route=\/wp\/v2\/posts\/19541\/revisions"}],"wp:featuredmedia":[{"embeddable":true,"href":"https:\/\/macite.tg\/index.php?rest_route=\/wp\/v2\/media\/19542"}],"wp:attachment":[{"href":"https:\/\/macite.tg\/index.php?rest_route=%2Fwp%2Fv2%2Fmedia&parent=19541"}],"wp:term":[{"taxonomy":"category","embeddable":true,"href":"https:\/\/macite.tg\/index.php?rest_route=%2Fwp%2Fv2%2Fcategories&post=19541"},{"taxonomy":"post_tag","embeddable":true,"href":"https:\/\/macite.tg\/index.php?rest_route=%2Fwp%2Fv2%2Ftags&post=19541"}],"curies":[{"name":"wp","href":"https:\/\/api.w.org\/{rel}","templated":true}]}}