{"id":19538,"date":"2025-01-22T18:28:25","date_gmt":"2025-01-22T18:28:25","guid":{"rendered":"https:\/\/macite.tg\/?p=19538"},"modified":"2025-01-22T18:28:36","modified_gmt":"2025-01-22T18:28:36","slug":"sahara-marocain-le-liberia-reaffirme-son-soutien-constant-en-faveur-de-lintegrite-et-de-la-souverainete-du-royaume-sur-lensemble-de-son-territoire","status":"publish","type":"post","link":"https:\/\/macite.tg\/?p=19538","title":{"rendered":"SAHARA MAROCAIN\u00a0: Le Lib\u00e9ria r\u00e9affirme son soutien constant en faveur de \u00ab\u00a0l\u2019int\u00e9grit\u00e9 et de la souverainet\u00e9 du Royaume sur l\u2019ensemble de son territoire\u00a0\u00bb"},"content":{"rendered":"\n<p class=\"wp-block-paragraph\"><strong><em>Le vendredi 17 janvier 1025 \u00e0 La\u00e2youne, la R\u00e9publique du Lib\u00e9ria a r\u00e9it\u00e9r\u00e9 sa position constante en faveur de l\u2019int\u00e9grit\u00e9 territoriale et la souverainet\u00e9 du Royaume du Maroc. L\u2019annonce a \u00e9t\u00e9 faite par la cheffe de la diplomatie lib\u00e9rienne, Mme Sara Beysolow Nyanti.<\/em><\/strong> <\/p>\n\n\n\n<p class=\"wp-block-paragraph\">A l\u2019occasion de la tenue de la troisi\u00e8me session de la Commission mixte de coop\u00e9ration Maroco-lib\u00e9rienne, la ministre lib\u00e9rienne des Affaires \u00e9trang\u00e8res, Mme Sara Beysolow Nyanti, a eu, le vendredi 17 janvier 2025 \u00e0 La\u00e2youne, des entretiens avec le ministre des Affaires \u00e9trang\u00e8res, de la coop\u00e9ration africaine et des Marocains r\u00e9sidant \u00e0 l\u2019\u00e9tranger, M. Nasser Bourita.<\/p>\n\n\n<div class=\"wp-block-image\">\n<figure class=\"aligncenter size-full is-resized\"><img loading=\"lazy\" decoding=\"async\" width=\"690\" height=\"170\" src=\"https:\/\/macite.tg\/wp-content\/uploads\/2025\/01\/IMG-20240313-WA0013-1.jpg\" alt=\"\" class=\"wp-image-19485\" style=\"width:840px;height:auto\" srcset=\"https:\/\/macite.tg\/wp-content\/uploads\/2025\/01\/IMG-20240313-WA0013-1.jpg 690w, https:\/\/macite.tg\/wp-content\/uploads\/2025\/01\/IMG-20240313-WA0013-1-300x74.jpg 300w\" sizes=\"auto, (max-width: 690px) 100vw, 690px\" \/><\/figure>\n<\/div>\n\n\n<p class=\"wp-block-paragraph\">A l\u2019issue de ces entretiens, la Cheffe de la diplomatie lib\u00e9rienne a, au cours du point de presse qui a suivi, r\u00e9it\u00e9r\u00e9 <em>\u00ab&nbsp;la position constante&nbsp;\u00bb<\/em> de son pays, la R\u00e9publique du Lib\u00e9ria, en faveur de <em>\u00ab&nbsp;l\u2019int\u00e9gralit\u00e9 territoriale et de la souverainet\u00e9 du Royaume du Maroc sur l\u2019ensemble de son territoire, y compris la r\u00e9gion du Sahara&nbsp;\u00bb.<\/em><\/p>\n\n\n\n<p class=\"wp-block-paragraph\">Tout en soutenant, au nom de son pays, <em>\u00ab&nbsp;au Plan d\u2019autonomie pr\u00e9sent\u00e9 par le Royaume du Maroc, qui constitue la seule solution cr\u00e9dible et r\u00e9aliste pour la r\u00e9solution de ce diff\u00e9rend r\u00e9gional&nbsp;\u00bb,<\/em> Mme Sara Beysolow Nyanti a salu\u00e9 les <em>\u00ab&nbsp;efforts des Nations Unies en tant que cadre exclusif pour parvenir \u00e0 une solution r\u00e9aliste, pratique et durable au diff\u00e9rend autour du Sahara&nbsp;\u00bb.<\/em><\/p>\n\n\n<div class=\"wp-block-image\">\n<figure class=\"aligncenter size-large is-resized\"><img loading=\"lazy\" decoding=\"async\" width=\"1024\" height=\"1024\" src=\"https:\/\/macite.tg\/wp-content\/uploads\/2025\/01\/OTR_e-timbre-fiscal-1-1024x1024.jpg\" alt=\"\" class=\"wp-image-19340\" style=\"width:600px;height:auto\" srcset=\"https:\/\/macite.tg\/wp-content\/uploads\/2025\/01\/OTR_e-timbre-fiscal-1-1024x1024.jpg 1024w, https:\/\/macite.tg\/wp-content\/uploads\/2025\/01\/OTR_e-timbre-fiscal-1-300x300.jpg 300w, https:\/\/macite.tg\/wp-content\/uploads\/2025\/01\/OTR_e-timbre-fiscal-1-150x150.jpg 150w, https:\/\/macite.tg\/wp-content\/uploads\/2025\/01\/OTR_e-timbre-fiscal-1-768x768.jpg 768w, https:\/\/macite.tg\/wp-content\/uploads\/2025\/01\/OTR_e-timbre-fiscal-1-1536x1536.jpg 1536w, https:\/\/macite.tg\/wp-content\/uploads\/2025\/01\/OTR_e-timbre-fiscal-1-122x122.jpg 122w, https:\/\/macite.tg\/wp-content\/uploads\/2025\/01\/OTR_e-timbre-fiscal-1.jpg 2048w\" sizes=\"auto, (max-width: 1024px) 100vw, 1024px\" \/><\/figure>\n<\/div>\n\n\n<p class=\"wp-block-paragraph\">Pour sa part, le chef de la diplomatie marocaine a tenu \u00e0 remercier <em>\u00ab&nbsp;le Lib\u00e9ria pour son soutien constant et ferme \u00e0 l\u2019int\u00e9grit\u00e9 territoriale du Maroc, notamment pour sa position claire en faveur du Sahara marocain&nbsp;\u00bb.<\/em> Cette position, a-t-il rappel\u00e9, s\u2019est traduite, notamment par <em>\u00ab&nbsp;l\u2019ouverture d\u2019un Consulat g\u00e9n\u00e9ral du Lib\u00e9ria \u00e0 Dakhla en 2020 et par sa participation, en 2021, \u00e0 la Conf\u00e9rence minist\u00e9rielle de soutien \u00e0 l\u2019initiative d\u2019autonomie sous la souverainet\u00e9 du Maroc&nbsp;\u00bb.<\/em><\/p>\n\n\n\n<p class=\"wp-block-paragraph\"><strong>MC<\/strong><\/p>\n\n\n\n<p class=\"wp-block-paragraph\"><a><strong><em>@macite.tg&nbsp;&nbsp;&nbsp;&nbsp;&nbsp;&nbsp;&nbsp;&nbsp;<\/em><\/strong><\/a><\/p>\n\n\n\n<p class=\"wp-block-paragraph\"><strong><em>E-mail&nbsp;: <\/em><\/strong><a href=\"mailto:maciteinfo@gmail.com\"><strong><em>maciteinfo@gmail.com<\/em><\/strong><\/a><strong><em>; <\/em><\/strong><a href=\"mailto:bawela1@gmail.com\"><strong><em>bawela1@gmail.com<\/em><\/strong><\/a><strong><em><\/em><\/strong><\/p>\n\n\n\n<p class=\"wp-block-paragraph\"><strong><em>Pour vos annonces, (publi)reportages, etc., joignez-nous au (00228)91515309\/<strong>79872224 <\/strong>www.macite.tg, L\u2019information, la bonne&nbsp;!<\/em><\/strong><\/p>\n","protected":false},"excerpt":{"rendered":"<p class=\"text-justify mb-2\" >Le vendredi 17 janvier 1025 \u00e0 La\u00e2youne, la R\u00e9publique du Lib\u00e9ria a r\u00e9it\u00e9r\u00e9 sa position constante en faveur de l\u2019int\u00e9grit\u00e9 territoriale et la souverainet\u00e9 du Royaume du Maroc. L\u2019annonce a \u00e9t\u00e9 faite par la cheffe de la diplomatie lib\u00e9rienne, Mme Sara Beysolow Nyanti. A l\u2019occasion [&hellip;]<\/p>\n","protected":false},"author":2,"featured_media":19539,"comment_status":"open","ping_status":"open","sticky":false,"template":"","format":"standard","meta":{"footnotes":""},"categories":[20,8],"tags":[],"class_list":["post-19538","post","type-post","status-publish","format-standard","has-post-thumbnail","hentry","category-actualite","category-diplomatie"],"yoast_head":"<!-- This site is optimized with the Yoast SEO plugin v28.4 - https:\/\/yoast.com\/product\/yoast-seo-wordpress\/ -->\n<title>SAHARA MAROCAIN\u00a0: Le Lib\u00e9ria r\u00e9affirme son soutien constant en faveur de \u00ab\u00a0l\u2019int\u00e9grit\u00e9 et de la souverainet\u00e9 du Royaume sur l\u2019ensemble de son territoire\u00a0\u00bb -<\/title>\n<meta name=\"robots\" content=\"index, follow, max-snippet:-1, max-image-preview:large, max-video-preview:-1\" \/>\n<link rel=\"canonical\" href=\"https:\/\/macite.tg\/?p=19538\" \/>\n<meta property=\"og:locale\" content=\"fr_FR\" \/>\n<meta property=\"og:type\" content=\"article\" \/>\n<meta property=\"og:title\" content=\"SAHARA MAROCAIN\u00a0: Le Lib\u00e9ria r\u00e9affirme son soutien constant en faveur de \u00ab\u00a0l\u2019int\u00e9grit\u00e9 et de la souverainet\u00e9 du Royaume sur l\u2019ensemble de son territoire\u00a0\u00bb -\" \/>\n<meta property=\"og:description\" content=\"Le vendredi 17 janvier 1025 \u00e0 La\u00e2youne, la R\u00e9publique du Lib\u00e9ria a r\u00e9it\u00e9r\u00e9 sa position constante en faveur de l\u2019int\u00e9grit\u00e9 territoriale et la souverainet\u00e9 du Royaume du Maroc. L\u2019annonce a \u00e9t\u00e9 faite par la cheffe de la diplomatie lib\u00e9rienne, Mme Sara Beysolow Nyanti. A l\u2019occasion [&hellip;]\" \/>\n<meta property=\"og:url\" content=\"https:\/\/macite.tg\/?p=19538\" \/>\n<meta property=\"article:published_time\" content=\"2025-01-22T18:28:25+00:00\" \/>\n<meta property=\"article:modified_time\" content=\"2025-01-22T18:28:36+00:00\" \/>\n<meta property=\"og:image\" content=\"https:\/\/macite.tg\/wp-content\/uploads\/2025\/01\/image-76.png\" \/>\n\t<meta property=\"og:image:width\" content=\"424\" \/>\n\t<meta property=\"og:image:height\" content=\"283\" \/>\n\t<meta property=\"og:image:type\" content=\"image\/png\" \/>\n<meta name=\"author\" content=\"Jean Pierre BAWELA\" \/>\n<meta name=\"twitter:card\" content=\"summary_large_image\" \/>\n<meta name=\"twitter:label1\" content=\"\u00c9crit par\" \/>\n\t<meta name=\"twitter:data1\" content=\"Jean Pierre BAWELA\" \/>\n\t<meta name=\"twitter:label2\" content=\"Dur\u00e9e de lecture estim\u00e9e\" \/>\n\t<meta name=\"twitter:data2\" content=\"2 minutes\" \/>\n<script type=\"application\/ld+json\" class=\"yoast-schema-graph\">{\"@context\":\"https:\\\/\\\/schema.org\",\"@graph\":[{\"@type\":\"Article\",\"@id\":\"https:\\\/\\\/macite.tg\\\/?p=19538#article\",\"isPartOf\":{\"@id\":\"https:\\\/\\\/macite.tg\\\/?p=19538\"},\"author\":{\"name\":\"Jean Pierre BAWELA\",\"@id\":\"https:\\\/\\\/macite.tg\\\/#\\\/schema\\\/person\\\/e9f2de7e5dbbe7770a9402c7ce82f5c2\"},\"headline\":\"SAHARA MAROCAIN\u00a0: Le Lib\u00e9ria r\u00e9affirme son soutien constant en faveur de \u00ab\u00a0l\u2019int\u00e9grit\u00e9 et de la souverainet\u00e9 du Royaume sur l\u2019ensemble de son territoire\u00a0\u00bb\",\"datePublished\":\"2025-01-22T18:28:25+00:00\",\"dateModified\":\"2025-01-22T18:28:36+00:00\",\"mainEntityOfPage\":{\"@id\":\"https:\\\/\\\/macite.tg\\\/?p=19538\"},\"wordCount\":403,\"commentCount\":0,\"image\":{\"@id\":\"https:\\\/\\\/macite.tg\\\/?p=19538#primaryimage\"},\"thumbnailUrl\":\"https:\\\/\\\/macite.tg\\\/wp-content\\\/uploads\\\/2025\\\/01\\\/image-76.png\",\"articleSection\":[\"ACTUALITE\",\"DIPLOMATIE\"],\"inLanguage\":\"fr-FR\",\"potentialAction\":[{\"@type\":\"CommentAction\",\"name\":\"Comment\",\"target\":[\"https:\\\/\\\/macite.tg\\\/?p=19538#respond\"]}]},{\"@type\":\"WebPage\",\"@id\":\"https:\\\/\\\/macite.tg\\\/?p=19538\",\"url\":\"https:\\\/\\\/macite.tg\\\/?p=19538\",\"name\":\"SAHARA MAROCAIN\u00a0: Le Lib\u00e9ria r\u00e9affirme son soutien constant en faveur de \u00ab\u00a0l\u2019int\u00e9grit\u00e9 et de la souverainet\u00e9 du Royaume sur l\u2019ensemble de son territoire\u00a0\u00bb -\",\"isPartOf\":{\"@id\":\"https:\\\/\\\/macite.tg\\\/#website\"},\"primaryImageOfPage\":{\"@id\":\"https:\\\/\\\/macite.tg\\\/?p=19538#primaryimage\"},\"image\":{\"@id\":\"https:\\\/\\\/macite.tg\\\/?p=19538#primaryimage\"},\"thumbnailUrl\":\"https:\\\/\\\/macite.tg\\\/wp-content\\\/uploads\\\/2025\\\/01\\\/image-76.png\",\"datePublished\":\"2025-01-22T18:28:25+00:00\",\"dateModified\":\"2025-01-22T18:28:36+00:00\",\"author\":{\"@id\":\"https:\\\/\\\/macite.tg\\\/#\\\/schema\\\/person\\\/e9f2de7e5dbbe7770a9402c7ce82f5c2\"},\"breadcrumb\":{\"@id\":\"https:\\\/\\\/macite.tg\\\/?p=19538#breadcrumb\"},\"inLanguage\":\"fr-FR\",\"potentialAction\":[{\"@type\":\"ReadAction\",\"target\":[\"https:\\\/\\\/macite.tg\\\/?p=19538\"]}]},{\"@type\":\"ImageObject\",\"inLanguage\":\"fr-FR\",\"@id\":\"https:\\\/\\\/macite.tg\\\/?p=19538#primaryimage\",\"url\":\"https:\\\/\\\/macite.tg\\\/wp-content\\\/uploads\\\/2025\\\/01\\\/image-76.png\",\"contentUrl\":\"https:\\\/\\\/macite.tg\\\/wp-content\\\/uploads\\\/2025\\\/01\\\/image-76.png\",\"width\":424,\"height\":283,\"caption\":\"Le Lib\u00e9ria et le Maroc pour le renforcement de leur partenariat\"},{\"@type\":\"BreadcrumbList\",\"@id\":\"https:\\\/\\\/macite.tg\\\/?p=19538#breadcrumb\",\"itemListElement\":[{\"@type\":\"ListItem\",\"position\":1,\"name\":\"Accueil\",\"item\":\"https:\\\/\\\/macite.tg\\\/\"},{\"@type\":\"ListItem\",\"position\":2,\"name\":\"SAHARA MAROCAIN\u00a0: Le Lib\u00e9ria r\u00e9affirme son soutien constant en faveur de \u00ab\u00a0l\u2019int\u00e9grit\u00e9 et de la souverainet\u00e9 du Royaume sur l\u2019ensemble de son territoire\u00a0\u00bb\"}]},{\"@type\":\"WebSite\",\"@id\":\"https:\\\/\\\/macite.tg\\\/#website\",\"url\":\"https:\\\/\\\/macite.tg\\\/\",\"name\":\"\",\"description\":\"L&#039;information, la bonne!!!\",\"potentialAction\":[{\"@type\":\"SearchAction\",\"target\":{\"@type\":\"EntryPoint\",\"urlTemplate\":\"https:\\\/\\\/macite.tg\\\/?s={search_term_string}\"},\"query-input\":{\"@type\":\"PropertyValueSpecification\",\"valueRequired\":true,\"valueName\":\"search_term_string\"}}],\"inLanguage\":\"fr-FR\"},{\"@type\":\"Person\",\"@id\":\"https:\\\/\\\/macite.tg\\\/#\\\/schema\\\/person\\\/e9f2de7e5dbbe7770a9402c7ce82f5c2\",\"name\":\"Jean Pierre BAWELA\",\"image\":{\"@type\":\"ImageObject\",\"inLanguage\":\"fr-FR\",\"@id\":\"https:\\\/\\\/macite.tg\\\/wp-content\\\/uploads\\\/2023\\\/09\\\/WhatsApp-Image-2023-09-19-at-14.44.41-122x122.jpeg\",\"url\":\"https:\\\/\\\/macite.tg\\\/wp-content\\\/uploads\\\/2023\\\/09\\\/WhatsApp-Image-2023-09-19-at-14.44.41-122x122.jpeg\",\"contentUrl\":\"https:\\\/\\\/macite.tg\\\/wp-content\\\/uploads\\\/2023\\\/09\\\/WhatsApp-Image-2023-09-19-at-14.44.41-122x122.jpeg\",\"caption\":\"Jean Pierre BAWELA\"},\"url\":\"https:\\\/\\\/macite.tg\\\/?author=2\"}]}<\/script>\n<!-- \/ Yoast SEO plugin. -->","yoast_head_json":{"title":"SAHARA MAROCAIN\u00a0: Le Lib\u00e9ria r\u00e9affirme son soutien constant en faveur de \u00ab\u00a0l\u2019int\u00e9grit\u00e9 et de la souverainet\u00e9 du Royaume sur l\u2019ensemble de son territoire\u00a0\u00bb -","robots":{"index":"index","follow":"follow","max-snippet":"max-snippet:-1","max-image-preview":"max-image-preview:large","max-video-preview":"max-video-preview:-1"},"canonical":"https:\/\/macite.tg\/?p=19538","og_locale":"fr_FR","og_type":"article","og_title":"SAHARA MAROCAIN\u00a0: Le Lib\u00e9ria r\u00e9affirme son soutien constant en faveur de \u00ab\u00a0l\u2019int\u00e9grit\u00e9 et de la souverainet\u00e9 du Royaume sur l\u2019ensemble de son territoire\u00a0\u00bb -","og_description":"Le vendredi 17 janvier 1025 \u00e0 La\u00e2youne, la R\u00e9publique du Lib\u00e9ria a r\u00e9it\u00e9r\u00e9 sa position constante en faveur de l\u2019int\u00e9grit\u00e9 territoriale et la souverainet\u00e9 du Royaume du Maroc. L\u2019annonce a \u00e9t\u00e9 faite par la cheffe de la diplomatie lib\u00e9rienne, Mme Sara Beysolow Nyanti. A l\u2019occasion [&hellip;]","og_url":"https:\/\/macite.tg\/?p=19538","article_published_time":"2025-01-22T18:28:25+00:00","article_modified_time":"2025-01-22T18:28:36+00:00","og_image":[{"width":424,"height":283,"url":"https:\/\/macite.tg\/wp-content\/uploads\/2025\/01\/image-76.png","type":"image\/png"}],"author":"Jean Pierre BAWELA","twitter_card":"summary_large_image","twitter_misc":{"\u00c9crit par":"Jean Pierre BAWELA","Dur\u00e9e de lecture estim\u00e9e":"2 minutes"},"schema":{"@context":"https:\/\/schema.org","@graph":[{"@type":"Article","@id":"https:\/\/macite.tg\/?p=19538#article","isPartOf":{"@id":"https:\/\/macite.tg\/?p=19538"},"author":{"name":"Jean Pierre BAWELA","@id":"https:\/\/macite.tg\/#\/schema\/person\/e9f2de7e5dbbe7770a9402c7ce82f5c2"},"headline":"SAHARA MAROCAIN\u00a0: Le Lib\u00e9ria r\u00e9affirme son soutien constant en faveur de \u00ab\u00a0l\u2019int\u00e9grit\u00e9 et de la souverainet\u00e9 du Royaume sur l\u2019ensemble de son territoire\u00a0\u00bb","datePublished":"2025-01-22T18:28:25+00:00","dateModified":"2025-01-22T18:28:36+00:00","mainEntityOfPage":{"@id":"https:\/\/macite.tg\/?p=19538"},"wordCount":403,"commentCount":0,"image":{"@id":"https:\/\/macite.tg\/?p=19538#primaryimage"},"thumbnailUrl":"https:\/\/macite.tg\/wp-content\/uploads\/2025\/01\/image-76.png","articleSection":["ACTUALITE","DIPLOMATIE"],"inLanguage":"fr-FR","potentialAction":[{"@type":"CommentAction","name":"Comment","target":["https:\/\/macite.tg\/?p=19538#respond"]}]},{"@type":"WebPage","@id":"https:\/\/macite.tg\/?p=19538","url":"https:\/\/macite.tg\/?p=19538","name":"SAHARA MAROCAIN\u00a0: Le Lib\u00e9ria r\u00e9affirme son soutien constant en faveur de \u00ab\u00a0l\u2019int\u00e9grit\u00e9 et de la souverainet\u00e9 du Royaume sur l\u2019ensemble de son territoire\u00a0\u00bb -","isPartOf":{"@id":"https:\/\/macite.tg\/#website"},"primaryImageOfPage":{"@id":"https:\/\/macite.tg\/?p=19538#primaryimage"},"image":{"@id":"https:\/\/macite.tg\/?p=19538#primaryimage"},"thumbnailUrl":"https:\/\/macite.tg\/wp-content\/uploads\/2025\/01\/image-76.png","datePublished":"2025-01-22T18:28:25+00:00","dateModified":"2025-01-22T18:28:36+00:00","author":{"@id":"https:\/\/macite.tg\/#\/schema\/person\/e9f2de7e5dbbe7770a9402c7ce82f5c2"},"breadcrumb":{"@id":"https:\/\/macite.tg\/?p=19538#breadcrumb"},"inLanguage":"fr-FR","potentialAction":[{"@type":"ReadAction","target":["https:\/\/macite.tg\/?p=19538"]}]},{"@type":"ImageObject","inLanguage":"fr-FR","@id":"https:\/\/macite.tg\/?p=19538#primaryimage","url":"https:\/\/macite.tg\/wp-content\/uploads\/2025\/01\/image-76.png","contentUrl":"https:\/\/macite.tg\/wp-content\/uploads\/2025\/01\/image-76.png","width":424,"height":283,"caption":"Le Lib\u00e9ria et le Maroc pour le renforcement de leur partenariat"},{"@type":"BreadcrumbList","@id":"https:\/\/macite.tg\/?p=19538#breadcrumb","itemListElement":[{"@type":"ListItem","position":1,"name":"Accueil","item":"https:\/\/macite.tg\/"},{"@type":"ListItem","position":2,"name":"SAHARA MAROCAIN\u00a0: Le Lib\u00e9ria r\u00e9affirme son soutien constant en faveur de \u00ab\u00a0l\u2019int\u00e9grit\u00e9 et de la souverainet\u00e9 du Royaume sur l\u2019ensemble de son territoire\u00a0\u00bb"}]},{"@type":"WebSite","@id":"https:\/\/macite.tg\/#website","url":"https:\/\/macite.tg\/","name":"","description":"L&#039;information, la bonne!!!","potentialAction":[{"@type":"SearchAction","target":{"@type":"EntryPoint","urlTemplate":"https:\/\/macite.tg\/?s={search_term_string}"},"query-input":{"@type":"PropertyValueSpecification","valueRequired":true,"valueName":"search_term_string"}}],"inLanguage":"fr-FR"},{"@type":"Person","@id":"https:\/\/macite.tg\/#\/schema\/person\/e9f2de7e5dbbe7770a9402c7ce82f5c2","name":"Jean Pierre BAWELA","image":{"@type":"ImageObject","inLanguage":"fr-FR","@id":"https:\/\/macite.tg\/wp-content\/uploads\/2023\/09\/WhatsApp-Image-2023-09-19-at-14.44.41-122x122.jpeg","url":"https:\/\/macite.tg\/wp-content\/uploads\/2023\/09\/WhatsApp-Image-2023-09-19-at-14.44.41-122x122.jpeg","contentUrl":"https:\/\/macite.tg\/wp-content\/uploads\/2023\/09\/WhatsApp-Image-2023-09-19-at-14.44.41-122x122.jpeg","caption":"Jean Pierre BAWELA"},"url":"https:\/\/macite.tg\/?author=2"}]}},"_links":{"self":[{"href":"https:\/\/macite.tg\/index.php?rest_route=\/wp\/v2\/posts\/19538","targetHints":{"allow":["GET"]}}],"collection":[{"href":"https:\/\/macite.tg\/index.php?rest_route=\/wp\/v2\/posts"}],"about":[{"href":"https:\/\/macite.tg\/index.php?rest_route=\/wp\/v2\/types\/post"}],"author":[{"embeddable":true,"href":"https:\/\/macite.tg\/index.php?rest_route=\/wp\/v2\/users\/2"}],"replies":[{"embeddable":true,"href":"https:\/\/macite.tg\/index.php?rest_route=%2Fwp%2Fv2%2Fcomments&post=19538"}],"version-history":[{"count":0,"href":"https:\/\/macite.tg\/index.php?rest_route=\/wp\/v2\/posts\/19538\/revisions"}],"wp:featuredmedia":[{"embeddable":true,"href":"https:\/\/macite.tg\/index.php?rest_route=\/wp\/v2\/media\/19539"}],"wp:attachment":[{"href":"https:\/\/macite.tg\/index.php?rest_route=%2Fwp%2Fv2%2Fmedia&parent=19538"}],"wp:term":[{"taxonomy":"category","embeddable":true,"href":"https:\/\/macite.tg\/index.php?rest_route=%2Fwp%2Fv2%2Fcategories&post=19538"},{"taxonomy":"post_tag","embeddable":true,"href":"https:\/\/macite.tg\/index.php?rest_route=%2Fwp%2Fv2%2Ftags&post=19538"}],"curies":[{"name":"wp","href":"https:\/\/api.w.org\/{rel}","templated":true}]}}