{"id":19534,"date":"2025-01-22T18:19:16","date_gmt":"2025-01-22T18:19:16","guid":{"rendered":"https:\/\/macite.tg\/?p=19534"},"modified":"2025-01-22T18:28:40","modified_gmt":"2025-01-22T18:28:40","slug":"integrite-territoriale-et-souverainete-du-maroc-la-cote-divoire-reitere-sa-position-sur-la-marocanite-du-sahara","status":"publish","type":"post","link":"https:\/\/macite.tg\/?p=19534","title":{"rendered":"INTEGRITE TERRITORIALE ET SOUVERAINETE DU MAROC\u00a0: La C\u00f4te d\u2019Ivoire r\u00e9it\u00e8re sa position sur la marocanit\u00e9 du Sahara"},"content":{"rendered":"\n<p class=\"wp-block-paragraph\"><strong><em>A l\u2019occasion de la<\/em><\/strong><strong><em> tenue de la cinqui\u00e8me <\/em><\/strong><strong><em>session de la Grande Commission mixte de coop\u00e9ration Maroc-<\/em><\/strong><strong><em>C\u00f4te d\u2019Ivoire, le chef de la diplomatie ivoirienne, <\/em><\/strong><strong><em>L\u00e9on Kacou Adom, a r\u00e9it\u00e9r\u00e9, le vendredi 17 janvier 2025 \u00e0 La\u00e2youne, <\/em><\/strong><strong><em>la \u00ab&nbsp;position constante de la <\/em><\/strong><strong><em>R\u00e9publique de C\u00f4te d\u2019Ivoire en faveur de l\u2019int\u00e9grit\u00e9 territoriale et de la souverainet\u00e9 du Royaume du Maroc sur <\/em><\/strong><strong><em>l\u2019ensemble de son t<\/em><\/strong><strong><em>erritoire&nbsp;\u00bb.<\/em><\/strong><\/p>\n\n\n\n<p class=\"wp-block-paragraph\">Les soutiens au Royaume du Maroc sur la question r\u00e9currente de son int\u00e9grit\u00e9 territoriale et de sa souverainet\u00e9 sur l\u2019ensemble de ses provinces du sud, ne cesse de grandir.<\/p>\n\n\n\n<p class=\"wp-block-paragraph\">Le vendredi 17 janvier dernier, \u00e0 la faveur de la tenue, \u00e0 La\u00e2youne, de la cinqui\u00e8me session de la Grande Commission mixte de coop\u00e9ration Maroc-C\u00f4te d\u2019Ivoire, le ministre des Affaires \u00c9trang\u00e8res, de l\u2019Int\u00e9gration Africaine et des Ivoiriens de l&rsquo;Ext\u00e9rieur, L\u00e9on Kacou Adom, a r\u00e9affirm\u00e9 la position de son pays sur la question de la marocanit\u00e9 du Sahara. C\u2019\u00e9tait lors d\u2019un point de presse tenu \u00e0 l\u2019issue des entretiens avec son homologue marocain, Nasser Bourita.<\/p>\n\n\n<div class=\"wp-block-image\">\n<figure class=\"aligncenter size-full is-resized\"><img loading=\"lazy\" decoding=\"async\" width=\"690\" height=\"170\" src=\"https:\/\/macite.tg\/wp-content\/uploads\/2025\/01\/IMG-20240313-WA0013-1.jpg\" alt=\"\" class=\"wp-image-19485\" style=\"width:840px;height:auto\" srcset=\"https:\/\/macite.tg\/wp-content\/uploads\/2025\/01\/IMG-20240313-WA0013-1.jpg 690w, https:\/\/macite.tg\/wp-content\/uploads\/2025\/01\/IMG-20240313-WA0013-1-300x74.jpg 300w\" sizes=\"auto, (max-width: 690px) 100vw, 690px\" \/><\/figure>\n<\/div>\n\n\n<p class=\"wp-block-paragraph\">Faisant part du soutien de la R\u00e9publique de C\u00f4te d\u2019Ivoire au Plan d\u2019autonomie pr\u00e9sent\u00e9 depuis 2007 par le Royaume, qui <em>\u00ab&nbsp;<\/em><em>constitue la seule solution cr\u00e9dible et r\u00e9aliste pour la r\u00e9solution de ce diff\u00e9rend r\u00e9gional&nbsp;\u00bb<\/em>, le chef de la diplomatie ivoirienne a tenu \u00e0 saluer <em>\u00ab&nbsp;<\/em><em>les efforts des Nations Unies, en tant que cadre exclusif, pour parvenir \u00e0 une solution r\u00e9aliste, <\/em><em>pratique et durable au diff\u00e9rend autour du Sahara&nbsp;\u00bb.<\/em><\/p>\n\n\n<div class=\"wp-block-image\">\n<figure class=\"aligncenter size-large is-resized\"><img loading=\"lazy\" decoding=\"async\" width=\"717\" height=\"1024\" src=\"https:\/\/macite.tg\/wp-content\/uploads\/2025\/01\/OTR_Vente-aux-enchere-28-janvier-717x1024.jpg\" alt=\"\" class=\"wp-image-19525\" style=\"width:523px;height:auto\" srcset=\"https:\/\/macite.tg\/wp-content\/uploads\/2025\/01\/OTR_Vente-aux-enchere-28-janvier-717x1024.jpg 717w, https:\/\/macite.tg\/wp-content\/uploads\/2025\/01\/OTR_Vente-aux-enchere-28-janvier-210x300.jpg 210w, https:\/\/macite.tg\/wp-content\/uploads\/2025\/01\/OTR_Vente-aux-enchere-28-janvier-768x1097.jpg 768w, https:\/\/macite.tg\/wp-content\/uploads\/2025\/01\/OTR_Vente-aux-enchere-28-janvier-1075x1536.jpg 1075w, https:\/\/macite.tg\/wp-content\/uploads\/2025\/01\/OTR_Vente-aux-enchere-28-janvier.jpg 1120w\" sizes=\"auto, (max-width: 717px) 100vw, 717px\" \/><\/figure>\n<\/div>\n\n\n<p class=\"wp-block-paragraph\">Pour sa part, le ministre des Affaires \u00c9trang\u00e8res, de la Coop\u00e9ration Africaine et des Marocains R\u00e9sidant \u00e0 l\u2019\u00c9tranger a saisi l\u2019occasion pour t\u00e9moigner sa reconnaissance \u00e0 la C\u00f4te d\u2019Ivoire pour <em>\u00ab&nbsp;<\/em><em>son soutien constant et ferme \u00e0 l\u2019int\u00e9grit\u00e9 territoriale <\/em><em>du Maroc, notamment pour sa position claire en faveur du Sahara <\/em><em>marocain, qui s\u2019est traduite par l\u2019ouverture <\/em><em>d\u2019un Consulat G\u00e9n\u00e9ral de la C\u00f4te d\u2019Ivoire \u00e0 La\u00e2youne en 2020&nbsp;\u00bb.<\/em><\/p>\n\n\n\n<p class=\"wp-block-paragraph\"><strong>MC<\/strong><\/p>\n\n\n\n<p class=\"wp-block-paragraph\"><a><strong><em>@macite.tg&nbsp;&nbsp;&nbsp;&nbsp;&nbsp;&nbsp;&nbsp;&nbsp;<\/em><\/strong><\/a><\/p>\n\n\n\n<p class=\"wp-block-paragraph\"><strong><em>E-mail&nbsp;: <\/em><\/strong><a href=\"mailto:maciteinfo@gmail.com\"><strong><em>maciteinfo@gmail.com<\/em><\/strong><\/a><strong><em>; <\/em><\/strong><a href=\"mailto:bawela1@gmail.com\"><strong><em>bawela1@gmail.com<\/em><\/strong><\/a><strong><em><\/em><\/strong><\/p>\n\n\n\n<p class=\"wp-block-paragraph\"><strong><em>Pour vos annonces, (publi)reportages, etc., joignez-nous au (00228)91515309\/<strong>79872224 <\/strong>www.macite.tg, L\u2019information, la bonne&nbsp;!<\/em><\/strong><\/p>\n","protected":false},"excerpt":{"rendered":"<p class=\"text-justify mb-2\" >A l\u2019occasion de la tenue de la cinqui\u00e8me session de la Grande Commission mixte de coop\u00e9ration Maroc-C\u00f4te d\u2019Ivoire, le chef de la diplomatie ivoirienne, L\u00e9on Kacou Adom, a r\u00e9it\u00e9r\u00e9, le vendredi 17 janvier 2025 \u00e0 La\u00e2youne, la \u00ab&nbsp;position constante de la R\u00e9publique de C\u00f4te d\u2019Ivoire [&hellip;]<\/p>\n","protected":false},"author":2,"featured_media":19536,"comment_status":"open","ping_status":"open","sticky":false,"template":"","format":"standard","meta":{"footnotes":""},"categories":[20,8],"tags":[],"class_list":["post-19534","post","type-post","status-publish","format-standard","has-post-thumbnail","hentry","category-actualite","category-diplomatie"],"yoast_head":"<!-- This site is optimized with the Yoast SEO plugin v28.4 - https:\/\/yoast.com\/product\/yoast-seo-wordpress\/ -->\n<title>INTEGRITE TERRITORIALE ET SOUVERAINETE DU MAROC\u00a0: La C\u00f4te d\u2019Ivoire r\u00e9it\u00e8re sa position sur la marocanit\u00e9 du Sahara -<\/title>\n<meta name=\"robots\" content=\"index, follow, max-snippet:-1, max-image-preview:large, max-video-preview:-1\" \/>\n<link rel=\"canonical\" href=\"https:\/\/macite.tg\/?p=19534\" \/>\n<meta property=\"og:locale\" content=\"fr_FR\" \/>\n<meta property=\"og:type\" content=\"article\" \/>\n<meta property=\"og:title\" content=\"INTEGRITE TERRITORIALE ET SOUVERAINETE DU MAROC\u00a0: La C\u00f4te d\u2019Ivoire r\u00e9it\u00e8re sa position sur la marocanit\u00e9 du Sahara -\" \/>\n<meta property=\"og:description\" content=\"A l\u2019occasion de la tenue de la cinqui\u00e8me session de la Grande Commission mixte de coop\u00e9ration Maroc-C\u00f4te d\u2019Ivoire, le chef de la diplomatie ivoirienne, L\u00e9on Kacou Adom, a r\u00e9it\u00e9r\u00e9, le vendredi 17 janvier 2025 \u00e0 La\u00e2youne, la \u00ab&nbsp;position constante de la R\u00e9publique de C\u00f4te d\u2019Ivoire [&hellip;]\" \/>\n<meta property=\"og:url\" content=\"https:\/\/macite.tg\/?p=19534\" \/>\n<meta property=\"article:published_time\" content=\"2025-01-22T18:19:16+00:00\" \/>\n<meta property=\"article:modified_time\" content=\"2025-01-22T18:28:40+00:00\" \/>\n<meta property=\"og:image\" content=\"https:\/\/macite.tg\/wp-content\/uploads\/2025\/01\/image-75.png\" \/>\n\t<meta property=\"og:image:width\" content=\"453\" \/>\n\t<meta property=\"og:image:height\" content=\"271\" \/>\n\t<meta property=\"og:image:type\" content=\"image\/png\" \/>\n<meta name=\"author\" content=\"Jean Pierre BAWELA\" \/>\n<meta name=\"twitter:card\" content=\"summary_large_image\" \/>\n<meta name=\"twitter:label1\" content=\"\u00c9crit par\" \/>\n\t<meta name=\"twitter:data1\" content=\"Jean Pierre BAWELA\" \/>\n\t<meta name=\"twitter:label2\" content=\"Dur\u00e9e de lecture estim\u00e9e\" \/>\n\t<meta name=\"twitter:data2\" content=\"3 minutes\" \/>\n<script type=\"application\/ld+json\" class=\"yoast-schema-graph\">{\"@context\":\"https:\\\/\\\/schema.org\",\"@graph\":[{\"@type\":\"Article\",\"@id\":\"https:\\\/\\\/macite.tg\\\/?p=19534#article\",\"isPartOf\":{\"@id\":\"https:\\\/\\\/macite.tg\\\/?p=19534\"},\"author\":{\"name\":\"Jean Pierre BAWELA\",\"@id\":\"https:\\\/\\\/macite.tg\\\/#\\\/schema\\\/person\\\/e9f2de7e5dbbe7770a9402c7ce82f5c2\"},\"headline\":\"INTEGRITE TERRITORIALE ET SOUVERAINETE DU MAROC\u00a0: La C\u00f4te d\u2019Ivoire r\u00e9it\u00e8re sa position sur la marocanit\u00e9 du Sahara\",\"datePublished\":\"2025-01-22T18:19:16+00:00\",\"dateModified\":\"2025-01-22T18:28:40+00:00\",\"mainEntityOfPage\":{\"@id\":\"https:\\\/\\\/macite.tg\\\/?p=19534\"},\"wordCount\":414,\"commentCount\":0,\"image\":{\"@id\":\"https:\\\/\\\/macite.tg\\\/?p=19534#primaryimage\"},\"thumbnailUrl\":\"https:\\\/\\\/macite.tg\\\/wp-content\\\/uploads\\\/2025\\\/01\\\/image-75.png\",\"articleSection\":[\"ACTUALITE\",\"DIPLOMATIE\"],\"inLanguage\":\"fr-FR\",\"potentialAction\":[{\"@type\":\"CommentAction\",\"name\":\"Comment\",\"target\":[\"https:\\\/\\\/macite.tg\\\/?p=19534#respond\"]}]},{\"@type\":\"WebPage\",\"@id\":\"https:\\\/\\\/macite.tg\\\/?p=19534\",\"url\":\"https:\\\/\\\/macite.tg\\\/?p=19534\",\"name\":\"INTEGRITE TERRITORIALE ET SOUVERAINETE DU MAROC\u00a0: La C\u00f4te d\u2019Ivoire r\u00e9it\u00e8re sa position sur la marocanit\u00e9 du Sahara -\",\"isPartOf\":{\"@id\":\"https:\\\/\\\/macite.tg\\\/#website\"},\"primaryImageOfPage\":{\"@id\":\"https:\\\/\\\/macite.tg\\\/?p=19534#primaryimage\"},\"image\":{\"@id\":\"https:\\\/\\\/macite.tg\\\/?p=19534#primaryimage\"},\"thumbnailUrl\":\"https:\\\/\\\/macite.tg\\\/wp-content\\\/uploads\\\/2025\\\/01\\\/image-75.png\",\"datePublished\":\"2025-01-22T18:19:16+00:00\",\"dateModified\":\"2025-01-22T18:28:40+00:00\",\"author\":{\"@id\":\"https:\\\/\\\/macite.tg\\\/#\\\/schema\\\/person\\\/e9f2de7e5dbbe7770a9402c7ce82f5c2\"},\"breadcrumb\":{\"@id\":\"https:\\\/\\\/macite.tg\\\/?p=19534#breadcrumb\"},\"inLanguage\":\"fr-FR\",\"potentialAction\":[{\"@type\":\"ReadAction\",\"target\":[\"https:\\\/\\\/macite.tg\\\/?p=19534\"]}]},{\"@type\":\"ImageObject\",\"inLanguage\":\"fr-FR\",\"@id\":\"https:\\\/\\\/macite.tg\\\/?p=19534#primaryimage\",\"url\":\"https:\\\/\\\/macite.tg\\\/wp-content\\\/uploads\\\/2025\\\/01\\\/image-75.png\",\"contentUrl\":\"https:\\\/\\\/macite.tg\\\/wp-content\\\/uploads\\\/2025\\\/01\\\/image-75.png\",\"width\":453,\"height\":271},{\"@type\":\"BreadcrumbList\",\"@id\":\"https:\\\/\\\/macite.tg\\\/?p=19534#breadcrumb\",\"itemListElement\":[{\"@type\":\"ListItem\",\"position\":1,\"name\":\"Accueil\",\"item\":\"https:\\\/\\\/macite.tg\\\/\"},{\"@type\":\"ListItem\",\"position\":2,\"name\":\"INTEGRITE TERRITORIALE ET SOUVERAINETE DU MAROC\u00a0: La C\u00f4te d\u2019Ivoire r\u00e9it\u00e8re sa position sur la marocanit\u00e9 du Sahara\"}]},{\"@type\":\"WebSite\",\"@id\":\"https:\\\/\\\/macite.tg\\\/#website\",\"url\":\"https:\\\/\\\/macite.tg\\\/\",\"name\":\"\",\"description\":\"L&#039;information, la bonne!!!\",\"potentialAction\":[{\"@type\":\"SearchAction\",\"target\":{\"@type\":\"EntryPoint\",\"urlTemplate\":\"https:\\\/\\\/macite.tg\\\/?s={search_term_string}\"},\"query-input\":{\"@type\":\"PropertyValueSpecification\",\"valueRequired\":true,\"valueName\":\"search_term_string\"}}],\"inLanguage\":\"fr-FR\"},{\"@type\":\"Person\",\"@id\":\"https:\\\/\\\/macite.tg\\\/#\\\/schema\\\/person\\\/e9f2de7e5dbbe7770a9402c7ce82f5c2\",\"name\":\"Jean Pierre BAWELA\",\"image\":{\"@type\":\"ImageObject\",\"inLanguage\":\"fr-FR\",\"@id\":\"https:\\\/\\\/macite.tg\\\/wp-content\\\/uploads\\\/2023\\\/09\\\/WhatsApp-Image-2023-09-19-at-14.44.41-122x122.jpeg\",\"url\":\"https:\\\/\\\/macite.tg\\\/wp-content\\\/uploads\\\/2023\\\/09\\\/WhatsApp-Image-2023-09-19-at-14.44.41-122x122.jpeg\",\"contentUrl\":\"https:\\\/\\\/macite.tg\\\/wp-content\\\/uploads\\\/2023\\\/09\\\/WhatsApp-Image-2023-09-19-at-14.44.41-122x122.jpeg\",\"caption\":\"Jean Pierre BAWELA\"},\"url\":\"https:\\\/\\\/macite.tg\\\/?author=2\"}]}<\/script>\n<!-- \/ Yoast SEO plugin. -->","yoast_head_json":{"title":"INTEGRITE TERRITORIALE ET SOUVERAINETE DU MAROC\u00a0: La C\u00f4te d\u2019Ivoire r\u00e9it\u00e8re sa position sur la marocanit\u00e9 du Sahara -","robots":{"index":"index","follow":"follow","max-snippet":"max-snippet:-1","max-image-preview":"max-image-preview:large","max-video-preview":"max-video-preview:-1"},"canonical":"https:\/\/macite.tg\/?p=19534","og_locale":"fr_FR","og_type":"article","og_title":"INTEGRITE TERRITORIALE ET SOUVERAINETE DU MAROC\u00a0: La C\u00f4te d\u2019Ivoire r\u00e9it\u00e8re sa position sur la marocanit\u00e9 du Sahara -","og_description":"A l\u2019occasion de la tenue de la cinqui\u00e8me session de la Grande Commission mixte de coop\u00e9ration Maroc-C\u00f4te d\u2019Ivoire, le chef de la diplomatie ivoirienne, L\u00e9on Kacou Adom, a r\u00e9it\u00e9r\u00e9, le vendredi 17 janvier 2025 \u00e0 La\u00e2youne, la \u00ab&nbsp;position constante de la R\u00e9publique de C\u00f4te d\u2019Ivoire [&hellip;]","og_url":"https:\/\/macite.tg\/?p=19534","article_published_time":"2025-01-22T18:19:16+00:00","article_modified_time":"2025-01-22T18:28:40+00:00","og_image":[{"width":453,"height":271,"url":"https:\/\/macite.tg\/wp-content\/uploads\/2025\/01\/image-75.png","type":"image\/png"}],"author":"Jean Pierre BAWELA","twitter_card":"summary_large_image","twitter_misc":{"\u00c9crit par":"Jean Pierre BAWELA","Dur\u00e9e de lecture estim\u00e9e":"3 minutes"},"schema":{"@context":"https:\/\/schema.org","@graph":[{"@type":"Article","@id":"https:\/\/macite.tg\/?p=19534#article","isPartOf":{"@id":"https:\/\/macite.tg\/?p=19534"},"author":{"name":"Jean Pierre BAWELA","@id":"https:\/\/macite.tg\/#\/schema\/person\/e9f2de7e5dbbe7770a9402c7ce82f5c2"},"headline":"INTEGRITE TERRITORIALE ET SOUVERAINETE DU MAROC\u00a0: La C\u00f4te d\u2019Ivoire r\u00e9it\u00e8re sa position sur la marocanit\u00e9 du Sahara","datePublished":"2025-01-22T18:19:16+00:00","dateModified":"2025-01-22T18:28:40+00:00","mainEntityOfPage":{"@id":"https:\/\/macite.tg\/?p=19534"},"wordCount":414,"commentCount":0,"image":{"@id":"https:\/\/macite.tg\/?p=19534#primaryimage"},"thumbnailUrl":"https:\/\/macite.tg\/wp-content\/uploads\/2025\/01\/image-75.png","articleSection":["ACTUALITE","DIPLOMATIE"],"inLanguage":"fr-FR","potentialAction":[{"@type":"CommentAction","name":"Comment","target":["https:\/\/macite.tg\/?p=19534#respond"]}]},{"@type":"WebPage","@id":"https:\/\/macite.tg\/?p=19534","url":"https:\/\/macite.tg\/?p=19534","name":"INTEGRITE TERRITORIALE ET SOUVERAINETE DU MAROC\u00a0: La C\u00f4te d\u2019Ivoire r\u00e9it\u00e8re sa position sur la marocanit\u00e9 du Sahara -","isPartOf":{"@id":"https:\/\/macite.tg\/#website"},"primaryImageOfPage":{"@id":"https:\/\/macite.tg\/?p=19534#primaryimage"},"image":{"@id":"https:\/\/macite.tg\/?p=19534#primaryimage"},"thumbnailUrl":"https:\/\/macite.tg\/wp-content\/uploads\/2025\/01\/image-75.png","datePublished":"2025-01-22T18:19:16+00:00","dateModified":"2025-01-22T18:28:40+00:00","author":{"@id":"https:\/\/macite.tg\/#\/schema\/person\/e9f2de7e5dbbe7770a9402c7ce82f5c2"},"breadcrumb":{"@id":"https:\/\/macite.tg\/?p=19534#breadcrumb"},"inLanguage":"fr-FR","potentialAction":[{"@type":"ReadAction","target":["https:\/\/macite.tg\/?p=19534"]}]},{"@type":"ImageObject","inLanguage":"fr-FR","@id":"https:\/\/macite.tg\/?p=19534#primaryimage","url":"https:\/\/macite.tg\/wp-content\/uploads\/2025\/01\/image-75.png","contentUrl":"https:\/\/macite.tg\/wp-content\/uploads\/2025\/01\/image-75.png","width":453,"height":271},{"@type":"BreadcrumbList","@id":"https:\/\/macite.tg\/?p=19534#breadcrumb","itemListElement":[{"@type":"ListItem","position":1,"name":"Accueil","item":"https:\/\/macite.tg\/"},{"@type":"ListItem","position":2,"name":"INTEGRITE TERRITORIALE ET SOUVERAINETE DU MAROC\u00a0: La C\u00f4te d\u2019Ivoire r\u00e9it\u00e8re sa position sur la marocanit\u00e9 du Sahara"}]},{"@type":"WebSite","@id":"https:\/\/macite.tg\/#website","url":"https:\/\/macite.tg\/","name":"","description":"L&#039;information, la bonne!!!","potentialAction":[{"@type":"SearchAction","target":{"@type":"EntryPoint","urlTemplate":"https:\/\/macite.tg\/?s={search_term_string}"},"query-input":{"@type":"PropertyValueSpecification","valueRequired":true,"valueName":"search_term_string"}}],"inLanguage":"fr-FR"},{"@type":"Person","@id":"https:\/\/macite.tg\/#\/schema\/person\/e9f2de7e5dbbe7770a9402c7ce82f5c2","name":"Jean Pierre BAWELA","image":{"@type":"ImageObject","inLanguage":"fr-FR","@id":"https:\/\/macite.tg\/wp-content\/uploads\/2023\/09\/WhatsApp-Image-2023-09-19-at-14.44.41-122x122.jpeg","url":"https:\/\/macite.tg\/wp-content\/uploads\/2023\/09\/WhatsApp-Image-2023-09-19-at-14.44.41-122x122.jpeg","contentUrl":"https:\/\/macite.tg\/wp-content\/uploads\/2023\/09\/WhatsApp-Image-2023-09-19-at-14.44.41-122x122.jpeg","caption":"Jean Pierre BAWELA"},"url":"https:\/\/macite.tg\/?author=2"}]}},"_links":{"self":[{"href":"https:\/\/macite.tg\/index.php?rest_route=\/wp\/v2\/posts\/19534","targetHints":{"allow":["GET"]}}],"collection":[{"href":"https:\/\/macite.tg\/index.php?rest_route=\/wp\/v2\/posts"}],"about":[{"href":"https:\/\/macite.tg\/index.php?rest_route=\/wp\/v2\/types\/post"}],"author":[{"embeddable":true,"href":"https:\/\/macite.tg\/index.php?rest_route=\/wp\/v2\/users\/2"}],"replies":[{"embeddable":true,"href":"https:\/\/macite.tg\/index.php?rest_route=%2Fwp%2Fv2%2Fcomments&post=19534"}],"version-history":[{"count":0,"href":"https:\/\/macite.tg\/index.php?rest_route=\/wp\/v2\/posts\/19534\/revisions"}],"wp:featuredmedia":[{"embeddable":true,"href":"https:\/\/macite.tg\/index.php?rest_route=\/wp\/v2\/media\/19536"}],"wp:attachment":[{"href":"https:\/\/macite.tg\/index.php?rest_route=%2Fwp%2Fv2%2Fmedia&parent=19534"}],"wp:term":[{"taxonomy":"category","embeddable":true,"href":"https:\/\/macite.tg\/index.php?rest_route=%2Fwp%2Fv2%2Fcategories&post=19534"},{"taxonomy":"post_tag","embeddable":true,"href":"https:\/\/macite.tg\/index.php?rest_route=%2Fwp%2Fv2%2Ftags&post=19534"}],"curies":[{"name":"wp","href":"https:\/\/api.w.org\/{rel}","templated":true}]}}