{"id":1951,"date":"2022-11-19T17:05:01","date_gmt":"2022-11-19T17:05:01","guid":{"rendered":"https:\/\/macite.info\/?p=1951"},"modified":"2022-11-19T17:48:39","modified_gmt":"2022-11-19T17:48:39","slug":"fat-le-recrutement-general-fixe-du-28-novembre-au-10-decembre-prochain","status":"publish","type":"post","link":"https:\/\/macite.tg\/?p=1951","title":{"rendered":"FAT\u00a0: Le recrutement g\u00e9n\u00e9ral fix\u00e9 du 28 novembre au 10 d\u00e9cembre prochain"},"content":{"rendered":"\n<p class=\"wp-block-paragraph\"><strong><em>Le gouvernement togolais, via le minist\u00e8re des Arm\u00e9es, veut renforcer les effectifs des Forces arm\u00e9es\u00a0 togolaises (FAT). Ainsi, \u00a0pour l\u2019ann\u00e9e 2023, le minist\u00e8re des Arm\u00e9es annonce un recrutement est organis\u00e9 du lundi 28 novembre au jeudi 08 d\u00e9cembre sur toute l\u2019\u00e9tendue du territoire national.<\/em><\/strong><\/p>\n\n\n<div class=\"wp-block-image\">\n<figure class=\"aligncenter size-large is-resized\"><img loading=\"lazy\" decoding=\"async\" src=\"https:\/\/macite.tg\/wp-content\/uploads\/2022\/11\/ANNONCES-1-1024x426.jpg\" alt=\"\" class=\"wp-image-1602\" width=\"775\" height=\"322\" srcset=\"https:\/\/macite.tg\/wp-content\/uploads\/2022\/11\/ANNONCES-1-1024x426.jpg 1024w, https:\/\/macite.tg\/wp-content\/uploads\/2022\/11\/ANNONCES-1-300x125.jpg 300w, https:\/\/macite.tg\/wp-content\/uploads\/2022\/11\/ANNONCES-1-768x319.jpg 768w, https:\/\/macite.tg\/wp-content\/uploads\/2022\/11\/ANNONCES-1.jpg 1080w\" sizes=\"auto, (max-width: 775px) 100vw, 775px\" \/><\/figure>\n<\/div>\n\n\n<p class=\"wp-block-paragraph\">Selon un communiqu\u00e9 du minist\u00e8re des Arm\u00e9es, \u00ab&nbsp;<em>Les candidats ayant d\u00e9pos\u00e9 leurs dossiers et ceux n\u2019ayant pas pu d\u00e9poser les dossiers \u00e0 temps, pourront se pr\u00e9senter le jour du recrutement dans leur pr\u00e9fecture d\u2019origine ou de r\u00e9sidence avec un dossier complet&nbsp;\u00bb<\/em>.<\/p>\n\n\n\n<p class=\"wp-block-paragraph\">Les postulants devront se pr\u00e9senter auxdits lieux \u00ab&nbsp;<em>en tenue de sport, munis de leur quittance et de leur carte d\u2019identit\u00e9 en cours de validit\u00e9&nbsp;\u00bb<\/em>, pr\u00e9cise la ministre Essossimna Marguerite Gnakad\u00e9.<\/p>\n\n\n\n<p class=\"wp-block-paragraph\">Rappelons que ledit recrutement avait \u00e9t\u00e9 lanc\u00e9 en ao\u00fbt dernier<\/p>\n\n\n\n<div data-wp-interactive=\"core\/file\" class=\"wp-block-file\"><object data-wp-bind--hidden=\"!state.hasPdfPreview\" hidden class=\"wp-block-file__embed\" data=\"https:\/\/macite.tg\/wp-content\/uploads\/2022\/11\/Communique-relatif-au-recrutement-general-de-militaires.pdf\" type=\"application\/pdf\" style=\"width:100%;height:600px\" aria-label=\"Contenu embarqu\u00e9 Contenu embarqu\u00e9 Communique-relatif-au-recrutement-general-de-militaires..\"><\/object><a id=\"wp-block-file--media-5f9d3a9a-41aa-442f-ab55-7a3b8e4d0d78\" href=\"https:\/\/macite.tg\/wp-content\/uploads\/2022\/11\/Communique-relatif-au-recrutement-general-de-militaires.pdf\">Communique-relatif-au-recrutement-general-de-militaires<\/a><a href=\"https:\/\/macite.tg\/wp-content\/uploads\/2022\/11\/Communique-relatif-au-recrutement-general-de-militaires.pdf\" class=\"wp-block-file__button\" download aria-describedby=\"wp-block-file--media-5f9d3a9a-41aa-442f-ab55-7a3b8e4d0d78\">T\u00e9l\u00e9charger<\/a><\/div>\n\n\n\n\n\n<p class=\"wp-block-paragraph\"><strong><em>@macite.info<\/em><\/strong><\/p>\n\n\n\n<p class=\"wp-block-paragraph\"><strong><em>E-mail&nbsp;: <\/em><\/strong><a href=\"mailto:maciteinfo@gmail.com\"><strong><em>maciteinfo@gmail.com<\/em><\/strong><\/a><strong><em>; <\/em><\/strong><a href=\"mailto:bawela1@gmail.com\"><strong><em>bawela1@gmail.com<\/em><\/strong><\/a><strong><em><\/em><\/strong><\/p>\n\n\n\n<p class=\"wp-block-paragraph\"><strong><em>Pour vos annonces, (publi)reportages, etc., joignez nous au (00228) 91515309\/<strong>79872224<\/strong><\/em><\/strong><em><\/em><\/p>\n\n\n\n<p class=\"wp-block-paragraph\"><a href=\"http:\/\/www.macite.info\"><strong><em>www.macite.info<\/em><\/strong><\/a><strong><em>, L\u2019information, la bonne&nbsp;!<\/em><\/strong><\/p>\n","protected":false},"excerpt":{"rendered":"<p class=\"text-justify mb-2\" >Le gouvernement togolais, via le minist\u00e8re des Arm\u00e9es, veut renforcer les effectifs des Forces arm\u00e9es\u00a0 togolaises (FAT). Ainsi, \u00a0pour l\u2019ann\u00e9e 2023, le minist\u00e8re des Arm\u00e9es annonce un recrutement est organis\u00e9 du lundi 28 novembre au jeudi 08 d\u00e9cembre sur toute l\u2019\u00e9tendue du territoire national. Selon [&hellip;]<\/p>\n","protected":false},"author":2,"featured_media":1953,"comment_status":"open","ping_status":"open","sticky":false,"template":"","format":"standard","meta":{"footnotes":""},"categories":[20],"tags":[],"class_list":["post-1951","post","type-post","status-publish","format-standard","has-post-thumbnail","hentry","category-actualite"],"yoast_head":"<!-- This site is optimized with the Yoast SEO plugin v28.4 - https:\/\/yoast.com\/product\/yoast-seo-wordpress\/ -->\n<title>FAT\u00a0: Le recrutement g\u00e9n\u00e9ral fix\u00e9 du 28 novembre au 10 d\u00e9cembre prochain -<\/title>\n<meta name=\"robots\" content=\"index, follow, max-snippet:-1, max-image-preview:large, max-video-preview:-1\" \/>\n<link rel=\"canonical\" href=\"https:\/\/macite.tg\/?p=1951\" \/>\n<meta property=\"og:locale\" content=\"fr_FR\" \/>\n<meta property=\"og:type\" content=\"article\" \/>\n<meta property=\"og:title\" content=\"FAT\u00a0: Le recrutement g\u00e9n\u00e9ral fix\u00e9 du 28 novembre au 10 d\u00e9cembre prochain -\" \/>\n<meta property=\"og:description\" content=\"Le gouvernement togolais, via le minist\u00e8re des Arm\u00e9es, veut renforcer les effectifs des Forces arm\u00e9es\u00a0 togolaises (FAT). Ainsi, \u00a0pour l\u2019ann\u00e9e 2023, le minist\u00e8re des Arm\u00e9es annonce un recrutement est organis\u00e9 du lundi 28 novembre au jeudi 08 d\u00e9cembre sur toute l\u2019\u00e9tendue du territoire national. Selon [&hellip;]\" \/>\n<meta property=\"og:url\" content=\"https:\/\/macite.tg\/?p=1951\" \/>\n<meta property=\"article:published_time\" content=\"2022-11-19T17:05:01+00:00\" \/>\n<meta property=\"article:modified_time\" content=\"2022-11-19T17:48:39+00:00\" \/>\n<meta property=\"og:image\" content=\"https:\/\/macite.tg\/wp-content\/uploads\/2022\/11\/Recrutement.jpg\" \/>\n\t<meta property=\"og:image:width\" content=\"1920\" \/>\n\t<meta property=\"og:image:height\" content=\"1080\" \/>\n\t<meta property=\"og:image:type\" content=\"image\/jpeg\" \/>\n<meta name=\"author\" content=\"Jean Pierre BAWELA\" \/>\n<meta name=\"twitter:card\" content=\"summary_large_image\" \/>\n<meta name=\"twitter:label1\" content=\"\u00c9crit par\" \/>\n\t<meta name=\"twitter:data1\" content=\"Jean Pierre BAWELA\" \/>\n\t<meta name=\"twitter:label2\" content=\"Dur\u00e9e de lecture estim\u00e9e\" \/>\n\t<meta name=\"twitter:data2\" content=\"2 minutes\" \/>\n<script type=\"application\/ld+json\" class=\"yoast-schema-graph\">{\"@context\":\"https:\\\/\\\/schema.org\",\"@graph\":[{\"@type\":\"Article\",\"@id\":\"https:\\\/\\\/macite.tg\\\/?p=1951#article\",\"isPartOf\":{\"@id\":\"https:\\\/\\\/macite.tg\\\/?p=1951\"},\"author\":{\"name\":\"Jean Pierre BAWELA\",\"@id\":\"https:\\\/\\\/macite.tg\\\/#\\\/schema\\\/person\\\/e9f2de7e5dbbe7770a9402c7ce82f5c2\"},\"headline\":\"FAT\u00a0: Le recrutement g\u00e9n\u00e9ral fix\u00e9 du 28 novembre au 10 d\u00e9cembre prochain\",\"datePublished\":\"2022-11-19T17:05:01+00:00\",\"dateModified\":\"2022-11-19T17:48:39+00:00\",\"mainEntityOfPage\":{\"@id\":\"https:\\\/\\\/macite.tg\\\/?p=1951\"},\"wordCount\":191,\"commentCount\":0,\"image\":{\"@id\":\"https:\\\/\\\/macite.tg\\\/?p=1951#primaryimage\"},\"thumbnailUrl\":\"https:\\\/\\\/macite.tg\\\/wp-content\\\/uploads\\\/2022\\\/11\\\/Recrutement.jpg\",\"articleSection\":[\"ACTUALITE\"],\"inLanguage\":\"fr-FR\",\"potentialAction\":[{\"@type\":\"CommentAction\",\"name\":\"Comment\",\"target\":[\"https:\\\/\\\/macite.tg\\\/?p=1951#respond\"]}]},{\"@type\":\"WebPage\",\"@id\":\"https:\\\/\\\/macite.tg\\\/?p=1951\",\"url\":\"https:\\\/\\\/macite.tg\\\/?p=1951\",\"name\":\"FAT\u00a0: Le recrutement g\u00e9n\u00e9ral fix\u00e9 du 28 novembre au 10 d\u00e9cembre prochain -\",\"isPartOf\":{\"@id\":\"https:\\\/\\\/macite.tg\\\/#website\"},\"primaryImageOfPage\":{\"@id\":\"https:\\\/\\\/macite.tg\\\/?p=1951#primaryimage\"},\"image\":{\"@id\":\"https:\\\/\\\/macite.tg\\\/?p=1951#primaryimage\"},\"thumbnailUrl\":\"https:\\\/\\\/macite.tg\\\/wp-content\\\/uploads\\\/2022\\\/11\\\/Recrutement.jpg\",\"datePublished\":\"2022-11-19T17:05:01+00:00\",\"dateModified\":\"2022-11-19T17:48:39+00:00\",\"author\":{\"@id\":\"https:\\\/\\\/macite.tg\\\/#\\\/schema\\\/person\\\/e9f2de7e5dbbe7770a9402c7ce82f5c2\"},\"breadcrumb\":{\"@id\":\"https:\\\/\\\/macite.tg\\\/?p=1951#breadcrumb\"},\"inLanguage\":\"fr-FR\",\"potentialAction\":[{\"@type\":\"ReadAction\",\"target\":[\"https:\\\/\\\/macite.tg\\\/?p=1951\"]}]},{\"@type\":\"ImageObject\",\"inLanguage\":\"fr-FR\",\"@id\":\"https:\\\/\\\/macite.tg\\\/?p=1951#primaryimage\",\"url\":\"https:\\\/\\\/macite.tg\\\/wp-content\\\/uploads\\\/2022\\\/11\\\/Recrutement.jpg\",\"contentUrl\":\"https:\\\/\\\/macite.tg\\\/wp-content\\\/uploads\\\/2022\\\/11\\\/Recrutement.jpg\",\"width\":1920,\"height\":1080},{\"@type\":\"BreadcrumbList\",\"@id\":\"https:\\\/\\\/macite.tg\\\/?p=1951#breadcrumb\",\"itemListElement\":[{\"@type\":\"ListItem\",\"position\":1,\"name\":\"Accueil\",\"item\":\"https:\\\/\\\/macite.tg\\\/\"},{\"@type\":\"ListItem\",\"position\":2,\"name\":\"FAT\u00a0: Le recrutement g\u00e9n\u00e9ral fix\u00e9 du 28 novembre au 10 d\u00e9cembre prochain\"}]},{\"@type\":\"WebSite\",\"@id\":\"https:\\\/\\\/macite.tg\\\/#website\",\"url\":\"https:\\\/\\\/macite.tg\\\/\",\"name\":\"\",\"description\":\"L&#039;information, la bonne!!!\",\"potentialAction\":[{\"@type\":\"SearchAction\",\"target\":{\"@type\":\"EntryPoint\",\"urlTemplate\":\"https:\\\/\\\/macite.tg\\\/?s={search_term_string}\"},\"query-input\":{\"@type\":\"PropertyValueSpecification\",\"valueRequired\":true,\"valueName\":\"search_term_string\"}}],\"inLanguage\":\"fr-FR\"},{\"@type\":\"Person\",\"@id\":\"https:\\\/\\\/macite.tg\\\/#\\\/schema\\\/person\\\/e9f2de7e5dbbe7770a9402c7ce82f5c2\",\"name\":\"Jean Pierre BAWELA\",\"image\":{\"@type\":\"ImageObject\",\"inLanguage\":\"fr-FR\",\"@id\":\"https:\\\/\\\/macite.tg\\\/wp-content\\\/uploads\\\/2023\\\/09\\\/WhatsApp-Image-2023-09-19-at-14.44.41-122x122.jpeg\",\"url\":\"https:\\\/\\\/macite.tg\\\/wp-content\\\/uploads\\\/2023\\\/09\\\/WhatsApp-Image-2023-09-19-at-14.44.41-122x122.jpeg\",\"contentUrl\":\"https:\\\/\\\/macite.tg\\\/wp-content\\\/uploads\\\/2023\\\/09\\\/WhatsApp-Image-2023-09-19-at-14.44.41-122x122.jpeg\",\"caption\":\"Jean Pierre BAWELA\"},\"url\":\"https:\\\/\\\/macite.tg\\\/?author=2\"}]}<\/script>\n<!-- \/ Yoast SEO plugin. -->","yoast_head_json":{"title":"FAT\u00a0: Le recrutement g\u00e9n\u00e9ral fix\u00e9 du 28 novembre au 10 d\u00e9cembre prochain -","robots":{"index":"index","follow":"follow","max-snippet":"max-snippet:-1","max-image-preview":"max-image-preview:large","max-video-preview":"max-video-preview:-1"},"canonical":"https:\/\/macite.tg\/?p=1951","og_locale":"fr_FR","og_type":"article","og_title":"FAT\u00a0: Le recrutement g\u00e9n\u00e9ral fix\u00e9 du 28 novembre au 10 d\u00e9cembre prochain -","og_description":"Le gouvernement togolais, via le minist\u00e8re des Arm\u00e9es, veut renforcer les effectifs des Forces arm\u00e9es\u00a0 togolaises (FAT). Ainsi, \u00a0pour l\u2019ann\u00e9e 2023, le minist\u00e8re des Arm\u00e9es annonce un recrutement est organis\u00e9 du lundi 28 novembre au jeudi 08 d\u00e9cembre sur toute l\u2019\u00e9tendue du territoire national. Selon [&hellip;]","og_url":"https:\/\/macite.tg\/?p=1951","article_published_time":"2022-11-19T17:05:01+00:00","article_modified_time":"2022-11-19T17:48:39+00:00","og_image":[{"width":1920,"height":1080,"url":"https:\/\/macite.tg\/wp-content\/uploads\/2022\/11\/Recrutement.jpg","type":"image\/jpeg"}],"author":"Jean Pierre BAWELA","twitter_card":"summary_large_image","twitter_misc":{"\u00c9crit par":"Jean Pierre BAWELA","Dur\u00e9e de lecture estim\u00e9e":"2 minutes"},"schema":{"@context":"https:\/\/schema.org","@graph":[{"@type":"Article","@id":"https:\/\/macite.tg\/?p=1951#article","isPartOf":{"@id":"https:\/\/macite.tg\/?p=1951"},"author":{"name":"Jean Pierre BAWELA","@id":"https:\/\/macite.tg\/#\/schema\/person\/e9f2de7e5dbbe7770a9402c7ce82f5c2"},"headline":"FAT\u00a0: Le recrutement g\u00e9n\u00e9ral fix\u00e9 du 28 novembre au 10 d\u00e9cembre prochain","datePublished":"2022-11-19T17:05:01+00:00","dateModified":"2022-11-19T17:48:39+00:00","mainEntityOfPage":{"@id":"https:\/\/macite.tg\/?p=1951"},"wordCount":191,"commentCount":0,"image":{"@id":"https:\/\/macite.tg\/?p=1951#primaryimage"},"thumbnailUrl":"https:\/\/macite.tg\/wp-content\/uploads\/2022\/11\/Recrutement.jpg","articleSection":["ACTUALITE"],"inLanguage":"fr-FR","potentialAction":[{"@type":"CommentAction","name":"Comment","target":["https:\/\/macite.tg\/?p=1951#respond"]}]},{"@type":"WebPage","@id":"https:\/\/macite.tg\/?p=1951","url":"https:\/\/macite.tg\/?p=1951","name":"FAT\u00a0: Le recrutement g\u00e9n\u00e9ral fix\u00e9 du 28 novembre au 10 d\u00e9cembre prochain -","isPartOf":{"@id":"https:\/\/macite.tg\/#website"},"primaryImageOfPage":{"@id":"https:\/\/macite.tg\/?p=1951#primaryimage"},"image":{"@id":"https:\/\/macite.tg\/?p=1951#primaryimage"},"thumbnailUrl":"https:\/\/macite.tg\/wp-content\/uploads\/2022\/11\/Recrutement.jpg","datePublished":"2022-11-19T17:05:01+00:00","dateModified":"2022-11-19T17:48:39+00:00","author":{"@id":"https:\/\/macite.tg\/#\/schema\/person\/e9f2de7e5dbbe7770a9402c7ce82f5c2"},"breadcrumb":{"@id":"https:\/\/macite.tg\/?p=1951#breadcrumb"},"inLanguage":"fr-FR","potentialAction":[{"@type":"ReadAction","target":["https:\/\/macite.tg\/?p=1951"]}]},{"@type":"ImageObject","inLanguage":"fr-FR","@id":"https:\/\/macite.tg\/?p=1951#primaryimage","url":"https:\/\/macite.tg\/wp-content\/uploads\/2022\/11\/Recrutement.jpg","contentUrl":"https:\/\/macite.tg\/wp-content\/uploads\/2022\/11\/Recrutement.jpg","width":1920,"height":1080},{"@type":"BreadcrumbList","@id":"https:\/\/macite.tg\/?p=1951#breadcrumb","itemListElement":[{"@type":"ListItem","position":1,"name":"Accueil","item":"https:\/\/macite.tg\/"},{"@type":"ListItem","position":2,"name":"FAT\u00a0: Le recrutement g\u00e9n\u00e9ral fix\u00e9 du 28 novembre au 10 d\u00e9cembre prochain"}]},{"@type":"WebSite","@id":"https:\/\/macite.tg\/#website","url":"https:\/\/macite.tg\/","name":"","description":"L&#039;information, la bonne!!!","potentialAction":[{"@type":"SearchAction","target":{"@type":"EntryPoint","urlTemplate":"https:\/\/macite.tg\/?s={search_term_string}"},"query-input":{"@type":"PropertyValueSpecification","valueRequired":true,"valueName":"search_term_string"}}],"inLanguage":"fr-FR"},{"@type":"Person","@id":"https:\/\/macite.tg\/#\/schema\/person\/e9f2de7e5dbbe7770a9402c7ce82f5c2","name":"Jean Pierre BAWELA","image":{"@type":"ImageObject","inLanguage":"fr-FR","@id":"https:\/\/macite.tg\/wp-content\/uploads\/2023\/09\/WhatsApp-Image-2023-09-19-at-14.44.41-122x122.jpeg","url":"https:\/\/macite.tg\/wp-content\/uploads\/2023\/09\/WhatsApp-Image-2023-09-19-at-14.44.41-122x122.jpeg","contentUrl":"https:\/\/macite.tg\/wp-content\/uploads\/2023\/09\/WhatsApp-Image-2023-09-19-at-14.44.41-122x122.jpeg","caption":"Jean Pierre BAWELA"},"url":"https:\/\/macite.tg\/?author=2"}]}},"_links":{"self":[{"href":"https:\/\/macite.tg\/index.php?rest_route=\/wp\/v2\/posts\/1951","targetHints":{"allow":["GET"]}}],"collection":[{"href":"https:\/\/macite.tg\/index.php?rest_route=\/wp\/v2\/posts"}],"about":[{"href":"https:\/\/macite.tg\/index.php?rest_route=\/wp\/v2\/types\/post"}],"author":[{"embeddable":true,"href":"https:\/\/macite.tg\/index.php?rest_route=\/wp\/v2\/users\/2"}],"replies":[{"embeddable":true,"href":"https:\/\/macite.tg\/index.php?rest_route=%2Fwp%2Fv2%2Fcomments&post=1951"}],"version-history":[{"count":0,"href":"https:\/\/macite.tg\/index.php?rest_route=\/wp\/v2\/posts\/1951\/revisions"}],"wp:featuredmedia":[{"embeddable":true,"href":"https:\/\/macite.tg\/index.php?rest_route=\/wp\/v2\/media\/1953"}],"wp:attachment":[{"href":"https:\/\/macite.tg\/index.php?rest_route=%2Fwp%2Fv2%2Fmedia&parent=1951"}],"wp:term":[{"taxonomy":"category","embeddable":true,"href":"https:\/\/macite.tg\/index.php?rest_route=%2Fwp%2Fv2%2Fcategories&post=1951"},{"taxonomy":"post_tag","embeddable":true,"href":"https:\/\/macite.tg\/index.php?rest_route=%2Fwp%2Fv2%2Ftags&post=1951"}],"curies":[{"name":"wp","href":"https:\/\/api.w.org\/{rel}","templated":true}]}}