{"id":19507,"date":"2025-01-21T17:27:35","date_gmt":"2025-01-21T17:27:35","guid":{"rendered":"https:\/\/macite.tg\/?p=19507"},"modified":"2025-01-21T17:27:48","modified_gmt":"2025-01-21T17:27:48","slug":"ligue-des-champions-benfica-barca-liverpool-lille-tout-le-programme-de-ce-mardi","status":"publish","type":"post","link":"https:\/\/macite.tg\/?p=19507","title":{"rendered":"LIGUE DES CHAMPIONS : Benfica- Barca, Liverpool \u2013 Lille&#8230;, Tout le programme de ce mardi"},"content":{"rendered":"\n<p class=\"wp-block-paragraph\"><strong><em>C\u2019est ce mardi que d\u00e9bute la 7e journ\u00e9e de la Ligue des Champions. Au programme, neuf rencontres vont se jouer ce jour \u00e0 compter de 17h45, avec en ouverture Monaco qui offre ses installations au club anglais d\u2019Aston Villa. Les Fran\u00e7ais auront \u00e0 c\u0153ur de se relancer dans cette comp\u00e9tition qui ne les r\u00e9ussi pas. A 21h, Lille se d\u00e9place \u00e0 Anfield pour d\u00e9fier Liverpool de Mohamed Salah. Le choc de la soir\u00e9e va opposer l\u2019Atletico Madrid au Bayer Leverkusen, mais entretemps, le Bar\u00e7a et en d\u00e9placement chez Benfica \u00e0 Lisbonne. Voici le programme complet de la soir\u00e9e.<\/em><\/strong> <\/p>\n\n\n\n<p class=\"wp-block-paragraph\"><strong>Les matchs de 17h45 :<\/strong><\/p>\n\n\n\n<p class=\"wp-block-paragraph\">Atalanta \u2013 Sturm Graz<\/p>\n\n\n\n<p class=\"wp-block-paragraph\">Monaco \u2013 Aston Villa<\/p>\n\n\n\n<p class=\"wp-block-paragraph\"><strong>Les matchs de 20h :<\/strong><\/p>\n\n\n\n<p class=\"wp-block-paragraph\">Atletico Madrid \u2013 Leverkusen<\/p>\n\n\n\n<p class=\"wp-block-paragraph\">Benfica \u2013 FC Barcelone<\/p>\n\n\n<div class=\"wp-block-image\">\n<figure class=\"aligncenter size-full is-resized\"><img loading=\"lazy\" decoding=\"async\" width=\"690\" height=\"170\" src=\"https:\/\/macite.tg\/wp-content\/uploads\/2025\/01\/IMG-20240313-WA0013-1.jpg\" alt=\"\" class=\"wp-image-19485\" style=\"width:840px;height:auto\" srcset=\"https:\/\/macite.tg\/wp-content\/uploads\/2025\/01\/IMG-20240313-WA0013-1.jpg 690w, https:\/\/macite.tg\/wp-content\/uploads\/2025\/01\/IMG-20240313-WA0013-1-300x74.jpg 300w\" sizes=\"auto, (max-width: 690px) 100vw, 690px\" \/><\/figure>\n<\/div>\n\n\n<p class=\"wp-block-paragraph\">Bologne \u2013 Dortmund<\/p>\n\n\n\n<p class=\"wp-block-paragraph\">Bruges \u2013 Juventus<\/p>\n\n\n\n<p class=\"wp-block-paragraph\">Etoile Rouge \u2013 PSV Eindhoven<\/p>\n\n\n\n<p class=\"wp-block-paragraph\">Liverpool \u2013 Lille<\/p>\n\n\n\n<p class=\"wp-block-paragraph\">Slovan Bratislava \u2013 Stuttgart<\/p>\n\n\n\n<p class=\"wp-block-paragraph\"><strong>Les enjeux<\/strong><\/p>\n\n\n\n<p class=\"wp-block-paragraph\"><strong>Monaco \u2013 Aston Villa<\/strong><\/p>\n\n\n\n<p class=\"wp-block-paragraph\">Apr\u00e8s deux d\u00e9faites cons\u00e9cutives dans la comp\u00e9tition face Benfica et Arsenal, l\u2019AS Monaco, 14e au classement avec 10points, est dans l\u2019obligation de faire un bon r\u00e9sultat ce soir pour esp\u00e9rer se qualifier pour les 1\/16 de finales de la ligue des champions.<\/p>\n\n\n\n<p class=\"wp-block-paragraph\">Les co\u00e9quipiers de Lamine Camara avait pourtant bien d\u00e9but\u00e9 la comp\u00e9tition, en remportant trois de leurs quatre premi\u00e8res rencontres, dont une victoire contre le Barca.<\/p>\n\n\n\n<p class=\"wp-block-paragraph\"><strong>Atletico Madrid \u2013 Leverkusen<\/strong><\/p>\n\n\n\n<p class=\"wp-block-paragraph\">Les Colchoneros re\u00e7oivent le Bayer Leverkusen ce mardi au Wanda Metropolitano. L\u2019\u00e9quipe de Di\u00e9go Simeone, 11e au classement avec 11 points, peut r\u00e9aliser une belle option si elle bat les allemands, qui sont 4e au classement avec 13 points.<\/p>\n\n\n\n<p class=\"wp-block-paragraph\">Cependant, les co\u00e9quipiers de Griezmann qui ont perdu le week-end en Liga face \u00e0 Alaves, mettant ainsi fin \u00e0 leur s\u00e9rie d\u2019invincibilit\u00e9 de 15 rencontres, vont devoir sortir le grand jeu face \u00e0 l\u2019\u00e9quipe de Xabi Alonso, qui est une s\u00e9rie de 12 victoires toutes comp\u00e9titions confondues.<\/p>\n\n\n<div class=\"wp-block-image\">\n<figure class=\"aligncenter size-large is-resized\"><img loading=\"lazy\" decoding=\"async\" width=\"1024\" height=\"1024\" src=\"https:\/\/macite.tg\/wp-content\/uploads\/2025\/01\/OTR_e-timbre-fiscal-1-1024x1024.jpg\" alt=\"\" class=\"wp-image-19340\" style=\"width:652px;height:auto\" srcset=\"https:\/\/macite.tg\/wp-content\/uploads\/2025\/01\/OTR_e-timbre-fiscal-1-1024x1024.jpg 1024w, https:\/\/macite.tg\/wp-content\/uploads\/2025\/01\/OTR_e-timbre-fiscal-1-300x300.jpg 300w, https:\/\/macite.tg\/wp-content\/uploads\/2025\/01\/OTR_e-timbre-fiscal-1-150x150.jpg 150w, https:\/\/macite.tg\/wp-content\/uploads\/2025\/01\/OTR_e-timbre-fiscal-1-768x768.jpg 768w, https:\/\/macite.tg\/wp-content\/uploads\/2025\/01\/OTR_e-timbre-fiscal-1-1536x1536.jpg 1536w, https:\/\/macite.tg\/wp-content\/uploads\/2025\/01\/OTR_e-timbre-fiscal-1-122x122.jpg 122w, https:\/\/macite.tg\/wp-content\/uploads\/2025\/01\/OTR_e-timbre-fiscal-1.jpg 2048w\" sizes=\"auto, (max-width: 1024px) 100vw, 1024px\" \/><\/figure>\n<\/div>\n\n\n<p class=\"wp-block-paragraph\"><strong>Benfica \u2013 FC Barcelone<\/strong><\/p>\n\n\n\n<p class=\"wp-block-paragraph\">Le FC Barcelone doit rebondir contre Benfica, en Ligue des champions, apr\u00e8s une s\u00e9rie de mauvais r\u00e9sultats en Liga.<\/p>\n\n\n\n<p class=\"wp-block-paragraph\">Incapable de s\u2019imposer \u00e0 Getafe pour la cinqui\u00e8me saison cons\u00e9cutive samedi dernier (1-1), les Catalans n\u2019ont remport\u00e9 qu\u2019un seul de leurs huit derniers matches de championnat, se laissant distancer par leurs rivaux du Real Madrid et de l\u2019Atletico Madrid.<\/p>\n\n\n\n<p class=\"wp-block-paragraph\">De son c\u00f4t\u00e9, Benfica veut cr\u00e9er la surprise face au FC Barcelone, pour esp\u00e9rer au moins se qualifier pour le barrage. Le club portugais a enregistr\u00e9, dans cette comp\u00e9tition trois victoire, un match nul et deux d\u00e9faites. C\u2019est une rencontre importante pour Angel Dimaria, qui en cas de passe d\u00e9cisive va \u00e9galer Cristiano Ronaldo.<\/p>\n\n\n\n<p class=\"wp-block-paragraph\"><strong><em>Affaire \u00e0 suivre\u2026<\/em><\/strong><\/p>\n\n\n\n<p class=\"wp-block-paragraph\"><strong>Avec SeneNews<\/strong><\/p>\n\n\n\n<p class=\"wp-block-paragraph\"><a><strong><em>@macite.tg&nbsp;&nbsp;&nbsp;&nbsp;&nbsp;&nbsp;&nbsp;&nbsp;<\/em><\/strong><\/a><\/p>\n\n\n\n<p class=\"wp-block-paragraph\"><strong><em>E-mail&nbsp;: <\/em><\/strong><a href=\"mailto:maciteinfo@gmail.com\"><strong><em>maciteinfo@gmail.com<\/em><\/strong><\/a><strong><em>; <\/em><\/strong><a href=\"mailto:bawela1@gmail.com\"><strong><em>bawela1@gmail.com<\/em><\/strong><\/a><strong><em><\/em><\/strong><\/p>\n\n\n\n<p class=\"wp-block-paragraph\"><strong><em>Pour vos annonces, (publi)reportages, etc., joignez-nous au (00228)91515309\/<strong>79872224 <\/strong>www.macite.tg, L\u2019information, la bonne&nbsp;!<\/em><\/strong><\/p>\n","protected":false},"excerpt":{"rendered":"<p class=\"text-justify mb-2\" >C\u2019est ce mardi que d\u00e9bute la 7e journ\u00e9e de la Ligue des Champions. Au programme, neuf rencontres vont se jouer ce jour \u00e0 compter de 17h45, avec en ouverture Monaco qui offre ses installations au club anglais d\u2019Aston Villa. Les Fran\u00e7ais auront \u00e0 c\u0153ur de [&hellip;]<\/p>\n","protected":false},"author":2,"featured_media":19508,"comment_status":"open","ping_status":"open","sticky":false,"template":"","format":"standard","meta":{"footnotes":""},"categories":[20,63,7],"tags":[],"class_list":["post-19507","post","type-post","status-publish","format-standard","has-post-thumbnail","hentry","category-actualite","category-football","category-sports"],"yoast_head":"<!-- This site is optimized with the Yoast SEO plugin v28.4 - https:\/\/yoast.com\/product\/yoast-seo-wordpress\/ -->\n<title>LIGUE DES CHAMPIONS : Benfica- Barca, Liverpool \u2013 Lille..., Tout le programme de ce mardi -<\/title>\n<meta name=\"robots\" content=\"index, follow, max-snippet:-1, max-image-preview:large, max-video-preview:-1\" \/>\n<link rel=\"canonical\" href=\"https:\/\/macite.tg\/?p=19507\" \/>\n<meta property=\"og:locale\" content=\"fr_FR\" \/>\n<meta property=\"og:type\" content=\"article\" \/>\n<meta property=\"og:title\" content=\"LIGUE DES CHAMPIONS : Benfica- Barca, Liverpool \u2013 Lille..., Tout le programme de ce mardi -\" \/>\n<meta property=\"og:description\" content=\"C\u2019est ce mardi que d\u00e9bute la 7e journ\u00e9e de la Ligue des Champions. Au programme, neuf rencontres vont se jouer ce jour \u00e0 compter de 17h45, avec en ouverture Monaco qui offre ses installations au club anglais d\u2019Aston Villa. Les Fran\u00e7ais auront \u00e0 c\u0153ur de [&hellip;]\" \/>\n<meta property=\"og:url\" content=\"https:\/\/macite.tg\/?p=19507\" \/>\n<meta property=\"article:published_time\" content=\"2025-01-21T17:27:35+00:00\" \/>\n<meta property=\"article:modified_time\" content=\"2025-01-21T17:27:48+00:00\" \/>\n<meta property=\"og:image\" content=\"https:\/\/macite.tg\/wp-content\/uploads\/2025\/01\/image-72.png\" \/>\n\t<meta property=\"og:image:width\" content=\"411\" \/>\n\t<meta property=\"og:image:height\" content=\"263\" \/>\n\t<meta property=\"og:image:type\" content=\"image\/png\" \/>\n<meta name=\"author\" content=\"Jean Pierre BAWELA\" \/>\n<meta name=\"twitter:card\" content=\"summary_large_image\" \/>\n<meta name=\"twitter:label1\" content=\"\u00c9crit par\" \/>\n\t<meta name=\"twitter:data1\" content=\"Jean Pierre BAWELA\" \/>\n\t<meta name=\"twitter:label2\" content=\"Dur\u00e9e de lecture estim\u00e9e\" \/>\n\t<meta name=\"twitter:data2\" content=\"3 minutes\" \/>\n<script type=\"application\/ld+json\" class=\"yoast-schema-graph\">{\"@context\":\"https:\\\/\\\/schema.org\",\"@graph\":[{\"@type\":\"Article\",\"@id\":\"https:\\\/\\\/macite.tg\\\/?p=19507#article\",\"isPartOf\":{\"@id\":\"https:\\\/\\\/macite.tg\\\/?p=19507\"},\"author\":{\"name\":\"Jean Pierre BAWELA\",\"@id\":\"https:\\\/\\\/macite.tg\\\/#\\\/schema\\\/person\\\/e9f2de7e5dbbe7770a9402c7ce82f5c2\"},\"headline\":\"LIGUE DES CHAMPIONS : Benfica- Barca, Liverpool \u2013 Lille&#8230;, Tout le programme de ce mardi\",\"datePublished\":\"2025-01-21T17:27:35+00:00\",\"dateModified\":\"2025-01-21T17:27:48+00:00\",\"mainEntityOfPage\":{\"@id\":\"https:\\\/\\\/macite.tg\\\/?p=19507\"},\"wordCount\":498,\"commentCount\":0,\"image\":{\"@id\":\"https:\\\/\\\/macite.tg\\\/?p=19507#primaryimage\"},\"thumbnailUrl\":\"https:\\\/\\\/macite.tg\\\/wp-content\\\/uploads\\\/2025\\\/01\\\/image-72.png\",\"articleSection\":[\"ACTUALITE\",\"FOOTBALL\",\"SPORTS\"],\"inLanguage\":\"fr-FR\",\"potentialAction\":[{\"@type\":\"CommentAction\",\"name\":\"Comment\",\"target\":[\"https:\\\/\\\/macite.tg\\\/?p=19507#respond\"]}]},{\"@type\":\"WebPage\",\"@id\":\"https:\\\/\\\/macite.tg\\\/?p=19507\",\"url\":\"https:\\\/\\\/macite.tg\\\/?p=19507\",\"name\":\"LIGUE DES CHAMPIONS : Benfica- Barca, Liverpool \u2013 Lille..., Tout le programme de ce mardi -\",\"isPartOf\":{\"@id\":\"https:\\\/\\\/macite.tg\\\/#website\"},\"primaryImageOfPage\":{\"@id\":\"https:\\\/\\\/macite.tg\\\/?p=19507#primaryimage\"},\"image\":{\"@id\":\"https:\\\/\\\/macite.tg\\\/?p=19507#primaryimage\"},\"thumbnailUrl\":\"https:\\\/\\\/macite.tg\\\/wp-content\\\/uploads\\\/2025\\\/01\\\/image-72.png\",\"datePublished\":\"2025-01-21T17:27:35+00:00\",\"dateModified\":\"2025-01-21T17:27:48+00:00\",\"author\":{\"@id\":\"https:\\\/\\\/macite.tg\\\/#\\\/schema\\\/person\\\/e9f2de7e5dbbe7770a9402c7ce82f5c2\"},\"breadcrumb\":{\"@id\":\"https:\\\/\\\/macite.tg\\\/?p=19507#breadcrumb\"},\"inLanguage\":\"fr-FR\",\"potentialAction\":[{\"@type\":\"ReadAction\",\"target\":[\"https:\\\/\\\/macite.tg\\\/?p=19507\"]}]},{\"@type\":\"ImageObject\",\"inLanguage\":\"fr-FR\",\"@id\":\"https:\\\/\\\/macite.tg\\\/?p=19507#primaryimage\",\"url\":\"https:\\\/\\\/macite.tg\\\/wp-content\\\/uploads\\\/2025\\\/01\\\/image-72.png\",\"contentUrl\":\"https:\\\/\\\/macite.tg\\\/wp-content\\\/uploads\\\/2025\\\/01\\\/image-72.png\",\"width\":411,\"height\":263},{\"@type\":\"BreadcrumbList\",\"@id\":\"https:\\\/\\\/macite.tg\\\/?p=19507#breadcrumb\",\"itemListElement\":[{\"@type\":\"ListItem\",\"position\":1,\"name\":\"Accueil\",\"item\":\"https:\\\/\\\/macite.tg\\\/\"},{\"@type\":\"ListItem\",\"position\":2,\"name\":\"LIGUE DES CHAMPIONS : Benfica- Barca, Liverpool \u2013 Lille&#8230;, Tout le programme de ce mardi\"}]},{\"@type\":\"WebSite\",\"@id\":\"https:\\\/\\\/macite.tg\\\/#website\",\"url\":\"https:\\\/\\\/macite.tg\\\/\",\"name\":\"\",\"description\":\"L&#039;information, la bonne!!!\",\"potentialAction\":[{\"@type\":\"SearchAction\",\"target\":{\"@type\":\"EntryPoint\",\"urlTemplate\":\"https:\\\/\\\/macite.tg\\\/?s={search_term_string}\"},\"query-input\":{\"@type\":\"PropertyValueSpecification\",\"valueRequired\":true,\"valueName\":\"search_term_string\"}}],\"inLanguage\":\"fr-FR\"},{\"@type\":\"Person\",\"@id\":\"https:\\\/\\\/macite.tg\\\/#\\\/schema\\\/person\\\/e9f2de7e5dbbe7770a9402c7ce82f5c2\",\"name\":\"Jean Pierre BAWELA\",\"image\":{\"@type\":\"ImageObject\",\"inLanguage\":\"fr-FR\",\"@id\":\"https:\\\/\\\/macite.tg\\\/wp-content\\\/uploads\\\/2023\\\/09\\\/WhatsApp-Image-2023-09-19-at-14.44.41-122x122.jpeg\",\"url\":\"https:\\\/\\\/macite.tg\\\/wp-content\\\/uploads\\\/2023\\\/09\\\/WhatsApp-Image-2023-09-19-at-14.44.41-122x122.jpeg\",\"contentUrl\":\"https:\\\/\\\/macite.tg\\\/wp-content\\\/uploads\\\/2023\\\/09\\\/WhatsApp-Image-2023-09-19-at-14.44.41-122x122.jpeg\",\"caption\":\"Jean Pierre BAWELA\"},\"url\":\"https:\\\/\\\/macite.tg\\\/?author=2\"}]}<\/script>\n<!-- \/ Yoast SEO plugin. -->","yoast_head_json":{"title":"LIGUE DES CHAMPIONS : Benfica- Barca, Liverpool \u2013 Lille..., Tout le programme de ce mardi -","robots":{"index":"index","follow":"follow","max-snippet":"max-snippet:-1","max-image-preview":"max-image-preview:large","max-video-preview":"max-video-preview:-1"},"canonical":"https:\/\/macite.tg\/?p=19507","og_locale":"fr_FR","og_type":"article","og_title":"LIGUE DES CHAMPIONS : Benfica- Barca, Liverpool \u2013 Lille..., Tout le programme de ce mardi -","og_description":"C\u2019est ce mardi que d\u00e9bute la 7e journ\u00e9e de la Ligue des Champions. Au programme, neuf rencontres vont se jouer ce jour \u00e0 compter de 17h45, avec en ouverture Monaco qui offre ses installations au club anglais d\u2019Aston Villa. Les Fran\u00e7ais auront \u00e0 c\u0153ur de [&hellip;]","og_url":"https:\/\/macite.tg\/?p=19507","article_published_time":"2025-01-21T17:27:35+00:00","article_modified_time":"2025-01-21T17:27:48+00:00","og_image":[{"width":411,"height":263,"url":"https:\/\/macite.tg\/wp-content\/uploads\/2025\/01\/image-72.png","type":"image\/png"}],"author":"Jean Pierre BAWELA","twitter_card":"summary_large_image","twitter_misc":{"\u00c9crit par":"Jean Pierre BAWELA","Dur\u00e9e de lecture estim\u00e9e":"3 minutes"},"schema":{"@context":"https:\/\/schema.org","@graph":[{"@type":"Article","@id":"https:\/\/macite.tg\/?p=19507#article","isPartOf":{"@id":"https:\/\/macite.tg\/?p=19507"},"author":{"name":"Jean Pierre BAWELA","@id":"https:\/\/macite.tg\/#\/schema\/person\/e9f2de7e5dbbe7770a9402c7ce82f5c2"},"headline":"LIGUE DES CHAMPIONS : Benfica- Barca, Liverpool \u2013 Lille&#8230;, Tout le programme de ce mardi","datePublished":"2025-01-21T17:27:35+00:00","dateModified":"2025-01-21T17:27:48+00:00","mainEntityOfPage":{"@id":"https:\/\/macite.tg\/?p=19507"},"wordCount":498,"commentCount":0,"image":{"@id":"https:\/\/macite.tg\/?p=19507#primaryimage"},"thumbnailUrl":"https:\/\/macite.tg\/wp-content\/uploads\/2025\/01\/image-72.png","articleSection":["ACTUALITE","FOOTBALL","SPORTS"],"inLanguage":"fr-FR","potentialAction":[{"@type":"CommentAction","name":"Comment","target":["https:\/\/macite.tg\/?p=19507#respond"]}]},{"@type":"WebPage","@id":"https:\/\/macite.tg\/?p=19507","url":"https:\/\/macite.tg\/?p=19507","name":"LIGUE DES CHAMPIONS : Benfica- Barca, Liverpool \u2013 Lille..., Tout le programme de ce mardi -","isPartOf":{"@id":"https:\/\/macite.tg\/#website"},"primaryImageOfPage":{"@id":"https:\/\/macite.tg\/?p=19507#primaryimage"},"image":{"@id":"https:\/\/macite.tg\/?p=19507#primaryimage"},"thumbnailUrl":"https:\/\/macite.tg\/wp-content\/uploads\/2025\/01\/image-72.png","datePublished":"2025-01-21T17:27:35+00:00","dateModified":"2025-01-21T17:27:48+00:00","author":{"@id":"https:\/\/macite.tg\/#\/schema\/person\/e9f2de7e5dbbe7770a9402c7ce82f5c2"},"breadcrumb":{"@id":"https:\/\/macite.tg\/?p=19507#breadcrumb"},"inLanguage":"fr-FR","potentialAction":[{"@type":"ReadAction","target":["https:\/\/macite.tg\/?p=19507"]}]},{"@type":"ImageObject","inLanguage":"fr-FR","@id":"https:\/\/macite.tg\/?p=19507#primaryimage","url":"https:\/\/macite.tg\/wp-content\/uploads\/2025\/01\/image-72.png","contentUrl":"https:\/\/macite.tg\/wp-content\/uploads\/2025\/01\/image-72.png","width":411,"height":263},{"@type":"BreadcrumbList","@id":"https:\/\/macite.tg\/?p=19507#breadcrumb","itemListElement":[{"@type":"ListItem","position":1,"name":"Accueil","item":"https:\/\/macite.tg\/"},{"@type":"ListItem","position":2,"name":"LIGUE DES CHAMPIONS : Benfica- Barca, Liverpool \u2013 Lille&#8230;, Tout le programme de ce mardi"}]},{"@type":"WebSite","@id":"https:\/\/macite.tg\/#website","url":"https:\/\/macite.tg\/","name":"","description":"L&#039;information, la bonne!!!","potentialAction":[{"@type":"SearchAction","target":{"@type":"EntryPoint","urlTemplate":"https:\/\/macite.tg\/?s={search_term_string}"},"query-input":{"@type":"PropertyValueSpecification","valueRequired":true,"valueName":"search_term_string"}}],"inLanguage":"fr-FR"},{"@type":"Person","@id":"https:\/\/macite.tg\/#\/schema\/person\/e9f2de7e5dbbe7770a9402c7ce82f5c2","name":"Jean Pierre BAWELA","image":{"@type":"ImageObject","inLanguage":"fr-FR","@id":"https:\/\/macite.tg\/wp-content\/uploads\/2023\/09\/WhatsApp-Image-2023-09-19-at-14.44.41-122x122.jpeg","url":"https:\/\/macite.tg\/wp-content\/uploads\/2023\/09\/WhatsApp-Image-2023-09-19-at-14.44.41-122x122.jpeg","contentUrl":"https:\/\/macite.tg\/wp-content\/uploads\/2023\/09\/WhatsApp-Image-2023-09-19-at-14.44.41-122x122.jpeg","caption":"Jean Pierre BAWELA"},"url":"https:\/\/macite.tg\/?author=2"}]}},"_links":{"self":[{"href":"https:\/\/macite.tg\/index.php?rest_route=\/wp\/v2\/posts\/19507","targetHints":{"allow":["GET"]}}],"collection":[{"href":"https:\/\/macite.tg\/index.php?rest_route=\/wp\/v2\/posts"}],"about":[{"href":"https:\/\/macite.tg\/index.php?rest_route=\/wp\/v2\/types\/post"}],"author":[{"embeddable":true,"href":"https:\/\/macite.tg\/index.php?rest_route=\/wp\/v2\/users\/2"}],"replies":[{"embeddable":true,"href":"https:\/\/macite.tg\/index.php?rest_route=%2Fwp%2Fv2%2Fcomments&post=19507"}],"version-history":[{"count":0,"href":"https:\/\/macite.tg\/index.php?rest_route=\/wp\/v2\/posts\/19507\/revisions"}],"wp:featuredmedia":[{"embeddable":true,"href":"https:\/\/macite.tg\/index.php?rest_route=\/wp\/v2\/media\/19508"}],"wp:attachment":[{"href":"https:\/\/macite.tg\/index.php?rest_route=%2Fwp%2Fv2%2Fmedia&parent=19507"}],"wp:term":[{"taxonomy":"category","embeddable":true,"href":"https:\/\/macite.tg\/index.php?rest_route=%2Fwp%2Fv2%2Fcategories&post=19507"},{"taxonomy":"post_tag","embeddable":true,"href":"https:\/\/macite.tg\/index.php?rest_route=%2Fwp%2Fv2%2Ftags&post=19507"}],"curies":[{"name":"wp","href":"https:\/\/api.w.org\/{rel}","templated":true}]}}