{"id":19475,"date":"2025-01-21T10:05:54","date_gmt":"2025-01-21T10:05:54","guid":{"rendered":"https:\/\/macite.tg\/?p=19475"},"modified":"2025-01-21T10:06:08","modified_gmt":"2025-01-21T10:06:08","slug":"1ere-session-ordinaire-de-lannee-2025-du-parlement-ivoirien-une-rentree-solennelle-sous-le-signe-de-la-diplomatie-parlementaire-et-de-la-cohesion-sociale","status":"publish","type":"post","link":"https:\/\/macite.tg\/?p=19475","title":{"rendered":"1ERE SESSION ORDINAIRE DE L\u2019ANNEE 2025 DU PARLEMENT IVOIRIEN\u00a0: Une rentr\u00e9e solennelle sous le signe de la diplomatie parlementaire et de la cohesion sociale"},"content":{"rendered":"\n<p class=\"wp-block-paragraph\"><strong><em>Ce lundi 20 janvier, le Pr\u00e9sident de l&rsquo;Assembl\u00e9e nationale, Sevon-T\u00e9p\u00e9 Kodjo Ad\u00e9dz\u00e9, a pris part \u00e0 la c\u00e9r\u00e9monie d&rsquo;ouverture solennelle de la premi\u00e8re session ordinaire de l&rsquo;ann\u00e9e 2025 de l&rsquo;Assembl\u00e9e nationale de C\u00f4te d&rsquo;Ivoire \u00e0 l\u2019invitation de son homologue Adama Bictogo, pr\u00e9sident de l\u2019Assembl\u00e9e nationale ivoirienne.<\/em><\/strong><\/p>\n\n\n<div class=\"wp-block-image\">\n<figure class=\"aligncenter size-full is-resized\"><img loading=\"lazy\" decoding=\"async\" width=\"500\" height=\"333\" src=\"https:\/\/macite.tg\/wp-content\/uploads\/2025\/01\/AN-cii.jpg\" alt=\"\" class=\"wp-image-19478\" style=\"width:727px;height:auto\" srcset=\"https:\/\/macite.tg\/wp-content\/uploads\/2025\/01\/AN-cii.jpg 500w, https:\/\/macite.tg\/wp-content\/uploads\/2025\/01\/AN-cii-300x200.jpg 300w, https:\/\/macite.tg\/wp-content\/uploads\/2025\/01\/AN-cii-112x75.jpg 112w, https:\/\/macite.tg\/wp-content\/uploads\/2025\/01\/AN-cii-425x283.jpg 425w, https:\/\/macite.tg\/wp-content\/uploads\/2025\/01\/AN-cii-430x287.jpg 430w\" sizes=\"auto, (max-width: 500px) 100vw, 500px\" \/><figcaption class=\"wp-element-caption\"><strong><em>Une vue de l&rsquo;assistance lors de la c\u00e9r\u00e9monie; on reconnait au premier rang, les presidents des Assembl\u00e9es s\u0153ur s <\/em><\/strong><\/figcaption><\/figure>\n<\/div>\n\n\n<p class=\"wp-block-paragraph\">A cette occasion, il a d\u00e9livr\u00e9 un message de solidarit\u00e9 et d\u2019esp\u00e9rance, en pr\u00e9sence d&rsquo;autres d\u00e9l\u00e9gations conduites par les pr\u00e9sidents de l&rsquo;Assembl\u00e9e nationale du B\u00e9nin, Louis Gb\u00e8hounou Vlavonou, du S\u00e9n\u00e9gal, Malick Ndiaye, du Ghana, Alban Sumana Bagbin, du Pr\u00e9sident du s\u00e9nat du Nig\u00e9ria, Godswill Akpabio Obot ainsi que du premier vice-pr\u00e9sident du parlement de la CEDEAO, Jibrin Barau.<\/p>\n\n\n\n<p class=\"wp-block-paragraph\">Les discours de ces figures parlementaires ont port\u00e9 sur l&rsquo;hospitalit\u00e9 l\u00e9gendaire du peuple ivoirien, le d\u00e9passement des clivages politiques pour garantir l&rsquo;int\u00e9r\u00eat sup\u00e9rieur de la nation ivoirienne, les d\u00e9fis en mati\u00e8re de paix et de s\u00e9curit\u00e9.<\/p>\n\n\n<div class=\"wp-block-image\">\n<figure class=\"aligncenter size-large is-resized\"><img loading=\"lazy\" decoding=\"async\" width=\"717\" height=\"1024\" src=\"https:\/\/macite.tg\/wp-content\/uploads\/2025\/01\/1737ff3e-475b-4744-9eae-07f8bc7dad65-717x1024.jpg\" alt=\"\" class=\"wp-image-19308\" style=\"width:507px;height:auto\" srcset=\"https:\/\/macite.tg\/wp-content\/uploads\/2025\/01\/1737ff3e-475b-4744-9eae-07f8bc7dad65-717x1024.jpg 717w, https:\/\/macite.tg\/wp-content\/uploads\/2025\/01\/1737ff3e-475b-4744-9eae-07f8bc7dad65-210x300.jpg 210w, https:\/\/macite.tg\/wp-content\/uploads\/2025\/01\/1737ff3e-475b-4744-9eae-07f8bc7dad65-768x1097.jpg 768w, https:\/\/macite.tg\/wp-content\/uploads\/2025\/01\/1737ff3e-475b-4744-9eae-07f8bc7dad65-1075x1536.jpg 1075w, https:\/\/macite.tg\/wp-content\/uploads\/2025\/01\/1737ff3e-475b-4744-9eae-07f8bc7dad65.jpg 1120w\" sizes=\"auto, (max-width: 717px) 100vw, 717px\" \/><\/figure>\n<\/div>\n\n\n<p class=\"wp-block-paragraph\">Pour le Pr\u00e9sident de l&rsquo;Assembl\u00e9e nationale du Togo, les valeurs de partage et de solidarit\u00e9 sont l&rsquo;essence de la soci\u00e9t\u00e9 africaine en vue de garantir une coh\u00e9sion sociale et une paix durable.<\/p>\n\n\n\n<p class=\"wp-block-paragraph\"><em>\u00ab Ch\u00e8res s\u0153urs et chers fr\u00e8res parlementaires de C\u00f4te d\u2019Ivoire, c\u2019est donc autour de ces valeurs de partage et de solidarit\u00e9 que je vous exhorte \u00e0 favoriser le dialogue et le respect mutuel tout au long de cette session. Comme vous le savez, la coh\u00e9sion sociale est essentielle pour garantir la paix, la stabilit\u00e9, la modernisation et le d\u00e9veloppement durable de C\u00f4te d\u2019Ivoire. Puissiez-vous donc \u0153uvrer inlassablement pour un pays tourn\u00e9 vers un avenir plus radieux avec optimisme \u00bb,<\/em> a indiqu\u00e9 Sevon-T\u00e9p\u00e9 Kodjo Ad\u00e9dz\u00e9, Pr\u00e9sident de l&rsquo;Assembl\u00e9e nationale du Togo.<\/p>\n\n\n\n<p class=\"wp-block-paragraph\">En outre, un accent particulier a \u00e9t\u00e9 mis sur la diplomatie parlementaire, un outil au service de la paix, une paix pour laquelle s&rsquo;engagent les Chefs d&rsquo;Etat de la sous- r\u00e9gion et particuli\u00e8rement ceux du Togo et de la C\u00f4te d&rsquo;Ivoire.<\/p>\n\n\n\n<p class=\"wp-block-paragraph\"><em>\u00ab En ces temps d\u2019incertitude et de transmutation, je crois fortement que la diplomatie parlementaire est un outil puissant, que nous devons utiliser pour promouvoir la stabilit\u00e9 et le d\u00e9veloppement de nos Etats. Notre r\u00e9gion doit \u00eatre un exemple de coexistence pacifique. Ensemble, faisons de nos Etats et de notre r\u00e9gion des mod\u00e8les de paix et de prosp\u00e9rit\u00e9 partag\u00e9e. Dans cet \u00e9lan, je saisis l\u2019heureuse occasion de cette rentr\u00e9e solennelle, pour reconna\u00eetre avec une immense fiert\u00e9 l&rsquo;engagement ind\u00e9fectible et rendre un vibrant hommage aux Chefs d\u2019Etats de notre sous-r\u00e9gion et particuli\u00e8rement \u00e0 leurs Excellences Monsieur Alassane Ouattara, Pr\u00e9sident de la R\u00e9publique de C\u00f4te-d\u2019Ivoire et&nbsp; Monsieur Faure Essozimna Gnassingb\u00e9, Pr\u00e9sident de la R\u00e9publique Togolaise, pour leurs efforts inlassables de promotion de la paix, de la stabilit\u00e9 et de la coh\u00e9sion sociale \u00bb.<\/em><\/p>\n\n\n<div class=\"wp-block-image\">\n<figure class=\"aligncenter size-large is-resized\"><img loading=\"lazy\" decoding=\"async\" width=\"1024\" height=\"1024\" src=\"https:\/\/macite.tg\/wp-content\/uploads\/2025\/01\/OTR_e-timbre-fiscal-1-1024x1024.jpg\" alt=\"\" class=\"wp-image-19340\" style=\"width:598px;height:auto\" srcset=\"https:\/\/macite.tg\/wp-content\/uploads\/2025\/01\/OTR_e-timbre-fiscal-1-1024x1024.jpg 1024w, https:\/\/macite.tg\/wp-content\/uploads\/2025\/01\/OTR_e-timbre-fiscal-1-300x300.jpg 300w, https:\/\/macite.tg\/wp-content\/uploads\/2025\/01\/OTR_e-timbre-fiscal-1-150x150.jpg 150w, https:\/\/macite.tg\/wp-content\/uploads\/2025\/01\/OTR_e-timbre-fiscal-1-768x768.jpg 768w, https:\/\/macite.tg\/wp-content\/uploads\/2025\/01\/OTR_e-timbre-fiscal-1-1536x1536.jpg 1536w, https:\/\/macite.tg\/wp-content\/uploads\/2025\/01\/OTR_e-timbre-fiscal-1-122x122.jpg 122w, https:\/\/macite.tg\/wp-content\/uploads\/2025\/01\/OTR_e-timbre-fiscal-1.jpg 2048w\" sizes=\"auto, (max-width: 1024px) 100vw, 1024px\" \/><\/figure>\n<\/div>\n\n\n<p class=\"wp-block-paragraph\">Pour sa part, le Pr\u00e9sident de l&rsquo;Assembl\u00e9e nationale de C\u00f4te d&rsquo;Ivoire a trac\u00e9 les lignes d&rsquo;avenir de ce dernier chapitre parlementaire de la l\u00e9gislature 2021-2025 notamment le renforcement de la diplomatie parlementaire avec le parlement de la CEDEAO et le parlement europ\u00e9en, le r\u00f4le de l&rsquo;institution parlementaire pour garantir des \u00e9lections apais\u00e9es, les cl\u00e9s d&rsquo;une robustesse accrue de l&rsquo;\u00e9conomie nationale et le bien- \u00eatre de la population.<\/p>\n\n\n\n<p class=\"wp-block-paragraph\">Les d\u00e9put\u00e9s, membres du bureau de l&rsquo;Assembl\u00e9e nationale, Sourou Kpatcha et Dianti Ameyo M&rsquo;boma ainsi que le Secr\u00e9taire g\u00e9n\u00e9ral Efoe Kini ont pris \u00e9galement part \u00e0 cette ouverture solennelle.<\/p>\n\n\n\n<p class=\"wp-block-paragraph\"><strong>Cellule Com AN<\/strong><\/p>\n\n\n\n<p class=\"wp-block-paragraph\"><a><strong><em>@macite.tg&nbsp;&nbsp;&nbsp;&nbsp;&nbsp;&nbsp;&nbsp;&nbsp;<\/em><\/strong><\/a><\/p>\n\n\n\n<p class=\"wp-block-paragraph\"><strong><em>E-mail&nbsp;: <\/em><\/strong><a href=\"mailto:maciteinfo@gmail.com\"><strong><em>maciteinfo@gmail.com<\/em><\/strong><\/a><strong><em>; <\/em><\/strong><a href=\"mailto:bawela1@gmail.com\"><strong><em>bawela1@gmail.com<\/em><\/strong><\/a><strong><em><\/em><\/strong><\/p>\n\n\n\n<p class=\"wp-block-paragraph\"><strong><em>Pour vos annonces, (publi)reportages, etc., joignez-nous au (00228)91515309\/<strong>79872224 <\/strong>www.macite.tg, L\u2019information, la bonne&nbsp;!<\/em><\/strong><\/p>\n","protected":false},"excerpt":{"rendered":"<p class=\"text-justify mb-2\" >Ce lundi 20 janvier, le Pr\u00e9sident de l&rsquo;Assembl\u00e9e nationale, Sevon-T\u00e9p\u00e9 Kodjo Ad\u00e9dz\u00e9, a pris part \u00e0 la c\u00e9r\u00e9monie d&rsquo;ouverture solennelle de la premi\u00e8re session ordinaire de l&rsquo;ann\u00e9e 2025 de l&rsquo;Assembl\u00e9e nationale de C\u00f4te d&rsquo;Ivoire \u00e0 l\u2019invitation de son homologue Adama Bictogo, pr\u00e9sident de l\u2019Assembl\u00e9e nationale [&hellip;]<\/p>\n","protected":false},"author":2,"featured_media":19477,"comment_status":"open","ping_status":"open","sticky":false,"template":"","format":"standard","meta":{"footnotes":""},"categories":[20,1],"tags":[],"class_list":["post-19475","post","type-post","status-publish","format-standard","has-post-thumbnail","hentry","category-actualite","category-politique"],"yoast_head":"<!-- This site is optimized with the Yoast SEO plugin v28.4 - https:\/\/yoast.com\/product\/yoast-seo-wordpress\/ -->\n<title>1ERE SESSION ORDINAIRE DE L\u2019ANNEE 2025 DU PARLEMENT IVOIRIEN\u00a0: Une rentr\u00e9e solennelle sous le signe de la diplomatie parlementaire et de la cohesion sociale -<\/title>\n<meta name=\"robots\" content=\"index, follow, max-snippet:-1, max-image-preview:large, max-video-preview:-1\" \/>\n<link rel=\"canonical\" href=\"https:\/\/macite.tg\/?p=19475\" \/>\n<meta property=\"og:locale\" content=\"fr_FR\" \/>\n<meta property=\"og:type\" content=\"article\" \/>\n<meta property=\"og:title\" content=\"1ERE SESSION ORDINAIRE DE L\u2019ANNEE 2025 DU PARLEMENT IVOIRIEN\u00a0: Une rentr\u00e9e solennelle sous le signe de la diplomatie parlementaire et de la cohesion sociale -\" \/>\n<meta property=\"og:description\" content=\"Ce lundi 20 janvier, le Pr\u00e9sident de l&rsquo;Assembl\u00e9e nationale, Sevon-T\u00e9p\u00e9 Kodjo Ad\u00e9dz\u00e9, a pris part \u00e0 la c\u00e9r\u00e9monie d&rsquo;ouverture solennelle de la premi\u00e8re session ordinaire de l&rsquo;ann\u00e9e 2025 de l&rsquo;Assembl\u00e9e nationale de C\u00f4te d&rsquo;Ivoire \u00e0 l\u2019invitation de son homologue Adama Bictogo, pr\u00e9sident de l\u2019Assembl\u00e9e nationale [&hellip;]\" \/>\n<meta property=\"og:url\" content=\"https:\/\/macite.tg\/?p=19475\" \/>\n<meta property=\"article:published_time\" content=\"2025-01-21T10:05:54+00:00\" \/>\n<meta property=\"article:modified_time\" content=\"2025-01-21T10:06:08+00:00\" \/>\n<meta property=\"og:image\" content=\"https:\/\/macite.tg\/wp-content\/uploads\/2025\/01\/5f078136-59b6-4612-bc81-17ced4535990.jpg\" \/>\n\t<meta property=\"og:image:width\" content=\"500\" \/>\n\t<meta property=\"og:image:height\" content=\"333\" \/>\n\t<meta property=\"og:image:type\" content=\"image\/jpeg\" \/>\n<meta name=\"author\" content=\"Jean Pierre BAWELA\" \/>\n<meta name=\"twitter:card\" content=\"summary_large_image\" \/>\n<meta name=\"twitter:label1\" content=\"\u00c9crit par\" \/>\n\t<meta name=\"twitter:data1\" content=\"Jean Pierre BAWELA\" \/>\n\t<meta name=\"twitter:label2\" content=\"Dur\u00e9e de lecture estim\u00e9e\" \/>\n\t<meta name=\"twitter:data2\" content=\"4 minutes\" \/>\n<script type=\"application\/ld+json\" class=\"yoast-schema-graph\">{\"@context\":\"https:\\\/\\\/schema.org\",\"@graph\":[{\"@type\":\"Article\",\"@id\":\"https:\\\/\\\/macite.tg\\\/?p=19475#article\",\"isPartOf\":{\"@id\":\"https:\\\/\\\/macite.tg\\\/?p=19475\"},\"author\":{\"name\":\"Jean Pierre BAWELA\",\"@id\":\"https:\\\/\\\/macite.tg\\\/#\\\/schema\\\/person\\\/e9f2de7e5dbbe7770a9402c7ce82f5c2\"},\"headline\":\"1ERE SESSION ORDINAIRE DE L\u2019ANNEE 2025 DU PARLEMENT IVOIRIEN\u00a0: Une rentr\u00e9e solennelle sous le signe de la diplomatie parlementaire et de la cohesion sociale\",\"datePublished\":\"2025-01-21T10:05:54+00:00\",\"dateModified\":\"2025-01-21T10:06:08+00:00\",\"mainEntityOfPage\":{\"@id\":\"https:\\\/\\\/macite.tg\\\/?p=19475\"},\"wordCount\":724,\"commentCount\":0,\"image\":{\"@id\":\"https:\\\/\\\/macite.tg\\\/?p=19475#primaryimage\"},\"thumbnailUrl\":\"https:\\\/\\\/macite.tg\\\/wp-content\\\/uploads\\\/2025\\\/01\\\/5f078136-59b6-4612-bc81-17ced4535990.jpg\",\"articleSection\":[\"ACTUALITE\",\"POLITIQUE\"],\"inLanguage\":\"fr-FR\",\"potentialAction\":[{\"@type\":\"CommentAction\",\"name\":\"Comment\",\"target\":[\"https:\\\/\\\/macite.tg\\\/?p=19475#respond\"]}]},{\"@type\":\"WebPage\",\"@id\":\"https:\\\/\\\/macite.tg\\\/?p=19475\",\"url\":\"https:\\\/\\\/macite.tg\\\/?p=19475\",\"name\":\"1ERE SESSION ORDINAIRE DE L\u2019ANNEE 2025 DU PARLEMENT IVOIRIEN\u00a0: Une rentr\u00e9e solennelle sous le signe de la diplomatie parlementaire et de la cohesion sociale -\",\"isPartOf\":{\"@id\":\"https:\\\/\\\/macite.tg\\\/#website\"},\"primaryImageOfPage\":{\"@id\":\"https:\\\/\\\/macite.tg\\\/?p=19475#primaryimage\"},\"image\":{\"@id\":\"https:\\\/\\\/macite.tg\\\/?p=19475#primaryimage\"},\"thumbnailUrl\":\"https:\\\/\\\/macite.tg\\\/wp-content\\\/uploads\\\/2025\\\/01\\\/5f078136-59b6-4612-bc81-17ced4535990.jpg\",\"datePublished\":\"2025-01-21T10:05:54+00:00\",\"dateModified\":\"2025-01-21T10:06:08+00:00\",\"author\":{\"@id\":\"https:\\\/\\\/macite.tg\\\/#\\\/schema\\\/person\\\/e9f2de7e5dbbe7770a9402c7ce82f5c2\"},\"breadcrumb\":{\"@id\":\"https:\\\/\\\/macite.tg\\\/?p=19475#breadcrumb\"},\"inLanguage\":\"fr-FR\",\"potentialAction\":[{\"@type\":\"ReadAction\",\"target\":[\"https:\\\/\\\/macite.tg\\\/?p=19475\"]}]},{\"@type\":\"ImageObject\",\"inLanguage\":\"fr-FR\",\"@id\":\"https:\\\/\\\/macite.tg\\\/?p=19475#primaryimage\",\"url\":\"https:\\\/\\\/macite.tg\\\/wp-content\\\/uploads\\\/2025\\\/01\\\/5f078136-59b6-4612-bc81-17ced4535990.jpg\",\"contentUrl\":\"https:\\\/\\\/macite.tg\\\/wp-content\\\/uploads\\\/2025\\\/01\\\/5f078136-59b6-4612-bc81-17ced4535990.jpg\",\"width\":500,\"height\":333,\"caption\":\"Ad\u00e9dz\u00e9 Kodzo lors de son allocution au parlement ivoirien\"},{\"@type\":\"BreadcrumbList\",\"@id\":\"https:\\\/\\\/macite.tg\\\/?p=19475#breadcrumb\",\"itemListElement\":[{\"@type\":\"ListItem\",\"position\":1,\"name\":\"Accueil\",\"item\":\"https:\\\/\\\/macite.tg\\\/\"},{\"@type\":\"ListItem\",\"position\":2,\"name\":\"1ERE SESSION ORDINAIRE DE L\u2019ANNEE 2025 DU PARLEMENT IVOIRIEN\u00a0: Une rentr\u00e9e solennelle sous le signe de la diplomatie parlementaire et de la cohesion sociale\"}]},{\"@type\":\"WebSite\",\"@id\":\"https:\\\/\\\/macite.tg\\\/#website\",\"url\":\"https:\\\/\\\/macite.tg\\\/\",\"name\":\"\",\"description\":\"L&#039;information, la bonne!!!\",\"potentialAction\":[{\"@type\":\"SearchAction\",\"target\":{\"@type\":\"EntryPoint\",\"urlTemplate\":\"https:\\\/\\\/macite.tg\\\/?s={search_term_string}\"},\"query-input\":{\"@type\":\"PropertyValueSpecification\",\"valueRequired\":true,\"valueName\":\"search_term_string\"}}],\"inLanguage\":\"fr-FR\"},{\"@type\":\"Person\",\"@id\":\"https:\\\/\\\/macite.tg\\\/#\\\/schema\\\/person\\\/e9f2de7e5dbbe7770a9402c7ce82f5c2\",\"name\":\"Jean Pierre BAWELA\",\"image\":{\"@type\":\"ImageObject\",\"inLanguage\":\"fr-FR\",\"@id\":\"https:\\\/\\\/macite.tg\\\/wp-content\\\/uploads\\\/2023\\\/09\\\/WhatsApp-Image-2023-09-19-at-14.44.41-122x122.jpeg\",\"url\":\"https:\\\/\\\/macite.tg\\\/wp-content\\\/uploads\\\/2023\\\/09\\\/WhatsApp-Image-2023-09-19-at-14.44.41-122x122.jpeg\",\"contentUrl\":\"https:\\\/\\\/macite.tg\\\/wp-content\\\/uploads\\\/2023\\\/09\\\/WhatsApp-Image-2023-09-19-at-14.44.41-122x122.jpeg\",\"caption\":\"Jean Pierre BAWELA\"},\"url\":\"https:\\\/\\\/macite.tg\\\/?author=2\"}]}<\/script>\n<!-- \/ Yoast SEO plugin. -->","yoast_head_json":{"title":"1ERE SESSION ORDINAIRE DE L\u2019ANNEE 2025 DU PARLEMENT IVOIRIEN\u00a0: Une rentr\u00e9e solennelle sous le signe de la diplomatie parlementaire et de la cohesion sociale -","robots":{"index":"index","follow":"follow","max-snippet":"max-snippet:-1","max-image-preview":"max-image-preview:large","max-video-preview":"max-video-preview:-1"},"canonical":"https:\/\/macite.tg\/?p=19475","og_locale":"fr_FR","og_type":"article","og_title":"1ERE SESSION ORDINAIRE DE L\u2019ANNEE 2025 DU PARLEMENT IVOIRIEN\u00a0: Une rentr\u00e9e solennelle sous le signe de la diplomatie parlementaire et de la cohesion sociale -","og_description":"Ce lundi 20 janvier, le Pr\u00e9sident de l&rsquo;Assembl\u00e9e nationale, Sevon-T\u00e9p\u00e9 Kodjo Ad\u00e9dz\u00e9, a pris part \u00e0 la c\u00e9r\u00e9monie d&rsquo;ouverture solennelle de la premi\u00e8re session ordinaire de l&rsquo;ann\u00e9e 2025 de l&rsquo;Assembl\u00e9e nationale de C\u00f4te d&rsquo;Ivoire \u00e0 l\u2019invitation de son homologue Adama Bictogo, pr\u00e9sident de l\u2019Assembl\u00e9e nationale [&hellip;]","og_url":"https:\/\/macite.tg\/?p=19475","article_published_time":"2025-01-21T10:05:54+00:00","article_modified_time":"2025-01-21T10:06:08+00:00","og_image":[{"width":500,"height":333,"url":"https:\/\/macite.tg\/wp-content\/uploads\/2025\/01\/5f078136-59b6-4612-bc81-17ced4535990.jpg","type":"image\/jpeg"}],"author":"Jean Pierre BAWELA","twitter_card":"summary_large_image","twitter_misc":{"\u00c9crit par":"Jean Pierre BAWELA","Dur\u00e9e de lecture estim\u00e9e":"4 minutes"},"schema":{"@context":"https:\/\/schema.org","@graph":[{"@type":"Article","@id":"https:\/\/macite.tg\/?p=19475#article","isPartOf":{"@id":"https:\/\/macite.tg\/?p=19475"},"author":{"name":"Jean Pierre BAWELA","@id":"https:\/\/macite.tg\/#\/schema\/person\/e9f2de7e5dbbe7770a9402c7ce82f5c2"},"headline":"1ERE SESSION ORDINAIRE DE L\u2019ANNEE 2025 DU PARLEMENT IVOIRIEN\u00a0: Une rentr\u00e9e solennelle sous le signe de la diplomatie parlementaire et de la cohesion sociale","datePublished":"2025-01-21T10:05:54+00:00","dateModified":"2025-01-21T10:06:08+00:00","mainEntityOfPage":{"@id":"https:\/\/macite.tg\/?p=19475"},"wordCount":724,"commentCount":0,"image":{"@id":"https:\/\/macite.tg\/?p=19475#primaryimage"},"thumbnailUrl":"https:\/\/macite.tg\/wp-content\/uploads\/2025\/01\/5f078136-59b6-4612-bc81-17ced4535990.jpg","articleSection":["ACTUALITE","POLITIQUE"],"inLanguage":"fr-FR","potentialAction":[{"@type":"CommentAction","name":"Comment","target":["https:\/\/macite.tg\/?p=19475#respond"]}]},{"@type":"WebPage","@id":"https:\/\/macite.tg\/?p=19475","url":"https:\/\/macite.tg\/?p=19475","name":"1ERE SESSION ORDINAIRE DE L\u2019ANNEE 2025 DU PARLEMENT IVOIRIEN\u00a0: Une rentr\u00e9e solennelle sous le signe de la diplomatie parlementaire et de la cohesion sociale -","isPartOf":{"@id":"https:\/\/macite.tg\/#website"},"primaryImageOfPage":{"@id":"https:\/\/macite.tg\/?p=19475#primaryimage"},"image":{"@id":"https:\/\/macite.tg\/?p=19475#primaryimage"},"thumbnailUrl":"https:\/\/macite.tg\/wp-content\/uploads\/2025\/01\/5f078136-59b6-4612-bc81-17ced4535990.jpg","datePublished":"2025-01-21T10:05:54+00:00","dateModified":"2025-01-21T10:06:08+00:00","author":{"@id":"https:\/\/macite.tg\/#\/schema\/person\/e9f2de7e5dbbe7770a9402c7ce82f5c2"},"breadcrumb":{"@id":"https:\/\/macite.tg\/?p=19475#breadcrumb"},"inLanguage":"fr-FR","potentialAction":[{"@type":"ReadAction","target":["https:\/\/macite.tg\/?p=19475"]}]},{"@type":"ImageObject","inLanguage":"fr-FR","@id":"https:\/\/macite.tg\/?p=19475#primaryimage","url":"https:\/\/macite.tg\/wp-content\/uploads\/2025\/01\/5f078136-59b6-4612-bc81-17ced4535990.jpg","contentUrl":"https:\/\/macite.tg\/wp-content\/uploads\/2025\/01\/5f078136-59b6-4612-bc81-17ced4535990.jpg","width":500,"height":333,"caption":"Ad\u00e9dz\u00e9 Kodzo lors de son allocution au parlement ivoirien"},{"@type":"BreadcrumbList","@id":"https:\/\/macite.tg\/?p=19475#breadcrumb","itemListElement":[{"@type":"ListItem","position":1,"name":"Accueil","item":"https:\/\/macite.tg\/"},{"@type":"ListItem","position":2,"name":"1ERE SESSION ORDINAIRE DE L\u2019ANNEE 2025 DU PARLEMENT IVOIRIEN\u00a0: Une rentr\u00e9e solennelle sous le signe de la diplomatie parlementaire et de la cohesion sociale"}]},{"@type":"WebSite","@id":"https:\/\/macite.tg\/#website","url":"https:\/\/macite.tg\/","name":"","description":"L&#039;information, la bonne!!!","potentialAction":[{"@type":"SearchAction","target":{"@type":"EntryPoint","urlTemplate":"https:\/\/macite.tg\/?s={search_term_string}"},"query-input":{"@type":"PropertyValueSpecification","valueRequired":true,"valueName":"search_term_string"}}],"inLanguage":"fr-FR"},{"@type":"Person","@id":"https:\/\/macite.tg\/#\/schema\/person\/e9f2de7e5dbbe7770a9402c7ce82f5c2","name":"Jean Pierre BAWELA","image":{"@type":"ImageObject","inLanguage":"fr-FR","@id":"https:\/\/macite.tg\/wp-content\/uploads\/2023\/09\/WhatsApp-Image-2023-09-19-at-14.44.41-122x122.jpeg","url":"https:\/\/macite.tg\/wp-content\/uploads\/2023\/09\/WhatsApp-Image-2023-09-19-at-14.44.41-122x122.jpeg","contentUrl":"https:\/\/macite.tg\/wp-content\/uploads\/2023\/09\/WhatsApp-Image-2023-09-19-at-14.44.41-122x122.jpeg","caption":"Jean Pierre BAWELA"},"url":"https:\/\/macite.tg\/?author=2"}]}},"_links":{"self":[{"href":"https:\/\/macite.tg\/index.php?rest_route=\/wp\/v2\/posts\/19475","targetHints":{"allow":["GET"]}}],"collection":[{"href":"https:\/\/macite.tg\/index.php?rest_route=\/wp\/v2\/posts"}],"about":[{"href":"https:\/\/macite.tg\/index.php?rest_route=\/wp\/v2\/types\/post"}],"author":[{"embeddable":true,"href":"https:\/\/macite.tg\/index.php?rest_route=\/wp\/v2\/users\/2"}],"replies":[{"embeddable":true,"href":"https:\/\/macite.tg\/index.php?rest_route=%2Fwp%2Fv2%2Fcomments&post=19475"}],"version-history":[{"count":0,"href":"https:\/\/macite.tg\/index.php?rest_route=\/wp\/v2\/posts\/19475\/revisions"}],"wp:featuredmedia":[{"embeddable":true,"href":"https:\/\/macite.tg\/index.php?rest_route=\/wp\/v2\/media\/19477"}],"wp:attachment":[{"href":"https:\/\/macite.tg\/index.php?rest_route=%2Fwp%2Fv2%2Fmedia&parent=19475"}],"wp:term":[{"taxonomy":"category","embeddable":true,"href":"https:\/\/macite.tg\/index.php?rest_route=%2Fwp%2Fv2%2Fcategories&post=19475"},{"taxonomy":"post_tag","embeddable":true,"href":"https:\/\/macite.tg\/index.php?rest_route=%2Fwp%2Fv2%2Ftags&post=19475"}],"curies":[{"name":"wp","href":"https:\/\/api.w.org\/{rel}","templated":true}]}}