{"id":19469,"date":"2025-01-21T09:49:47","date_gmt":"2025-01-21T09:49:47","guid":{"rendered":"https:\/\/macite.tg\/?p=19469"},"modified":"2025-01-21T10:09:35","modified_gmt":"2025-01-21T10:09:35","slug":"real-madrid-coup-de-tonnerrecarlo-ancelotti-desire-quitter-la-maison-blanche-cet-ete","status":"publish","type":"post","link":"https:\/\/macite.tg\/?p=19469","title":{"rendered":"REAL MADRID\u00a0: Coup de tonnerre\u2026Carlo Ancelotti d\u00e9sire quitter la \u2018\u2019Maison Blanche\u2019\u2019 cet \u00e9t\u00e9"},"content":{"rendered":"\n<p class=\"wp-block-paragraph\"><strong><em>Un chapiter qui se ferme ? Carlo Ancelotti aurait d\u00e9cid\u00e9 de quitter le Real Madrid \u00e0 la fin de la saison en cours, selon les informations d\u2019Onda Cero.<\/em><\/strong><\/p>\n\n\n\n<p class=\"wp-block-paragraph\">Le l\u00e9gendaire entra\u00eeneur italien, qui a renouvel\u00e9 son contrat avec Los Blancos en d\u00e9cembre 2023 au milieu de rumeurs sur l\u2019int\u00e9r\u00eat de la F\u00e9d\u00e9ration br\u00e9silienne de football pour le nommer entra\u00eeneur de l\u2019\u00e9quipe nationale, a connu un deuxi\u00e8me passage tr\u00e8s r\u00e9ussi au club.<\/p>\n\n\n\n<p class=\"wp-block-paragraph\">Ancelotti a remport\u00e9 deux titres de Liga, deux Ligues des champions de l\u2019UEFA, une Coupe du Roi, deux Super-coupes de l\u2019UEFA, deux Super-coupes d\u2019Espagne, une Coupe du monde des clubs de la FIFA et une Coupe intercontinentale de la FIFA.<\/p>\n\n\n<div class=\"wp-block-image\">\n<figure class=\"aligncenter size-large is-resized\"><img loading=\"lazy\" decoding=\"async\" width=\"717\" height=\"1024\" src=\"https:\/\/macite.tg\/wp-content\/uploads\/2025\/01\/1737ff3e-475b-4744-9eae-07f8bc7dad65-717x1024.jpg\" alt=\"\" class=\"wp-image-19308\" style=\"width:541px;height:773px\" srcset=\"https:\/\/macite.tg\/wp-content\/uploads\/2025\/01\/1737ff3e-475b-4744-9eae-07f8bc7dad65-717x1024.jpg 717w, https:\/\/macite.tg\/wp-content\/uploads\/2025\/01\/1737ff3e-475b-4744-9eae-07f8bc7dad65-210x300.jpg 210w, https:\/\/macite.tg\/wp-content\/uploads\/2025\/01\/1737ff3e-475b-4744-9eae-07f8bc7dad65-768x1097.jpg 768w, https:\/\/macite.tg\/wp-content\/uploads\/2025\/01\/1737ff3e-475b-4744-9eae-07f8bc7dad65-1075x1536.jpg 1075w, https:\/\/macite.tg\/wp-content\/uploads\/2025\/01\/1737ff3e-475b-4744-9eae-07f8bc7dad65.jpg 1120w\" sizes=\"auto, (max-width: 717px) 100vw, 717px\" \/><\/figure>\n<\/div>\n\n\n<p class=\"wp-block-paragraph\">Le technicien \u00e2g\u00e9 de 65 ans, est devenu l\u2019entra\u00eeneur le plus d\u00e9cor\u00e9 de l\u2019histoire du Real Madrid avec le plus grand nombre de troph\u00e9es remport\u00e9s.<\/p>\n\n\n\n<p class=\"wp-block-paragraph\">Le renouvellement du contrat d\u2019Ancelotti en d\u00e9cembre 2023, le lie au club jusqu\u2019\u00e0 l\u2019\u00e9t\u00e9 2026, ce qui signifie qu\u2019il lui restera encore un an de contrat \u00e0 la fin de la saison en cours.<\/p>\n\n\n\n<p class=\"wp-block-paragraph\">Cependant, m\u00eame si la saison en cours se termine avec plus de troph\u00e9es et que le club insiste pour qu\u2019il remplisse son contrat, il a l\u2019intention de mettre un terme \u00e0 son mandat au Real Madrid cet \u00e9t\u00e9.<\/p>\n\n\n\n<p class=\"wp-block-paragraph\">S\u2019il profite de chaque journ\u00e9e au club, \u00e9tant revenu plein d\u2019enthousiasme et ayant trouv\u00e9 un bonheur complet dans la capitale espagnole, Ancelotti sent que son deuxi\u00e8me passage au Santiago Bernabeu se terminera cet \u00e9t\u00e9, quel que soit le r\u00e9sultat.<\/p>\n\n\n\n<p class=\"wp-block-paragraph\">L\u2019ancien entra\u00eeneur de Chelsea a subi une pression intense cette saison apr\u00e8s un d\u00e9but de campagne douteux ainsi que des performances d\u00e9cevantes du Real lors des deux matchs du Clasico.<\/p>\n\n\n<div class=\"wp-block-image\">\n<figure class=\"aligncenter size-large is-resized\"><img loading=\"lazy\" decoding=\"async\" width=\"1024\" height=\"1024\" src=\"https:\/\/macite.tg\/wp-content\/uploads\/2025\/01\/OTR_e-timbre-fiscal-1-1024x1024.jpg\" alt=\"\" class=\"wp-image-19340\" style=\"width:636px;height:636px\" srcset=\"https:\/\/macite.tg\/wp-content\/uploads\/2025\/01\/OTR_e-timbre-fiscal-1-1024x1024.jpg 1024w, https:\/\/macite.tg\/wp-content\/uploads\/2025\/01\/OTR_e-timbre-fiscal-1-300x300.jpg 300w, https:\/\/macite.tg\/wp-content\/uploads\/2025\/01\/OTR_e-timbre-fiscal-1-150x150.jpg 150w, https:\/\/macite.tg\/wp-content\/uploads\/2025\/01\/OTR_e-timbre-fiscal-1-768x768.jpg 768w, https:\/\/macite.tg\/wp-content\/uploads\/2025\/01\/OTR_e-timbre-fiscal-1-1536x1536.jpg 1536w, https:\/\/macite.tg\/wp-content\/uploads\/2025\/01\/OTR_e-timbre-fiscal-1-122x122.jpg 122w, https:\/\/macite.tg\/wp-content\/uploads\/2025\/01\/OTR_e-timbre-fiscal-1.jpg 2048w\" sizes=\"auto, (max-width: 1024px) 100vw, 1024px\" \/><\/figure>\n<\/div>\n\n\n<p class=\"wp-block-paragraph\">En l\u2019\u00e9tat actuel des choses, Ancelotti n\u2019envisagerait pas de prendre sa retraite, mais aurait l\u2019intention de continuer \u00e0 entra\u00eener dans un autre pays. Si l\u2019Italien devait quitter le Real Madrid, l\u2019entra\u00eeneur Xabi Alonso serait le favori pour le remplacer. Mais il faudrait trouver une bonne formule pour d\u00e9loger l\u2019ancien milieu de terrain du Real de la Bundesliga\u2026<\/p>\n\n\n\n<p class=\"wp-block-paragraph\"><strong><em>Affaire \u00e0 suivre\u2026<\/em><\/strong><\/p>\n\n\n\n<p class=\"wp-block-paragraph\"><strong>MSN<\/strong><\/p>\n\n\n\n<p class=\"wp-block-paragraph\"><a><strong><em>@macite.tg&nbsp;&nbsp;&nbsp;&nbsp;&nbsp;&nbsp;&nbsp;&nbsp;<\/em><\/strong><\/a><\/p>\n\n\n\n<p class=\"wp-block-paragraph\"><strong><em>E-mail&nbsp;: <\/em><\/strong><a href=\"mailto:maciteinfo@gmail.com\"><strong><em>maciteinfo@gmail.com<\/em><\/strong><\/a><strong><em>; <\/em><\/strong><a href=\"mailto:bawela1@gmail.com\"><strong><em>bawela1@gmail.com<\/em><\/strong><\/a><strong><em><\/em><\/strong><\/p>\n\n\n\n<p class=\"wp-block-paragraph\"><strong><em>Pour vos annonces, (publi)reportages, etc., joignez-nous au (00228)91515309\/<strong>79872224 <\/strong>www.macite.tg, L\u2019information, la bonne&nbsp;!<\/em><\/strong><\/p>\n","protected":false},"excerpt":{"rendered":"<p class=\"text-justify mb-2\" >Un chapiter qui se ferme ? Carlo Ancelotti aurait d\u00e9cid\u00e9 de quitter le Real Madrid \u00e0 la fin de la saison en cours, selon les informations d\u2019Onda Cero. Le l\u00e9gendaire entra\u00eeneur italien, qui a renouvel\u00e9 son contrat avec Los Blancos en d\u00e9cembre 2023 au milieu [&hellip;]<\/p>\n","protected":false},"author":2,"featured_media":19474,"comment_status":"open","ping_status":"open","sticky":false,"template":"","format":"standard","meta":{"footnotes":""},"categories":[20,63,7],"tags":[],"class_list":["post-19469","post","type-post","status-publish","format-standard","has-post-thumbnail","hentry","category-actualite","category-football","category-sports"],"yoast_head":"<!-- This site is optimized with the Yoast SEO plugin v28.4 - https:\/\/yoast.com\/product\/yoast-seo-wordpress\/ -->\n<title>REAL MADRID\u00a0: Coup de tonnerre\u2026Carlo Ancelotti d\u00e9sire quitter la \u2018\u2019Maison Blanche\u2019\u2019 cet \u00e9t\u00e9 -<\/title>\n<meta name=\"robots\" content=\"index, follow, max-snippet:-1, max-image-preview:large, max-video-preview:-1\" \/>\n<link rel=\"canonical\" href=\"https:\/\/macite.tg\/?p=19469\" \/>\n<meta property=\"og:locale\" content=\"fr_FR\" \/>\n<meta property=\"og:type\" content=\"article\" \/>\n<meta property=\"og:title\" content=\"REAL MADRID\u00a0: Coup de tonnerre\u2026Carlo Ancelotti d\u00e9sire quitter la \u2018\u2019Maison Blanche\u2019\u2019 cet \u00e9t\u00e9 -\" \/>\n<meta property=\"og:description\" content=\"Un chapiter qui se ferme ? Carlo Ancelotti aurait d\u00e9cid\u00e9 de quitter le Real Madrid \u00e0 la fin de la saison en cours, selon les informations d\u2019Onda Cero. Le l\u00e9gendaire entra\u00eeneur italien, qui a renouvel\u00e9 son contrat avec Los Blancos en d\u00e9cembre 2023 au milieu [&hellip;]\" \/>\n<meta property=\"og:url\" content=\"https:\/\/macite.tg\/?p=19469\" \/>\n<meta property=\"article:published_time\" content=\"2025-01-21T09:49:47+00:00\" \/>\n<meta property=\"article:modified_time\" content=\"2025-01-21T10:09:35+00:00\" \/>\n<meta property=\"og:image\" content=\"https:\/\/macite.tg\/wp-content\/uploads\/2025\/01\/image-65.png\" \/>\n\t<meta property=\"og:image:width\" content=\"534\" \/>\n\t<meta property=\"og:image:height\" content=\"356\" \/>\n\t<meta property=\"og:image:type\" content=\"image\/png\" \/>\n<meta name=\"author\" content=\"Jean Pierre BAWELA\" \/>\n<meta name=\"twitter:card\" content=\"summary_large_image\" \/>\n<meta name=\"twitter:label1\" content=\"\u00c9crit par\" \/>\n\t<meta name=\"twitter:data1\" content=\"Jean Pierre BAWELA\" \/>\n\t<meta name=\"twitter:label2\" content=\"Dur\u00e9e de lecture estim\u00e9e\" \/>\n\t<meta name=\"twitter:data2\" content=\"3 minutes\" \/>\n<script type=\"application\/ld+json\" class=\"yoast-schema-graph\">{\"@context\":\"https:\\\/\\\/schema.org\",\"@graph\":[{\"@type\":\"Article\",\"@id\":\"https:\\\/\\\/macite.tg\\\/?p=19469#article\",\"isPartOf\":{\"@id\":\"https:\\\/\\\/macite.tg\\\/?p=19469\"},\"author\":{\"name\":\"Jean Pierre BAWELA\",\"@id\":\"https:\\\/\\\/macite.tg\\\/#\\\/schema\\\/person\\\/e9f2de7e5dbbe7770a9402c7ce82f5c2\"},\"headline\":\"REAL MADRID\u00a0: Coup de tonnerre\u2026Carlo Ancelotti d\u00e9sire quitter la \u2018\u2019Maison Blanche\u2019\u2019 cet \u00e9t\u00e9\",\"datePublished\":\"2025-01-21T09:49:47+00:00\",\"dateModified\":\"2025-01-21T10:09:35+00:00\",\"mainEntityOfPage\":{\"@id\":\"https:\\\/\\\/macite.tg\\\/?p=19469\"},\"wordCount\":429,\"commentCount\":0,\"image\":{\"@id\":\"https:\\\/\\\/macite.tg\\\/?p=19469#primaryimage\"},\"thumbnailUrl\":\"https:\\\/\\\/macite.tg\\\/wp-content\\\/uploads\\\/2025\\\/01\\\/image-65.png\",\"articleSection\":[\"ACTUALITE\",\"FOOTBALL\",\"SPORTS\"],\"inLanguage\":\"fr-FR\",\"potentialAction\":[{\"@type\":\"CommentAction\",\"name\":\"Comment\",\"target\":[\"https:\\\/\\\/macite.tg\\\/?p=19469#respond\"]}]},{\"@type\":\"WebPage\",\"@id\":\"https:\\\/\\\/macite.tg\\\/?p=19469\",\"url\":\"https:\\\/\\\/macite.tg\\\/?p=19469\",\"name\":\"REAL MADRID\u00a0: Coup de tonnerre\u2026Carlo Ancelotti d\u00e9sire quitter la \u2018\u2019Maison Blanche\u2019\u2019 cet \u00e9t\u00e9 -\",\"isPartOf\":{\"@id\":\"https:\\\/\\\/macite.tg\\\/#website\"},\"primaryImageOfPage\":{\"@id\":\"https:\\\/\\\/macite.tg\\\/?p=19469#primaryimage\"},\"image\":{\"@id\":\"https:\\\/\\\/macite.tg\\\/?p=19469#primaryimage\"},\"thumbnailUrl\":\"https:\\\/\\\/macite.tg\\\/wp-content\\\/uploads\\\/2025\\\/01\\\/image-65.png\",\"datePublished\":\"2025-01-21T09:49:47+00:00\",\"dateModified\":\"2025-01-21T10:09:35+00:00\",\"author\":{\"@id\":\"https:\\\/\\\/macite.tg\\\/#\\\/schema\\\/person\\\/e9f2de7e5dbbe7770a9402c7ce82f5c2\"},\"breadcrumb\":{\"@id\":\"https:\\\/\\\/macite.tg\\\/?p=19469#breadcrumb\"},\"inLanguage\":\"fr-FR\",\"potentialAction\":[{\"@type\":\"ReadAction\",\"target\":[\"https:\\\/\\\/macite.tg\\\/?p=19469\"]}]},{\"@type\":\"ImageObject\",\"inLanguage\":\"fr-FR\",\"@id\":\"https:\\\/\\\/macite.tg\\\/?p=19469#primaryimage\",\"url\":\"https:\\\/\\\/macite.tg\\\/wp-content\\\/uploads\\\/2025\\\/01\\\/image-65.png\",\"contentUrl\":\"https:\\\/\\\/macite.tg\\\/wp-content\\\/uploads\\\/2025\\\/01\\\/image-65.png\",\"width\":534,\"height\":356,\"caption\":\"Le technician italien Carlo Ancelotti\"},{\"@type\":\"BreadcrumbList\",\"@id\":\"https:\\\/\\\/macite.tg\\\/?p=19469#breadcrumb\",\"itemListElement\":[{\"@type\":\"ListItem\",\"position\":1,\"name\":\"Accueil\",\"item\":\"https:\\\/\\\/macite.tg\\\/\"},{\"@type\":\"ListItem\",\"position\":2,\"name\":\"REAL MADRID\u00a0: Coup de tonnerre\u2026Carlo Ancelotti d\u00e9sire quitter la \u2018\u2019Maison Blanche\u2019\u2019 cet \u00e9t\u00e9\"}]},{\"@type\":\"WebSite\",\"@id\":\"https:\\\/\\\/macite.tg\\\/#website\",\"url\":\"https:\\\/\\\/macite.tg\\\/\",\"name\":\"\",\"description\":\"L&#039;information, la bonne!!!\",\"potentialAction\":[{\"@type\":\"SearchAction\",\"target\":{\"@type\":\"EntryPoint\",\"urlTemplate\":\"https:\\\/\\\/macite.tg\\\/?s={search_term_string}\"},\"query-input\":{\"@type\":\"PropertyValueSpecification\",\"valueRequired\":true,\"valueName\":\"search_term_string\"}}],\"inLanguage\":\"fr-FR\"},{\"@type\":\"Person\",\"@id\":\"https:\\\/\\\/macite.tg\\\/#\\\/schema\\\/person\\\/e9f2de7e5dbbe7770a9402c7ce82f5c2\",\"name\":\"Jean Pierre BAWELA\",\"image\":{\"@type\":\"ImageObject\",\"inLanguage\":\"fr-FR\",\"@id\":\"https:\\\/\\\/macite.tg\\\/wp-content\\\/uploads\\\/2023\\\/09\\\/WhatsApp-Image-2023-09-19-at-14.44.41-122x122.jpeg\",\"url\":\"https:\\\/\\\/macite.tg\\\/wp-content\\\/uploads\\\/2023\\\/09\\\/WhatsApp-Image-2023-09-19-at-14.44.41-122x122.jpeg\",\"contentUrl\":\"https:\\\/\\\/macite.tg\\\/wp-content\\\/uploads\\\/2023\\\/09\\\/WhatsApp-Image-2023-09-19-at-14.44.41-122x122.jpeg\",\"caption\":\"Jean Pierre BAWELA\"},\"url\":\"https:\\\/\\\/macite.tg\\\/?author=2\"}]}<\/script>\n<!-- \/ Yoast SEO plugin. -->","yoast_head_json":{"title":"REAL MADRID\u00a0: Coup de tonnerre\u2026Carlo Ancelotti d\u00e9sire quitter la \u2018\u2019Maison Blanche\u2019\u2019 cet \u00e9t\u00e9 -","robots":{"index":"index","follow":"follow","max-snippet":"max-snippet:-1","max-image-preview":"max-image-preview:large","max-video-preview":"max-video-preview:-1"},"canonical":"https:\/\/macite.tg\/?p=19469","og_locale":"fr_FR","og_type":"article","og_title":"REAL MADRID\u00a0: Coup de tonnerre\u2026Carlo Ancelotti d\u00e9sire quitter la \u2018\u2019Maison Blanche\u2019\u2019 cet \u00e9t\u00e9 -","og_description":"Un chapiter qui se ferme ? Carlo Ancelotti aurait d\u00e9cid\u00e9 de quitter le Real Madrid \u00e0 la fin de la saison en cours, selon les informations d\u2019Onda Cero. Le l\u00e9gendaire entra\u00eeneur italien, qui a renouvel\u00e9 son contrat avec Los Blancos en d\u00e9cembre 2023 au milieu [&hellip;]","og_url":"https:\/\/macite.tg\/?p=19469","article_published_time":"2025-01-21T09:49:47+00:00","article_modified_time":"2025-01-21T10:09:35+00:00","og_image":[{"width":534,"height":356,"url":"https:\/\/macite.tg\/wp-content\/uploads\/2025\/01\/image-65.png","type":"image\/png"}],"author":"Jean Pierre BAWELA","twitter_card":"summary_large_image","twitter_misc":{"\u00c9crit par":"Jean Pierre BAWELA","Dur\u00e9e de lecture estim\u00e9e":"3 minutes"},"schema":{"@context":"https:\/\/schema.org","@graph":[{"@type":"Article","@id":"https:\/\/macite.tg\/?p=19469#article","isPartOf":{"@id":"https:\/\/macite.tg\/?p=19469"},"author":{"name":"Jean Pierre BAWELA","@id":"https:\/\/macite.tg\/#\/schema\/person\/e9f2de7e5dbbe7770a9402c7ce82f5c2"},"headline":"REAL MADRID\u00a0: Coup de tonnerre\u2026Carlo Ancelotti d\u00e9sire quitter la \u2018\u2019Maison Blanche\u2019\u2019 cet \u00e9t\u00e9","datePublished":"2025-01-21T09:49:47+00:00","dateModified":"2025-01-21T10:09:35+00:00","mainEntityOfPage":{"@id":"https:\/\/macite.tg\/?p=19469"},"wordCount":429,"commentCount":0,"image":{"@id":"https:\/\/macite.tg\/?p=19469#primaryimage"},"thumbnailUrl":"https:\/\/macite.tg\/wp-content\/uploads\/2025\/01\/image-65.png","articleSection":["ACTUALITE","FOOTBALL","SPORTS"],"inLanguage":"fr-FR","potentialAction":[{"@type":"CommentAction","name":"Comment","target":["https:\/\/macite.tg\/?p=19469#respond"]}]},{"@type":"WebPage","@id":"https:\/\/macite.tg\/?p=19469","url":"https:\/\/macite.tg\/?p=19469","name":"REAL MADRID\u00a0: Coup de tonnerre\u2026Carlo Ancelotti d\u00e9sire quitter la \u2018\u2019Maison Blanche\u2019\u2019 cet \u00e9t\u00e9 -","isPartOf":{"@id":"https:\/\/macite.tg\/#website"},"primaryImageOfPage":{"@id":"https:\/\/macite.tg\/?p=19469#primaryimage"},"image":{"@id":"https:\/\/macite.tg\/?p=19469#primaryimage"},"thumbnailUrl":"https:\/\/macite.tg\/wp-content\/uploads\/2025\/01\/image-65.png","datePublished":"2025-01-21T09:49:47+00:00","dateModified":"2025-01-21T10:09:35+00:00","author":{"@id":"https:\/\/macite.tg\/#\/schema\/person\/e9f2de7e5dbbe7770a9402c7ce82f5c2"},"breadcrumb":{"@id":"https:\/\/macite.tg\/?p=19469#breadcrumb"},"inLanguage":"fr-FR","potentialAction":[{"@type":"ReadAction","target":["https:\/\/macite.tg\/?p=19469"]}]},{"@type":"ImageObject","inLanguage":"fr-FR","@id":"https:\/\/macite.tg\/?p=19469#primaryimage","url":"https:\/\/macite.tg\/wp-content\/uploads\/2025\/01\/image-65.png","contentUrl":"https:\/\/macite.tg\/wp-content\/uploads\/2025\/01\/image-65.png","width":534,"height":356,"caption":"Le technician italien Carlo Ancelotti"},{"@type":"BreadcrumbList","@id":"https:\/\/macite.tg\/?p=19469#breadcrumb","itemListElement":[{"@type":"ListItem","position":1,"name":"Accueil","item":"https:\/\/macite.tg\/"},{"@type":"ListItem","position":2,"name":"REAL MADRID\u00a0: Coup de tonnerre\u2026Carlo Ancelotti d\u00e9sire quitter la \u2018\u2019Maison Blanche\u2019\u2019 cet \u00e9t\u00e9"}]},{"@type":"WebSite","@id":"https:\/\/macite.tg\/#website","url":"https:\/\/macite.tg\/","name":"","description":"L&#039;information, la bonne!!!","potentialAction":[{"@type":"SearchAction","target":{"@type":"EntryPoint","urlTemplate":"https:\/\/macite.tg\/?s={search_term_string}"},"query-input":{"@type":"PropertyValueSpecification","valueRequired":true,"valueName":"search_term_string"}}],"inLanguage":"fr-FR"},{"@type":"Person","@id":"https:\/\/macite.tg\/#\/schema\/person\/e9f2de7e5dbbe7770a9402c7ce82f5c2","name":"Jean Pierre BAWELA","image":{"@type":"ImageObject","inLanguage":"fr-FR","@id":"https:\/\/macite.tg\/wp-content\/uploads\/2023\/09\/WhatsApp-Image-2023-09-19-at-14.44.41-122x122.jpeg","url":"https:\/\/macite.tg\/wp-content\/uploads\/2023\/09\/WhatsApp-Image-2023-09-19-at-14.44.41-122x122.jpeg","contentUrl":"https:\/\/macite.tg\/wp-content\/uploads\/2023\/09\/WhatsApp-Image-2023-09-19-at-14.44.41-122x122.jpeg","caption":"Jean Pierre BAWELA"},"url":"https:\/\/macite.tg\/?author=2"}]}},"_links":{"self":[{"href":"https:\/\/macite.tg\/index.php?rest_route=\/wp\/v2\/posts\/19469","targetHints":{"allow":["GET"]}}],"collection":[{"href":"https:\/\/macite.tg\/index.php?rest_route=\/wp\/v2\/posts"}],"about":[{"href":"https:\/\/macite.tg\/index.php?rest_route=\/wp\/v2\/types\/post"}],"author":[{"embeddable":true,"href":"https:\/\/macite.tg\/index.php?rest_route=\/wp\/v2\/users\/2"}],"replies":[{"embeddable":true,"href":"https:\/\/macite.tg\/index.php?rest_route=%2Fwp%2Fv2%2Fcomments&post=19469"}],"version-history":[{"count":0,"href":"https:\/\/macite.tg\/index.php?rest_route=\/wp\/v2\/posts\/19469\/revisions"}],"wp:featuredmedia":[{"embeddable":true,"href":"https:\/\/macite.tg\/index.php?rest_route=\/wp\/v2\/media\/19474"}],"wp:attachment":[{"href":"https:\/\/macite.tg\/index.php?rest_route=%2Fwp%2Fv2%2Fmedia&parent=19469"}],"wp:term":[{"taxonomy":"category","embeddable":true,"href":"https:\/\/macite.tg\/index.php?rest_route=%2Fwp%2Fv2%2Fcategories&post=19469"},{"taxonomy":"post_tag","embeddable":true,"href":"https:\/\/macite.tg\/index.php?rest_route=%2Fwp%2Fv2%2Ftags&post=19469"}],"curies":[{"name":"wp","href":"https:\/\/api.w.org\/{rel}","templated":true}]}}