{"id":19458,"date":"2025-01-20T17:16:27","date_gmt":"2025-01-20T17:16:27","guid":{"rendered":"https:\/\/macite.tg\/?p=19458"},"modified":"2025-01-20T17:48:06","modified_gmt":"2025-01-20T17:48:06","slug":"la-commune-golfe-6-en-deuil-le-maire-dagbovie-koffi-jean-baptiste-nest-plus","status":"publish","type":"post","link":"https:\/\/macite.tg\/?p=19458","title":{"rendered":"LA COMMUNE GOLFE 6 EN DEUIL\u00a0: Le Maire Dagbovie Koffi Jean-Baptiste n\u2019est plus !"},"content":{"rendered":"\n<p class=\"wp-block-paragraph\"><strong><em>Triste nouvelle\u00a0! La commune Golfe 6 (Baguida) vient de perdre son premier dirigeant, le Maire Koffi Jean-Baptiste Dagbovie.<\/em><\/strong><\/p>\n\n\n\n<figure class=\"wp-block-image size-large\"><img loading=\"lazy\" decoding=\"async\" width=\"1024\" height=\"683\" src=\"https:\/\/macite.tg\/wp-content\/uploads\/2025\/01\/dagboviii-1024x683.jpg\" alt=\"\" class=\"wp-image-19464\" srcset=\"https:\/\/macite.tg\/wp-content\/uploads\/2025\/01\/dagboviii-1024x683.jpg 1024w, https:\/\/macite.tg\/wp-content\/uploads\/2025\/01\/dagboviii-300x200.jpg 300w, https:\/\/macite.tg\/wp-content\/uploads\/2025\/01\/dagboviii-768x512.jpg 768w, https:\/\/macite.tg\/wp-content\/uploads\/2025\/01\/dagboviii-1536x1024.jpg 1536w, https:\/\/macite.tg\/wp-content\/uploads\/2025\/01\/dagboviii-650x434.jpg 650w, https:\/\/macite.tg\/wp-content\/uploads\/2025\/01\/dagboviii-730x487.jpg 730w, https:\/\/macite.tg\/wp-content\/uploads\/2025\/01\/dagboviii-112x75.jpg 112w, https:\/\/macite.tg\/wp-content\/uploads\/2025\/01\/dagboviii-425x283.jpg 425w, https:\/\/macite.tg\/wp-content\/uploads\/2025\/01\/dagboviii-430x287.jpg 430w, https:\/\/macite.tg\/wp-content\/uploads\/2025\/01\/dagboviii.jpg 2048w\" sizes=\"auto, (max-width: 1024px) 100vw, 1024px\" \/><\/figure>\n\n\n\n<p class=\"wp-block-paragraph\">Le maire de la commune du Golfe 6 (Baguida) et membre de l\u2019Alliance nationale pour le changement (ANC), Jean-Baptiste Dgbovie, est pass\u00e9, ce lundi 20 janvier 2025, de vie \u00e0 tr\u00e9pas.<\/p>\n\n\n\n<p class=\"wp-block-paragraph\">Le natif de D\u00e9v\u00e9go, en poste depuis six ans d\u00e9j\u00e0, n\u2019aurait pas surv\u00e9cu des suites d\u2019un malaise, selon des sources concordantes.<\/p>\n\n\n\n<p class=\"wp-block-paragraph\">Toute la R\u00e9daction de MACITE.TG pr\u00e9sente ses sinc\u00e8res condol\u00e9ances \u00e0 a famille biologique et politique de l\u2019illustre disparu&nbsp;!<\/p>\n\n\n\n<figure class=\"wp-block-image size-full\"><img loading=\"lazy\" decoding=\"async\" width=\"851\" height=\"315\" src=\"https:\/\/macite.tg\/wp-content\/uploads\/2025\/01\/OTR_Renseignements-1.jpg\" alt=\"\" class=\"wp-image-19409\" srcset=\"https:\/\/macite.tg\/wp-content\/uploads\/2025\/01\/OTR_Renseignements-1.jpg 851w, https:\/\/macite.tg\/wp-content\/uploads\/2025\/01\/OTR_Renseignements-1-300x111.jpg 300w, https:\/\/macite.tg\/wp-content\/uploads\/2025\/01\/OTR_Renseignements-1-768x284.jpg 768w\" sizes=\"auto, (max-width: 851px) 100vw, 851px\" \/><\/figure>\n\n\n\n<p class=\"wp-block-paragraph\"><a><strong><em>@macite.tg&nbsp;&nbsp;&nbsp;&nbsp;&nbsp;&nbsp;&nbsp;&nbsp;<\/em><\/strong><\/a><\/p>\n\n\n\n<p class=\"wp-block-paragraph\"><strong><em>E-mail&nbsp;: <\/em><\/strong><a href=\"mailto:maciteinfo@gmail.com\"><strong><em>maciteinfo@gmail.com<\/em><\/strong><\/a><strong><em>; <\/em><\/strong><a href=\"mailto:bawela1@gmail.com\"><strong><em>bawela1@gmail.com<\/em><\/strong><\/a><strong><em><\/em><\/strong><\/p>\n\n\n\n<p class=\"wp-block-paragraph\"><strong><em>Pour vos annonces, (publi)reportages, etc., joignez-nous au (00228)91515309\/<strong>79872224 <\/strong>www.macite.tg, L\u2019information, la bonne&nbsp;!<\/em><\/strong><\/p>\n","protected":false},"excerpt":{"rendered":"<p class=\"text-justify mb-2\" >Triste nouvelle\u00a0! La commune Golfe 6 (Baguida) vient de perdre son premier dirigeant, le Maire Koffi Jean-Baptiste Dagbovie. Le maire de la commune du Golfe 6 (Baguida) et membre de l\u2019Alliance nationale pour le changement (ANC), Jean-Baptiste Dgbovie, est pass\u00e9, ce lundi 20 janvier 2025, [&hellip;]<\/p>\n","protected":false},"author":2,"featured_media":19465,"comment_status":"open","ping_status":"open","sticky":false,"template":"","format":"standard","meta":{"footnotes":""},"categories":[20,35],"tags":[],"class_list":["post-19458","post","type-post","status-publish","format-standard","has-post-thumbnail","hentry","category-actualite","category-necrologie"],"yoast_head":"<!-- This site is optimized with the Yoast SEO plugin v28.4 - https:\/\/yoast.com\/product\/yoast-seo-wordpress\/ -->\n<title>LA COMMUNE GOLFE 6 EN DEUIL\u00a0: Le Maire Dagbovie Koffi Jean-Baptiste n\u2019est plus ! -<\/title>\n<meta name=\"robots\" content=\"index, follow, max-snippet:-1, max-image-preview:large, max-video-preview:-1\" \/>\n<link rel=\"canonical\" href=\"https:\/\/macite.tg\/?p=19458\" \/>\n<meta property=\"og:locale\" content=\"fr_FR\" \/>\n<meta property=\"og:type\" content=\"article\" \/>\n<meta property=\"og:title\" content=\"LA COMMUNE GOLFE 6 EN DEUIL\u00a0: Le Maire Dagbovie Koffi Jean-Baptiste n\u2019est plus ! -\" \/>\n<meta property=\"og:description\" content=\"Triste nouvelle\u00a0! La commune Golfe 6 (Baguida) vient de perdre son premier dirigeant, le Maire Koffi Jean-Baptiste Dagbovie. Le maire de la commune du Golfe 6 (Baguida) et membre de l\u2019Alliance nationale pour le changement (ANC), Jean-Baptiste Dgbovie, est pass\u00e9, ce lundi 20 janvier 2025, [&hellip;]\" \/>\n<meta property=\"og:url\" content=\"https:\/\/macite.tg\/?p=19458\" \/>\n<meta property=\"article:published_time\" content=\"2025-01-20T17:16:27+00:00\" \/>\n<meta property=\"article:modified_time\" content=\"2025-01-20T17:48:06+00:00\" \/>\n<meta property=\"og:image\" content=\"https:\/\/macite.tg\/wp-content\/uploads\/2025\/01\/Koffi-Dagbovi-Maire-Golfe-6.jpg\" \/>\n\t<meta property=\"og:image:width\" content=\"500\" \/>\n\t<meta property=\"og:image:height\" content=\"375\" \/>\n\t<meta property=\"og:image:type\" content=\"image\/jpeg\" \/>\n<meta name=\"author\" content=\"Jean Pierre BAWELA\" \/>\n<meta name=\"twitter:card\" content=\"summary_large_image\" \/>\n<meta name=\"twitter:label1\" content=\"\u00c9crit par\" \/>\n\t<meta name=\"twitter:data1\" content=\"Jean Pierre BAWELA\" \/>\n\t<meta name=\"twitter:label2\" content=\"Dur\u00e9e de lecture estim\u00e9e\" \/>\n\t<meta name=\"twitter:data2\" content=\"1 minute\" \/>\n<script type=\"application\/ld+json\" class=\"yoast-schema-graph\">{\"@context\":\"https:\\\/\\\/schema.org\",\"@graph\":[{\"@type\":\"Article\",\"@id\":\"https:\\\/\\\/macite.tg\\\/?p=19458#article\",\"isPartOf\":{\"@id\":\"https:\\\/\\\/macite.tg\\\/?p=19458\"},\"author\":{\"name\":\"Jean Pierre BAWELA\",\"@id\":\"https:\\\/\\\/macite.tg\\\/#\\\/schema\\\/person\\\/e9f2de7e5dbbe7770a9402c7ce82f5c2\"},\"headline\":\"LA COMMUNE GOLFE 6 EN DEUIL\u00a0: Le Maire Dagbovie Koffi Jean-Baptiste n\u2019est plus !\",\"datePublished\":\"2025-01-20T17:16:27+00:00\",\"dateModified\":\"2025-01-20T17:48:06+00:00\",\"mainEntityOfPage\":{\"@id\":\"https:\\\/\\\/macite.tg\\\/?p=19458\"},\"wordCount\":144,\"commentCount\":0,\"image\":{\"@id\":\"https:\\\/\\\/macite.tg\\\/?p=19458#primaryimage\"},\"thumbnailUrl\":\"https:\\\/\\\/macite.tg\\\/wp-content\\\/uploads\\\/2025\\\/01\\\/Koffi-Dagbovi-Maire-Golfe-6.jpg\",\"articleSection\":[\"ACTUALITE\",\"NECROLOGIE\"],\"inLanguage\":\"fr-FR\",\"potentialAction\":[{\"@type\":\"CommentAction\",\"name\":\"Comment\",\"target\":[\"https:\\\/\\\/macite.tg\\\/?p=19458#respond\"]}]},{\"@type\":\"WebPage\",\"@id\":\"https:\\\/\\\/macite.tg\\\/?p=19458\",\"url\":\"https:\\\/\\\/macite.tg\\\/?p=19458\",\"name\":\"LA COMMUNE GOLFE 6 EN DEUIL\u00a0: Le Maire Dagbovie Koffi Jean-Baptiste n\u2019est plus ! -\",\"isPartOf\":{\"@id\":\"https:\\\/\\\/macite.tg\\\/#website\"},\"primaryImageOfPage\":{\"@id\":\"https:\\\/\\\/macite.tg\\\/?p=19458#primaryimage\"},\"image\":{\"@id\":\"https:\\\/\\\/macite.tg\\\/?p=19458#primaryimage\"},\"thumbnailUrl\":\"https:\\\/\\\/macite.tg\\\/wp-content\\\/uploads\\\/2025\\\/01\\\/Koffi-Dagbovi-Maire-Golfe-6.jpg\",\"datePublished\":\"2025-01-20T17:16:27+00:00\",\"dateModified\":\"2025-01-20T17:48:06+00:00\",\"author\":{\"@id\":\"https:\\\/\\\/macite.tg\\\/#\\\/schema\\\/person\\\/e9f2de7e5dbbe7770a9402c7ce82f5c2\"},\"breadcrumb\":{\"@id\":\"https:\\\/\\\/macite.tg\\\/?p=19458#breadcrumb\"},\"inLanguage\":\"fr-FR\",\"potentialAction\":[{\"@type\":\"ReadAction\",\"target\":[\"https:\\\/\\\/macite.tg\\\/?p=19458\"]}]},{\"@type\":\"ImageObject\",\"inLanguage\":\"fr-FR\",\"@id\":\"https:\\\/\\\/macite.tg\\\/?p=19458#primaryimage\",\"url\":\"https:\\\/\\\/macite.tg\\\/wp-content\\\/uploads\\\/2025\\\/01\\\/Koffi-Dagbovi-Maire-Golfe-6.jpg\",\"contentUrl\":\"https:\\\/\\\/macite.tg\\\/wp-content\\\/uploads\\\/2025\\\/01\\\/Koffi-Dagbovi-Maire-Golfe-6.jpg\",\"width\":500,\"height\":375,\"caption\":\"Feu Koffi Jean-Baptiste Dagbovi, Maire commune Golfe 6\"},{\"@type\":\"BreadcrumbList\",\"@id\":\"https:\\\/\\\/macite.tg\\\/?p=19458#breadcrumb\",\"itemListElement\":[{\"@type\":\"ListItem\",\"position\":1,\"name\":\"Accueil\",\"item\":\"https:\\\/\\\/macite.tg\\\/\"},{\"@type\":\"ListItem\",\"position\":2,\"name\":\"LA COMMUNE GOLFE 6 EN DEUIL\u00a0: Le Maire Dagbovie Koffi Jean-Baptiste n\u2019est plus !\"}]},{\"@type\":\"WebSite\",\"@id\":\"https:\\\/\\\/macite.tg\\\/#website\",\"url\":\"https:\\\/\\\/macite.tg\\\/\",\"name\":\"\",\"description\":\"L&#039;information, la bonne!!!\",\"potentialAction\":[{\"@type\":\"SearchAction\",\"target\":{\"@type\":\"EntryPoint\",\"urlTemplate\":\"https:\\\/\\\/macite.tg\\\/?s={search_term_string}\"},\"query-input\":{\"@type\":\"PropertyValueSpecification\",\"valueRequired\":true,\"valueName\":\"search_term_string\"}}],\"inLanguage\":\"fr-FR\"},{\"@type\":\"Person\",\"@id\":\"https:\\\/\\\/macite.tg\\\/#\\\/schema\\\/person\\\/e9f2de7e5dbbe7770a9402c7ce82f5c2\",\"name\":\"Jean Pierre BAWELA\",\"image\":{\"@type\":\"ImageObject\",\"inLanguage\":\"fr-FR\",\"@id\":\"https:\\\/\\\/macite.tg\\\/wp-content\\\/uploads\\\/2023\\\/09\\\/WhatsApp-Image-2023-09-19-at-14.44.41-122x122.jpeg\",\"url\":\"https:\\\/\\\/macite.tg\\\/wp-content\\\/uploads\\\/2023\\\/09\\\/WhatsApp-Image-2023-09-19-at-14.44.41-122x122.jpeg\",\"contentUrl\":\"https:\\\/\\\/macite.tg\\\/wp-content\\\/uploads\\\/2023\\\/09\\\/WhatsApp-Image-2023-09-19-at-14.44.41-122x122.jpeg\",\"caption\":\"Jean Pierre BAWELA\"},\"url\":\"https:\\\/\\\/macite.tg\\\/?author=2\"}]}<\/script>\n<!-- \/ Yoast SEO plugin. -->","yoast_head_json":{"title":"LA COMMUNE GOLFE 6 EN DEUIL\u00a0: Le Maire Dagbovie Koffi Jean-Baptiste n\u2019est plus ! -","robots":{"index":"index","follow":"follow","max-snippet":"max-snippet:-1","max-image-preview":"max-image-preview:large","max-video-preview":"max-video-preview:-1"},"canonical":"https:\/\/macite.tg\/?p=19458","og_locale":"fr_FR","og_type":"article","og_title":"LA COMMUNE GOLFE 6 EN DEUIL\u00a0: Le Maire Dagbovie Koffi Jean-Baptiste n\u2019est plus ! -","og_description":"Triste nouvelle\u00a0! La commune Golfe 6 (Baguida) vient de perdre son premier dirigeant, le Maire Koffi Jean-Baptiste Dagbovie. Le maire de la commune du Golfe 6 (Baguida) et membre de l\u2019Alliance nationale pour le changement (ANC), Jean-Baptiste Dgbovie, est pass\u00e9, ce lundi 20 janvier 2025, [&hellip;]","og_url":"https:\/\/macite.tg\/?p=19458","article_published_time":"2025-01-20T17:16:27+00:00","article_modified_time":"2025-01-20T17:48:06+00:00","og_image":[{"width":500,"height":375,"url":"https:\/\/macite.tg\/wp-content\/uploads\/2025\/01\/Koffi-Dagbovi-Maire-Golfe-6.jpg","type":"image\/jpeg"}],"author":"Jean Pierre BAWELA","twitter_card":"summary_large_image","twitter_misc":{"\u00c9crit par":"Jean Pierre BAWELA","Dur\u00e9e de lecture estim\u00e9e":"1 minute"},"schema":{"@context":"https:\/\/schema.org","@graph":[{"@type":"Article","@id":"https:\/\/macite.tg\/?p=19458#article","isPartOf":{"@id":"https:\/\/macite.tg\/?p=19458"},"author":{"name":"Jean Pierre BAWELA","@id":"https:\/\/macite.tg\/#\/schema\/person\/e9f2de7e5dbbe7770a9402c7ce82f5c2"},"headline":"LA COMMUNE GOLFE 6 EN DEUIL\u00a0: Le Maire Dagbovie Koffi Jean-Baptiste n\u2019est plus !","datePublished":"2025-01-20T17:16:27+00:00","dateModified":"2025-01-20T17:48:06+00:00","mainEntityOfPage":{"@id":"https:\/\/macite.tg\/?p=19458"},"wordCount":144,"commentCount":0,"image":{"@id":"https:\/\/macite.tg\/?p=19458#primaryimage"},"thumbnailUrl":"https:\/\/macite.tg\/wp-content\/uploads\/2025\/01\/Koffi-Dagbovi-Maire-Golfe-6.jpg","articleSection":["ACTUALITE","NECROLOGIE"],"inLanguage":"fr-FR","potentialAction":[{"@type":"CommentAction","name":"Comment","target":["https:\/\/macite.tg\/?p=19458#respond"]}]},{"@type":"WebPage","@id":"https:\/\/macite.tg\/?p=19458","url":"https:\/\/macite.tg\/?p=19458","name":"LA COMMUNE GOLFE 6 EN DEUIL\u00a0: Le Maire Dagbovie Koffi Jean-Baptiste n\u2019est plus ! -","isPartOf":{"@id":"https:\/\/macite.tg\/#website"},"primaryImageOfPage":{"@id":"https:\/\/macite.tg\/?p=19458#primaryimage"},"image":{"@id":"https:\/\/macite.tg\/?p=19458#primaryimage"},"thumbnailUrl":"https:\/\/macite.tg\/wp-content\/uploads\/2025\/01\/Koffi-Dagbovi-Maire-Golfe-6.jpg","datePublished":"2025-01-20T17:16:27+00:00","dateModified":"2025-01-20T17:48:06+00:00","author":{"@id":"https:\/\/macite.tg\/#\/schema\/person\/e9f2de7e5dbbe7770a9402c7ce82f5c2"},"breadcrumb":{"@id":"https:\/\/macite.tg\/?p=19458#breadcrumb"},"inLanguage":"fr-FR","potentialAction":[{"@type":"ReadAction","target":["https:\/\/macite.tg\/?p=19458"]}]},{"@type":"ImageObject","inLanguage":"fr-FR","@id":"https:\/\/macite.tg\/?p=19458#primaryimage","url":"https:\/\/macite.tg\/wp-content\/uploads\/2025\/01\/Koffi-Dagbovi-Maire-Golfe-6.jpg","contentUrl":"https:\/\/macite.tg\/wp-content\/uploads\/2025\/01\/Koffi-Dagbovi-Maire-Golfe-6.jpg","width":500,"height":375,"caption":"Feu Koffi Jean-Baptiste Dagbovi, Maire commune Golfe 6"},{"@type":"BreadcrumbList","@id":"https:\/\/macite.tg\/?p=19458#breadcrumb","itemListElement":[{"@type":"ListItem","position":1,"name":"Accueil","item":"https:\/\/macite.tg\/"},{"@type":"ListItem","position":2,"name":"LA COMMUNE GOLFE 6 EN DEUIL\u00a0: Le Maire Dagbovie Koffi Jean-Baptiste n\u2019est plus !"}]},{"@type":"WebSite","@id":"https:\/\/macite.tg\/#website","url":"https:\/\/macite.tg\/","name":"","description":"L&#039;information, la bonne!!!","potentialAction":[{"@type":"SearchAction","target":{"@type":"EntryPoint","urlTemplate":"https:\/\/macite.tg\/?s={search_term_string}"},"query-input":{"@type":"PropertyValueSpecification","valueRequired":true,"valueName":"search_term_string"}}],"inLanguage":"fr-FR"},{"@type":"Person","@id":"https:\/\/macite.tg\/#\/schema\/person\/e9f2de7e5dbbe7770a9402c7ce82f5c2","name":"Jean Pierre BAWELA","image":{"@type":"ImageObject","inLanguage":"fr-FR","@id":"https:\/\/macite.tg\/wp-content\/uploads\/2023\/09\/WhatsApp-Image-2023-09-19-at-14.44.41-122x122.jpeg","url":"https:\/\/macite.tg\/wp-content\/uploads\/2023\/09\/WhatsApp-Image-2023-09-19-at-14.44.41-122x122.jpeg","contentUrl":"https:\/\/macite.tg\/wp-content\/uploads\/2023\/09\/WhatsApp-Image-2023-09-19-at-14.44.41-122x122.jpeg","caption":"Jean Pierre BAWELA"},"url":"https:\/\/macite.tg\/?author=2"}]}},"_links":{"self":[{"href":"https:\/\/macite.tg\/index.php?rest_route=\/wp\/v2\/posts\/19458","targetHints":{"allow":["GET"]}}],"collection":[{"href":"https:\/\/macite.tg\/index.php?rest_route=\/wp\/v2\/posts"}],"about":[{"href":"https:\/\/macite.tg\/index.php?rest_route=\/wp\/v2\/types\/post"}],"author":[{"embeddable":true,"href":"https:\/\/macite.tg\/index.php?rest_route=\/wp\/v2\/users\/2"}],"replies":[{"embeddable":true,"href":"https:\/\/macite.tg\/index.php?rest_route=%2Fwp%2Fv2%2Fcomments&post=19458"}],"version-history":[{"count":0,"href":"https:\/\/macite.tg\/index.php?rest_route=\/wp\/v2\/posts\/19458\/revisions"}],"wp:featuredmedia":[{"embeddable":true,"href":"https:\/\/macite.tg\/index.php?rest_route=\/wp\/v2\/media\/19465"}],"wp:attachment":[{"href":"https:\/\/macite.tg\/index.php?rest_route=%2Fwp%2Fv2%2Fmedia&parent=19458"}],"wp:term":[{"taxonomy":"category","embeddable":true,"href":"https:\/\/macite.tg\/index.php?rest_route=%2Fwp%2Fv2%2Fcategories&post=19458"},{"taxonomy":"post_tag","embeddable":true,"href":"https:\/\/macite.tg\/index.php?rest_route=%2Fwp%2Fv2%2Ftags&post=19458"}],"curies":[{"name":"wp","href":"https:\/\/api.w.org\/{rel}","templated":true}]}}