{"id":19449,"date":"2025-01-20T15:21:17","date_gmt":"2025-01-20T15:21:17","guid":{"rendered":"https:\/\/macite.tg\/?p=19449"},"modified":"2025-01-20T15:21:26","modified_gmt":"2025-01-20T15:21:26","slug":"cooperation-parlementaire-adedze-kodjo-a-la-rentree-solennelle-de-lassemblee-nationale-ivoirienne","status":"publish","type":"post","link":"https:\/\/macite.tg\/?p=19449","title":{"rendered":"COOPERATION PARLEMENTAIRE : Ad\u00e9dz\u00e9 Kodjo \u00e0 la rentr\u00e9e solennelle de l\u2019Assembl\u00e9e nationale ivoirienne"},"content":{"rendered":"\n<p class=\"wp-block-paragraph\"><strong><em>A l\u2019invitation de son homologue ivoirien, Adama Bictogo, le pr\u00e9sident de l\u2019Assembl\u00e9e nationale togolaise, Ad\u00e9dz\u00e9 Kodjo, participe, ce lundi 20 janvier, \u00e0 la rentr\u00e9e solennelle de la premi\u00e8re session ordinaire de l\u2019ann\u00e9e 2025, de l\u2019Assembl\u00e9e nationale s\u0153ur de C\u00f4te d\u2019Ivoire.<\/em><\/strong><\/p>\n\n\n\n<p class=\"wp-block-paragraph\">Rendez-vous historique, cette c\u00e9r\u00e9monie solennelle de la premi\u00e8re session ordinaire de l\u2019ann\u00e9e 2025 de l\u2019Assembl\u00e9e nationale s\u0153ur de C\u00f4te d\u2019Ivoire, est une occasion pour renforcer la diplomatie parlementaire.<\/p>\n\n\n\n<p class=\"wp-block-paragraph\">Cette c\u00e9r\u00e9monie marque aussi un moment fort dans les relations bilat\u00e9rales entre le Togo et la C\u00f4te d\u2019Ivoire, preuve de l&rsquo;excellence des relations d\u2019amiti\u00e9 et de coop\u00e9ration entre les deux institutions et nations s\u0153urs, plac\u00e9es sous le leadership \u00e9clair\u00e9 de leurs Excellences Monsieur Alassane Ouattara, Pr\u00e9sident de la R\u00e9publique de C\u00f4te d\u2019Ivoire et Monsieur Faure Essozimna Gnassingb\u00e9, Pr\u00e9sident de la R\u00e9publique Togolaise.<\/p>\n\n\n<div class=\"wp-block-image\">\n<figure class=\"aligncenter size-large is-resized\"><img loading=\"lazy\" decoding=\"async\" src=\"https:\/\/macite.tg\/wp-content\/uploads\/2025\/01\/1737ff3e-475b-4744-9eae-07f8bc7dad65-717x1024.jpg\" alt=\"\" class=\"wp-image-19308\" width=\"457\" height=\"653\" srcset=\"https:\/\/macite.tg\/wp-content\/uploads\/2025\/01\/1737ff3e-475b-4744-9eae-07f8bc7dad65-717x1024.jpg 717w, https:\/\/macite.tg\/wp-content\/uploads\/2025\/01\/1737ff3e-475b-4744-9eae-07f8bc7dad65-210x300.jpg 210w, https:\/\/macite.tg\/wp-content\/uploads\/2025\/01\/1737ff3e-475b-4744-9eae-07f8bc7dad65-768x1097.jpg 768w, https:\/\/macite.tg\/wp-content\/uploads\/2025\/01\/1737ff3e-475b-4744-9eae-07f8bc7dad65-1075x1536.jpg 1075w, https:\/\/macite.tg\/wp-content\/uploads\/2025\/01\/1737ff3e-475b-4744-9eae-07f8bc7dad65.jpg 1120w\" sizes=\"auto, (max-width: 457px) 100vw, 457px\" \/><\/figure>\n<\/div>\n\n\n<p class=\"wp-block-paragraph\">Notons que de cette rencontre est attendues des discussions bilat\u00e9rales dans l\u2019optique d\u2019explorer de nouvelles perspectives de coop\u00e9ration bilat\u00e9rale, tout en d\u00e9finissant de nouveaux axes de travail prioritaires dans le futur, notamment une collaboration renforcer entre les deux pays fr\u00e8res, fond\u00e9e sur la convergence de vision partag\u00e9e de progr\u00e8s.<\/p>\n\n\n\n<p class=\"wp-block-paragraph\"><strong>JPB<\/strong><\/p>\n\n\n\n<p class=\"wp-block-paragraph\"><a><strong><em>@macite.tg&nbsp;&nbsp;&nbsp;&nbsp;&nbsp;&nbsp;&nbsp;&nbsp;<\/em><\/strong><\/a><\/p>\n\n\n\n<p class=\"wp-block-paragraph\"><strong><em>E-mail&nbsp;: <\/em><\/strong><a href=\"mailto:maciteinfo@gmail.com\"><strong><em>maciteinfo@gmail.com<\/em><\/strong><\/a><strong><em>; <\/em><\/strong><a href=\"mailto:bawela1@gmail.com\"><strong><em>bawela1@gmail.com<\/em><\/strong><\/a><strong><em><\/em><\/strong><\/p>\n\n\n\n<p class=\"wp-block-paragraph\"><strong><em>Pour vos annonces, (publi)reportages, etc., joignez-nous au (00228)91515309\/<strong>79872224 <\/strong>www.macite.tg, L\u2019information, la bonne&nbsp;!<\/em><\/strong><\/p>\n","protected":false},"excerpt":{"rendered":"<p class=\"text-justify mb-2\" >A l\u2019invitation de son homologue ivoirien, Adama Bictogo, le pr\u00e9sident de l\u2019Assembl\u00e9e nationale togolaise, Ad\u00e9dz\u00e9 Kodjo, participe, ce lundi 20 janvier, \u00e0 la rentr\u00e9e solennelle de la premi\u00e8re session ordinaire de l\u2019ann\u00e9e 2025, de l\u2019Assembl\u00e9e nationale s\u0153ur de C\u00f4te d\u2019Ivoire. Rendez-vous historique, cette c\u00e9r\u00e9monie solennelle [&hellip;]<\/p>\n","protected":false},"author":2,"featured_media":19453,"comment_status":"open","ping_status":"open","sticky":false,"template":"","format":"standard","meta":{"footnotes":""},"categories":[20,1],"tags":[],"class_list":["post-19449","post","type-post","status-publish","format-standard","has-post-thumbnail","hentry","category-actualite","category-politique"],"yoast_head":"<!-- This site is optimized with the Yoast SEO plugin v28.4 - https:\/\/yoast.com\/product\/yoast-seo-wordpress\/ -->\n<title>COOPERATION PARLEMENTAIRE : Ad\u00e9dz\u00e9 Kodjo \u00e0 la rentr\u00e9e solennelle de l\u2019Assembl\u00e9e nationale ivoirienne -<\/title>\n<meta name=\"robots\" content=\"index, follow, max-snippet:-1, max-image-preview:large, max-video-preview:-1\" \/>\n<link rel=\"canonical\" href=\"https:\/\/macite.tg\/?p=19449\" \/>\n<meta property=\"og:locale\" content=\"fr_FR\" \/>\n<meta property=\"og:type\" content=\"article\" \/>\n<meta property=\"og:title\" content=\"COOPERATION PARLEMENTAIRE : Ad\u00e9dz\u00e9 Kodjo \u00e0 la rentr\u00e9e solennelle de l\u2019Assembl\u00e9e nationale ivoirienne -\" \/>\n<meta property=\"og:description\" content=\"A l\u2019invitation de son homologue ivoirien, Adama Bictogo, le pr\u00e9sident de l\u2019Assembl\u00e9e nationale togolaise, Ad\u00e9dz\u00e9 Kodjo, participe, ce lundi 20 janvier, \u00e0 la rentr\u00e9e solennelle de la premi\u00e8re session ordinaire de l\u2019ann\u00e9e 2025, de l\u2019Assembl\u00e9e nationale s\u0153ur de C\u00f4te d\u2019Ivoire. Rendez-vous historique, cette c\u00e9r\u00e9monie solennelle [&hellip;]\" \/>\n<meta property=\"og:url\" content=\"https:\/\/macite.tg\/?p=19449\" \/>\n<meta property=\"article:published_time\" content=\"2025-01-20T15:21:17+00:00\" \/>\n<meta property=\"article:modified_time\" content=\"2025-01-20T15:21:26+00:00\" \/>\n<meta property=\"og:image\" content=\"https:\/\/macite.tg\/wp-content\/uploads\/2025\/01\/AN-CI.jpg\" \/>\n\t<meta property=\"og:image:width\" content=\"500\" \/>\n\t<meta property=\"og:image:height\" content=\"373\" \/>\n\t<meta property=\"og:image:type\" content=\"image\/jpeg\" \/>\n<meta name=\"author\" content=\"Jean Pierre BAWELA\" \/>\n<meta name=\"twitter:card\" content=\"summary_large_image\" \/>\n<meta name=\"twitter:label1\" content=\"\u00c9crit par\" \/>\n\t<meta name=\"twitter:data1\" content=\"Jean Pierre BAWELA\" \/>\n\t<meta name=\"twitter:label2\" content=\"Dur\u00e9e de lecture estim\u00e9e\" \/>\n\t<meta name=\"twitter:data2\" content=\"1 minute\" \/>\n<script type=\"application\/ld+json\" class=\"yoast-schema-graph\">{\"@context\":\"https:\\\/\\\/schema.org\",\"@graph\":[{\"@type\":\"Article\",\"@id\":\"https:\\\/\\\/macite.tg\\\/?p=19449#article\",\"isPartOf\":{\"@id\":\"https:\\\/\\\/macite.tg\\\/?p=19449\"},\"author\":{\"name\":\"Jean Pierre BAWELA\",\"@id\":\"https:\\\/\\\/macite.tg\\\/#\\\/schema\\\/person\\\/e9f2de7e5dbbe7770a9402c7ce82f5c2\"},\"headline\":\"COOPERATION PARLEMENTAIRE : Ad\u00e9dz\u00e9 Kodjo \u00e0 la rentr\u00e9e solennelle de l\u2019Assembl\u00e9e nationale ivoirienne\",\"datePublished\":\"2025-01-20T15:21:17+00:00\",\"dateModified\":\"2025-01-20T15:21:26+00:00\",\"mainEntityOfPage\":{\"@id\":\"https:\\\/\\\/macite.tg\\\/?p=19449\"},\"wordCount\":275,\"commentCount\":0,\"image\":{\"@id\":\"https:\\\/\\\/macite.tg\\\/?p=19449#primaryimage\"},\"thumbnailUrl\":\"https:\\\/\\\/macite.tg\\\/wp-content\\\/uploads\\\/2025\\\/01\\\/AN-CI.jpg\",\"articleSection\":[\"ACTUALITE\",\"POLITIQUE\"],\"inLanguage\":\"fr-FR\",\"potentialAction\":[{\"@type\":\"CommentAction\",\"name\":\"Comment\",\"target\":[\"https:\\\/\\\/macite.tg\\\/?p=19449#respond\"]}]},{\"@type\":\"WebPage\",\"@id\":\"https:\\\/\\\/macite.tg\\\/?p=19449\",\"url\":\"https:\\\/\\\/macite.tg\\\/?p=19449\",\"name\":\"COOPERATION PARLEMENTAIRE : Ad\u00e9dz\u00e9 Kodjo \u00e0 la rentr\u00e9e solennelle de l\u2019Assembl\u00e9e nationale ivoirienne -\",\"isPartOf\":{\"@id\":\"https:\\\/\\\/macite.tg\\\/#website\"},\"primaryImageOfPage\":{\"@id\":\"https:\\\/\\\/macite.tg\\\/?p=19449#primaryimage\"},\"image\":{\"@id\":\"https:\\\/\\\/macite.tg\\\/?p=19449#primaryimage\"},\"thumbnailUrl\":\"https:\\\/\\\/macite.tg\\\/wp-content\\\/uploads\\\/2025\\\/01\\\/AN-CI.jpg\",\"datePublished\":\"2025-01-20T15:21:17+00:00\",\"dateModified\":\"2025-01-20T15:21:26+00:00\",\"author\":{\"@id\":\"https:\\\/\\\/macite.tg\\\/#\\\/schema\\\/person\\\/e9f2de7e5dbbe7770a9402c7ce82f5c2\"},\"breadcrumb\":{\"@id\":\"https:\\\/\\\/macite.tg\\\/?p=19449#breadcrumb\"},\"inLanguage\":\"fr-FR\",\"potentialAction\":[{\"@type\":\"ReadAction\",\"target\":[\"https:\\\/\\\/macite.tg\\\/?p=19449\"]}]},{\"@type\":\"ImageObject\",\"inLanguage\":\"fr-FR\",\"@id\":\"https:\\\/\\\/macite.tg\\\/?p=19449#primaryimage\",\"url\":\"https:\\\/\\\/macite.tg\\\/wp-content\\\/uploads\\\/2025\\\/01\\\/AN-CI.jpg\",\"contentUrl\":\"https:\\\/\\\/macite.tg\\\/wp-content\\\/uploads\\\/2025\\\/01\\\/AN-CI.jpg\",\"width\":500,\"height\":373,\"caption\":\"Les PA Ad\u00e9dz\u00e9 Kodjo et Adama Bictogo.\"},{\"@type\":\"BreadcrumbList\",\"@id\":\"https:\\\/\\\/macite.tg\\\/?p=19449#breadcrumb\",\"itemListElement\":[{\"@type\":\"ListItem\",\"position\":1,\"name\":\"Accueil\",\"item\":\"https:\\\/\\\/macite.tg\\\/\"},{\"@type\":\"ListItem\",\"position\":2,\"name\":\"COOPERATION PARLEMENTAIRE : Ad\u00e9dz\u00e9 Kodjo \u00e0 la rentr\u00e9e solennelle de l\u2019Assembl\u00e9e nationale ivoirienne\"}]},{\"@type\":\"WebSite\",\"@id\":\"https:\\\/\\\/macite.tg\\\/#website\",\"url\":\"https:\\\/\\\/macite.tg\\\/\",\"name\":\"\",\"description\":\"L&#039;information, la bonne!!!\",\"potentialAction\":[{\"@type\":\"SearchAction\",\"target\":{\"@type\":\"EntryPoint\",\"urlTemplate\":\"https:\\\/\\\/macite.tg\\\/?s={search_term_string}\"},\"query-input\":{\"@type\":\"PropertyValueSpecification\",\"valueRequired\":true,\"valueName\":\"search_term_string\"}}],\"inLanguage\":\"fr-FR\"},{\"@type\":\"Person\",\"@id\":\"https:\\\/\\\/macite.tg\\\/#\\\/schema\\\/person\\\/e9f2de7e5dbbe7770a9402c7ce82f5c2\",\"name\":\"Jean Pierre BAWELA\",\"image\":{\"@type\":\"ImageObject\",\"inLanguage\":\"fr-FR\",\"@id\":\"https:\\\/\\\/macite.tg\\\/wp-content\\\/uploads\\\/2023\\\/09\\\/WhatsApp-Image-2023-09-19-at-14.44.41-122x122.jpeg\",\"url\":\"https:\\\/\\\/macite.tg\\\/wp-content\\\/uploads\\\/2023\\\/09\\\/WhatsApp-Image-2023-09-19-at-14.44.41-122x122.jpeg\",\"contentUrl\":\"https:\\\/\\\/macite.tg\\\/wp-content\\\/uploads\\\/2023\\\/09\\\/WhatsApp-Image-2023-09-19-at-14.44.41-122x122.jpeg\",\"caption\":\"Jean Pierre BAWELA\"},\"url\":\"https:\\\/\\\/macite.tg\\\/?author=2\"}]}<\/script>\n<!-- \/ Yoast SEO plugin. -->","yoast_head_json":{"title":"COOPERATION PARLEMENTAIRE : Ad\u00e9dz\u00e9 Kodjo \u00e0 la rentr\u00e9e solennelle de l\u2019Assembl\u00e9e nationale ivoirienne -","robots":{"index":"index","follow":"follow","max-snippet":"max-snippet:-1","max-image-preview":"max-image-preview:large","max-video-preview":"max-video-preview:-1"},"canonical":"https:\/\/macite.tg\/?p=19449","og_locale":"fr_FR","og_type":"article","og_title":"COOPERATION PARLEMENTAIRE : Ad\u00e9dz\u00e9 Kodjo \u00e0 la rentr\u00e9e solennelle de l\u2019Assembl\u00e9e nationale ivoirienne -","og_description":"A l\u2019invitation de son homologue ivoirien, Adama Bictogo, le pr\u00e9sident de l\u2019Assembl\u00e9e nationale togolaise, Ad\u00e9dz\u00e9 Kodjo, participe, ce lundi 20 janvier, \u00e0 la rentr\u00e9e solennelle de la premi\u00e8re session ordinaire de l\u2019ann\u00e9e 2025, de l\u2019Assembl\u00e9e nationale s\u0153ur de C\u00f4te d\u2019Ivoire. Rendez-vous historique, cette c\u00e9r\u00e9monie solennelle [&hellip;]","og_url":"https:\/\/macite.tg\/?p=19449","article_published_time":"2025-01-20T15:21:17+00:00","article_modified_time":"2025-01-20T15:21:26+00:00","og_image":[{"width":500,"height":373,"url":"https:\/\/macite.tg\/wp-content\/uploads\/2025\/01\/AN-CI.jpg","type":"image\/jpeg"}],"author":"Jean Pierre BAWELA","twitter_card":"summary_large_image","twitter_misc":{"\u00c9crit par":"Jean Pierre BAWELA","Dur\u00e9e de lecture estim\u00e9e":"1 minute"},"schema":{"@context":"https:\/\/schema.org","@graph":[{"@type":"Article","@id":"https:\/\/macite.tg\/?p=19449#article","isPartOf":{"@id":"https:\/\/macite.tg\/?p=19449"},"author":{"name":"Jean Pierre BAWELA","@id":"https:\/\/macite.tg\/#\/schema\/person\/e9f2de7e5dbbe7770a9402c7ce82f5c2"},"headline":"COOPERATION PARLEMENTAIRE : Ad\u00e9dz\u00e9 Kodjo \u00e0 la rentr\u00e9e solennelle de l\u2019Assembl\u00e9e nationale ivoirienne","datePublished":"2025-01-20T15:21:17+00:00","dateModified":"2025-01-20T15:21:26+00:00","mainEntityOfPage":{"@id":"https:\/\/macite.tg\/?p=19449"},"wordCount":275,"commentCount":0,"image":{"@id":"https:\/\/macite.tg\/?p=19449#primaryimage"},"thumbnailUrl":"https:\/\/macite.tg\/wp-content\/uploads\/2025\/01\/AN-CI.jpg","articleSection":["ACTUALITE","POLITIQUE"],"inLanguage":"fr-FR","potentialAction":[{"@type":"CommentAction","name":"Comment","target":["https:\/\/macite.tg\/?p=19449#respond"]}]},{"@type":"WebPage","@id":"https:\/\/macite.tg\/?p=19449","url":"https:\/\/macite.tg\/?p=19449","name":"COOPERATION PARLEMENTAIRE : Ad\u00e9dz\u00e9 Kodjo \u00e0 la rentr\u00e9e solennelle de l\u2019Assembl\u00e9e nationale ivoirienne -","isPartOf":{"@id":"https:\/\/macite.tg\/#website"},"primaryImageOfPage":{"@id":"https:\/\/macite.tg\/?p=19449#primaryimage"},"image":{"@id":"https:\/\/macite.tg\/?p=19449#primaryimage"},"thumbnailUrl":"https:\/\/macite.tg\/wp-content\/uploads\/2025\/01\/AN-CI.jpg","datePublished":"2025-01-20T15:21:17+00:00","dateModified":"2025-01-20T15:21:26+00:00","author":{"@id":"https:\/\/macite.tg\/#\/schema\/person\/e9f2de7e5dbbe7770a9402c7ce82f5c2"},"breadcrumb":{"@id":"https:\/\/macite.tg\/?p=19449#breadcrumb"},"inLanguage":"fr-FR","potentialAction":[{"@type":"ReadAction","target":["https:\/\/macite.tg\/?p=19449"]}]},{"@type":"ImageObject","inLanguage":"fr-FR","@id":"https:\/\/macite.tg\/?p=19449#primaryimage","url":"https:\/\/macite.tg\/wp-content\/uploads\/2025\/01\/AN-CI.jpg","contentUrl":"https:\/\/macite.tg\/wp-content\/uploads\/2025\/01\/AN-CI.jpg","width":500,"height":373,"caption":"Les PA Ad\u00e9dz\u00e9 Kodjo et Adama Bictogo."},{"@type":"BreadcrumbList","@id":"https:\/\/macite.tg\/?p=19449#breadcrumb","itemListElement":[{"@type":"ListItem","position":1,"name":"Accueil","item":"https:\/\/macite.tg\/"},{"@type":"ListItem","position":2,"name":"COOPERATION PARLEMENTAIRE : Ad\u00e9dz\u00e9 Kodjo \u00e0 la rentr\u00e9e solennelle de l\u2019Assembl\u00e9e nationale ivoirienne"}]},{"@type":"WebSite","@id":"https:\/\/macite.tg\/#website","url":"https:\/\/macite.tg\/","name":"","description":"L&#039;information, la bonne!!!","potentialAction":[{"@type":"SearchAction","target":{"@type":"EntryPoint","urlTemplate":"https:\/\/macite.tg\/?s={search_term_string}"},"query-input":{"@type":"PropertyValueSpecification","valueRequired":true,"valueName":"search_term_string"}}],"inLanguage":"fr-FR"},{"@type":"Person","@id":"https:\/\/macite.tg\/#\/schema\/person\/e9f2de7e5dbbe7770a9402c7ce82f5c2","name":"Jean Pierre BAWELA","image":{"@type":"ImageObject","inLanguage":"fr-FR","@id":"https:\/\/macite.tg\/wp-content\/uploads\/2023\/09\/WhatsApp-Image-2023-09-19-at-14.44.41-122x122.jpeg","url":"https:\/\/macite.tg\/wp-content\/uploads\/2023\/09\/WhatsApp-Image-2023-09-19-at-14.44.41-122x122.jpeg","contentUrl":"https:\/\/macite.tg\/wp-content\/uploads\/2023\/09\/WhatsApp-Image-2023-09-19-at-14.44.41-122x122.jpeg","caption":"Jean Pierre BAWELA"},"url":"https:\/\/macite.tg\/?author=2"}]}},"_links":{"self":[{"href":"https:\/\/macite.tg\/index.php?rest_route=\/wp\/v2\/posts\/19449","targetHints":{"allow":["GET"]}}],"collection":[{"href":"https:\/\/macite.tg\/index.php?rest_route=\/wp\/v2\/posts"}],"about":[{"href":"https:\/\/macite.tg\/index.php?rest_route=\/wp\/v2\/types\/post"}],"author":[{"embeddable":true,"href":"https:\/\/macite.tg\/index.php?rest_route=\/wp\/v2\/users\/2"}],"replies":[{"embeddable":true,"href":"https:\/\/macite.tg\/index.php?rest_route=%2Fwp%2Fv2%2Fcomments&post=19449"}],"version-history":[{"count":0,"href":"https:\/\/macite.tg\/index.php?rest_route=\/wp\/v2\/posts\/19449\/revisions"}],"wp:featuredmedia":[{"embeddable":true,"href":"https:\/\/macite.tg\/index.php?rest_route=\/wp\/v2\/media\/19453"}],"wp:attachment":[{"href":"https:\/\/macite.tg\/index.php?rest_route=%2Fwp%2Fv2%2Fmedia&parent=19449"}],"wp:term":[{"taxonomy":"category","embeddable":true,"href":"https:\/\/macite.tg\/index.php?rest_route=%2Fwp%2Fv2%2Fcategories&post=19449"},{"taxonomy":"post_tag","embeddable":true,"href":"https:\/\/macite.tg\/index.php?rest_route=%2Fwp%2Fv2%2Ftags&post=19449"}],"curies":[{"name":"wp","href":"https:\/\/api.w.org\/{rel}","templated":true}]}}