{"id":1930,"date":"2022-11-19T14:15:27","date_gmt":"2022-11-19T14:15:27","guid":{"rendered":"https:\/\/macite.info\/?p=1930"},"modified":"2022-11-19T14:15:28","modified_gmt":"2022-11-19T14:15:28","slug":"omar-daf-deballe-tout-sur-la-blessure-de-sadio-mane-il-le-savait","status":"publish","type":"post","link":"https:\/\/macite.tg\/?p=1930","title":{"rendered":"OMAR DAF D\u00c9BALLE TOUT SUR LA BLESSURE DE SADIO MAN\u00c9 : \u00ab\u2026Il le savait\u00a0!\u00a0\u00bb"},"content":{"rendered":"\n<p class=\"wp-block-paragraph\"><\/p>\n\n\n\n<p class=\"wp-block-paragraph\"><strong><em>L\u2019ancien international s\u00e9n\u00e9galais, Omar Daf est revenu sur la blessure de la star de la s\u00e9lection nationale, Sadio Man\u00e9.<\/em><\/strong><\/p>\n\n\n\n<p class=\"wp-block-paragraph\">C\u2019est un \u00e9norme coup dur pour le S\u00e9n\u00e9gal. Touch\u00e9 au p\u00e9ron\u00e9, Sadio Man\u00e9 avait malgr\u00e9 tout \u00e9t\u00e9 appel\u00e9 avec le S\u00e9n\u00e9gal pour participer \u00e0 la Coupe du monde 2022. Mais apr\u00e8s des examens pass\u00e9s en Allemagne, l\u2019attaquant du Bayern Munich a finalement d\u00fb renoncer \u00e0 son r\u00eave.<\/p>\n\n\n\n<p class=\"wp-block-paragraph\">Au cours d\u2019un entretien accord\u00e9 \u00e0 Football365, Omar Daf a confi\u00e9 que l\u2019ancien Red savait quelques jours apr\u00e8s avoir contract\u00e9 sa blessure qu\u2019il ne pourrait pas participer au tournoi.<\/p>\n\n\n<div class=\"wp-block-image\">\n<figure class=\"aligncenter size-large is-resized\"><img loading=\"lazy\" decoding=\"async\" src=\"https:\/\/macite.tg\/wp-content\/uploads\/2022\/11\/ANNONCES-1-1024x426.jpg\" alt=\"\" class=\"wp-image-1602\" width=\"794\" height=\"330\" srcset=\"https:\/\/macite.tg\/wp-content\/uploads\/2022\/11\/ANNONCES-1-1024x426.jpg 1024w, https:\/\/macite.tg\/wp-content\/uploads\/2022\/11\/ANNONCES-1-300x125.jpg 300w, https:\/\/macite.tg\/wp-content\/uploads\/2022\/11\/ANNONCES-1-768x319.jpg 768w, https:\/\/macite.tg\/wp-content\/uploads\/2022\/11\/ANNONCES-1.jpg 1080w\" sizes=\"auto, (max-width: 794px) 100vw, 794px\" \/><\/figure>\n<\/div>\n\n\n<p class=\"wp-block-paragraph\"><strong><em>\u00ab C\u2019est une perte \u00e9norme \u00bb<\/em><\/strong><em><\/em><\/p>\n\n\n\n<p class=\"wp-block-paragraph\"><em>\u00ab Je pense que depuis le d\u00e9but \u2013 enfin apr\u00e8s quelques jours \u2013 des examens compl\u00e9mentaires ont \u00e9t\u00e9 r\u00e9alis\u00e9s. Et pour l\u2019avoir eu au t\u00e9l\u00e9phone, lui-m\u00eame savait que ce serait tr\u00e8s difficile pour lui de participer \u00e0 cette comp\u00e9tition.<\/em><\/p>\n\n\n\n<p class=\"wp-block-paragraph\"><em>Je pense que les joueurs qui sont proches de lui le savaient aussi. Il a essay\u00e9. Il y a un peuple qui attendait. Il a essay\u00e9 de faire cet effort pour rassurer les gens. Mais la raison l\u2019emporte et pour lui ce n\u2019\u00e9tait pas possible de participer \u00e0 cette comp\u00e9tition \u00bb,<\/em> a ainsi confi\u00e9 l\u2019ancien international s\u00e9n\u00e9galais.<\/p>\n\n\n\n<p class=\"wp-block-paragraph\"><em>\u00ab C\u2019est une grosse perte. Comme peut l\u2019\u00eatre Messi pour l\u2019Argentine, Mbapp\u00e9 pour l\u2019\u00e9quipe de France, Neymar pour le Br\u00e9sil et j\u2019en oublie. C\u2019est une perte \u00e9norme\u2026 J\u2019esp\u00e8re que les joueurs vont tout donner pour lui pour compenser cette perte. \u00bb,<\/em> a ajout\u00e9 Omar Daf.<\/p>\n\n\n\n<p class=\"wp-block-paragraph\"><strong>SeneNews<\/strong><\/p>\n\n\n\n<p class=\"wp-block-paragraph\"><strong><em>@macite.info<\/em><\/strong><\/p>\n\n\n\n<p class=\"wp-block-paragraph\"><strong><em>E-mail&nbsp;: <\/em><\/strong><a href=\"mailto:maciteinfo@gmail.com\"><strong><em>maciteinfo@gmail.com<\/em><\/strong><\/a><strong><em>; <\/em><\/strong><a href=\"mailto:bawela1@gmail.com\"><strong><em>bawela1@gmail.com<\/em><\/strong><\/a><\/p>\n\n\n\n<p class=\"wp-block-paragraph\"><strong><em>Pour vos annonces, (publi)reportages, etc., joignez nous au (00228) 91515309\/<strong>79872224<\/strong><\/em><\/strong><em><\/em><\/p>\n\n\n\n<p class=\"wp-block-paragraph\"><a href=\"http:\/\/www.macite.info\"><strong><em>www.macite.info<\/em><\/strong><\/a><strong><em>, L\u2019information, la bonne&nbsp;!<\/em><\/strong><\/p>\n","protected":false},"excerpt":{"rendered":"<p class=\"text-justify mb-2\" >L\u2019ancien international s\u00e9n\u00e9galais, Omar Daf est revenu sur la blessure de la star de la s\u00e9lection nationale, Sadio Man\u00e9. C\u2019est un \u00e9norme coup dur pour le S\u00e9n\u00e9gal. Touch\u00e9 au p\u00e9ron\u00e9, Sadio Man\u00e9 avait malgr\u00e9 tout \u00e9t\u00e9 appel\u00e9 avec le S\u00e9n\u00e9gal pour participer \u00e0 la Coupe [&hellip;]<\/p>\n","protected":false},"author":2,"featured_media":1932,"comment_status":"open","ping_status":"open","sticky":false,"template":"","format":"standard","meta":{"footnotes":""},"categories":[7],"tags":[],"class_list":["post-1930","post","type-post","status-publish","format-standard","has-post-thumbnail","hentry","category-sports"],"yoast_head":"<!-- This site is optimized with the Yoast SEO plugin v28.4 - https:\/\/yoast.com\/product\/yoast-seo-wordpress\/ -->\n<title>OMAR DAF D\u00c9BALLE TOUT SUR LA BLESSURE DE SADIO MAN\u00c9 : \u00ab\u2026Il le savait\u00a0!\u00a0\u00bb -<\/title>\n<meta name=\"robots\" content=\"index, follow, max-snippet:-1, max-image-preview:large, max-video-preview:-1\" \/>\n<link rel=\"canonical\" href=\"https:\/\/macite.tg\/?p=1930\" \/>\n<meta property=\"og:locale\" content=\"fr_FR\" \/>\n<meta property=\"og:type\" content=\"article\" \/>\n<meta property=\"og:title\" content=\"OMAR DAF D\u00c9BALLE TOUT SUR LA BLESSURE DE SADIO MAN\u00c9 : \u00ab\u2026Il le savait\u00a0!\u00a0\u00bb -\" \/>\n<meta property=\"og:description\" content=\"L\u2019ancien international s\u00e9n\u00e9galais, Omar Daf est revenu sur la blessure de la star de la s\u00e9lection nationale, Sadio Man\u00e9. C\u2019est un \u00e9norme coup dur pour le S\u00e9n\u00e9gal. Touch\u00e9 au p\u00e9ron\u00e9, Sadio Man\u00e9 avait malgr\u00e9 tout \u00e9t\u00e9 appel\u00e9 avec le S\u00e9n\u00e9gal pour participer \u00e0 la Coupe [&hellip;]\" \/>\n<meta property=\"og:url\" content=\"https:\/\/macite.tg\/?p=1930\" \/>\n<meta property=\"article:published_time\" content=\"2022-11-19T14:15:27+00:00\" \/>\n<meta property=\"article:modified_time\" content=\"2022-11-19T14:15:28+00:00\" \/>\n<meta property=\"og:image\" content=\"https:\/\/macite.tg\/wp-content\/uploads\/2022\/11\/fotojet-23-696x348-1.jpg\" \/>\n\t<meta property=\"og:image:width\" content=\"696\" \/>\n\t<meta property=\"og:image:height\" content=\"348\" \/>\n\t<meta property=\"og:image:type\" content=\"image\/jpeg\" \/>\n<meta name=\"author\" content=\"Jean Pierre BAWELA\" \/>\n<meta name=\"twitter:card\" content=\"summary_large_image\" \/>\n<meta name=\"twitter:label1\" content=\"\u00c9crit par\" \/>\n\t<meta name=\"twitter:data1\" content=\"Jean Pierre BAWELA\" \/>\n\t<meta name=\"twitter:label2\" content=\"Dur\u00e9e de lecture estim\u00e9e\" \/>\n\t<meta name=\"twitter:data2\" content=\"2 minutes\" \/>\n<script type=\"application\/ld+json\" class=\"yoast-schema-graph\">{\"@context\":\"https:\\\/\\\/schema.org\",\"@graph\":[{\"@type\":\"Article\",\"@id\":\"https:\\\/\\\/macite.tg\\\/?p=1930#article\",\"isPartOf\":{\"@id\":\"https:\\\/\\\/macite.tg\\\/?p=1930\"},\"author\":{\"name\":\"Jean Pierre BAWELA\",\"@id\":\"https:\\\/\\\/macite.tg\\\/#\\\/schema\\\/person\\\/e9f2de7e5dbbe7770a9402c7ce82f5c2\"},\"headline\":\"OMAR DAF D\u00c9BALLE TOUT SUR LA BLESSURE DE SADIO MAN\u00c9 : \u00ab\u2026Il le savait\u00a0!\u00a0\u00bb\",\"datePublished\":\"2022-11-19T14:15:27+00:00\",\"dateModified\":\"2022-11-19T14:15:28+00:00\",\"mainEntityOfPage\":{\"@id\":\"https:\\\/\\\/macite.tg\\\/?p=1930\"},\"wordCount\":315,\"commentCount\":0,\"image\":{\"@id\":\"https:\\\/\\\/macite.tg\\\/?p=1930#primaryimage\"},\"thumbnailUrl\":\"https:\\\/\\\/macite.tg\\\/wp-content\\\/uploads\\\/2022\\\/11\\\/fotojet-23-696x348-1.jpg\",\"articleSection\":[\"SPORTS\"],\"inLanguage\":\"fr-FR\",\"potentialAction\":[{\"@type\":\"CommentAction\",\"name\":\"Comment\",\"target\":[\"https:\\\/\\\/macite.tg\\\/?p=1930#respond\"]}]},{\"@type\":\"WebPage\",\"@id\":\"https:\\\/\\\/macite.tg\\\/?p=1930\",\"url\":\"https:\\\/\\\/macite.tg\\\/?p=1930\",\"name\":\"OMAR DAF D\u00c9BALLE TOUT SUR LA BLESSURE DE SADIO MAN\u00c9 : \u00ab\u2026Il le savait\u00a0!\u00a0\u00bb -\",\"isPartOf\":{\"@id\":\"https:\\\/\\\/macite.tg\\\/#website\"},\"primaryImageOfPage\":{\"@id\":\"https:\\\/\\\/macite.tg\\\/?p=1930#primaryimage\"},\"image\":{\"@id\":\"https:\\\/\\\/macite.tg\\\/?p=1930#primaryimage\"},\"thumbnailUrl\":\"https:\\\/\\\/macite.tg\\\/wp-content\\\/uploads\\\/2022\\\/11\\\/fotojet-23-696x348-1.jpg\",\"datePublished\":\"2022-11-19T14:15:27+00:00\",\"dateModified\":\"2022-11-19T14:15:28+00:00\",\"author\":{\"@id\":\"https:\\\/\\\/macite.tg\\\/#\\\/schema\\\/person\\\/e9f2de7e5dbbe7770a9402c7ce82f5c2\"},\"breadcrumb\":{\"@id\":\"https:\\\/\\\/macite.tg\\\/?p=1930#breadcrumb\"},\"inLanguage\":\"fr-FR\",\"potentialAction\":[{\"@type\":\"ReadAction\",\"target\":[\"https:\\\/\\\/macite.tg\\\/?p=1930\"]}]},{\"@type\":\"ImageObject\",\"inLanguage\":\"fr-FR\",\"@id\":\"https:\\\/\\\/macite.tg\\\/?p=1930#primaryimage\",\"url\":\"https:\\\/\\\/macite.tg\\\/wp-content\\\/uploads\\\/2022\\\/11\\\/fotojet-23-696x348-1.jpg\",\"contentUrl\":\"https:\\\/\\\/macite.tg\\\/wp-content\\\/uploads\\\/2022\\\/11\\\/fotojet-23-696x348-1.jpg\",\"width\":696,\"height\":348},{\"@type\":\"BreadcrumbList\",\"@id\":\"https:\\\/\\\/macite.tg\\\/?p=1930#breadcrumb\",\"itemListElement\":[{\"@type\":\"ListItem\",\"position\":1,\"name\":\"Accueil\",\"item\":\"https:\\\/\\\/macite.tg\\\/\"},{\"@type\":\"ListItem\",\"position\":2,\"name\":\"OMAR DAF D\u00c9BALLE TOUT SUR LA BLESSURE DE SADIO MAN\u00c9 : \u00ab\u2026Il le savait\u00a0!\u00a0\u00bb\"}]},{\"@type\":\"WebSite\",\"@id\":\"https:\\\/\\\/macite.tg\\\/#website\",\"url\":\"https:\\\/\\\/macite.tg\\\/\",\"name\":\"\",\"description\":\"L&#039;information, la bonne!!!\",\"potentialAction\":[{\"@type\":\"SearchAction\",\"target\":{\"@type\":\"EntryPoint\",\"urlTemplate\":\"https:\\\/\\\/macite.tg\\\/?s={search_term_string}\"},\"query-input\":{\"@type\":\"PropertyValueSpecification\",\"valueRequired\":true,\"valueName\":\"search_term_string\"}}],\"inLanguage\":\"fr-FR\"},{\"@type\":\"Person\",\"@id\":\"https:\\\/\\\/macite.tg\\\/#\\\/schema\\\/person\\\/e9f2de7e5dbbe7770a9402c7ce82f5c2\",\"name\":\"Jean Pierre BAWELA\",\"image\":{\"@type\":\"ImageObject\",\"inLanguage\":\"fr-FR\",\"@id\":\"https:\\\/\\\/macite.tg\\\/wp-content\\\/uploads\\\/2023\\\/09\\\/WhatsApp-Image-2023-09-19-at-14.44.41-122x122.jpeg\",\"url\":\"https:\\\/\\\/macite.tg\\\/wp-content\\\/uploads\\\/2023\\\/09\\\/WhatsApp-Image-2023-09-19-at-14.44.41-122x122.jpeg\",\"contentUrl\":\"https:\\\/\\\/macite.tg\\\/wp-content\\\/uploads\\\/2023\\\/09\\\/WhatsApp-Image-2023-09-19-at-14.44.41-122x122.jpeg\",\"caption\":\"Jean Pierre BAWELA\"},\"url\":\"https:\\\/\\\/macite.tg\\\/?author=2\"}]}<\/script>\n<!-- \/ Yoast SEO plugin. -->","yoast_head_json":{"title":"OMAR DAF D\u00c9BALLE TOUT SUR LA BLESSURE DE SADIO MAN\u00c9 : \u00ab\u2026Il le savait\u00a0!\u00a0\u00bb -","robots":{"index":"index","follow":"follow","max-snippet":"max-snippet:-1","max-image-preview":"max-image-preview:large","max-video-preview":"max-video-preview:-1"},"canonical":"https:\/\/macite.tg\/?p=1930","og_locale":"fr_FR","og_type":"article","og_title":"OMAR DAF D\u00c9BALLE TOUT SUR LA BLESSURE DE SADIO MAN\u00c9 : \u00ab\u2026Il le savait\u00a0!\u00a0\u00bb -","og_description":"L\u2019ancien international s\u00e9n\u00e9galais, Omar Daf est revenu sur la blessure de la star de la s\u00e9lection nationale, Sadio Man\u00e9. C\u2019est un \u00e9norme coup dur pour le S\u00e9n\u00e9gal. Touch\u00e9 au p\u00e9ron\u00e9, Sadio Man\u00e9 avait malgr\u00e9 tout \u00e9t\u00e9 appel\u00e9 avec le S\u00e9n\u00e9gal pour participer \u00e0 la Coupe [&hellip;]","og_url":"https:\/\/macite.tg\/?p=1930","article_published_time":"2022-11-19T14:15:27+00:00","article_modified_time":"2022-11-19T14:15:28+00:00","og_image":[{"width":696,"height":348,"url":"https:\/\/macite.tg\/wp-content\/uploads\/2022\/11\/fotojet-23-696x348-1.jpg","type":"image\/jpeg"}],"author":"Jean Pierre BAWELA","twitter_card":"summary_large_image","twitter_misc":{"\u00c9crit par":"Jean Pierre BAWELA","Dur\u00e9e de lecture estim\u00e9e":"2 minutes"},"schema":{"@context":"https:\/\/schema.org","@graph":[{"@type":"Article","@id":"https:\/\/macite.tg\/?p=1930#article","isPartOf":{"@id":"https:\/\/macite.tg\/?p=1930"},"author":{"name":"Jean Pierre BAWELA","@id":"https:\/\/macite.tg\/#\/schema\/person\/e9f2de7e5dbbe7770a9402c7ce82f5c2"},"headline":"OMAR DAF D\u00c9BALLE TOUT SUR LA BLESSURE DE SADIO MAN\u00c9 : \u00ab\u2026Il le savait\u00a0!\u00a0\u00bb","datePublished":"2022-11-19T14:15:27+00:00","dateModified":"2022-11-19T14:15:28+00:00","mainEntityOfPage":{"@id":"https:\/\/macite.tg\/?p=1930"},"wordCount":315,"commentCount":0,"image":{"@id":"https:\/\/macite.tg\/?p=1930#primaryimage"},"thumbnailUrl":"https:\/\/macite.tg\/wp-content\/uploads\/2022\/11\/fotojet-23-696x348-1.jpg","articleSection":["SPORTS"],"inLanguage":"fr-FR","potentialAction":[{"@type":"CommentAction","name":"Comment","target":["https:\/\/macite.tg\/?p=1930#respond"]}]},{"@type":"WebPage","@id":"https:\/\/macite.tg\/?p=1930","url":"https:\/\/macite.tg\/?p=1930","name":"OMAR DAF D\u00c9BALLE TOUT SUR LA BLESSURE DE SADIO MAN\u00c9 : \u00ab\u2026Il le savait\u00a0!\u00a0\u00bb -","isPartOf":{"@id":"https:\/\/macite.tg\/#website"},"primaryImageOfPage":{"@id":"https:\/\/macite.tg\/?p=1930#primaryimage"},"image":{"@id":"https:\/\/macite.tg\/?p=1930#primaryimage"},"thumbnailUrl":"https:\/\/macite.tg\/wp-content\/uploads\/2022\/11\/fotojet-23-696x348-1.jpg","datePublished":"2022-11-19T14:15:27+00:00","dateModified":"2022-11-19T14:15:28+00:00","author":{"@id":"https:\/\/macite.tg\/#\/schema\/person\/e9f2de7e5dbbe7770a9402c7ce82f5c2"},"breadcrumb":{"@id":"https:\/\/macite.tg\/?p=1930#breadcrumb"},"inLanguage":"fr-FR","potentialAction":[{"@type":"ReadAction","target":["https:\/\/macite.tg\/?p=1930"]}]},{"@type":"ImageObject","inLanguage":"fr-FR","@id":"https:\/\/macite.tg\/?p=1930#primaryimage","url":"https:\/\/macite.tg\/wp-content\/uploads\/2022\/11\/fotojet-23-696x348-1.jpg","contentUrl":"https:\/\/macite.tg\/wp-content\/uploads\/2022\/11\/fotojet-23-696x348-1.jpg","width":696,"height":348},{"@type":"BreadcrumbList","@id":"https:\/\/macite.tg\/?p=1930#breadcrumb","itemListElement":[{"@type":"ListItem","position":1,"name":"Accueil","item":"https:\/\/macite.tg\/"},{"@type":"ListItem","position":2,"name":"OMAR DAF D\u00c9BALLE TOUT SUR LA BLESSURE DE SADIO MAN\u00c9 : \u00ab\u2026Il le savait\u00a0!\u00a0\u00bb"}]},{"@type":"WebSite","@id":"https:\/\/macite.tg\/#website","url":"https:\/\/macite.tg\/","name":"","description":"L&#039;information, la bonne!!!","potentialAction":[{"@type":"SearchAction","target":{"@type":"EntryPoint","urlTemplate":"https:\/\/macite.tg\/?s={search_term_string}"},"query-input":{"@type":"PropertyValueSpecification","valueRequired":true,"valueName":"search_term_string"}}],"inLanguage":"fr-FR"},{"@type":"Person","@id":"https:\/\/macite.tg\/#\/schema\/person\/e9f2de7e5dbbe7770a9402c7ce82f5c2","name":"Jean Pierre BAWELA","image":{"@type":"ImageObject","inLanguage":"fr-FR","@id":"https:\/\/macite.tg\/wp-content\/uploads\/2023\/09\/WhatsApp-Image-2023-09-19-at-14.44.41-122x122.jpeg","url":"https:\/\/macite.tg\/wp-content\/uploads\/2023\/09\/WhatsApp-Image-2023-09-19-at-14.44.41-122x122.jpeg","contentUrl":"https:\/\/macite.tg\/wp-content\/uploads\/2023\/09\/WhatsApp-Image-2023-09-19-at-14.44.41-122x122.jpeg","caption":"Jean Pierre BAWELA"},"url":"https:\/\/macite.tg\/?author=2"}]}},"_links":{"self":[{"href":"https:\/\/macite.tg\/index.php?rest_route=\/wp\/v2\/posts\/1930","targetHints":{"allow":["GET"]}}],"collection":[{"href":"https:\/\/macite.tg\/index.php?rest_route=\/wp\/v2\/posts"}],"about":[{"href":"https:\/\/macite.tg\/index.php?rest_route=\/wp\/v2\/types\/post"}],"author":[{"embeddable":true,"href":"https:\/\/macite.tg\/index.php?rest_route=\/wp\/v2\/users\/2"}],"replies":[{"embeddable":true,"href":"https:\/\/macite.tg\/index.php?rest_route=%2Fwp%2Fv2%2Fcomments&post=1930"}],"version-history":[{"count":0,"href":"https:\/\/macite.tg\/index.php?rest_route=\/wp\/v2\/posts\/1930\/revisions"}],"wp:featuredmedia":[{"embeddable":true,"href":"https:\/\/macite.tg\/index.php?rest_route=\/wp\/v2\/media\/1932"}],"wp:attachment":[{"href":"https:\/\/macite.tg\/index.php?rest_route=%2Fwp%2Fv2%2Fmedia&parent=1930"}],"wp:term":[{"taxonomy":"category","embeddable":true,"href":"https:\/\/macite.tg\/index.php?rest_route=%2Fwp%2Fv2%2Fcategories&post=1930"},{"taxonomy":"post_tag","embeddable":true,"href":"https:\/\/macite.tg\/index.php?rest_route=%2Fwp%2Fv2%2Ftags&post=1930"}],"curies":[{"name":"wp","href":"https:\/\/api.w.org\/{rel}","templated":true}]}}