{"id":193,"date":"2022-09-19T19:19:58","date_gmt":"2022-09-19T19:19:58","guid":{"rendered":"https:\/\/macite.info\/?p=193"},"modified":"2022-09-19T19:19:59","modified_gmt":"2022-09-19T19:19:59","slug":"remaniement-ministeriel-au-senegal-des-choix-de-politiques-du-president-macky-sall-devoiles","status":"publish","type":"post","link":"https:\/\/macite.tg\/?p=193","title":{"rendered":"REMANIEMENT MINIST\u00c9RIEL AU S\u00c9N\u00c9GAL : Des choix de politiques\u00a0 du Pr\u00e9sident Macky Sall d\u00e9voil\u00e9s\u2026"},"content":{"rendered":"\n<p class=\"wp-block-paragraph\"><strong><em>Le chef de l\u2019\u00c9tat s\u00e9n\u00e9galais a proc\u00e9d\u00e9, le samedi dernier, \u00e0 la mise en place d\u2019un nouveau \u00abgouvernement de combat \u00bb, avec \u00ab des profils taill\u00e9s pour la confrontation\u00bb. \u00c0 sa t\u00eate, le Premier ministre Amadou Ba, Macky Sall a fix\u00e9 des objectifs clairs \u00e0 son nouveau gouvernement<\/em><\/strong>.<\/p>\n\n\n\n<p class=\"wp-block-paragraph\">L\u2019\u00e9quipe dirig\u00e9e par l\u2019ancien argentier de l\u2019\u00c9tat a pour t\u00e2che de r\u00e9pondre \u00e0 la demande sociale, la lutte contre les inondations, contre l\u2019inflation, la sp\u00e9culation et la d\u00e9tresse des m\u00e9nages, entre autres. Ce remaniement intervient dans un contexte marqu\u00e9 par la flamb\u00e9e des prix des denr\u00e9es de premi\u00e8re n\u00e9cessit\u00e9.<\/p>\n\n\n\n<p class=\"wp-block-paragraph\">Analysant l\u2019arriv\u00e9e des nouveaux ministres et les objectifs fix\u00e9s par le chef de l\u2019Etat, Abdoulaye Mbow estime que Macky Sall a mis en place un gouvernement politique. Se confiant \u00e0 SeneNews, l\u2019analyste politique explique qu\u2019on ne peut faire la corr\u00e9lation entre ce nouveau gouvernement et l\u2019\u00e9ventuel troisi\u00e8me mandat pr\u00e9cisant que la troisi\u00e8me candidature est du ressort exclusive de Macky sall.<\/p>\n\n\n\n<p class=\"wp-block-paragraph\">S\u2019exprimant sur les nouveaux slogans, Abdoulaye Mbow pense la quintessence, c\u2019est de r\u00e9gler en urgence les besoins des S\u00e9n\u00e9galais en lieu et place des slogans vides.<\/p>\n\n\n\n<figure class=\"wp-block-embed is-type-video is-provider-youtube wp-block-embed-youtube wp-embed-aspect-16-9 wp-has-aspect-ratio\"><div class=\"wp-block-embed__wrapper\">\nhttps:\/\/youtu.be\/_1ledFhh8YY\n<\/div><\/figure>\n\n\n\n<p class=\"wp-block-paragraph\"><strong><u>Source<\/u>\u00a0: @Senenews<\/strong><\/p>\n\n\n\n<p class=\"wp-block-paragraph\"><strong><em>@macite.info<\/em><\/strong><\/p>\n\n\n\n<p class=\"wp-block-paragraph\"><strong><em>E-mail&nbsp;: <\/em><\/strong><a href=\"mailto:maciteinfo@gmail.com\"><strong><em>maciteinfo@gmail.com<\/em><\/strong><\/a><strong><em>; <\/em><\/strong><a href=\"mailto:bawela1@gmail.com\"><strong><em>bawela1@gmail.com<\/em><\/strong><\/a><\/p>\n\n\n\n<p class=\"wp-block-paragraph\"><strong><em>Pour vos annonces, (publi)reportages, etc., joignez nous au (00228) 91515309\/<strong>79872224<\/strong><\/em><\/strong><\/p>\n\n\n\n<p class=\"wp-block-paragraph\"><a href=\"http:\/\/www.macite.info\"><strong><em>www.macite.info<\/em><\/strong><\/a><strong><em>, L\u2019information, la bonne\u00a0!<\/em><\/strong><\/p>\n","protected":false},"excerpt":{"rendered":"<p class=\"text-justify mb-2\" >Le chef de l\u2019\u00c9tat s\u00e9n\u00e9galais a proc\u00e9d\u00e9, le samedi dernier, \u00e0 la mise en place d\u2019un nouveau \u00abgouvernement de combat \u00bb, avec \u00ab des profils taill\u00e9s pour la confrontation\u00bb. \u00c0 sa t\u00eate, le Premier ministre Amadou Ba, Macky Sall a fix\u00e9 des objectifs clairs \u00e0 [&hellip;]<\/p>\n","protected":false},"author":2,"featured_media":194,"comment_status":"open","ping_status":"open","sticky":false,"template":"","format":"standard","meta":{"footnotes":""},"categories":[1],"tags":[],"class_list":["post-193","post","type-post","status-publish","format-standard","has-post-thumbnail","hentry","category-politique"],"yoast_head":"<!-- This site is optimized with the Yoast SEO plugin v28.4 - https:\/\/yoast.com\/product\/yoast-seo-wordpress\/ -->\n<title>REMANIEMENT MINIST\u00c9RIEL AU S\u00c9N\u00c9GAL : Des choix de politiques\u00a0 du Pr\u00e9sident Macky Sall d\u00e9voil\u00e9s\u2026 -<\/title>\n<meta name=\"robots\" content=\"index, follow, max-snippet:-1, max-image-preview:large, max-video-preview:-1\" \/>\n<link rel=\"canonical\" href=\"https:\/\/macite.tg\/?p=193\" \/>\n<meta property=\"og:locale\" content=\"fr_FR\" \/>\n<meta property=\"og:type\" content=\"article\" \/>\n<meta property=\"og:title\" content=\"REMANIEMENT MINIST\u00c9RIEL AU S\u00c9N\u00c9GAL : Des choix de politiques\u00a0 du Pr\u00e9sident Macky Sall d\u00e9voil\u00e9s\u2026 -\" \/>\n<meta property=\"og:description\" content=\"Le chef de l\u2019\u00c9tat s\u00e9n\u00e9galais a proc\u00e9d\u00e9, le samedi dernier, \u00e0 la mise en place d\u2019un nouveau \u00abgouvernement de combat \u00bb, avec \u00ab des profils taill\u00e9s pour la confrontation\u00bb. \u00c0 sa t\u00eate, le Premier ministre Amadou Ba, Macky Sall a fix\u00e9 des objectifs clairs \u00e0 [&hellip;]\" \/>\n<meta property=\"og:url\" content=\"https:\/\/macite.tg\/?p=193\" \/>\n<meta property=\"article:published_time\" content=\"2022-09-19T19:19:58+00:00\" \/>\n<meta property=\"article:modified_time\" content=\"2022-09-19T19:19:59+00:00\" \/>\n<meta property=\"og:image\" content=\"https:\/\/macite.tg\/wp-content\/uploads\/2022\/09\/mbow-analyste-696x391-1.jpg\" \/>\n\t<meta property=\"og:image:width\" content=\"696\" \/>\n\t<meta property=\"og:image:height\" content=\"391\" \/>\n\t<meta property=\"og:image:type\" content=\"image\/jpeg\" \/>\n<meta name=\"author\" content=\"Jean Pierre BAWELA\" \/>\n<meta name=\"twitter:card\" content=\"summary_large_image\" \/>\n<meta name=\"twitter:label1\" content=\"\u00c9crit par\" \/>\n\t<meta name=\"twitter:data1\" content=\"Jean Pierre BAWELA\" \/>\n\t<meta name=\"twitter:label2\" content=\"Dur\u00e9e de lecture estim\u00e9e\" \/>\n\t<meta name=\"twitter:data2\" content=\"2 minutes\" \/>\n<script type=\"application\/ld+json\" class=\"yoast-schema-graph\">{\"@context\":\"https:\\\/\\\/schema.org\",\"@graph\":[{\"@type\":\"Article\",\"@id\":\"https:\\\/\\\/macite.tg\\\/?p=193#article\",\"isPartOf\":{\"@id\":\"https:\\\/\\\/macite.tg\\\/?p=193\"},\"author\":{\"name\":\"Jean Pierre BAWELA\",\"@id\":\"https:\\\/\\\/macite.tg\\\/#\\\/schema\\\/person\\\/e9f2de7e5dbbe7770a9402c7ce82f5c2\"},\"headline\":\"REMANIEMENT MINIST\u00c9RIEL AU S\u00c9N\u00c9GAL : Des choix de politiques\u00a0 du Pr\u00e9sident Macky Sall d\u00e9voil\u00e9s\u2026\",\"datePublished\":\"2022-09-19T19:19:58+00:00\",\"dateModified\":\"2022-09-19T19:19:59+00:00\",\"mainEntityOfPage\":{\"@id\":\"https:\\\/\\\/macite.tg\\\/?p=193\"},\"wordCount\":265,\"commentCount\":0,\"image\":{\"@id\":\"https:\\\/\\\/macite.tg\\\/?p=193#primaryimage\"},\"thumbnailUrl\":\"https:\\\/\\\/macite.tg\\\/wp-content\\\/uploads\\\/2022\\\/09\\\/mbow-analyste-696x391-1.jpg\",\"articleSection\":[\"POLITIQUE\"],\"inLanguage\":\"fr-FR\",\"potentialAction\":[{\"@type\":\"CommentAction\",\"name\":\"Comment\",\"target\":[\"https:\\\/\\\/macite.tg\\\/?p=193#respond\"]}]},{\"@type\":\"WebPage\",\"@id\":\"https:\\\/\\\/macite.tg\\\/?p=193\",\"url\":\"https:\\\/\\\/macite.tg\\\/?p=193\",\"name\":\"REMANIEMENT MINIST\u00c9RIEL AU S\u00c9N\u00c9GAL : Des choix de politiques\u00a0 du Pr\u00e9sident Macky Sall d\u00e9voil\u00e9s\u2026 -\",\"isPartOf\":{\"@id\":\"https:\\\/\\\/macite.tg\\\/#website\"},\"primaryImageOfPage\":{\"@id\":\"https:\\\/\\\/macite.tg\\\/?p=193#primaryimage\"},\"image\":{\"@id\":\"https:\\\/\\\/macite.tg\\\/?p=193#primaryimage\"},\"thumbnailUrl\":\"https:\\\/\\\/macite.tg\\\/wp-content\\\/uploads\\\/2022\\\/09\\\/mbow-analyste-696x391-1.jpg\",\"datePublished\":\"2022-09-19T19:19:58+00:00\",\"dateModified\":\"2022-09-19T19:19:59+00:00\",\"author\":{\"@id\":\"https:\\\/\\\/macite.tg\\\/#\\\/schema\\\/person\\\/e9f2de7e5dbbe7770a9402c7ce82f5c2\"},\"breadcrumb\":{\"@id\":\"https:\\\/\\\/macite.tg\\\/?p=193#breadcrumb\"},\"inLanguage\":\"fr-FR\",\"potentialAction\":[{\"@type\":\"ReadAction\",\"target\":[\"https:\\\/\\\/macite.tg\\\/?p=193\"]}]},{\"@type\":\"ImageObject\",\"inLanguage\":\"fr-FR\",\"@id\":\"https:\\\/\\\/macite.tg\\\/?p=193#primaryimage\",\"url\":\"https:\\\/\\\/macite.tg\\\/wp-content\\\/uploads\\\/2022\\\/09\\\/mbow-analyste-696x391-1.jpg\",\"contentUrl\":\"https:\\\/\\\/macite.tg\\\/wp-content\\\/uploads\\\/2022\\\/09\\\/mbow-analyste-696x391-1.jpg\",\"width\":696,\"height\":391,\"caption\":\"Le pr\u00e9sident Macky Sall accueillant son nouveau Premier ministre, Ba Amadou.\"},{\"@type\":\"BreadcrumbList\",\"@id\":\"https:\\\/\\\/macite.tg\\\/?p=193#breadcrumb\",\"itemListElement\":[{\"@type\":\"ListItem\",\"position\":1,\"name\":\"Accueil\",\"item\":\"https:\\\/\\\/macite.tg\\\/\"},{\"@type\":\"ListItem\",\"position\":2,\"name\":\"REMANIEMENT MINIST\u00c9RIEL AU S\u00c9N\u00c9GAL : Des choix de politiques\u00a0 du Pr\u00e9sident Macky Sall d\u00e9voil\u00e9s\u2026\"}]},{\"@type\":\"WebSite\",\"@id\":\"https:\\\/\\\/macite.tg\\\/#website\",\"url\":\"https:\\\/\\\/macite.tg\\\/\",\"name\":\"\",\"description\":\"L&#039;information, la bonne!!!\",\"potentialAction\":[{\"@type\":\"SearchAction\",\"target\":{\"@type\":\"EntryPoint\",\"urlTemplate\":\"https:\\\/\\\/macite.tg\\\/?s={search_term_string}\"},\"query-input\":{\"@type\":\"PropertyValueSpecification\",\"valueRequired\":true,\"valueName\":\"search_term_string\"}}],\"inLanguage\":\"fr-FR\"},{\"@type\":\"Person\",\"@id\":\"https:\\\/\\\/macite.tg\\\/#\\\/schema\\\/person\\\/e9f2de7e5dbbe7770a9402c7ce82f5c2\",\"name\":\"Jean Pierre BAWELA\",\"image\":{\"@type\":\"ImageObject\",\"inLanguage\":\"fr-FR\",\"@id\":\"https:\\\/\\\/macite.tg\\\/wp-content\\\/uploads\\\/2023\\\/09\\\/WhatsApp-Image-2023-09-19-at-14.44.41-122x122.jpeg\",\"url\":\"https:\\\/\\\/macite.tg\\\/wp-content\\\/uploads\\\/2023\\\/09\\\/WhatsApp-Image-2023-09-19-at-14.44.41-122x122.jpeg\",\"contentUrl\":\"https:\\\/\\\/macite.tg\\\/wp-content\\\/uploads\\\/2023\\\/09\\\/WhatsApp-Image-2023-09-19-at-14.44.41-122x122.jpeg\",\"caption\":\"Jean Pierre BAWELA\"},\"url\":\"https:\\\/\\\/macite.tg\\\/?author=2\"}]}<\/script>\n<!-- \/ Yoast SEO plugin. -->","yoast_head_json":{"title":"REMANIEMENT MINIST\u00c9RIEL AU S\u00c9N\u00c9GAL : Des choix de politiques\u00a0 du Pr\u00e9sident Macky Sall d\u00e9voil\u00e9s\u2026 -","robots":{"index":"index","follow":"follow","max-snippet":"max-snippet:-1","max-image-preview":"max-image-preview:large","max-video-preview":"max-video-preview:-1"},"canonical":"https:\/\/macite.tg\/?p=193","og_locale":"fr_FR","og_type":"article","og_title":"REMANIEMENT MINIST\u00c9RIEL AU S\u00c9N\u00c9GAL : Des choix de politiques\u00a0 du Pr\u00e9sident Macky Sall d\u00e9voil\u00e9s\u2026 -","og_description":"Le chef de l\u2019\u00c9tat s\u00e9n\u00e9galais a proc\u00e9d\u00e9, le samedi dernier, \u00e0 la mise en place d\u2019un nouveau \u00abgouvernement de combat \u00bb, avec \u00ab des profils taill\u00e9s pour la confrontation\u00bb. \u00c0 sa t\u00eate, le Premier ministre Amadou Ba, Macky Sall a fix\u00e9 des objectifs clairs \u00e0 [&hellip;]","og_url":"https:\/\/macite.tg\/?p=193","article_published_time":"2022-09-19T19:19:58+00:00","article_modified_time":"2022-09-19T19:19:59+00:00","og_image":[{"width":696,"height":391,"url":"https:\/\/macite.tg\/wp-content\/uploads\/2022\/09\/mbow-analyste-696x391-1.jpg","type":"image\/jpeg"}],"author":"Jean Pierre BAWELA","twitter_card":"summary_large_image","twitter_misc":{"\u00c9crit par":"Jean Pierre BAWELA","Dur\u00e9e de lecture estim\u00e9e":"2 minutes"},"schema":{"@context":"https:\/\/schema.org","@graph":[{"@type":"Article","@id":"https:\/\/macite.tg\/?p=193#article","isPartOf":{"@id":"https:\/\/macite.tg\/?p=193"},"author":{"name":"Jean Pierre BAWELA","@id":"https:\/\/macite.tg\/#\/schema\/person\/e9f2de7e5dbbe7770a9402c7ce82f5c2"},"headline":"REMANIEMENT MINIST\u00c9RIEL AU S\u00c9N\u00c9GAL : Des choix de politiques\u00a0 du Pr\u00e9sident Macky Sall d\u00e9voil\u00e9s\u2026","datePublished":"2022-09-19T19:19:58+00:00","dateModified":"2022-09-19T19:19:59+00:00","mainEntityOfPage":{"@id":"https:\/\/macite.tg\/?p=193"},"wordCount":265,"commentCount":0,"image":{"@id":"https:\/\/macite.tg\/?p=193#primaryimage"},"thumbnailUrl":"https:\/\/macite.tg\/wp-content\/uploads\/2022\/09\/mbow-analyste-696x391-1.jpg","articleSection":["POLITIQUE"],"inLanguage":"fr-FR","potentialAction":[{"@type":"CommentAction","name":"Comment","target":["https:\/\/macite.tg\/?p=193#respond"]}]},{"@type":"WebPage","@id":"https:\/\/macite.tg\/?p=193","url":"https:\/\/macite.tg\/?p=193","name":"REMANIEMENT MINIST\u00c9RIEL AU S\u00c9N\u00c9GAL : Des choix de politiques\u00a0 du Pr\u00e9sident Macky Sall d\u00e9voil\u00e9s\u2026 -","isPartOf":{"@id":"https:\/\/macite.tg\/#website"},"primaryImageOfPage":{"@id":"https:\/\/macite.tg\/?p=193#primaryimage"},"image":{"@id":"https:\/\/macite.tg\/?p=193#primaryimage"},"thumbnailUrl":"https:\/\/macite.tg\/wp-content\/uploads\/2022\/09\/mbow-analyste-696x391-1.jpg","datePublished":"2022-09-19T19:19:58+00:00","dateModified":"2022-09-19T19:19:59+00:00","author":{"@id":"https:\/\/macite.tg\/#\/schema\/person\/e9f2de7e5dbbe7770a9402c7ce82f5c2"},"breadcrumb":{"@id":"https:\/\/macite.tg\/?p=193#breadcrumb"},"inLanguage":"fr-FR","potentialAction":[{"@type":"ReadAction","target":["https:\/\/macite.tg\/?p=193"]}]},{"@type":"ImageObject","inLanguage":"fr-FR","@id":"https:\/\/macite.tg\/?p=193#primaryimage","url":"https:\/\/macite.tg\/wp-content\/uploads\/2022\/09\/mbow-analyste-696x391-1.jpg","contentUrl":"https:\/\/macite.tg\/wp-content\/uploads\/2022\/09\/mbow-analyste-696x391-1.jpg","width":696,"height":391,"caption":"Le pr\u00e9sident Macky Sall accueillant son nouveau Premier ministre, Ba Amadou."},{"@type":"BreadcrumbList","@id":"https:\/\/macite.tg\/?p=193#breadcrumb","itemListElement":[{"@type":"ListItem","position":1,"name":"Accueil","item":"https:\/\/macite.tg\/"},{"@type":"ListItem","position":2,"name":"REMANIEMENT MINIST\u00c9RIEL AU S\u00c9N\u00c9GAL : Des choix de politiques\u00a0 du Pr\u00e9sident Macky Sall d\u00e9voil\u00e9s\u2026"}]},{"@type":"WebSite","@id":"https:\/\/macite.tg\/#website","url":"https:\/\/macite.tg\/","name":"","description":"L&#039;information, la bonne!!!","potentialAction":[{"@type":"SearchAction","target":{"@type":"EntryPoint","urlTemplate":"https:\/\/macite.tg\/?s={search_term_string}"},"query-input":{"@type":"PropertyValueSpecification","valueRequired":true,"valueName":"search_term_string"}}],"inLanguage":"fr-FR"},{"@type":"Person","@id":"https:\/\/macite.tg\/#\/schema\/person\/e9f2de7e5dbbe7770a9402c7ce82f5c2","name":"Jean Pierre BAWELA","image":{"@type":"ImageObject","inLanguage":"fr-FR","@id":"https:\/\/macite.tg\/wp-content\/uploads\/2023\/09\/WhatsApp-Image-2023-09-19-at-14.44.41-122x122.jpeg","url":"https:\/\/macite.tg\/wp-content\/uploads\/2023\/09\/WhatsApp-Image-2023-09-19-at-14.44.41-122x122.jpeg","contentUrl":"https:\/\/macite.tg\/wp-content\/uploads\/2023\/09\/WhatsApp-Image-2023-09-19-at-14.44.41-122x122.jpeg","caption":"Jean Pierre BAWELA"},"url":"https:\/\/macite.tg\/?author=2"}]}},"_links":{"self":[{"href":"https:\/\/macite.tg\/index.php?rest_route=\/wp\/v2\/posts\/193","targetHints":{"allow":["GET"]}}],"collection":[{"href":"https:\/\/macite.tg\/index.php?rest_route=\/wp\/v2\/posts"}],"about":[{"href":"https:\/\/macite.tg\/index.php?rest_route=\/wp\/v2\/types\/post"}],"author":[{"embeddable":true,"href":"https:\/\/macite.tg\/index.php?rest_route=\/wp\/v2\/users\/2"}],"replies":[{"embeddable":true,"href":"https:\/\/macite.tg\/index.php?rest_route=%2Fwp%2Fv2%2Fcomments&post=193"}],"version-history":[{"count":0,"href":"https:\/\/macite.tg\/index.php?rest_route=\/wp\/v2\/posts\/193\/revisions"}],"wp:featuredmedia":[{"embeddable":true,"href":"https:\/\/macite.tg\/index.php?rest_route=\/wp\/v2\/media\/194"}],"wp:attachment":[{"href":"https:\/\/macite.tg\/index.php?rest_route=%2Fwp%2Fv2%2Fmedia&parent=193"}],"wp:term":[{"taxonomy":"category","embeddable":true,"href":"https:\/\/macite.tg\/index.php?rest_route=%2Fwp%2Fv2%2Fcategories&post=193"},{"taxonomy":"post_tag","embeddable":true,"href":"https:\/\/macite.tg\/index.php?rest_route=%2Fwp%2Fv2%2Ftags&post=193"}],"curies":[{"name":"wp","href":"https:\/\/api.w.org\/{rel}","templated":true}]}}