{"id":1926,"date":"2022-11-18T12:57:48","date_gmt":"2022-11-18T12:57:48","guid":{"rendered":"https:\/\/macite.info\/?p=1926"},"modified":"2022-11-18T13:08:07","modified_gmt":"2022-11-18T13:08:07","slug":"deces-du-panafricaniste-kalala-omotunde-la-piste-de-lassassinat-pointee-du-doigt-par-les-proches-du-defunt","status":"publish","type":"post","link":"https:\/\/macite.tg\/?p=1926","title":{"rendered":"D\u00c9C\u00c8S DU PANAFRICANISTE KALALA OMOTUNDE\u00a0: La piste de l\u2019assassinat point\u00e9e du doigt par les proches \u00a0du d\u00e9funt"},"content":{"rendered":"\n<p class=\"wp-block-paragraph\"><strong><em>Le d\u00e9c\u00e8s tragique de Jean-Philippe Kalala Omotunde, auteur, \u00e9gyptologue, chercheur en histoire sp\u00e9cialiste des sciences et math\u00e9matiques africaines et des humanit\u00e9s classiques africaines, charg\u00e9 de mission \u00e0 l\u2019Unesco, \u00e0 55 ans, est une grande perte pour le continent. Une situation qui \u00e9branle ses proches et amis, tant l\u2019homme \u00e9tait p\u00e9tillant de forme.<\/em><\/strong><\/p>\n\n\n\n<p class=\"wp-block-paragraph\">Au lendemain de ce d\u00e9c\u00e8s tragique qui rappelle un autre tr\u00e8s similaire des ann\u00e9es 1986 \u00e0 Dakar au S\u00e9n\u00e9gal, est per\u00e7u comme une mission occulte des mains noires tapis dans l\u2019ombre.<\/p>\n\n\n\n<p class=\"wp-block-paragraph\">Voici un t\u00e9moignage vivant d\u2019un de ses proches qui a requis l\u2019anonymat&nbsp;:<\/p>\n\n\n\n<p class=\"wp-block-paragraph\"><em>\u00ab&nbsp;\u2026Il a bel et bien \u00e9t\u00e9 assassin\u00e9&nbsp;! J\u2019ai expliqu\u00e9 \u00e0 tout le monde pourquoi il a \u00e9t\u00e9 assassin\u00e9. Moi j\u2019ai eu le pr\u00e9-sentiment (..) et je me suis dit comment j\u2019allais le pr\u00e9venir du danger qui le guettait mais je n\u2019ai pas r\u00e9ussi \u00e0 le joindre directement.<\/em><\/p>\n\n\n\n<p class=\"wp-block-paragraph\"><em>En effet, il s\u2019est attaqu\u00e9 \u00e0 des int\u00e9r\u00eats \u00e9nerg\u00e9tiques. Il est all\u00e9 en Afrique et il a sugg\u00e9r\u00e9 que tout le monde utilise la g\u00e9othermie et comme cela, on n\u2019aura plus besoin de l\u2019\u00e9nergie qu\u2019on nous vend \u00e0 des milliards d\u2019euros chaque ann\u00e9e. Avec le syst\u00e8me g\u00e9othermie, on va \u00eatre libre \u00e9nerg\u00e9tiquement&nbsp;; et un peuple qui est libre \u00e9nerg\u00e9tiquement, est libre \u00e9conomiquement. Et quand on est libre \u00e9conomiquement, on est libre \u00e0 tous les niveaux\u2026\u00bb,<\/em><strong> <\/strong>rel\u00e8ve un message diffus\u00e9 par le cercle du d\u00e9funt.<\/p>\n\n\n\n<p class=\"wp-block-paragraph\">Voil\u00e0 dans ce que, ce panafricaniste et chercheur, s\u2019est englu\u00e9 ces derniers mois lors de ses nombreuses recherches et voyages&nbsp; travers l\u2019Afrique et le monde. Mais ce n\u2019est pas tout, rel\u00e8ve la source.<\/p>\n\n\n\n<p class=\"wp-block-paragraph\"><em>\u00ab\u00a0\u2026Il y a un groupe (&#8230;) qui voulait acheter l\u2019usine de g\u00e9othermique en Guadeloupe. Et Kalala proposait \u00e0 des Africains de la racheter \u00e0 la place des Isra\u00e9liens\u2026 L\u2019affaire \u00e9tait vraiment avanc\u00e9e.<\/em><\/p>\n\n\n\n<figure class=\"wp-block-image size-large\"><img loading=\"lazy\" decoding=\"async\" width=\"1024\" height=\"426\" src=\"https:\/\/macite.tg\/wp-content\/uploads\/2022\/11\/ANNONCES-1-1024x426.jpg\" alt=\"\" class=\"wp-image-1602\" srcset=\"https:\/\/macite.tg\/wp-content\/uploads\/2022\/11\/ANNONCES-1-1024x426.jpg 1024w, https:\/\/macite.tg\/wp-content\/uploads\/2022\/11\/ANNONCES-1-300x125.jpg 300w, https:\/\/macite.tg\/wp-content\/uploads\/2022\/11\/ANNONCES-1-768x319.jpg 768w, https:\/\/macite.tg\/wp-content\/uploads\/2022\/11\/ANNONCES-1.jpg 1080w\" sizes=\"auto, (max-width: 1024px) 100vw, 1024px\" \/><\/figure>\n\n\n\n<p class=\"wp-block-paragraph\"><em>A partir de l\u00e0, le gras \u00e9tait devenu tr\u00e8s vuln\u00e9rable, parce qu\u2019il est seul\u2026 Il n\u2019a pas de garde du corps, il voyage tout seul, il rentre partout.<\/em><\/p>\n\n\n\n<p class=\"wp-block-paragraph\"><em>Et comme ils ont fait avec Cheikh Anta Diop, \u00e0 travers une crise cardiaque. Ils ont des proc\u00e9d\u00e9s qui font arr\u00eater le c\u0153ur. Une fois que tu entres en contact avec cette substance (dans la nourriture, la boisson, etc.), \u00e7a te touche. Tu suffoques&#8230;<\/em><\/p>\n\n\n\n<p class=\"wp-block-paragraph\"><em>En faisant donc une analyse de toute cette situation, je me suis dit que lui-l\u00e0, ils vont le flinguer. Il n\u2019en n\u2019aura plus pour longtemps. Et les faits me donnent raison aujourd\u2019hui avec ce drame.<\/em><\/p>\n\n\n\n<p class=\"wp-block-paragraph\"><em>Malheureusement, le lendemain, t\u00f4t le matin, la nouvelle est tomb\u00e9e. Le gars est mort dans les bras de sa femme qui est all\u00e9e le chercher \u00e0 l\u2019a\u00e9roport. On lui reconnait avoir de l\u2019asthme, mais il a suffoqu\u00e9\u2026par crise cardiaque, lui qui n\u2019avait jamais eu de crise d\u2019asthme&nbsp;\u00bb.<\/em><\/p>\n\n\n\n<p class=\"wp-block-paragraph\"><\/p>\n\n\n\n<p class=\"wp-block-paragraph\"><strong>Un d\u00e9c\u00e8s qui rappelle un autre\u2026<\/strong><\/p>\n\n\n\n<p class=\"wp-block-paragraph\">Ce d\u00e9c\u00e8s de Kalala Omotunde rappelle cette de Cheikh Anta Diop. Scientifique de formation, Cheilkh Anta Diop est un historien, anthropologue, homme politique s\u00e9n\u00e9galais qui a \u00e9t\u00e9 frapp\u00e9 par une foudroyante crise cardiaque le 7 f\u00e9vrier 1986 \u00e0 Dakar.<\/p>\n\n\n\n<p class=\"wp-block-paragraph\">Il r\u00eavait secr\u00e8tement d&rsquo;une synth\u00e8se entre ancrage et m\u00e9tissage culturels. <em>\u00ab La pl\u00e9nitude culturelle ne peut que rendre un peuple plus apte \u00e0 contribuer au progr\u00e8s g\u00e9n\u00e9ral de l&rsquo;humanit\u00e9 et \u00e0 se rapprocher des autres peuples en connaissance de cause (9). \u00bb,<\/em> avait-il \u00e9crit.<\/p>\n\n\n\n<p class=\"wp-block-paragraph\"><\/p>\n\n\n\n<p class=\"wp-block-paragraph\"><strong>Qui est Kalala Omotunde&nbsp;?<\/strong><\/p>\n\n\n\n<p class=\"wp-block-paragraph\">Dipl\u00f4m\u00e9 de l\u2019\u00c9cole de publicit\u00e9 de Paris, il enseignait \u00e0 l\u2019institut Africamaat de Paris. Fondateur de&nbsp;l\u2019institut d\u2019Histoire Anyjart, il s\u2019est distingu\u00e9 comme un farouche d\u00e9fenseur de la pens\u00e9e africaine, lui qui avait choisi de se rebaptiser d\u2019un nom authentique Kamite, Niouss\u00e9r\u00ea Kalala Omotunde.<\/p>\n\n\n\n<p class=\"wp-block-paragraph\">Niouss\u00e9r\u00ea d\u2019origine \u00e9gyptienne, comme le berceau du savoir, selon ses th\u00e8ses, et Kalala, comme l\u2019organe traditionnel de r\u00e9solution de probl\u00e8mes du Congo.<\/p>\n\n\n\n<p class=\"wp-block-paragraph\">Conf\u00e9renciers \u00e9m\u00e9rite, il aimait pr\u00f4ner, lors de ses conf\u00e9rences et prises de parole, la renaissance de l\u2019Afrique et \u0153uvrait pour montrer les richesses des cultures africaines.<\/p>\n\n\n\n<p class=\"wp-block-paragraph\">Avec ce d\u00e9c\u00e8s tragique de Kalala Omotunde, c\u2019est l\u2019Afrique qui perd un autre de ses vaillants fils, tr\u00e8s engag\u00e9 pour la cause du vieux continent si riche sur tous les plans mais qui vit les affres de la mis\u00e8re.<\/p>\n\n\n\n<p class=\"wp-block-paragraph\">Que son \u00e2me repose en paix&nbsp;et que brille \u00e0 ses yeux la lumi\u00e8re sans d\u00e9clin!<\/p>\n\n\n\n<p class=\"wp-block-paragraph\">Pour rappel, l&rsquo;infarctus du myocarde est une n\u00e9crose d&rsquo;une partie du muscle cardiaque secondaire due \u00e0 un d\u00e9faut d&rsquo;apport sanguin dans le cadre de la maladie coronarienne. En langage courant, on l&rsquo;appelle le plus souvent une <em>\u00ab crise cardiaque \u00bb<\/em> ou simplement infarctus.<\/p>\n\n\n\n<p class=\"wp-block-paragraph\"><strong>La R\u00e9daction<\/strong><\/p>\n\n\n\n<p class=\"wp-block-paragraph\"><strong><em>@macite.info<\/em><\/strong><\/p>\n\n\n\n<p class=\"wp-block-paragraph\"><strong><em>E-mail&nbsp;: <\/em><a href=\"mailto:maciteinfo@gmail.com\"><em>maciteinfo@gmail.com<\/em><\/a><\/strong><strong><em>; <\/em><a href=\"mailto:bawela1@gmail.com\"><em>bawela1@gmail.com<\/em><\/a><\/strong><strong><em><\/em><\/strong><\/p>\n\n\n\n<p class=\"wp-block-paragraph\"><strong><em>Pour vos annonces, (publi)reportages, etc., joignez nous au (00228) 91515309\/<strong>79872224<\/strong><\/em><\/strong><\/p>\n\n\n\n<p class=\"wp-block-paragraph\"><strong><a href=\"http:\/\/www.macite.info\"><em>www.macite.info<\/em><\/a><\/strong><strong><em>, L\u2019information, la bonne&nbsp;!<\/em><\/strong><\/p>\n","protected":false},"excerpt":{"rendered":"<p class=\"text-justify mb-2\" >Le d\u00e9c\u00e8s tragique de Jean-Philippe Kalala Omotunde, auteur, \u00e9gyptologue, chercheur en histoire sp\u00e9cialiste des sciences et math\u00e9matiques africaines et des humanit\u00e9s classiques africaines, charg\u00e9 de mission \u00e0 l\u2019Unesco, \u00e0 55 ans, est une grande perte pour le continent. Une situation qui \u00e9branle ses proches et [&hellip;]<\/p>\n","protected":false},"author":2,"featured_media":1927,"comment_status":"open","ping_status":"open","sticky":false,"template":"","format":"standard","meta":{"footnotes":""},"categories":[20],"tags":[],"class_list":["post-1926","post","type-post","status-publish","format-standard","has-post-thumbnail","hentry","category-actualite"],"yoast_head":"<!-- This site is optimized with the Yoast SEO plugin v28.4 - https:\/\/yoast.com\/product\/yoast-seo-wordpress\/ -->\n<title>D\u00c9C\u00c8S DU PANAFRICANISTE KALALA OMOTUNDE\u00a0: La piste de l\u2019assassinat point\u00e9e du doigt par les proches \u00a0du d\u00e9funt -<\/title>\n<meta name=\"robots\" content=\"index, follow, max-snippet:-1, max-image-preview:large, max-video-preview:-1\" \/>\n<link rel=\"canonical\" href=\"https:\/\/macite.tg\/?p=1926\" \/>\n<meta property=\"og:locale\" content=\"fr_FR\" \/>\n<meta property=\"og:type\" content=\"article\" \/>\n<meta property=\"og:title\" content=\"D\u00c9C\u00c8S DU PANAFRICANISTE KALALA OMOTUNDE\u00a0: La piste de l\u2019assassinat point\u00e9e du doigt par les proches \u00a0du d\u00e9funt -\" \/>\n<meta property=\"og:description\" content=\"Le d\u00e9c\u00e8s tragique de Jean-Philippe Kalala Omotunde, auteur, \u00e9gyptologue, chercheur en histoire sp\u00e9cialiste des sciences et math\u00e9matiques africaines et des humanit\u00e9s classiques africaines, charg\u00e9 de mission \u00e0 l\u2019Unesco, \u00e0 55 ans, est une grande perte pour le continent. Une situation qui \u00e9branle ses proches et [&hellip;]\" \/>\n<meta property=\"og:url\" content=\"https:\/\/macite.tg\/?p=1926\" \/>\n<meta property=\"article:published_time\" content=\"2022-11-18T12:57:48+00:00\" \/>\n<meta property=\"article:modified_time\" content=\"2022-11-18T13:08:07+00:00\" \/>\n<meta property=\"og:image\" content=\"https:\/\/macite.tg\/wp-content\/uploads\/2022\/11\/KALALA.png\" \/>\n\t<meta property=\"og:image:width\" content=\"600\" \/>\n\t<meta property=\"og:image:height\" content=\"400\" \/>\n\t<meta property=\"og:image:type\" content=\"image\/png\" \/>\n<meta name=\"author\" content=\"Jean Pierre BAWELA\" \/>\n<meta name=\"twitter:card\" content=\"summary_large_image\" \/>\n<meta name=\"twitter:label1\" content=\"\u00c9crit par\" \/>\n\t<meta name=\"twitter:data1\" content=\"Jean Pierre BAWELA\" \/>\n\t<meta name=\"twitter:label2\" content=\"Dur\u00e9e de lecture estim\u00e9e\" \/>\n\t<meta name=\"twitter:data2\" content=\"5 minutes\" \/>\n<script type=\"application\/ld+json\" class=\"yoast-schema-graph\">{\"@context\":\"https:\\\/\\\/schema.org\",\"@graph\":[{\"@type\":\"Article\",\"@id\":\"https:\\\/\\\/macite.tg\\\/?p=1926#article\",\"isPartOf\":{\"@id\":\"https:\\\/\\\/macite.tg\\\/?p=1926\"},\"author\":{\"name\":\"Jean Pierre BAWELA\",\"@id\":\"https:\\\/\\\/macite.tg\\\/#\\\/schema\\\/person\\\/e9f2de7e5dbbe7770a9402c7ce82f5c2\"},\"headline\":\"D\u00c9C\u00c8S DU PANAFRICANISTE KALALA OMOTUNDE\u00a0: La piste de l\u2019assassinat point\u00e9e du doigt par les proches \u00a0du d\u00e9funt\",\"datePublished\":\"2022-11-18T12:57:48+00:00\",\"dateModified\":\"2022-11-18T13:08:07+00:00\",\"mainEntityOfPage\":{\"@id\":\"https:\\\/\\\/macite.tg\\\/?p=1926\"},\"wordCount\":884,\"commentCount\":0,\"image\":{\"@id\":\"https:\\\/\\\/macite.tg\\\/?p=1926#primaryimage\"},\"thumbnailUrl\":\"https:\\\/\\\/macite.tg\\\/wp-content\\\/uploads\\\/2022\\\/11\\\/KALALA.png\",\"articleSection\":[\"ACTUALITE\"],\"inLanguage\":\"fr-FR\",\"potentialAction\":[{\"@type\":\"CommentAction\",\"name\":\"Comment\",\"target\":[\"https:\\\/\\\/macite.tg\\\/?p=1926#respond\"]}]},{\"@type\":\"WebPage\",\"@id\":\"https:\\\/\\\/macite.tg\\\/?p=1926\",\"url\":\"https:\\\/\\\/macite.tg\\\/?p=1926\",\"name\":\"D\u00c9C\u00c8S DU PANAFRICANISTE KALALA OMOTUNDE\u00a0: La piste de l\u2019assassinat point\u00e9e du doigt par les proches \u00a0du d\u00e9funt -\",\"isPartOf\":{\"@id\":\"https:\\\/\\\/macite.tg\\\/#website\"},\"primaryImageOfPage\":{\"@id\":\"https:\\\/\\\/macite.tg\\\/?p=1926#primaryimage\"},\"image\":{\"@id\":\"https:\\\/\\\/macite.tg\\\/?p=1926#primaryimage\"},\"thumbnailUrl\":\"https:\\\/\\\/macite.tg\\\/wp-content\\\/uploads\\\/2022\\\/11\\\/KALALA.png\",\"datePublished\":\"2022-11-18T12:57:48+00:00\",\"dateModified\":\"2022-11-18T13:08:07+00:00\",\"author\":{\"@id\":\"https:\\\/\\\/macite.tg\\\/#\\\/schema\\\/person\\\/e9f2de7e5dbbe7770a9402c7ce82f5c2\"},\"breadcrumb\":{\"@id\":\"https:\\\/\\\/macite.tg\\\/?p=1926#breadcrumb\"},\"inLanguage\":\"fr-FR\",\"potentialAction\":[{\"@type\":\"ReadAction\",\"target\":[\"https:\\\/\\\/macite.tg\\\/?p=1926\"]}]},{\"@type\":\"ImageObject\",\"inLanguage\":\"fr-FR\",\"@id\":\"https:\\\/\\\/macite.tg\\\/?p=1926#primaryimage\",\"url\":\"https:\\\/\\\/macite.tg\\\/wp-content\\\/uploads\\\/2022\\\/11\\\/KALALA.png\",\"contentUrl\":\"https:\\\/\\\/macite.tg\\\/wp-content\\\/uploads\\\/2022\\\/11\\\/KALALA.png\",\"width\":600,\"height\":400},{\"@type\":\"BreadcrumbList\",\"@id\":\"https:\\\/\\\/macite.tg\\\/?p=1926#breadcrumb\",\"itemListElement\":[{\"@type\":\"ListItem\",\"position\":1,\"name\":\"Accueil\",\"item\":\"https:\\\/\\\/macite.tg\\\/\"},{\"@type\":\"ListItem\",\"position\":2,\"name\":\"D\u00c9C\u00c8S DU PANAFRICANISTE KALALA OMOTUNDE\u00a0: La piste de l\u2019assassinat point\u00e9e du doigt par les proches \u00a0du d\u00e9funt\"}]},{\"@type\":\"WebSite\",\"@id\":\"https:\\\/\\\/macite.tg\\\/#website\",\"url\":\"https:\\\/\\\/macite.tg\\\/\",\"name\":\"\",\"description\":\"L&#039;information, la bonne!!!\",\"potentialAction\":[{\"@type\":\"SearchAction\",\"target\":{\"@type\":\"EntryPoint\",\"urlTemplate\":\"https:\\\/\\\/macite.tg\\\/?s={search_term_string}\"},\"query-input\":{\"@type\":\"PropertyValueSpecification\",\"valueRequired\":true,\"valueName\":\"search_term_string\"}}],\"inLanguage\":\"fr-FR\"},{\"@type\":\"Person\",\"@id\":\"https:\\\/\\\/macite.tg\\\/#\\\/schema\\\/person\\\/e9f2de7e5dbbe7770a9402c7ce82f5c2\",\"name\":\"Jean Pierre BAWELA\",\"image\":{\"@type\":\"ImageObject\",\"inLanguage\":\"fr-FR\",\"@id\":\"https:\\\/\\\/macite.tg\\\/wp-content\\\/uploads\\\/2023\\\/09\\\/WhatsApp-Image-2023-09-19-at-14.44.41-122x122.jpeg\",\"url\":\"https:\\\/\\\/macite.tg\\\/wp-content\\\/uploads\\\/2023\\\/09\\\/WhatsApp-Image-2023-09-19-at-14.44.41-122x122.jpeg\",\"contentUrl\":\"https:\\\/\\\/macite.tg\\\/wp-content\\\/uploads\\\/2023\\\/09\\\/WhatsApp-Image-2023-09-19-at-14.44.41-122x122.jpeg\",\"caption\":\"Jean Pierre BAWELA\"},\"url\":\"https:\\\/\\\/macite.tg\\\/?author=2\"}]}<\/script>\n<!-- \/ Yoast SEO plugin. -->","yoast_head_json":{"title":"D\u00c9C\u00c8S DU PANAFRICANISTE KALALA OMOTUNDE\u00a0: La piste de l\u2019assassinat point\u00e9e du doigt par les proches \u00a0du d\u00e9funt -","robots":{"index":"index","follow":"follow","max-snippet":"max-snippet:-1","max-image-preview":"max-image-preview:large","max-video-preview":"max-video-preview:-1"},"canonical":"https:\/\/macite.tg\/?p=1926","og_locale":"fr_FR","og_type":"article","og_title":"D\u00c9C\u00c8S DU PANAFRICANISTE KALALA OMOTUNDE\u00a0: La piste de l\u2019assassinat point\u00e9e du doigt par les proches \u00a0du d\u00e9funt -","og_description":"Le d\u00e9c\u00e8s tragique de Jean-Philippe Kalala Omotunde, auteur, \u00e9gyptologue, chercheur en histoire sp\u00e9cialiste des sciences et math\u00e9matiques africaines et des humanit\u00e9s classiques africaines, charg\u00e9 de mission \u00e0 l\u2019Unesco, \u00e0 55 ans, est une grande perte pour le continent. Une situation qui \u00e9branle ses proches et [&hellip;]","og_url":"https:\/\/macite.tg\/?p=1926","article_published_time":"2022-11-18T12:57:48+00:00","article_modified_time":"2022-11-18T13:08:07+00:00","og_image":[{"width":600,"height":400,"url":"https:\/\/macite.tg\/wp-content\/uploads\/2022\/11\/KALALA.png","type":"image\/png"}],"author":"Jean Pierre BAWELA","twitter_card":"summary_large_image","twitter_misc":{"\u00c9crit par":"Jean Pierre BAWELA","Dur\u00e9e de lecture estim\u00e9e":"5 minutes"},"schema":{"@context":"https:\/\/schema.org","@graph":[{"@type":"Article","@id":"https:\/\/macite.tg\/?p=1926#article","isPartOf":{"@id":"https:\/\/macite.tg\/?p=1926"},"author":{"name":"Jean Pierre BAWELA","@id":"https:\/\/macite.tg\/#\/schema\/person\/e9f2de7e5dbbe7770a9402c7ce82f5c2"},"headline":"D\u00c9C\u00c8S DU PANAFRICANISTE KALALA OMOTUNDE\u00a0: La piste de l\u2019assassinat point\u00e9e du doigt par les proches \u00a0du d\u00e9funt","datePublished":"2022-11-18T12:57:48+00:00","dateModified":"2022-11-18T13:08:07+00:00","mainEntityOfPage":{"@id":"https:\/\/macite.tg\/?p=1926"},"wordCount":884,"commentCount":0,"image":{"@id":"https:\/\/macite.tg\/?p=1926#primaryimage"},"thumbnailUrl":"https:\/\/macite.tg\/wp-content\/uploads\/2022\/11\/KALALA.png","articleSection":["ACTUALITE"],"inLanguage":"fr-FR","potentialAction":[{"@type":"CommentAction","name":"Comment","target":["https:\/\/macite.tg\/?p=1926#respond"]}]},{"@type":"WebPage","@id":"https:\/\/macite.tg\/?p=1926","url":"https:\/\/macite.tg\/?p=1926","name":"D\u00c9C\u00c8S DU PANAFRICANISTE KALALA OMOTUNDE\u00a0: La piste de l\u2019assassinat point\u00e9e du doigt par les proches \u00a0du d\u00e9funt -","isPartOf":{"@id":"https:\/\/macite.tg\/#website"},"primaryImageOfPage":{"@id":"https:\/\/macite.tg\/?p=1926#primaryimage"},"image":{"@id":"https:\/\/macite.tg\/?p=1926#primaryimage"},"thumbnailUrl":"https:\/\/macite.tg\/wp-content\/uploads\/2022\/11\/KALALA.png","datePublished":"2022-11-18T12:57:48+00:00","dateModified":"2022-11-18T13:08:07+00:00","author":{"@id":"https:\/\/macite.tg\/#\/schema\/person\/e9f2de7e5dbbe7770a9402c7ce82f5c2"},"breadcrumb":{"@id":"https:\/\/macite.tg\/?p=1926#breadcrumb"},"inLanguage":"fr-FR","potentialAction":[{"@type":"ReadAction","target":["https:\/\/macite.tg\/?p=1926"]}]},{"@type":"ImageObject","inLanguage":"fr-FR","@id":"https:\/\/macite.tg\/?p=1926#primaryimage","url":"https:\/\/macite.tg\/wp-content\/uploads\/2022\/11\/KALALA.png","contentUrl":"https:\/\/macite.tg\/wp-content\/uploads\/2022\/11\/KALALA.png","width":600,"height":400},{"@type":"BreadcrumbList","@id":"https:\/\/macite.tg\/?p=1926#breadcrumb","itemListElement":[{"@type":"ListItem","position":1,"name":"Accueil","item":"https:\/\/macite.tg\/"},{"@type":"ListItem","position":2,"name":"D\u00c9C\u00c8S DU PANAFRICANISTE KALALA OMOTUNDE\u00a0: La piste de l\u2019assassinat point\u00e9e du doigt par les proches \u00a0du d\u00e9funt"}]},{"@type":"WebSite","@id":"https:\/\/macite.tg\/#website","url":"https:\/\/macite.tg\/","name":"","description":"L&#039;information, la bonne!!!","potentialAction":[{"@type":"SearchAction","target":{"@type":"EntryPoint","urlTemplate":"https:\/\/macite.tg\/?s={search_term_string}"},"query-input":{"@type":"PropertyValueSpecification","valueRequired":true,"valueName":"search_term_string"}}],"inLanguage":"fr-FR"},{"@type":"Person","@id":"https:\/\/macite.tg\/#\/schema\/person\/e9f2de7e5dbbe7770a9402c7ce82f5c2","name":"Jean Pierre BAWELA","image":{"@type":"ImageObject","inLanguage":"fr-FR","@id":"https:\/\/macite.tg\/wp-content\/uploads\/2023\/09\/WhatsApp-Image-2023-09-19-at-14.44.41-122x122.jpeg","url":"https:\/\/macite.tg\/wp-content\/uploads\/2023\/09\/WhatsApp-Image-2023-09-19-at-14.44.41-122x122.jpeg","contentUrl":"https:\/\/macite.tg\/wp-content\/uploads\/2023\/09\/WhatsApp-Image-2023-09-19-at-14.44.41-122x122.jpeg","caption":"Jean Pierre BAWELA"},"url":"https:\/\/macite.tg\/?author=2"}]}},"_links":{"self":[{"href":"https:\/\/macite.tg\/index.php?rest_route=\/wp\/v2\/posts\/1926","targetHints":{"allow":["GET"]}}],"collection":[{"href":"https:\/\/macite.tg\/index.php?rest_route=\/wp\/v2\/posts"}],"about":[{"href":"https:\/\/macite.tg\/index.php?rest_route=\/wp\/v2\/types\/post"}],"author":[{"embeddable":true,"href":"https:\/\/macite.tg\/index.php?rest_route=\/wp\/v2\/users\/2"}],"replies":[{"embeddable":true,"href":"https:\/\/macite.tg\/index.php?rest_route=%2Fwp%2Fv2%2Fcomments&post=1926"}],"version-history":[{"count":0,"href":"https:\/\/macite.tg\/index.php?rest_route=\/wp\/v2\/posts\/1926\/revisions"}],"wp:featuredmedia":[{"embeddable":true,"href":"https:\/\/macite.tg\/index.php?rest_route=\/wp\/v2\/media\/1927"}],"wp:attachment":[{"href":"https:\/\/macite.tg\/index.php?rest_route=%2Fwp%2Fv2%2Fmedia&parent=1926"}],"wp:term":[{"taxonomy":"category","embeddable":true,"href":"https:\/\/macite.tg\/index.php?rest_route=%2Fwp%2Fv2%2Fcategories&post=1926"},{"taxonomy":"post_tag","embeddable":true,"href":"https:\/\/macite.tg\/index.php?rest_route=%2Fwp%2Fv2%2Ftags&post=1926"}],"curies":[{"name":"wp","href":"https:\/\/api.w.org\/{rel}","templated":true}]}}