{"id":1919,"date":"2022-11-18T11:42:58","date_gmt":"2022-11-18T11:42:58","guid":{"rendered":"https:\/\/macite.info\/?p=1919"},"modified":"2022-11-18T11:42:59","modified_gmt":"2022-11-18T11:42:59","slug":"union-des-forces-de-changement-ufc-et-encore-elliot-ohin","status":"publish","type":"post","link":"https:\/\/macite.tg\/?p=1919","title":{"rendered":"UNION DES FORCES DE CHANGEMENT (UFC) : Et encore Elliot OHIN !!!"},"content":{"rendered":"\n<p class=\"wp-block-paragraph\"><\/p>\n\n\n\n<p class=\"wp-block-paragraph\"><strong><em>Cit\u00e9 depuis quelques temps comme l\u2019instigateur de toutes les crises au sein du parti de Gilchrist Olympio, l\u2019Union des Forces de Changement (UFC), le vice-pr\u00e9sident du parti des jaunes, Elliot Ohin n\u2019en finit pas de faire parler de lui n\u00e9gativement. Que ce soit sur la pol\u00e9mique n\u00e9e autour de la date de cr\u00e9ation de l\u2019UFC ou celle sur la hi\u00e9rarchie&nbsp; des membres du petit cercle proche du pr\u00e9sident-fondateur, la r\u00e9action de l\u2019ancien ministre a toujours fait couler beaucoup d\u2019encre et de salive.<\/em><\/strong><\/p>\n\n\n\n<p class=\"wp-block-paragraph\">La derni\u00e8re en date, \u00e9tal\u00e9e sur la place publique, est une affaire de d\u00e9tournement de 14 millions de francs Cfa. Elliot Ohin est accus\u00e9 d\u2019avoir cr\u00e9\u00e9 en catimini un nouveau compte parall\u00e8le au nom de l\u2019UFC, mais \u00e0 sa signature en complicit\u00e9 avec d\u2019autres non membres \u00e9lus du bureau directeur du parti.<\/p>\n\n\n\n<p class=\"wp-block-paragraph\"><strong>De quoi accuse-t-on r\u00e9ellement Elliot OHIN ?<\/strong><\/p>\n\n\n\n<p class=\"wp-block-paragraph\">Sur le d\u00e9tournement de fonds sur le compte du Parti, UFC (Union des Forces de Changement) ouvert dans les livres de la Soci\u00e9t\u00e9 bancaire ECOBANK, sise \u00e0 Lom\u00e9, il ressort des documents authentiques parvenus au Bureau Directeur courant mi-mars 2022, que par des man\u0153uvres frauduleuses avec la complicit\u00e9, de certaines personnes, Monsieur Elliot OHIN, a r\u00e9ussi \u00e0 soutirer la somme de quatorze millions (14 000 000) de francs CFA qu\u2019il a transf\u00e9r\u00e9e sur un nouveau compte parall\u00e8le qu\u2019il a fait ouvrir au nom de l\u2019UFC mais \u00e0 sa signature et \u00e0 la signature d\u2019autres complices non membres \u00e9lus du bureau directeur du parti.<\/p>\n\n\n\n<p class=\"wp-block-paragraph\">Il est \u00e0 pr\u00e9ciser que cette somme d\u00e9tourn\u00e9e est constitu\u00e9e des fonds allou\u00e9s \u00e0 l\u2019UFC par le gouvernement au titre du financement de Partis Politiques repr\u00e9sent\u00e9s \u00e0 l\u2019Assembl\u00e9e Nationale et des montants vers\u00e9s au titre des perdiems attribu\u00e9s aux d\u00e9l\u00e9gu\u00e9s des Partis Politiques dans les bureaux de vote lors des l\u00e9gislatives de 2018 et lors de l\u2019\u00e9lection des Conseillers Municipaux de 2019.<\/p>\n\n\n\n<p class=\"wp-block-paragraph\">L\u2019implication de Elliot OHIN dans cette op\u00e9ration de vol au d\u00e9triment du Parti ne faisant l\u2019objet d\u2019aucun doute, les membres du Bureau Directeur soussign\u00e9s ont d\u00e9cid\u00e9 par voie d\u2019huissier le 13 Juin 2022 de lui adresser une lettre de demande d\u2019explications sur les faits expos\u00e9s. Le Bureau Directeur tient \u00e0 informer les militants qu\u2019en date du quinze (15) Juin 2022, la demande d\u2019explication a \u00e9t\u00e9 signifi\u00e9e \u00e0 Monsieur Elliot OHIN qui n\u2019a pas daign\u00e9 y r\u00e9pondre. Cela fait donc cinq (5) mois.<\/p>\n\n\n\n<p class=\"wp-block-paragraph\">En tout \u00e9tat de cause, l\u2019acte ind\u00e9cent et ignoble pos\u00e9 ne sera pas impuni quel qu\u2019en soit la qualit\u00e9 ou le titre de son auteur et de ses complices, ceci au regard des articles 32 et 33 du r\u00e8glement int\u00e9rieur de notre Parti car <em>\u00ab nul n\u2019est au-dessus de la loi \u00bb<\/em>, dit-on souvent.<\/p>\n\n\n\n<p class=\"wp-block-paragraph\">En effet, le r\u00e8glement int\u00e9rieur dispose en son article 32 que les d\u00e9tournements de fonds du Parti constituent une faute disciplinaire lourde dont les plus hautes sanctions applicables sont, conform\u00e9ment \u00e0 l\u2019article 33 alin\u00e9a c et f, la suspension ou l\u2019exclusion.<\/p>\n\n\n\n<p class=\"wp-block-paragraph\">L\u2019acte pos\u00e9 par Elliot OHIN, un des hauts responsables du parti, cause un grand pr\u00e9judice \u00e0 l\u2019UFC, juste au moment o\u00f9 la Cour des Comptes s\u2019appr\u00eate \u00e0 demander la reddition des comptes aux partis politiques ayant b\u00e9n\u00e9fici\u00e9 de l\u2019appui financier de l\u2019Etat. Notre parti ne saurait pr\u00e9senter des comptes non justifi\u00e9s \u00e0 cette Institution car nous n\u2019accepterons pas que l\u2019honneur de notre Pr\u00e9sident National et de son parti soit mis en doute.<\/p>\n\n\n\n<p class=\"wp-block-paragraph\">Le Bureau Directeur rassure les militants dont les droits ont \u00e9t\u00e9 spoli\u00e9s par le d\u00e9tournement de leurs perdiems qu\u2019il mettra tout en \u0153uvre pour leur permettre de rentrer dans leur droit.<\/p>\n\n\n\n<p class=\"wp-block-paragraph\">En conclusion sur ce point, le Bureau Directeur a pris une d\u00e9cision disciplinaire \u00e0 l\u2019encontre de Monsieur Elliott OHIN conform\u00e9ment aux dispositions des articles 32 et 33 du r\u00e8glement int\u00e9rieur \u00bb. Elliot Ohin, Vice-pr\u00e9sident du parti Ufc, a \u00e9t\u00e9 suspendu par l\u2019Union des forces de changement (UFC).<\/p>\n\n\n\n<p class=\"wp-block-paragraph\">C\u2019est \u00e0 travers un communiqu\u00e9 rendu public par une r\u00e9union extraordinaire du bureau directeur du parti. Il est reproch\u00e9 au 2e vice-pr\u00e9sident faisant office sur le terrain de Pr\u00e9sident du parti, l\u2019inobservation des r\u00e8gles qui r\u00e9gissent le parti.<\/p>\n\n\n\n<p class=\"wp-block-paragraph\">Dans leur communiqu\u00e9 de suspension,&nbsp; c\u2019est au cours d\u2019une r\u00e9union extraordinaire du bureau directeur du parti que la d\u00e9cision a \u00e9t\u00e9 prise. Il est reproch\u00e9 au 2e vice-pr\u00e9sident faisant office sur le terrain de Pr\u00e9sident du parti, l\u2019inobservation des r\u00e8gles qui r\u00e9gissent le parti et surtout du d\u00e9tournement des fonds du parti. Il devient donc persona non grata de ce parti de l\u2019opposition qu\u2019il pr\u00e9tendait dirig\u00e9 apr\u00e8s Gilchrist Olympio.<\/p>\n\n\n\n<figure class=\"wp-block-image size-large\"><img loading=\"lazy\" decoding=\"async\" width=\"1024\" height=\"426\" src=\"https:\/\/macite.tg\/wp-content\/uploads\/2022\/11\/ANNONCES-1-1024x426.jpg\" alt=\"\" class=\"wp-image-1602\" srcset=\"https:\/\/macite.tg\/wp-content\/uploads\/2022\/11\/ANNONCES-1-1024x426.jpg 1024w, https:\/\/macite.tg\/wp-content\/uploads\/2022\/11\/ANNONCES-1-300x125.jpg 300w, https:\/\/macite.tg\/wp-content\/uploads\/2022\/11\/ANNONCES-1-768x319.jpg 768w, https:\/\/macite.tg\/wp-content\/uploads\/2022\/11\/ANNONCES-1.jpg 1080w\" sizes=\"auto, (max-width: 1024px) 100vw, 1024px\" \/><\/figure>\n\n\n\n<p class=\"wp-block-paragraph\">Sur la radio Nana FM, la r\u00e9action du mis en cause, le&nbsp; lundi 14 novembre dernier, fut sans appel : <em>\u00abJe suis d\u00e9sol\u00e9!\u00bb <\/em>Et de poursuivre&nbsp;: <em>\u00ab Pour moi, la morale et la politique ne se dissocient pas et donc, ce que je dirai ici, je dirai la m\u00eame chose devant la justice de mon pays. Cette accusation est diffamante et intol\u00e9rable.<\/em><\/p>\n\n\n\n<p class=\"wp-block-paragraph\"><em>Je ne suis pas tr\u00e9sorier de l\u2019Ufc, mais je suis vice-pr\u00e9sident. L\u2019id\u00e9e d\u2019ouvrir ce sous-compte&nbsp; C\u2019est pour \u00e9viter les d\u00e9boires \u00e9ventuels pouvant d\u00e9couler de ces longues absences et aussi de la disponibilit\u00e9 du Pr\u00e9sident National \u00e0 signer les ch\u00e8ques. Je n\u2019ai nullement l\u2019intention de cumuler mon poste de vice-pr\u00e9sident avec celui de tr\u00e9sorier du parti. Je n\u2019ai jamais d\u00e9tourn\u00e9 un centime du compte de l\u2019Ufc qui est tenu \u00e0 jour par un gestionnaire comptable engag\u00e9 qui fait en m\u00eame temps office du secr\u00e9taire g\u00e9n\u00e9ral par int\u00e9rim<\/em><\/p>\n\n\n\n<p class=\"wp-block-paragraph\"><em>Depuis quand on d\u00e9tourne de l\u2019argent en donnant de la tra\u00e7abilit\u00e9 de l\u2019argent d\u00e9tourn\u00e9e ? Je d\u00e9tourne de l\u2019argent pour le mettre sur un sous-compte de l\u2019Ufc. Il faut vraiment \u00eatre idiot pour agir de la sorte,<\/em> <em>mais je ne suis pas idiot, je ne peux pas dire la m\u00eame chose des auteurs de ce torchon diffamant&nbsp;\u00bb.<\/em><\/p>\n\n\n\n<p class=\"wp-block-paragraph\"><strong>J\u2019attends vivement un audit des comptes de l\u2019Ufc !<\/strong><\/p>\n\n\n\n<p class=\"wp-block-paragraph\">En attendant que la lumi\u00e8re soit faite, il d\u00e9clare&nbsp;: <em>\u00ab&nbsp;Puisque je suis blanc, tout innocent dans cette affaire, je ne laisserai jamais ces individus me salir de la sorte. Tous les auteurs y compris le responsable du journal en ligne Gapola qui publient ce torchon sans aucun travail pr\u00e9alable de journal. Tout ce monde r\u00e9pondra de sa diffamation gratuite devant le juge, nous sommes dans un pays de droit.<\/em><\/p>\n\n\n\n<p class=\"wp-block-paragraph\"><em>Mais en attendant, le message que j\u2019ai \u00e0 l\u2019endroit du peuple togolais et des adh\u00e9rents de l\u2019Ufc, c\u2019est de leur dire que je suis d\u00e9sol\u00e9 pour qu\u2019un homme politique que je suis, vienne parler de cette bassesse alors qu\u2019on devait parler de quoi faire pour augmenter le pouvoir d\u2019achat pour que le Togolais soit soign\u00e9 correctement et avoir un mieux-\u00eatre. J\u2019\u00e9tais juste dans l\u2019obligation de r\u00e9agir \u00e0 cet acte grave dont on m\u2019accuse \u00bb.<\/em><\/p>\n\n\n\n<p class=\"wp-block-paragraph\"><strong>Essobiou A. (CHRONIQUE DE LA SEMAINE n\u00b0675 du 17 Novembre 2022)<\/strong><\/p>\n\n\n\n<p class=\"wp-block-paragraph\"><strong><em>@macite.info<\/em><\/strong><strong><em>&nbsp;&nbsp;&nbsp;&nbsp;&nbsp;&nbsp;&nbsp;&nbsp;&nbsp;&nbsp;&nbsp;&nbsp;&nbsp;&nbsp;&nbsp;&nbsp;&nbsp;&nbsp;&nbsp;&nbsp;&nbsp;&nbsp;&nbsp;&nbsp;&nbsp;&nbsp;&nbsp;&nbsp;&nbsp;&nbsp;&nbsp;&nbsp;&nbsp;&nbsp;&nbsp;&nbsp;&nbsp;&nbsp;<\/em><\/strong><\/p>\n\n\n\n<p class=\"wp-block-paragraph\"><strong><em>E-mail&nbsp;: <\/em><\/strong><a href=\"mailto:maciteinfo@gmail.com\"><strong><em>maciteinfo@gmail.com<\/em><\/strong><\/a><strong><em>; <\/em><\/strong><a href=\"mailto:bawela1@gmail.com\"><strong><em>bawela1@gmail.com<\/em><\/strong><\/a><strong><em><\/em><\/strong><\/p>\n\n\n\n<p class=\"wp-block-paragraph\"><strong><em>Pour vos annonces, (publi)reportages, etc., joignez nous au (00228) 91515309\/<strong>79872224<\/strong><\/em><\/strong><em><\/em><\/p>\n\n\n\n<p class=\"wp-block-paragraph\"><a href=\"http:\/\/www.macite.info\"><strong><em>www.macite.info<\/em><\/strong><\/a><strong><em>, L\u2019information, la bonne\u00a0!<\/em><\/strong><\/p>\n","protected":false},"excerpt":{"rendered":"<p class=\"text-justify mb-2\" >Cit\u00e9 depuis quelques temps comme l\u2019instigateur de toutes les crises au sein du parti de Gilchrist Olympio, l\u2019Union des Forces de Changement (UFC), le vice-pr\u00e9sident du parti des jaunes, Elliot Ohin n\u2019en finit pas de faire parler de lui n\u00e9gativement. Que ce soit sur la [&hellip;]<\/p>\n","protected":false},"author":2,"featured_media":1920,"comment_status":"open","ping_status":"open","sticky":false,"template":"","format":"standard","meta":{"footnotes":""},"categories":[1],"tags":[],"class_list":["post-1919","post","type-post","status-publish","format-standard","has-post-thumbnail","hentry","category-politique"],"yoast_head":"<!-- This site is optimized with the Yoast SEO plugin v28.4 - https:\/\/yoast.com\/product\/yoast-seo-wordpress\/ -->\n<title>UNION DES FORCES DE CHANGEMENT (UFC) : Et encore Elliot OHIN !!! -<\/title>\n<meta name=\"robots\" content=\"index, follow, max-snippet:-1, max-image-preview:large, max-video-preview:-1\" \/>\n<link rel=\"canonical\" href=\"https:\/\/macite.tg\/?p=1919\" \/>\n<meta property=\"og:locale\" content=\"fr_FR\" \/>\n<meta property=\"og:type\" content=\"article\" \/>\n<meta property=\"og:title\" content=\"UNION DES FORCES DE CHANGEMENT (UFC) : Et encore Elliot OHIN !!! -\" \/>\n<meta property=\"og:description\" content=\"Cit\u00e9 depuis quelques temps comme l\u2019instigateur de toutes les crises au sein du parti de Gilchrist Olympio, l\u2019Union des Forces de Changement (UFC), le vice-pr\u00e9sident du parti des jaunes, Elliot Ohin n\u2019en finit pas de faire parler de lui n\u00e9gativement. Que ce soit sur la [&hellip;]\" \/>\n<meta property=\"og:url\" content=\"https:\/\/macite.tg\/?p=1919\" \/>\n<meta property=\"article:published_time\" content=\"2022-11-18T11:42:58+00:00\" \/>\n<meta property=\"article:modified_time\" content=\"2022-11-18T11:42:59+00:00\" \/>\n<meta property=\"og:image\" content=\"https:\/\/macite.tg\/wp-content\/uploads\/2022\/11\/Eliott-Ohin.jpg\" \/>\n\t<meta property=\"og:image:width\" content=\"2560\" \/>\n\t<meta property=\"og:image:height\" content=\"1920\" \/>\n\t<meta property=\"og:image:type\" content=\"image\/jpeg\" \/>\n<meta name=\"author\" content=\"Jean Pierre BAWELA\" \/>\n<meta name=\"twitter:card\" content=\"summary_large_image\" \/>\n<meta name=\"twitter:label1\" content=\"\u00c9crit par\" \/>\n\t<meta name=\"twitter:data1\" content=\"Jean Pierre BAWELA\" \/>\n\t<meta name=\"twitter:label2\" content=\"Dur\u00e9e de lecture estim\u00e9e\" \/>\n\t<meta name=\"twitter:data2\" content=\"6 minutes\" \/>\n<script type=\"application\/ld+json\" class=\"yoast-schema-graph\">{\"@context\":\"https:\\\/\\\/schema.org\",\"@graph\":[{\"@type\":\"Article\",\"@id\":\"https:\\\/\\\/macite.tg\\\/?p=1919#article\",\"isPartOf\":{\"@id\":\"https:\\\/\\\/macite.tg\\\/?p=1919\"},\"author\":{\"name\":\"Jean Pierre BAWELA\",\"@id\":\"https:\\\/\\\/macite.tg\\\/#\\\/schema\\\/person\\\/e9f2de7e5dbbe7770a9402c7ce82f5c2\"},\"headline\":\"UNION DES FORCES DE CHANGEMENT (UFC) : Et encore Elliot OHIN !!!\",\"datePublished\":\"2022-11-18T11:42:58+00:00\",\"dateModified\":\"2022-11-18T11:42:59+00:00\",\"mainEntityOfPage\":{\"@id\":\"https:\\\/\\\/macite.tg\\\/?p=1919\"},\"wordCount\":1320,\"commentCount\":0,\"image\":{\"@id\":\"https:\\\/\\\/macite.tg\\\/?p=1919#primaryimage\"},\"thumbnailUrl\":\"https:\\\/\\\/macite.tg\\\/wp-content\\\/uploads\\\/2022\\\/11\\\/Eliott-Ohin.jpg\",\"articleSection\":[\"POLITIQUE\"],\"inLanguage\":\"fr-FR\",\"potentialAction\":[{\"@type\":\"CommentAction\",\"name\":\"Comment\",\"target\":[\"https:\\\/\\\/macite.tg\\\/?p=1919#respond\"]}]},{\"@type\":\"WebPage\",\"@id\":\"https:\\\/\\\/macite.tg\\\/?p=1919\",\"url\":\"https:\\\/\\\/macite.tg\\\/?p=1919\",\"name\":\"UNION DES FORCES DE CHANGEMENT (UFC) : Et encore Elliot OHIN !!! -\",\"isPartOf\":{\"@id\":\"https:\\\/\\\/macite.tg\\\/#website\"},\"primaryImageOfPage\":{\"@id\":\"https:\\\/\\\/macite.tg\\\/?p=1919#primaryimage\"},\"image\":{\"@id\":\"https:\\\/\\\/macite.tg\\\/?p=1919#primaryimage\"},\"thumbnailUrl\":\"https:\\\/\\\/macite.tg\\\/wp-content\\\/uploads\\\/2022\\\/11\\\/Eliott-Ohin.jpg\",\"datePublished\":\"2022-11-18T11:42:58+00:00\",\"dateModified\":\"2022-11-18T11:42:59+00:00\",\"author\":{\"@id\":\"https:\\\/\\\/macite.tg\\\/#\\\/schema\\\/person\\\/e9f2de7e5dbbe7770a9402c7ce82f5c2\"},\"breadcrumb\":{\"@id\":\"https:\\\/\\\/macite.tg\\\/?p=1919#breadcrumb\"},\"inLanguage\":\"fr-FR\",\"potentialAction\":[{\"@type\":\"ReadAction\",\"target\":[\"https:\\\/\\\/macite.tg\\\/?p=1919\"]}]},{\"@type\":\"ImageObject\",\"inLanguage\":\"fr-FR\",\"@id\":\"https:\\\/\\\/macite.tg\\\/?p=1919#primaryimage\",\"url\":\"https:\\\/\\\/macite.tg\\\/wp-content\\\/uploads\\\/2022\\\/11\\\/Eliott-Ohin.jpg\",\"contentUrl\":\"https:\\\/\\\/macite.tg\\\/wp-content\\\/uploads\\\/2022\\\/11\\\/Eliott-Ohin.jpg\",\"width\":2560,\"height\":1920},{\"@type\":\"BreadcrumbList\",\"@id\":\"https:\\\/\\\/macite.tg\\\/?p=1919#breadcrumb\",\"itemListElement\":[{\"@type\":\"ListItem\",\"position\":1,\"name\":\"Accueil\",\"item\":\"https:\\\/\\\/macite.tg\\\/\"},{\"@type\":\"ListItem\",\"position\":2,\"name\":\"UNION DES FORCES DE CHANGEMENT (UFC) : Et encore Elliot OHIN !!!\"}]},{\"@type\":\"WebSite\",\"@id\":\"https:\\\/\\\/macite.tg\\\/#website\",\"url\":\"https:\\\/\\\/macite.tg\\\/\",\"name\":\"\",\"description\":\"L&#039;information, la bonne!!!\",\"potentialAction\":[{\"@type\":\"SearchAction\",\"target\":{\"@type\":\"EntryPoint\",\"urlTemplate\":\"https:\\\/\\\/macite.tg\\\/?s={search_term_string}\"},\"query-input\":{\"@type\":\"PropertyValueSpecification\",\"valueRequired\":true,\"valueName\":\"search_term_string\"}}],\"inLanguage\":\"fr-FR\"},{\"@type\":\"Person\",\"@id\":\"https:\\\/\\\/macite.tg\\\/#\\\/schema\\\/person\\\/e9f2de7e5dbbe7770a9402c7ce82f5c2\",\"name\":\"Jean Pierre BAWELA\",\"image\":{\"@type\":\"ImageObject\",\"inLanguage\":\"fr-FR\",\"@id\":\"https:\\\/\\\/macite.tg\\\/wp-content\\\/uploads\\\/2023\\\/09\\\/WhatsApp-Image-2023-09-19-at-14.44.41-122x122.jpeg\",\"url\":\"https:\\\/\\\/macite.tg\\\/wp-content\\\/uploads\\\/2023\\\/09\\\/WhatsApp-Image-2023-09-19-at-14.44.41-122x122.jpeg\",\"contentUrl\":\"https:\\\/\\\/macite.tg\\\/wp-content\\\/uploads\\\/2023\\\/09\\\/WhatsApp-Image-2023-09-19-at-14.44.41-122x122.jpeg\",\"caption\":\"Jean Pierre BAWELA\"},\"url\":\"https:\\\/\\\/macite.tg\\\/?author=2\"}]}<\/script>\n<!-- \/ Yoast SEO plugin. -->","yoast_head_json":{"title":"UNION DES FORCES DE CHANGEMENT (UFC) : Et encore Elliot OHIN !!! -","robots":{"index":"index","follow":"follow","max-snippet":"max-snippet:-1","max-image-preview":"max-image-preview:large","max-video-preview":"max-video-preview:-1"},"canonical":"https:\/\/macite.tg\/?p=1919","og_locale":"fr_FR","og_type":"article","og_title":"UNION DES FORCES DE CHANGEMENT (UFC) : Et encore Elliot OHIN !!! -","og_description":"Cit\u00e9 depuis quelques temps comme l\u2019instigateur de toutes les crises au sein du parti de Gilchrist Olympio, l\u2019Union des Forces de Changement (UFC), le vice-pr\u00e9sident du parti des jaunes, Elliot Ohin n\u2019en finit pas de faire parler de lui n\u00e9gativement. Que ce soit sur la [&hellip;]","og_url":"https:\/\/macite.tg\/?p=1919","article_published_time":"2022-11-18T11:42:58+00:00","article_modified_time":"2022-11-18T11:42:59+00:00","og_image":[{"width":2560,"height":1920,"url":"https:\/\/macite.tg\/wp-content\/uploads\/2022\/11\/Eliott-Ohin.jpg","type":"image\/jpeg"}],"author":"Jean Pierre BAWELA","twitter_card":"summary_large_image","twitter_misc":{"\u00c9crit par":"Jean Pierre BAWELA","Dur\u00e9e de lecture estim\u00e9e":"6 minutes"},"schema":{"@context":"https:\/\/schema.org","@graph":[{"@type":"Article","@id":"https:\/\/macite.tg\/?p=1919#article","isPartOf":{"@id":"https:\/\/macite.tg\/?p=1919"},"author":{"name":"Jean Pierre BAWELA","@id":"https:\/\/macite.tg\/#\/schema\/person\/e9f2de7e5dbbe7770a9402c7ce82f5c2"},"headline":"UNION DES FORCES DE CHANGEMENT (UFC) : Et encore Elliot OHIN !!!","datePublished":"2022-11-18T11:42:58+00:00","dateModified":"2022-11-18T11:42:59+00:00","mainEntityOfPage":{"@id":"https:\/\/macite.tg\/?p=1919"},"wordCount":1320,"commentCount":0,"image":{"@id":"https:\/\/macite.tg\/?p=1919#primaryimage"},"thumbnailUrl":"https:\/\/macite.tg\/wp-content\/uploads\/2022\/11\/Eliott-Ohin.jpg","articleSection":["POLITIQUE"],"inLanguage":"fr-FR","potentialAction":[{"@type":"CommentAction","name":"Comment","target":["https:\/\/macite.tg\/?p=1919#respond"]}]},{"@type":"WebPage","@id":"https:\/\/macite.tg\/?p=1919","url":"https:\/\/macite.tg\/?p=1919","name":"UNION DES FORCES DE CHANGEMENT (UFC) : Et encore Elliot OHIN !!! -","isPartOf":{"@id":"https:\/\/macite.tg\/#website"},"primaryImageOfPage":{"@id":"https:\/\/macite.tg\/?p=1919#primaryimage"},"image":{"@id":"https:\/\/macite.tg\/?p=1919#primaryimage"},"thumbnailUrl":"https:\/\/macite.tg\/wp-content\/uploads\/2022\/11\/Eliott-Ohin.jpg","datePublished":"2022-11-18T11:42:58+00:00","dateModified":"2022-11-18T11:42:59+00:00","author":{"@id":"https:\/\/macite.tg\/#\/schema\/person\/e9f2de7e5dbbe7770a9402c7ce82f5c2"},"breadcrumb":{"@id":"https:\/\/macite.tg\/?p=1919#breadcrumb"},"inLanguage":"fr-FR","potentialAction":[{"@type":"ReadAction","target":["https:\/\/macite.tg\/?p=1919"]}]},{"@type":"ImageObject","inLanguage":"fr-FR","@id":"https:\/\/macite.tg\/?p=1919#primaryimage","url":"https:\/\/macite.tg\/wp-content\/uploads\/2022\/11\/Eliott-Ohin.jpg","contentUrl":"https:\/\/macite.tg\/wp-content\/uploads\/2022\/11\/Eliott-Ohin.jpg","width":2560,"height":1920},{"@type":"BreadcrumbList","@id":"https:\/\/macite.tg\/?p=1919#breadcrumb","itemListElement":[{"@type":"ListItem","position":1,"name":"Accueil","item":"https:\/\/macite.tg\/"},{"@type":"ListItem","position":2,"name":"UNION DES FORCES DE CHANGEMENT (UFC) : Et encore Elliot OHIN !!!"}]},{"@type":"WebSite","@id":"https:\/\/macite.tg\/#website","url":"https:\/\/macite.tg\/","name":"","description":"L&#039;information, la bonne!!!","potentialAction":[{"@type":"SearchAction","target":{"@type":"EntryPoint","urlTemplate":"https:\/\/macite.tg\/?s={search_term_string}"},"query-input":{"@type":"PropertyValueSpecification","valueRequired":true,"valueName":"search_term_string"}}],"inLanguage":"fr-FR"},{"@type":"Person","@id":"https:\/\/macite.tg\/#\/schema\/person\/e9f2de7e5dbbe7770a9402c7ce82f5c2","name":"Jean Pierre BAWELA","image":{"@type":"ImageObject","inLanguage":"fr-FR","@id":"https:\/\/macite.tg\/wp-content\/uploads\/2023\/09\/WhatsApp-Image-2023-09-19-at-14.44.41-122x122.jpeg","url":"https:\/\/macite.tg\/wp-content\/uploads\/2023\/09\/WhatsApp-Image-2023-09-19-at-14.44.41-122x122.jpeg","contentUrl":"https:\/\/macite.tg\/wp-content\/uploads\/2023\/09\/WhatsApp-Image-2023-09-19-at-14.44.41-122x122.jpeg","caption":"Jean Pierre BAWELA"},"url":"https:\/\/macite.tg\/?author=2"}]}},"_links":{"self":[{"href":"https:\/\/macite.tg\/index.php?rest_route=\/wp\/v2\/posts\/1919","targetHints":{"allow":["GET"]}}],"collection":[{"href":"https:\/\/macite.tg\/index.php?rest_route=\/wp\/v2\/posts"}],"about":[{"href":"https:\/\/macite.tg\/index.php?rest_route=\/wp\/v2\/types\/post"}],"author":[{"embeddable":true,"href":"https:\/\/macite.tg\/index.php?rest_route=\/wp\/v2\/users\/2"}],"replies":[{"embeddable":true,"href":"https:\/\/macite.tg\/index.php?rest_route=%2Fwp%2Fv2%2Fcomments&post=1919"}],"version-history":[{"count":0,"href":"https:\/\/macite.tg\/index.php?rest_route=\/wp\/v2\/posts\/1919\/revisions"}],"wp:featuredmedia":[{"embeddable":true,"href":"https:\/\/macite.tg\/index.php?rest_route=\/wp\/v2\/media\/1920"}],"wp:attachment":[{"href":"https:\/\/macite.tg\/index.php?rest_route=%2Fwp%2Fv2%2Fmedia&parent=1919"}],"wp:term":[{"taxonomy":"category","embeddable":true,"href":"https:\/\/macite.tg\/index.php?rest_route=%2Fwp%2Fv2%2Fcategories&post=1919"},{"taxonomy":"post_tag","embeddable":true,"href":"https:\/\/macite.tg\/index.php?rest_route=%2Fwp%2Fv2%2Ftags&post=1919"}],"curies":[{"name":"wp","href":"https:\/\/api.w.org\/{rel}","templated":true}]}}