{"id":1913,"date":"2022-11-18T11:27:46","date_gmt":"2022-11-18T11:27:46","guid":{"rendered":"https:\/\/macite.info\/?p=1913"},"modified":"2022-11-18T11:27:47","modified_gmt":"2022-11-18T11:27:47","slug":"amelioration-des-conditions-de-travail-des-forces-de-defenses-et-de-securite-le-gouvernement-maintient-le-cap","status":"publish","type":"post","link":"https:\/\/macite.tg\/?p=1913","title":{"rendered":"AM\u00c9LIORATION DES CONDITIONS DE TRAVAIL DES FORCES DE D\u00c9FENSES ET DE S\u00c9CURIT\u00c9 : Le gouvernement maintient le cap"},"content":{"rendered":"\n<p class=\"wp-block-paragraph\"><strong><em>Comme il l\u2019avait promis qu\u2019aucun secteur ne serait laisser sur les carreaux dans sa politique des grandes r\u00e9formes\u00a0 qui visent l\u2019am\u00e9lioration des conditions de vie et de travail le pr\u00e9sident Faure Gnassingb\u00e9 reste droit dans son engagement. Apr\u00e8s les gendarmes, c\u2019est le tour des militaires des Forces arm\u00e9es togolaises (FAT) de changer de tenue avec un nouveau camouflage tr\u00e8s moderne.\u00a0\u00a0<\/em><\/strong><\/p>\n\n\n\n<p class=\"wp-block-paragraph\">Le chef supr\u00eame des arm\u00e9es togolaises&nbsp; le pr\u00e9sident Faure Gnassingb\u00e9 pour mettre \u00e0 l\u2019aise l\u2019arm\u00e9e nationale en vue de garantir l\u2019int\u00e9grit\u00e9 territoriale et la s\u00e9curit\u00e9 de la population ainsi que de ses biens, ne l\u00e9sine pas sur les moyens n\u00e9cessaires.&nbsp;<\/p>\n\n\n\n<p class=\"wp-block-paragraph\">Outre les drones, les armes de la derni\u00e8re g\u00e9n\u00e9ration et la formation ad\u00e9quate, les forces arm\u00e9es togolaises viennent de b\u00e9n\u00e9ficier &nbsp;de ce&nbsp; nouveau look de tenue tr\u00e8s moderne. Cette r\u00e9volution vestimentaire s\u2019inscrit dans le cadre des r\u00e9formes engag\u00e9es par les autorit\u00e9s en lien avec la loi de programmation militaire, 2020-2025.<\/p>\n\n\n<div class=\"wp-block-image\">\n<figure class=\"aligncenter size-large is-resized\"><img loading=\"lazy\" decoding=\"async\" src=\"https:\/\/macite.tg\/wp-content\/uploads\/2022\/11\/ANNONCES-1-1024x426.jpg\" alt=\"\" class=\"wp-image-1602\" width=\"763\" height=\"317\" srcset=\"https:\/\/macite.tg\/wp-content\/uploads\/2022\/11\/ANNONCES-1-1024x426.jpg 1024w, https:\/\/macite.tg\/wp-content\/uploads\/2022\/11\/ANNONCES-1-300x125.jpg 300w, https:\/\/macite.tg\/wp-content\/uploads\/2022\/11\/ANNONCES-1-768x319.jpg 768w, https:\/\/macite.tg\/wp-content\/uploads\/2022\/11\/ANNONCES-1.jpg 1080w\" sizes=\"auto, (max-width: 763px) 100vw, 763px\" \/><\/figure>\n<\/div>\n\n\n<p class=\"wp-block-paragraph\">Adieu les treillis des militaires aux dessins larges auxquels sont habitu\u00e9s les togolais. Selon nos informations, le haut commandement militaire a officialis\u00e9 un nouveau camouflage color\u00e9 qui s\u2019inspire des mod\u00e8les am\u00e9ricains et britanniques. Il utilise la couleur verte du drapeau national&nbsp; et&nbsp; est&nbsp; r\u00e9sistant aux d\u00e9chirures.<\/p>\n\n\n\n<p class=\"wp-block-paragraph\">De marque Ranger Air Borne, le design est le m\u00eame que celui des tenues arbor\u00e9es dans les arm\u00e9es malienne et burkinab\u00e8&nbsp; et, tient compte des derni\u00e8res \u00e9volutions vestimentaires militaires.<\/p>\n\n\n\n<p class=\"wp-block-paragraph\">En attendant un communiqu\u00e9 officiel sur ce changement vestimentaire une source militaire estime que \u00ab le changement de la tenue de combat s\u2019inscrit dans le cadre de l\u2019am\u00e9lioration des conditions de travail des forces arm\u00e9es togolaises, et vise \u00e0 apporter une dynamique de changement au sein des troupes \u00bb.<\/p>\n\n\n\n<p class=\"wp-block-paragraph\"><strong>Daniel A. (CHRONIQUE DE LA SEMAINE n\u00b0675 du 17 Novembre 2022)<\/strong><\/p>\n\n\n\n<p class=\"wp-block-paragraph\"><strong><em>@macite.info<\/em><\/strong><\/p>\n\n\n\n<p class=\"wp-block-paragraph\"><strong><em>E-mail&nbsp;: <\/em><\/strong><a href=\"mailto:maciteinfo@gmail.com\"><strong><em>maciteinfo@gmail.com<\/em><\/strong><\/a><strong><em>; <\/em><\/strong><a href=\"mailto:bawela1@gmail.com\"><strong><em>bawela1@gmail.com<\/em><\/strong><\/a><strong><em><\/em><\/strong><\/p>\n\n\n\n<p class=\"wp-block-paragraph\"><strong><em>Pour vos annonces, (publi)reportages, etc., joignez nous au (00228) 91515309\/<strong>79872224<\/strong><\/em><\/strong><em><\/em><\/p>\n\n\n\n<p class=\"wp-block-paragraph\"><a href=\"http:\/\/www.macite.info\"><strong><em>www.macite.info<\/em><\/strong><\/a><strong><em>, L\u2019information, la bonne&nbsp;!<\/em><\/strong><\/p>\n","protected":false},"excerpt":{"rendered":"<p class=\"text-justify mb-2\" >Comme il l\u2019avait promis qu\u2019aucun secteur ne serait laisser sur les carreaux dans sa politique des grandes r\u00e9formes\u00a0 qui visent l\u2019am\u00e9lioration des conditions de vie et de travail le pr\u00e9sident Faure Gnassingb\u00e9 reste droit dans son engagement. Apr\u00e8s les gendarmes, c\u2019est le tour des militaires [&hellip;]<\/p>\n","protected":false},"author":2,"featured_media":1916,"comment_status":"open","ping_status":"open","sticky":false,"template":"","format":"standard","meta":{"footnotes":""},"categories":[28],"tags":[],"class_list":["post-1913","post","type-post","status-publish","format-standard","has-post-thumbnail","hentry","category-securite"],"yoast_head":"<!-- This site is optimized with the Yoast SEO plugin v28.4 - https:\/\/yoast.com\/product\/yoast-seo-wordpress\/ -->\n<title>AM\u00c9LIORATION DES CONDITIONS DE TRAVAIL DES FORCES DE D\u00c9FENSES ET DE S\u00c9CURIT\u00c9 : Le gouvernement maintient le cap -<\/title>\n<meta name=\"robots\" content=\"index, follow, max-snippet:-1, max-image-preview:large, max-video-preview:-1\" \/>\n<link rel=\"canonical\" href=\"https:\/\/macite.tg\/?p=1913\" \/>\n<meta property=\"og:locale\" content=\"fr_FR\" \/>\n<meta property=\"og:type\" content=\"article\" \/>\n<meta property=\"og:title\" content=\"AM\u00c9LIORATION DES CONDITIONS DE TRAVAIL DES FORCES DE D\u00c9FENSES ET DE S\u00c9CURIT\u00c9 : Le gouvernement maintient le cap -\" \/>\n<meta property=\"og:description\" content=\"Comme il l\u2019avait promis qu\u2019aucun secteur ne serait laisser sur les carreaux dans sa politique des grandes r\u00e9formes\u00a0 qui visent l\u2019am\u00e9lioration des conditions de vie et de travail le pr\u00e9sident Faure Gnassingb\u00e9 reste droit dans son engagement. Apr\u00e8s les gendarmes, c\u2019est le tour des militaires [&hellip;]\" \/>\n<meta property=\"og:url\" content=\"https:\/\/macite.tg\/?p=1913\" \/>\n<meta property=\"article:published_time\" content=\"2022-11-18T11:27:46+00:00\" \/>\n<meta property=\"article:modified_time\" content=\"2022-11-18T11:27:47+00:00\" \/>\n<meta property=\"og:image\" content=\"https:\/\/macite.tg\/wp-content\/uploads\/2022\/11\/Tenue-des-FAT.jpg\" \/>\n\t<meta property=\"og:image:width\" content=\"770\" \/>\n\t<meta property=\"og:image:height\" content=\"433\" \/>\n\t<meta property=\"og:image:type\" content=\"image\/jpeg\" \/>\n<meta name=\"author\" content=\"Jean Pierre BAWELA\" \/>\n<meta name=\"twitter:card\" content=\"summary_large_image\" \/>\n<meta name=\"twitter:label1\" content=\"\u00c9crit par\" \/>\n\t<meta name=\"twitter:data1\" content=\"Jean Pierre BAWELA\" \/>\n\t<meta name=\"twitter:label2\" content=\"Dur\u00e9e de lecture estim\u00e9e\" \/>\n\t<meta name=\"twitter:data2\" content=\"2 minutes\" \/>\n<script type=\"application\/ld+json\" class=\"yoast-schema-graph\">{\"@context\":\"https:\\\/\\\/schema.org\",\"@graph\":[{\"@type\":\"Article\",\"@id\":\"https:\\\/\\\/macite.tg\\\/?p=1913#article\",\"isPartOf\":{\"@id\":\"https:\\\/\\\/macite.tg\\\/?p=1913\"},\"author\":{\"name\":\"Jean Pierre BAWELA\",\"@id\":\"https:\\\/\\\/macite.tg\\\/#\\\/schema\\\/person\\\/e9f2de7e5dbbe7770a9402c7ce82f5c2\"},\"headline\":\"AM\u00c9LIORATION DES CONDITIONS DE TRAVAIL DES FORCES DE D\u00c9FENSES ET DE S\u00c9CURIT\u00c9 : Le gouvernement maintient le cap\",\"datePublished\":\"2022-11-18T11:27:46+00:00\",\"dateModified\":\"2022-11-18T11:27:47+00:00\",\"mainEntityOfPage\":{\"@id\":\"https:\\\/\\\/macite.tg\\\/?p=1913\"},\"wordCount\":382,\"commentCount\":0,\"image\":{\"@id\":\"https:\\\/\\\/macite.tg\\\/?p=1913#primaryimage\"},\"thumbnailUrl\":\"https:\\\/\\\/macite.tg\\\/wp-content\\\/uploads\\\/2022\\\/11\\\/Tenue-des-FAT.jpg\",\"articleSection\":[\"SECURITE\"],\"inLanguage\":\"fr-FR\",\"potentialAction\":[{\"@type\":\"CommentAction\",\"name\":\"Comment\",\"target\":[\"https:\\\/\\\/macite.tg\\\/?p=1913#respond\"]}]},{\"@type\":\"WebPage\",\"@id\":\"https:\\\/\\\/macite.tg\\\/?p=1913\",\"url\":\"https:\\\/\\\/macite.tg\\\/?p=1913\",\"name\":\"AM\u00c9LIORATION DES CONDITIONS DE TRAVAIL DES FORCES DE D\u00c9FENSES ET DE S\u00c9CURIT\u00c9 : Le gouvernement maintient le cap -\",\"isPartOf\":{\"@id\":\"https:\\\/\\\/macite.tg\\\/#website\"},\"primaryImageOfPage\":{\"@id\":\"https:\\\/\\\/macite.tg\\\/?p=1913#primaryimage\"},\"image\":{\"@id\":\"https:\\\/\\\/macite.tg\\\/?p=1913#primaryimage\"},\"thumbnailUrl\":\"https:\\\/\\\/macite.tg\\\/wp-content\\\/uploads\\\/2022\\\/11\\\/Tenue-des-FAT.jpg\",\"datePublished\":\"2022-11-18T11:27:46+00:00\",\"dateModified\":\"2022-11-18T11:27:47+00:00\",\"author\":{\"@id\":\"https:\\\/\\\/macite.tg\\\/#\\\/schema\\\/person\\\/e9f2de7e5dbbe7770a9402c7ce82f5c2\"},\"breadcrumb\":{\"@id\":\"https:\\\/\\\/macite.tg\\\/?p=1913#breadcrumb\"},\"inLanguage\":\"fr-FR\",\"potentialAction\":[{\"@type\":\"ReadAction\",\"target\":[\"https:\\\/\\\/macite.tg\\\/?p=1913\"]}]},{\"@type\":\"ImageObject\",\"inLanguage\":\"fr-FR\",\"@id\":\"https:\\\/\\\/macite.tg\\\/?p=1913#primaryimage\",\"url\":\"https:\\\/\\\/macite.tg\\\/wp-content\\\/uploads\\\/2022\\\/11\\\/Tenue-des-FAT.jpg\",\"contentUrl\":\"https:\\\/\\\/macite.tg\\\/wp-content\\\/uploads\\\/2022\\\/11\\\/Tenue-des-FAT.jpg\",\"width\":770,\"height\":433},{\"@type\":\"BreadcrumbList\",\"@id\":\"https:\\\/\\\/macite.tg\\\/?p=1913#breadcrumb\",\"itemListElement\":[{\"@type\":\"ListItem\",\"position\":1,\"name\":\"Accueil\",\"item\":\"https:\\\/\\\/macite.tg\\\/\"},{\"@type\":\"ListItem\",\"position\":2,\"name\":\"AM\u00c9LIORATION DES CONDITIONS DE TRAVAIL DES FORCES DE D\u00c9FENSES ET DE S\u00c9CURIT\u00c9 : Le gouvernement maintient le cap\"}]},{\"@type\":\"WebSite\",\"@id\":\"https:\\\/\\\/macite.tg\\\/#website\",\"url\":\"https:\\\/\\\/macite.tg\\\/\",\"name\":\"\",\"description\":\"L&#039;information, la bonne!!!\",\"potentialAction\":[{\"@type\":\"SearchAction\",\"target\":{\"@type\":\"EntryPoint\",\"urlTemplate\":\"https:\\\/\\\/macite.tg\\\/?s={search_term_string}\"},\"query-input\":{\"@type\":\"PropertyValueSpecification\",\"valueRequired\":true,\"valueName\":\"search_term_string\"}}],\"inLanguage\":\"fr-FR\"},{\"@type\":\"Person\",\"@id\":\"https:\\\/\\\/macite.tg\\\/#\\\/schema\\\/person\\\/e9f2de7e5dbbe7770a9402c7ce82f5c2\",\"name\":\"Jean Pierre BAWELA\",\"image\":{\"@type\":\"ImageObject\",\"inLanguage\":\"fr-FR\",\"@id\":\"https:\\\/\\\/macite.tg\\\/wp-content\\\/uploads\\\/2023\\\/09\\\/WhatsApp-Image-2023-09-19-at-14.44.41-122x122.jpeg\",\"url\":\"https:\\\/\\\/macite.tg\\\/wp-content\\\/uploads\\\/2023\\\/09\\\/WhatsApp-Image-2023-09-19-at-14.44.41-122x122.jpeg\",\"contentUrl\":\"https:\\\/\\\/macite.tg\\\/wp-content\\\/uploads\\\/2023\\\/09\\\/WhatsApp-Image-2023-09-19-at-14.44.41-122x122.jpeg\",\"caption\":\"Jean Pierre BAWELA\"},\"url\":\"https:\\\/\\\/macite.tg\\\/?author=2\"}]}<\/script>\n<!-- \/ Yoast SEO plugin. -->","yoast_head_json":{"title":"AM\u00c9LIORATION DES CONDITIONS DE TRAVAIL DES FORCES DE D\u00c9FENSES ET DE S\u00c9CURIT\u00c9 : Le gouvernement maintient le cap -","robots":{"index":"index","follow":"follow","max-snippet":"max-snippet:-1","max-image-preview":"max-image-preview:large","max-video-preview":"max-video-preview:-1"},"canonical":"https:\/\/macite.tg\/?p=1913","og_locale":"fr_FR","og_type":"article","og_title":"AM\u00c9LIORATION DES CONDITIONS DE TRAVAIL DES FORCES DE D\u00c9FENSES ET DE S\u00c9CURIT\u00c9 : Le gouvernement maintient le cap -","og_description":"Comme il l\u2019avait promis qu\u2019aucun secteur ne serait laisser sur les carreaux dans sa politique des grandes r\u00e9formes\u00a0 qui visent l\u2019am\u00e9lioration des conditions de vie et de travail le pr\u00e9sident Faure Gnassingb\u00e9 reste droit dans son engagement. Apr\u00e8s les gendarmes, c\u2019est le tour des militaires [&hellip;]","og_url":"https:\/\/macite.tg\/?p=1913","article_published_time":"2022-11-18T11:27:46+00:00","article_modified_time":"2022-11-18T11:27:47+00:00","og_image":[{"width":770,"height":433,"url":"https:\/\/macite.tg\/wp-content\/uploads\/2022\/11\/Tenue-des-FAT.jpg","type":"image\/jpeg"}],"author":"Jean Pierre BAWELA","twitter_card":"summary_large_image","twitter_misc":{"\u00c9crit par":"Jean Pierre BAWELA","Dur\u00e9e de lecture estim\u00e9e":"2 minutes"},"schema":{"@context":"https:\/\/schema.org","@graph":[{"@type":"Article","@id":"https:\/\/macite.tg\/?p=1913#article","isPartOf":{"@id":"https:\/\/macite.tg\/?p=1913"},"author":{"name":"Jean Pierre BAWELA","@id":"https:\/\/macite.tg\/#\/schema\/person\/e9f2de7e5dbbe7770a9402c7ce82f5c2"},"headline":"AM\u00c9LIORATION DES CONDITIONS DE TRAVAIL DES FORCES DE D\u00c9FENSES ET DE S\u00c9CURIT\u00c9 : Le gouvernement maintient le cap","datePublished":"2022-11-18T11:27:46+00:00","dateModified":"2022-11-18T11:27:47+00:00","mainEntityOfPage":{"@id":"https:\/\/macite.tg\/?p=1913"},"wordCount":382,"commentCount":0,"image":{"@id":"https:\/\/macite.tg\/?p=1913#primaryimage"},"thumbnailUrl":"https:\/\/macite.tg\/wp-content\/uploads\/2022\/11\/Tenue-des-FAT.jpg","articleSection":["SECURITE"],"inLanguage":"fr-FR","potentialAction":[{"@type":"CommentAction","name":"Comment","target":["https:\/\/macite.tg\/?p=1913#respond"]}]},{"@type":"WebPage","@id":"https:\/\/macite.tg\/?p=1913","url":"https:\/\/macite.tg\/?p=1913","name":"AM\u00c9LIORATION DES CONDITIONS DE TRAVAIL DES FORCES DE D\u00c9FENSES ET DE S\u00c9CURIT\u00c9 : Le gouvernement maintient le cap -","isPartOf":{"@id":"https:\/\/macite.tg\/#website"},"primaryImageOfPage":{"@id":"https:\/\/macite.tg\/?p=1913#primaryimage"},"image":{"@id":"https:\/\/macite.tg\/?p=1913#primaryimage"},"thumbnailUrl":"https:\/\/macite.tg\/wp-content\/uploads\/2022\/11\/Tenue-des-FAT.jpg","datePublished":"2022-11-18T11:27:46+00:00","dateModified":"2022-11-18T11:27:47+00:00","author":{"@id":"https:\/\/macite.tg\/#\/schema\/person\/e9f2de7e5dbbe7770a9402c7ce82f5c2"},"breadcrumb":{"@id":"https:\/\/macite.tg\/?p=1913#breadcrumb"},"inLanguage":"fr-FR","potentialAction":[{"@type":"ReadAction","target":["https:\/\/macite.tg\/?p=1913"]}]},{"@type":"ImageObject","inLanguage":"fr-FR","@id":"https:\/\/macite.tg\/?p=1913#primaryimage","url":"https:\/\/macite.tg\/wp-content\/uploads\/2022\/11\/Tenue-des-FAT.jpg","contentUrl":"https:\/\/macite.tg\/wp-content\/uploads\/2022\/11\/Tenue-des-FAT.jpg","width":770,"height":433},{"@type":"BreadcrumbList","@id":"https:\/\/macite.tg\/?p=1913#breadcrumb","itemListElement":[{"@type":"ListItem","position":1,"name":"Accueil","item":"https:\/\/macite.tg\/"},{"@type":"ListItem","position":2,"name":"AM\u00c9LIORATION DES CONDITIONS DE TRAVAIL DES FORCES DE D\u00c9FENSES ET DE S\u00c9CURIT\u00c9 : Le gouvernement maintient le cap"}]},{"@type":"WebSite","@id":"https:\/\/macite.tg\/#website","url":"https:\/\/macite.tg\/","name":"","description":"L&#039;information, la bonne!!!","potentialAction":[{"@type":"SearchAction","target":{"@type":"EntryPoint","urlTemplate":"https:\/\/macite.tg\/?s={search_term_string}"},"query-input":{"@type":"PropertyValueSpecification","valueRequired":true,"valueName":"search_term_string"}}],"inLanguage":"fr-FR"},{"@type":"Person","@id":"https:\/\/macite.tg\/#\/schema\/person\/e9f2de7e5dbbe7770a9402c7ce82f5c2","name":"Jean Pierre BAWELA","image":{"@type":"ImageObject","inLanguage":"fr-FR","@id":"https:\/\/macite.tg\/wp-content\/uploads\/2023\/09\/WhatsApp-Image-2023-09-19-at-14.44.41-122x122.jpeg","url":"https:\/\/macite.tg\/wp-content\/uploads\/2023\/09\/WhatsApp-Image-2023-09-19-at-14.44.41-122x122.jpeg","contentUrl":"https:\/\/macite.tg\/wp-content\/uploads\/2023\/09\/WhatsApp-Image-2023-09-19-at-14.44.41-122x122.jpeg","caption":"Jean Pierre BAWELA"},"url":"https:\/\/macite.tg\/?author=2"}]}},"_links":{"self":[{"href":"https:\/\/macite.tg\/index.php?rest_route=\/wp\/v2\/posts\/1913","targetHints":{"allow":["GET"]}}],"collection":[{"href":"https:\/\/macite.tg\/index.php?rest_route=\/wp\/v2\/posts"}],"about":[{"href":"https:\/\/macite.tg\/index.php?rest_route=\/wp\/v2\/types\/post"}],"author":[{"embeddable":true,"href":"https:\/\/macite.tg\/index.php?rest_route=\/wp\/v2\/users\/2"}],"replies":[{"embeddable":true,"href":"https:\/\/macite.tg\/index.php?rest_route=%2Fwp%2Fv2%2Fcomments&post=1913"}],"version-history":[{"count":0,"href":"https:\/\/macite.tg\/index.php?rest_route=\/wp\/v2\/posts\/1913\/revisions"}],"wp:featuredmedia":[{"embeddable":true,"href":"https:\/\/macite.tg\/index.php?rest_route=\/wp\/v2\/media\/1916"}],"wp:attachment":[{"href":"https:\/\/macite.tg\/index.php?rest_route=%2Fwp%2Fv2%2Fmedia&parent=1913"}],"wp:term":[{"taxonomy":"category","embeddable":true,"href":"https:\/\/macite.tg\/index.php?rest_route=%2Fwp%2Fv2%2Fcategories&post=1913"},{"taxonomy":"post_tag","embeddable":true,"href":"https:\/\/macite.tg\/index.php?rest_route=%2Fwp%2Fv2%2Ftags&post=1913"}],"curies":[{"name":"wp","href":"https:\/\/api.w.org\/{rel}","templated":true}]}}