{"id":19012,"date":"2025-01-03T11:12:44","date_gmt":"2025-01-03T11:12:44","guid":{"rendered":"https:\/\/macite.tg\/?p=19012"},"modified":"2025-01-03T11:12:59","modified_gmt":"2025-01-03T11:12:59","slug":"vivre-ensemble-le-president-faure-offre-04-concerts-exceptionnels-a-la-jeunesse","status":"publish","type":"post","link":"https:\/\/macite.tg\/?p=19012","title":{"rendered":"VIVRE ENSEMBLE : Le Pr\u00e9sident Faure offre 04 concerts exceptionnels \u00e0 la jeunesse"},"content":{"rendered":"\n<p class=\"wp-block-paragraph\"><strong><em>Pour permettre \u00e0 la jeunesse de finir en beaut\u00e9 les f\u00eate de fin d\u2019ann\u00e9e, le Chef de l\u2019Etat, Faure Essozimna Gnassingb\u00e9, offre gracieusement quatre grands concerts \u00e0 Lom\u00e9.<\/em><\/strong><\/p>\n\n\n\n<p class=\"wp-block-paragraph\">Ce samedi O4 janvier Lom\u00e9 va vibrer rythme de 04 m\u00e9gas concerts offerts gracieusement par le Chef de l\u2019Etat, Faure Gnassingb\u00e9, \u00e0 la jeunesse togolaise. Ceci pour finir en toute beaut\u00e9 les f\u00eates de fin d\u2019ann\u00e9e.<\/p>\n\n\n<div class=\"wp-block-image\">\n<figure class=\"aligncenter size-full\"><img loading=\"lazy\" decoding=\"async\" width=\"526\" height=\"526\" src=\"https:\/\/macite.tg\/wp-content\/uploads\/2025\/01\/Bonne-et-Huereuse-annee-2025.jpg\" alt=\"\" class=\"wp-image-19004\" srcset=\"https:\/\/macite.tg\/wp-content\/uploads\/2025\/01\/Bonne-et-Huereuse-annee-2025.jpg 526w, https:\/\/macite.tg\/wp-content\/uploads\/2025\/01\/Bonne-et-Huereuse-annee-2025-300x300.jpg 300w, https:\/\/macite.tg\/wp-content\/uploads\/2025\/01\/Bonne-et-Huereuse-annee-2025-150x150.jpg 150w, https:\/\/macite.tg\/wp-content\/uploads\/2025\/01\/Bonne-et-Huereuse-annee-2025-122x122.jpg 122w\" sizes=\"auto, (max-width: 526px) 100vw, 526px\" \/><\/figure>\n<\/div>\n\n\n<p class=\"wp-block-paragraph\">D\u00e9nomm\u00e9 \u2018\u2019Lelengda\u2019\u2019, ces concerts se d\u00e9rouleront \u00e0 partir de 16h, sur quatre sites diff\u00e9rents, notamment \u00e0 Tokoin &#8211; Terrain Agaza&nbsp;; \u00e0 Baguida &#8211; Terrain du Lyc\u00e9e Baguida&nbsp;; \u00e0 Sangu\u00e9ra &#8211; Terrain du Lyc\u00e9e Sangu\u00e9ra&nbsp;; et au centre-ville, \u00e0 la Colombe de la Paix.<\/p>\n\n\n\n<p class=\"wp-block-paragraph\">Cette ambiance festive vise \u00e0 rappeler les messages pour un avenir meilleur, le vivre-ensemble, une jeunesse sans drogue et loin du terrorisme et l\u2019extr\u00e9misme violent.<\/p>\n\n\n<div class=\"wp-block-image\">\n<figure class=\"aligncenter size-full\"><img loading=\"lazy\" decoding=\"async\" width=\"500\" height=\"500\" src=\"https:\/\/macite.tg\/wp-content\/uploads\/2024\/12\/OTR_-Page-TikTok.jpg\" alt=\"\" class=\"wp-image-18949\" srcset=\"https:\/\/macite.tg\/wp-content\/uploads\/2024\/12\/OTR_-Page-TikTok.jpg 500w, https:\/\/macite.tg\/wp-content\/uploads\/2024\/12\/OTR_-Page-TikTok-300x300.jpg 300w, https:\/\/macite.tg\/wp-content\/uploads\/2024\/12\/OTR_-Page-TikTok-150x150.jpg 150w, https:\/\/macite.tg\/wp-content\/uploads\/2024\/12\/OTR_-Page-TikTok-122x122.jpg 122w\" sizes=\"auto, (max-width: 500px) 100vw, 500px\" \/><\/figure>\n<\/div>\n\n\n<p class=\"wp-block-paragraph\">&nbsp;Au rang des artistes invit\u00e9s Paki Chenzu, Dieudonn\u00e9 Wila, Talakaka, Maxfire, King Bala, Etane, et d\u2019autres grands noms de la musique togolaise.<\/p>\n\n\n\n<p class=\"wp-block-paragraph\"><strong>La R\u00e9daction<\/strong><\/p>\n\n\n\n<p class=\"wp-block-paragraph\"><a><strong><em>@macite.tg&nbsp;&nbsp;&nbsp;&nbsp;&nbsp;&nbsp;&nbsp;&nbsp;<\/em><\/strong><\/a><\/p>\n\n\n\n<p class=\"wp-block-paragraph\"><strong><em>E-mail&nbsp;: <\/em><\/strong><a href=\"mailto:maciteinfo@gmail.com\"><strong><em>maciteinfo@gmail.com<\/em><\/strong><\/a><strong><em>; <\/em><\/strong><a href=\"mailto:bawela1@gmail.com\"><strong><em>bawela1@gmail.com<\/em><\/strong><\/a><strong><em><\/em><\/strong><\/p>\n\n\n\n<p class=\"wp-block-paragraph\"><strong><em>Pour vos annonces, (publi)reportages, etc., joignez-nous au (00228)91515309\/<strong>79872224 <\/strong>www.macite.tg, L\u2019information, la bonne&nbsp;!<\/em><\/strong><\/p>\n","protected":false},"excerpt":{"rendered":"<p class=\"text-justify mb-2\" >Pour permettre \u00e0 la jeunesse de finir en beaut\u00e9 les f\u00eate de fin d\u2019ann\u00e9e, le Chef de l\u2019Etat, Faure Essozimna Gnassingb\u00e9, offre gracieusement quatre grands concerts \u00e0 Lom\u00e9. Ce samedi O4 janvier Lom\u00e9 va vibrer rythme de 04 m\u00e9gas concerts offerts gracieusement par le Chef [&hellip;]<\/p>\n","protected":false},"author":2,"featured_media":19014,"comment_status":"open","ping_status":"open","sticky":false,"template":"","format":"standard","meta":{"footnotes":""},"categories":[20,18],"tags":[],"class_list":["post-19012","post","type-post","status-publish","format-standard","has-post-thumbnail","hentry","category-actualite","category-culture"],"yoast_head":"<!-- This site is optimized with the Yoast SEO plugin v28.4 - https:\/\/yoast.com\/product\/yoast-seo-wordpress\/ -->\n<title>VIVRE ENSEMBLE : Le Pr\u00e9sident Faure offre 04 concerts exceptionnels \u00e0 la jeunesse -<\/title>\n<meta name=\"robots\" content=\"index, follow, max-snippet:-1, max-image-preview:large, max-video-preview:-1\" \/>\n<link rel=\"canonical\" href=\"https:\/\/macite.tg\/?p=19012\" \/>\n<meta property=\"og:locale\" content=\"fr_FR\" \/>\n<meta property=\"og:type\" content=\"article\" \/>\n<meta property=\"og:title\" content=\"VIVRE ENSEMBLE : Le Pr\u00e9sident Faure offre 04 concerts exceptionnels \u00e0 la jeunesse -\" \/>\n<meta property=\"og:description\" content=\"Pour permettre \u00e0 la jeunesse de finir en beaut\u00e9 les f\u00eate de fin d\u2019ann\u00e9e, le Chef de l\u2019Etat, Faure Essozimna Gnassingb\u00e9, offre gracieusement quatre grands concerts \u00e0 Lom\u00e9. Ce samedi O4 janvier Lom\u00e9 va vibrer rythme de 04 m\u00e9gas concerts offerts gracieusement par le Chef [&hellip;]\" \/>\n<meta property=\"og:url\" content=\"https:\/\/macite.tg\/?p=19012\" \/>\n<meta property=\"article:published_time\" content=\"2025-01-03T11:12:44+00:00\" \/>\n<meta property=\"article:modified_time\" content=\"2025-01-03T11:12:59+00:00\" \/>\n<meta property=\"og:image\" content=\"https:\/\/macite.tg\/wp-content\/uploads\/2025\/01\/CONCERT.jpg\" \/>\n\t<meta property=\"og:image:width\" content=\"500\" \/>\n\t<meta property=\"og:image:height\" content=\"260\" \/>\n\t<meta property=\"og:image:type\" content=\"image\/jpeg\" \/>\n<meta name=\"author\" content=\"Jean Pierre BAWELA\" \/>\n<meta name=\"twitter:card\" content=\"summary_large_image\" \/>\n<meta name=\"twitter:label1\" content=\"\u00c9crit par\" \/>\n\t<meta name=\"twitter:data1\" content=\"Jean Pierre BAWELA\" \/>\n\t<meta name=\"twitter:label2\" content=\"Dur\u00e9e de lecture estim\u00e9e\" \/>\n\t<meta name=\"twitter:data2\" content=\"1 minute\" \/>\n<script type=\"application\/ld+json\" class=\"yoast-schema-graph\">{\"@context\":\"https:\\\/\\\/schema.org\",\"@graph\":[{\"@type\":\"Article\",\"@id\":\"https:\\\/\\\/macite.tg\\\/?p=19012#article\",\"isPartOf\":{\"@id\":\"https:\\\/\\\/macite.tg\\\/?p=19012\"},\"author\":{\"name\":\"Jean Pierre BAWELA\",\"@id\":\"https:\\\/\\\/macite.tg\\\/#\\\/schema\\\/person\\\/e9f2de7e5dbbe7770a9402c7ce82f5c2\"},\"headline\":\"VIVRE ENSEMBLE : Le Pr\u00e9sident Faure offre 04 concerts exceptionnels \u00e0 la jeunesse\",\"datePublished\":\"2025-01-03T11:12:44+00:00\",\"dateModified\":\"2025-01-03T11:12:59+00:00\",\"mainEntityOfPage\":{\"@id\":\"https:\\\/\\\/macite.tg\\\/?p=19012\"},\"wordCount\":216,\"commentCount\":0,\"image\":{\"@id\":\"https:\\\/\\\/macite.tg\\\/?p=19012#primaryimage\"},\"thumbnailUrl\":\"https:\\\/\\\/macite.tg\\\/wp-content\\\/uploads\\\/2025\\\/01\\\/CONCERT.jpg\",\"articleSection\":[\"ACTUALITE\",\"CULTURE\"],\"inLanguage\":\"fr-FR\",\"potentialAction\":[{\"@type\":\"CommentAction\",\"name\":\"Comment\",\"target\":[\"https:\\\/\\\/macite.tg\\\/?p=19012#respond\"]}]},{\"@type\":\"WebPage\",\"@id\":\"https:\\\/\\\/macite.tg\\\/?p=19012\",\"url\":\"https:\\\/\\\/macite.tg\\\/?p=19012\",\"name\":\"VIVRE ENSEMBLE : Le Pr\u00e9sident Faure offre 04 concerts exceptionnels \u00e0 la jeunesse -\",\"isPartOf\":{\"@id\":\"https:\\\/\\\/macite.tg\\\/#website\"},\"primaryImageOfPage\":{\"@id\":\"https:\\\/\\\/macite.tg\\\/?p=19012#primaryimage\"},\"image\":{\"@id\":\"https:\\\/\\\/macite.tg\\\/?p=19012#primaryimage\"},\"thumbnailUrl\":\"https:\\\/\\\/macite.tg\\\/wp-content\\\/uploads\\\/2025\\\/01\\\/CONCERT.jpg\",\"datePublished\":\"2025-01-03T11:12:44+00:00\",\"dateModified\":\"2025-01-03T11:12:59+00:00\",\"author\":{\"@id\":\"https:\\\/\\\/macite.tg\\\/#\\\/schema\\\/person\\\/e9f2de7e5dbbe7770a9402c7ce82f5c2\"},\"breadcrumb\":{\"@id\":\"https:\\\/\\\/macite.tg\\\/?p=19012#breadcrumb\"},\"inLanguage\":\"fr-FR\",\"potentialAction\":[{\"@type\":\"ReadAction\",\"target\":[\"https:\\\/\\\/macite.tg\\\/?p=19012\"]}]},{\"@type\":\"ImageObject\",\"inLanguage\":\"fr-FR\",\"@id\":\"https:\\\/\\\/macite.tg\\\/?p=19012#primaryimage\",\"url\":\"https:\\\/\\\/macite.tg\\\/wp-content\\\/uploads\\\/2025\\\/01\\\/CONCERT.jpg\",\"contentUrl\":\"https:\\\/\\\/macite.tg\\\/wp-content\\\/uploads\\\/2025\\\/01\\\/CONCERT.jpg\",\"width\":500,\"height\":260},{\"@type\":\"BreadcrumbList\",\"@id\":\"https:\\\/\\\/macite.tg\\\/?p=19012#breadcrumb\",\"itemListElement\":[{\"@type\":\"ListItem\",\"position\":1,\"name\":\"Accueil\",\"item\":\"https:\\\/\\\/macite.tg\\\/\"},{\"@type\":\"ListItem\",\"position\":2,\"name\":\"VIVRE ENSEMBLE : Le Pr\u00e9sident Faure offre 04 concerts exceptionnels \u00e0 la jeunesse\"}]},{\"@type\":\"WebSite\",\"@id\":\"https:\\\/\\\/macite.tg\\\/#website\",\"url\":\"https:\\\/\\\/macite.tg\\\/\",\"name\":\"\",\"description\":\"L&#039;information, la bonne!!!\",\"potentialAction\":[{\"@type\":\"SearchAction\",\"target\":{\"@type\":\"EntryPoint\",\"urlTemplate\":\"https:\\\/\\\/macite.tg\\\/?s={search_term_string}\"},\"query-input\":{\"@type\":\"PropertyValueSpecification\",\"valueRequired\":true,\"valueName\":\"search_term_string\"}}],\"inLanguage\":\"fr-FR\"},{\"@type\":\"Person\",\"@id\":\"https:\\\/\\\/macite.tg\\\/#\\\/schema\\\/person\\\/e9f2de7e5dbbe7770a9402c7ce82f5c2\",\"name\":\"Jean Pierre BAWELA\",\"image\":{\"@type\":\"ImageObject\",\"inLanguage\":\"fr-FR\",\"@id\":\"https:\\\/\\\/macite.tg\\\/wp-content\\\/uploads\\\/2023\\\/09\\\/WhatsApp-Image-2023-09-19-at-14.44.41-122x122.jpeg\",\"url\":\"https:\\\/\\\/macite.tg\\\/wp-content\\\/uploads\\\/2023\\\/09\\\/WhatsApp-Image-2023-09-19-at-14.44.41-122x122.jpeg\",\"contentUrl\":\"https:\\\/\\\/macite.tg\\\/wp-content\\\/uploads\\\/2023\\\/09\\\/WhatsApp-Image-2023-09-19-at-14.44.41-122x122.jpeg\",\"caption\":\"Jean Pierre BAWELA\"},\"url\":\"https:\\\/\\\/macite.tg\\\/?author=2\"}]}<\/script>\n<!-- \/ Yoast SEO plugin. -->","yoast_head_json":{"title":"VIVRE ENSEMBLE : Le Pr\u00e9sident Faure offre 04 concerts exceptionnels \u00e0 la jeunesse -","robots":{"index":"index","follow":"follow","max-snippet":"max-snippet:-1","max-image-preview":"max-image-preview:large","max-video-preview":"max-video-preview:-1"},"canonical":"https:\/\/macite.tg\/?p=19012","og_locale":"fr_FR","og_type":"article","og_title":"VIVRE ENSEMBLE : Le Pr\u00e9sident Faure offre 04 concerts exceptionnels \u00e0 la jeunesse -","og_description":"Pour permettre \u00e0 la jeunesse de finir en beaut\u00e9 les f\u00eate de fin d\u2019ann\u00e9e, le Chef de l\u2019Etat, Faure Essozimna Gnassingb\u00e9, offre gracieusement quatre grands concerts \u00e0 Lom\u00e9. Ce samedi O4 janvier Lom\u00e9 va vibrer rythme de 04 m\u00e9gas concerts offerts gracieusement par le Chef [&hellip;]","og_url":"https:\/\/macite.tg\/?p=19012","article_published_time":"2025-01-03T11:12:44+00:00","article_modified_time":"2025-01-03T11:12:59+00:00","og_image":[{"width":500,"height":260,"url":"https:\/\/macite.tg\/wp-content\/uploads\/2025\/01\/CONCERT.jpg","type":"image\/jpeg"}],"author":"Jean Pierre BAWELA","twitter_card":"summary_large_image","twitter_misc":{"\u00c9crit par":"Jean Pierre BAWELA","Dur\u00e9e de lecture estim\u00e9e":"1 minute"},"schema":{"@context":"https:\/\/schema.org","@graph":[{"@type":"Article","@id":"https:\/\/macite.tg\/?p=19012#article","isPartOf":{"@id":"https:\/\/macite.tg\/?p=19012"},"author":{"name":"Jean Pierre BAWELA","@id":"https:\/\/macite.tg\/#\/schema\/person\/e9f2de7e5dbbe7770a9402c7ce82f5c2"},"headline":"VIVRE ENSEMBLE : Le Pr\u00e9sident Faure offre 04 concerts exceptionnels \u00e0 la jeunesse","datePublished":"2025-01-03T11:12:44+00:00","dateModified":"2025-01-03T11:12:59+00:00","mainEntityOfPage":{"@id":"https:\/\/macite.tg\/?p=19012"},"wordCount":216,"commentCount":0,"image":{"@id":"https:\/\/macite.tg\/?p=19012#primaryimage"},"thumbnailUrl":"https:\/\/macite.tg\/wp-content\/uploads\/2025\/01\/CONCERT.jpg","articleSection":["ACTUALITE","CULTURE"],"inLanguage":"fr-FR","potentialAction":[{"@type":"CommentAction","name":"Comment","target":["https:\/\/macite.tg\/?p=19012#respond"]}]},{"@type":"WebPage","@id":"https:\/\/macite.tg\/?p=19012","url":"https:\/\/macite.tg\/?p=19012","name":"VIVRE ENSEMBLE : Le Pr\u00e9sident Faure offre 04 concerts exceptionnels \u00e0 la jeunesse -","isPartOf":{"@id":"https:\/\/macite.tg\/#website"},"primaryImageOfPage":{"@id":"https:\/\/macite.tg\/?p=19012#primaryimage"},"image":{"@id":"https:\/\/macite.tg\/?p=19012#primaryimage"},"thumbnailUrl":"https:\/\/macite.tg\/wp-content\/uploads\/2025\/01\/CONCERT.jpg","datePublished":"2025-01-03T11:12:44+00:00","dateModified":"2025-01-03T11:12:59+00:00","author":{"@id":"https:\/\/macite.tg\/#\/schema\/person\/e9f2de7e5dbbe7770a9402c7ce82f5c2"},"breadcrumb":{"@id":"https:\/\/macite.tg\/?p=19012#breadcrumb"},"inLanguage":"fr-FR","potentialAction":[{"@type":"ReadAction","target":["https:\/\/macite.tg\/?p=19012"]}]},{"@type":"ImageObject","inLanguage":"fr-FR","@id":"https:\/\/macite.tg\/?p=19012#primaryimage","url":"https:\/\/macite.tg\/wp-content\/uploads\/2025\/01\/CONCERT.jpg","contentUrl":"https:\/\/macite.tg\/wp-content\/uploads\/2025\/01\/CONCERT.jpg","width":500,"height":260},{"@type":"BreadcrumbList","@id":"https:\/\/macite.tg\/?p=19012#breadcrumb","itemListElement":[{"@type":"ListItem","position":1,"name":"Accueil","item":"https:\/\/macite.tg\/"},{"@type":"ListItem","position":2,"name":"VIVRE ENSEMBLE : Le Pr\u00e9sident Faure offre 04 concerts exceptionnels \u00e0 la jeunesse"}]},{"@type":"WebSite","@id":"https:\/\/macite.tg\/#website","url":"https:\/\/macite.tg\/","name":"","description":"L&#039;information, la bonne!!!","potentialAction":[{"@type":"SearchAction","target":{"@type":"EntryPoint","urlTemplate":"https:\/\/macite.tg\/?s={search_term_string}"},"query-input":{"@type":"PropertyValueSpecification","valueRequired":true,"valueName":"search_term_string"}}],"inLanguage":"fr-FR"},{"@type":"Person","@id":"https:\/\/macite.tg\/#\/schema\/person\/e9f2de7e5dbbe7770a9402c7ce82f5c2","name":"Jean Pierre BAWELA","image":{"@type":"ImageObject","inLanguage":"fr-FR","@id":"https:\/\/macite.tg\/wp-content\/uploads\/2023\/09\/WhatsApp-Image-2023-09-19-at-14.44.41-122x122.jpeg","url":"https:\/\/macite.tg\/wp-content\/uploads\/2023\/09\/WhatsApp-Image-2023-09-19-at-14.44.41-122x122.jpeg","contentUrl":"https:\/\/macite.tg\/wp-content\/uploads\/2023\/09\/WhatsApp-Image-2023-09-19-at-14.44.41-122x122.jpeg","caption":"Jean Pierre BAWELA"},"url":"https:\/\/macite.tg\/?author=2"}]}},"_links":{"self":[{"href":"https:\/\/macite.tg\/index.php?rest_route=\/wp\/v2\/posts\/19012","targetHints":{"allow":["GET"]}}],"collection":[{"href":"https:\/\/macite.tg\/index.php?rest_route=\/wp\/v2\/posts"}],"about":[{"href":"https:\/\/macite.tg\/index.php?rest_route=\/wp\/v2\/types\/post"}],"author":[{"embeddable":true,"href":"https:\/\/macite.tg\/index.php?rest_route=\/wp\/v2\/users\/2"}],"replies":[{"embeddable":true,"href":"https:\/\/macite.tg\/index.php?rest_route=%2Fwp%2Fv2%2Fcomments&post=19012"}],"version-history":[{"count":0,"href":"https:\/\/macite.tg\/index.php?rest_route=\/wp\/v2\/posts\/19012\/revisions"}],"wp:featuredmedia":[{"embeddable":true,"href":"https:\/\/macite.tg\/index.php?rest_route=\/wp\/v2\/media\/19014"}],"wp:attachment":[{"href":"https:\/\/macite.tg\/index.php?rest_route=%2Fwp%2Fv2%2Fmedia&parent=19012"}],"wp:term":[{"taxonomy":"category","embeddable":true,"href":"https:\/\/macite.tg\/index.php?rest_route=%2Fwp%2Fv2%2Fcategories&post=19012"},{"taxonomy":"post_tag","embeddable":true,"href":"https:\/\/macite.tg\/index.php?rest_route=%2Fwp%2Fv2%2Ftags&post=19012"}],"curies":[{"name":"wp","href":"https:\/\/api.w.org\/{rel}","templated":true}]}}