{"id":18989,"date":"2024-12-31T12:32:04","date_gmt":"2024-12-31T12:32:04","guid":{"rendered":"https:\/\/macite.tg\/?p=18989"},"modified":"2024-12-31T12:32:17","modified_gmt":"2024-12-31T12:32:17","slug":"grace-presidentielle-quelque-1064-detenus-recouvrent-leur-liberte","status":"publish","type":"post","link":"https:\/\/macite.tg\/?p=18989","title":{"rendered":"GRACE PRESIDENTIELLE : Quelque 1064 d\u00e9tenus recouvrent leur libert\u00e9"},"content":{"rendered":"\n<p class=\"wp-block-paragraph\"><strong><em>Comme de coutume, en chaque fin d\u2019ann\u00e9e, le Pr\u00e9sident de la R\u00e9publique fait parler sa sensibilit\u00e9 et son c\u0153ur. A l\u2019occasion des f\u00eates de fin d\u2019ann\u00e9e, le Pr\u00e9sident de la R\u00e9publique, Faure Essozimna Gnassingb\u00e9, a officiellement accord\u00e9 la gr\u00e2ce pr\u00e9sidentielle \u00e0 1064 d\u00e9tenus en fin de peine.<\/em><\/strong><\/p>\n\n\n\n<p class=\"wp-block-paragraph\">Le vendredi 27 d\u00e9cembre dernier, le Chef de l\u2019Etat a accord\u00e9 une cl\u00e9mence exceptionnelle \u00e0 1064 d\u00e9tenus, en fin de peine, recens\u00e9s sur l\u2019ensemble des \u00e9tablissements p\u00e9nitentiaires du pays.<\/p>\n\n\n<div class=\"wp-block-image\">\n<figure class=\"aligncenter size-full\"><img loading=\"lazy\" decoding=\"async\" width=\"768\" height=\"319\" src=\"https:\/\/macite.tg\/wp-content\/uploads\/2024\/12\/ANNONCES-1-768x319-3.jpg\" alt=\"\" class=\"wp-image-18962\" srcset=\"https:\/\/macite.tg\/wp-content\/uploads\/2024\/12\/ANNONCES-1-768x319-3.jpg 768w, https:\/\/macite.tg\/wp-content\/uploads\/2024\/12\/ANNONCES-1-768x319-3-300x125.jpg 300w\" sizes=\"auto, (max-width: 768px) 100vw, 768px\" \/><\/figure>\n<\/div>\n\n\n<p class=\"wp-block-paragraph\">Cette gr\u00e2ce pr\u00e9sidentielle, \u00e0 effet imm\u00e9diat, prise \u00e0 l\u2019occasion des f\u00eates de fin d\u2019ann\u00e9e et de Nouvel An, se veut de contribuer au renforcement de la coh\u00e9sion sociale et du vivre-ensemble. Elle vise \u00e9galement \u00e0 d\u00e9sengorger les \u00e9tablissements p\u00e9nitentiaires du pays.<\/p>\n\n\n<div class=\"wp-block-image\">\n<figure class=\"aligncenter size-full\"><img loading=\"lazy\" decoding=\"async\" width=\"500\" height=\"500\" src=\"https:\/\/macite.tg\/wp-content\/uploads\/2024\/12\/OTR_Noel-1.jpg\" alt=\"\" class=\"wp-image-18948\" srcset=\"https:\/\/macite.tg\/wp-content\/uploads\/2024\/12\/OTR_Noel-1.jpg 500w, https:\/\/macite.tg\/wp-content\/uploads\/2024\/12\/OTR_Noel-1-300x300.jpg 300w, https:\/\/macite.tg\/wp-content\/uploads\/2024\/12\/OTR_Noel-1-150x150.jpg 150w, https:\/\/macite.tg\/wp-content\/uploads\/2024\/12\/OTR_Noel-1-122x122.jpg 122w\" sizes=\"auto, (max-width: 500px) 100vw, 500px\" \/><\/figure>\n<\/div>\n\n\n<p class=\"wp-block-paragraph\">Notons qu\u2019en avril dernier d\u00e9j\u00e0, 808 condamn\u00e9s \u00e9galement b\u00e9n\u00e9fici\u00e9 de cette remise de peine, portant cet effectif \u00e0 pr\u00e8s de deux milles d\u00e9tenus lib\u00e9r\u00e9s cette ann\u00e9e.<\/p>\n\n\n\n<p class=\"wp-block-paragraph\"><strong>La R\u00e9daction<\/strong><\/p>\n\n\n\n<p class=\"wp-block-paragraph\"><a><strong><em>@macite.tg&nbsp;&nbsp;&nbsp;&nbsp;&nbsp;&nbsp;&nbsp;&nbsp;<\/em><\/strong><\/a><\/p>\n\n\n\n<p class=\"wp-block-paragraph\"><strong><em>E-mail&nbsp;: <\/em><\/strong><a href=\"mailto:maciteinfo@gmail.com\"><strong><em>maciteinfo@gmail.com<\/em><\/strong><\/a><strong><em>; <\/em><\/strong><a href=\"mailto:bawela1@gmail.com\"><strong><em>bawela1@gmail.com<\/em><\/strong><\/a><strong><em><\/em><\/strong><\/p>\n\n\n\n<p class=\"wp-block-paragraph\"><strong><em>Pour vos annonces, (publi)reportages, etc., joignez-nous au (00228)91515309\/<strong>79872224 <\/strong>www.macite.tg, L\u2019information, la bonne&nbsp;!<\/em><\/strong><\/p>\n","protected":false},"excerpt":{"rendered":"<p class=\"text-justify mb-2\" >Comme de coutume, en chaque fin d\u2019ann\u00e9e, le Pr\u00e9sident de la R\u00e9publique fait parler sa sensibilit\u00e9 et son c\u0153ur. A l\u2019occasion des f\u00eates de fin d\u2019ann\u00e9e, le Pr\u00e9sident de la R\u00e9publique, Faure Essozimna Gnassingb\u00e9, a officiellement accord\u00e9 la gr\u00e2ce pr\u00e9sidentielle \u00e0 1064 d\u00e9tenus en fin [&hellip;]<\/p>\n","protected":false},"author":2,"featured_media":18893,"comment_status":"open","ping_status":"open","sticky":false,"template":"","format":"standard","meta":{"footnotes":""},"categories":[20,26],"tags":[],"class_list":["post-18989","post","type-post","status-publish","format-standard","has-post-thumbnail","hentry","category-actualite","category-justice"],"yoast_head":"<!-- This site is optimized with the Yoast SEO plugin v28.4 - https:\/\/yoast.com\/product\/yoast-seo-wordpress\/ -->\n<title>GRACE PRESIDENTIELLE : Quelque 1064 d\u00e9tenus recouvrent leur libert\u00e9 -<\/title>\n<meta name=\"robots\" content=\"index, follow, max-snippet:-1, max-image-preview:large, max-video-preview:-1\" \/>\n<link rel=\"canonical\" href=\"https:\/\/macite.tg\/?p=18989\" \/>\n<meta property=\"og:locale\" content=\"fr_FR\" \/>\n<meta property=\"og:type\" content=\"article\" \/>\n<meta property=\"og:title\" content=\"GRACE PRESIDENTIELLE : Quelque 1064 d\u00e9tenus recouvrent leur libert\u00e9 -\" \/>\n<meta property=\"og:description\" content=\"Comme de coutume, en chaque fin d\u2019ann\u00e9e, le Pr\u00e9sident de la R\u00e9publique fait parler sa sensibilit\u00e9 et son c\u0153ur. A l\u2019occasion des f\u00eates de fin d\u2019ann\u00e9e, le Pr\u00e9sident de la R\u00e9publique, Faure Essozimna Gnassingb\u00e9, a officiellement accord\u00e9 la gr\u00e2ce pr\u00e9sidentielle \u00e0 1064 d\u00e9tenus en fin [&hellip;]\" \/>\n<meta property=\"og:url\" content=\"https:\/\/macite.tg\/?p=18989\" \/>\n<meta property=\"article:published_time\" content=\"2024-12-31T12:32:04+00:00\" \/>\n<meta property=\"article:modified_time\" content=\"2024-12-31T12:32:17+00:00\" \/>\n<meta property=\"og:image\" content=\"https:\/\/macite.tg\/wp-content\/uploads\/2024\/12\/FEG.jpg\" \/>\n\t<meta property=\"og:image:width\" content=\"500\" \/>\n\t<meta property=\"og:image:height\" content=\"360\" \/>\n\t<meta property=\"og:image:type\" content=\"image\/jpeg\" \/>\n<meta name=\"author\" content=\"Jean Pierre BAWELA\" \/>\n<meta name=\"twitter:card\" content=\"summary_large_image\" \/>\n<meta name=\"twitter:label1\" content=\"\u00c9crit par\" \/>\n\t<meta name=\"twitter:data1\" content=\"Jean Pierre BAWELA\" \/>\n\t<meta name=\"twitter:label2\" content=\"Dur\u00e9e de lecture estim\u00e9e\" \/>\n\t<meta name=\"twitter:data2\" content=\"1 minute\" \/>\n<script type=\"application\/ld+json\" class=\"yoast-schema-graph\">{\"@context\":\"https:\\\/\\\/schema.org\",\"@graph\":[{\"@type\":\"Article\",\"@id\":\"https:\\\/\\\/macite.tg\\\/?p=18989#article\",\"isPartOf\":{\"@id\":\"https:\\\/\\\/macite.tg\\\/?p=18989\"},\"author\":{\"name\":\"Jean Pierre BAWELA\",\"@id\":\"https:\\\/\\\/macite.tg\\\/#\\\/schema\\\/person\\\/e9f2de7e5dbbe7770a9402c7ce82f5c2\"},\"headline\":\"GRACE PRESIDENTIELLE : Quelque 1064 d\u00e9tenus recouvrent leur libert\u00e9\",\"datePublished\":\"2024-12-31T12:32:04+00:00\",\"dateModified\":\"2024-12-31T12:32:17+00:00\",\"mainEntityOfPage\":{\"@id\":\"https:\\\/\\\/macite.tg\\\/?p=18989\"},\"wordCount\":219,\"commentCount\":0,\"image\":{\"@id\":\"https:\\\/\\\/macite.tg\\\/?p=18989#primaryimage\"},\"thumbnailUrl\":\"https:\\\/\\\/macite.tg\\\/wp-content\\\/uploads\\\/2024\\\/12\\\/FEG.jpg\",\"articleSection\":[\"ACTUALITE\",\"JUSTICE\"],\"inLanguage\":\"fr-FR\",\"potentialAction\":[{\"@type\":\"CommentAction\",\"name\":\"Comment\",\"target\":[\"https:\\\/\\\/macite.tg\\\/?p=18989#respond\"]}]},{\"@type\":\"WebPage\",\"@id\":\"https:\\\/\\\/macite.tg\\\/?p=18989\",\"url\":\"https:\\\/\\\/macite.tg\\\/?p=18989\",\"name\":\"GRACE PRESIDENTIELLE : Quelque 1064 d\u00e9tenus recouvrent leur libert\u00e9 -\",\"isPartOf\":{\"@id\":\"https:\\\/\\\/macite.tg\\\/#website\"},\"primaryImageOfPage\":{\"@id\":\"https:\\\/\\\/macite.tg\\\/?p=18989#primaryimage\"},\"image\":{\"@id\":\"https:\\\/\\\/macite.tg\\\/?p=18989#primaryimage\"},\"thumbnailUrl\":\"https:\\\/\\\/macite.tg\\\/wp-content\\\/uploads\\\/2024\\\/12\\\/FEG.jpg\",\"datePublished\":\"2024-12-31T12:32:04+00:00\",\"dateModified\":\"2024-12-31T12:32:17+00:00\",\"author\":{\"@id\":\"https:\\\/\\\/macite.tg\\\/#\\\/schema\\\/person\\\/e9f2de7e5dbbe7770a9402c7ce82f5c2\"},\"breadcrumb\":{\"@id\":\"https:\\\/\\\/macite.tg\\\/?p=18989#breadcrumb\"},\"inLanguage\":\"fr-FR\",\"potentialAction\":[{\"@type\":\"ReadAction\",\"target\":[\"https:\\\/\\\/macite.tg\\\/?p=18989\"]}]},{\"@type\":\"ImageObject\",\"inLanguage\":\"fr-FR\",\"@id\":\"https:\\\/\\\/macite.tg\\\/?p=18989#primaryimage\",\"url\":\"https:\\\/\\\/macite.tg\\\/wp-content\\\/uploads\\\/2024\\\/12\\\/FEG.jpg\",\"contentUrl\":\"https:\\\/\\\/macite.tg\\\/wp-content\\\/uploads\\\/2024\\\/12\\\/FEG.jpg\",\"width\":500,\"height\":360,\"caption\":\"Le Pr\u00e9sident Faure Gnassingb\u00e9\"},{\"@type\":\"BreadcrumbList\",\"@id\":\"https:\\\/\\\/macite.tg\\\/?p=18989#breadcrumb\",\"itemListElement\":[{\"@type\":\"ListItem\",\"position\":1,\"name\":\"Accueil\",\"item\":\"https:\\\/\\\/macite.tg\\\/\"},{\"@type\":\"ListItem\",\"position\":2,\"name\":\"GRACE PRESIDENTIELLE : Quelque 1064 d\u00e9tenus recouvrent leur libert\u00e9\"}]},{\"@type\":\"WebSite\",\"@id\":\"https:\\\/\\\/macite.tg\\\/#website\",\"url\":\"https:\\\/\\\/macite.tg\\\/\",\"name\":\"\",\"description\":\"L&#039;information, la bonne!!!\",\"potentialAction\":[{\"@type\":\"SearchAction\",\"target\":{\"@type\":\"EntryPoint\",\"urlTemplate\":\"https:\\\/\\\/macite.tg\\\/?s={search_term_string}\"},\"query-input\":{\"@type\":\"PropertyValueSpecification\",\"valueRequired\":true,\"valueName\":\"search_term_string\"}}],\"inLanguage\":\"fr-FR\"},{\"@type\":\"Person\",\"@id\":\"https:\\\/\\\/macite.tg\\\/#\\\/schema\\\/person\\\/e9f2de7e5dbbe7770a9402c7ce82f5c2\",\"name\":\"Jean Pierre BAWELA\",\"image\":{\"@type\":\"ImageObject\",\"inLanguage\":\"fr-FR\",\"@id\":\"https:\\\/\\\/macite.tg\\\/wp-content\\\/uploads\\\/2023\\\/09\\\/WhatsApp-Image-2023-09-19-at-14.44.41-122x122.jpeg\",\"url\":\"https:\\\/\\\/macite.tg\\\/wp-content\\\/uploads\\\/2023\\\/09\\\/WhatsApp-Image-2023-09-19-at-14.44.41-122x122.jpeg\",\"contentUrl\":\"https:\\\/\\\/macite.tg\\\/wp-content\\\/uploads\\\/2023\\\/09\\\/WhatsApp-Image-2023-09-19-at-14.44.41-122x122.jpeg\",\"caption\":\"Jean Pierre BAWELA\"},\"url\":\"https:\\\/\\\/macite.tg\\\/?author=2\"}]}<\/script>\n<!-- \/ Yoast SEO plugin. -->","yoast_head_json":{"title":"GRACE PRESIDENTIELLE : Quelque 1064 d\u00e9tenus recouvrent leur libert\u00e9 -","robots":{"index":"index","follow":"follow","max-snippet":"max-snippet:-1","max-image-preview":"max-image-preview:large","max-video-preview":"max-video-preview:-1"},"canonical":"https:\/\/macite.tg\/?p=18989","og_locale":"fr_FR","og_type":"article","og_title":"GRACE PRESIDENTIELLE : Quelque 1064 d\u00e9tenus recouvrent leur libert\u00e9 -","og_description":"Comme de coutume, en chaque fin d\u2019ann\u00e9e, le Pr\u00e9sident de la R\u00e9publique fait parler sa sensibilit\u00e9 et son c\u0153ur. A l\u2019occasion des f\u00eates de fin d\u2019ann\u00e9e, le Pr\u00e9sident de la R\u00e9publique, Faure Essozimna Gnassingb\u00e9, a officiellement accord\u00e9 la gr\u00e2ce pr\u00e9sidentielle \u00e0 1064 d\u00e9tenus en fin [&hellip;]","og_url":"https:\/\/macite.tg\/?p=18989","article_published_time":"2024-12-31T12:32:04+00:00","article_modified_time":"2024-12-31T12:32:17+00:00","og_image":[{"width":500,"height":360,"url":"https:\/\/macite.tg\/wp-content\/uploads\/2024\/12\/FEG.jpg","type":"image\/jpeg"}],"author":"Jean Pierre BAWELA","twitter_card":"summary_large_image","twitter_misc":{"\u00c9crit par":"Jean Pierre BAWELA","Dur\u00e9e de lecture estim\u00e9e":"1 minute"},"schema":{"@context":"https:\/\/schema.org","@graph":[{"@type":"Article","@id":"https:\/\/macite.tg\/?p=18989#article","isPartOf":{"@id":"https:\/\/macite.tg\/?p=18989"},"author":{"name":"Jean Pierre BAWELA","@id":"https:\/\/macite.tg\/#\/schema\/person\/e9f2de7e5dbbe7770a9402c7ce82f5c2"},"headline":"GRACE PRESIDENTIELLE : Quelque 1064 d\u00e9tenus recouvrent leur libert\u00e9","datePublished":"2024-12-31T12:32:04+00:00","dateModified":"2024-12-31T12:32:17+00:00","mainEntityOfPage":{"@id":"https:\/\/macite.tg\/?p=18989"},"wordCount":219,"commentCount":0,"image":{"@id":"https:\/\/macite.tg\/?p=18989#primaryimage"},"thumbnailUrl":"https:\/\/macite.tg\/wp-content\/uploads\/2024\/12\/FEG.jpg","articleSection":["ACTUALITE","JUSTICE"],"inLanguage":"fr-FR","potentialAction":[{"@type":"CommentAction","name":"Comment","target":["https:\/\/macite.tg\/?p=18989#respond"]}]},{"@type":"WebPage","@id":"https:\/\/macite.tg\/?p=18989","url":"https:\/\/macite.tg\/?p=18989","name":"GRACE PRESIDENTIELLE : Quelque 1064 d\u00e9tenus recouvrent leur libert\u00e9 -","isPartOf":{"@id":"https:\/\/macite.tg\/#website"},"primaryImageOfPage":{"@id":"https:\/\/macite.tg\/?p=18989#primaryimage"},"image":{"@id":"https:\/\/macite.tg\/?p=18989#primaryimage"},"thumbnailUrl":"https:\/\/macite.tg\/wp-content\/uploads\/2024\/12\/FEG.jpg","datePublished":"2024-12-31T12:32:04+00:00","dateModified":"2024-12-31T12:32:17+00:00","author":{"@id":"https:\/\/macite.tg\/#\/schema\/person\/e9f2de7e5dbbe7770a9402c7ce82f5c2"},"breadcrumb":{"@id":"https:\/\/macite.tg\/?p=18989#breadcrumb"},"inLanguage":"fr-FR","potentialAction":[{"@type":"ReadAction","target":["https:\/\/macite.tg\/?p=18989"]}]},{"@type":"ImageObject","inLanguage":"fr-FR","@id":"https:\/\/macite.tg\/?p=18989#primaryimage","url":"https:\/\/macite.tg\/wp-content\/uploads\/2024\/12\/FEG.jpg","contentUrl":"https:\/\/macite.tg\/wp-content\/uploads\/2024\/12\/FEG.jpg","width":500,"height":360,"caption":"Le Pr\u00e9sident Faure Gnassingb\u00e9"},{"@type":"BreadcrumbList","@id":"https:\/\/macite.tg\/?p=18989#breadcrumb","itemListElement":[{"@type":"ListItem","position":1,"name":"Accueil","item":"https:\/\/macite.tg\/"},{"@type":"ListItem","position":2,"name":"GRACE PRESIDENTIELLE : Quelque 1064 d\u00e9tenus recouvrent leur libert\u00e9"}]},{"@type":"WebSite","@id":"https:\/\/macite.tg\/#website","url":"https:\/\/macite.tg\/","name":"","description":"L&#039;information, la bonne!!!","potentialAction":[{"@type":"SearchAction","target":{"@type":"EntryPoint","urlTemplate":"https:\/\/macite.tg\/?s={search_term_string}"},"query-input":{"@type":"PropertyValueSpecification","valueRequired":true,"valueName":"search_term_string"}}],"inLanguage":"fr-FR"},{"@type":"Person","@id":"https:\/\/macite.tg\/#\/schema\/person\/e9f2de7e5dbbe7770a9402c7ce82f5c2","name":"Jean Pierre BAWELA","image":{"@type":"ImageObject","inLanguage":"fr-FR","@id":"https:\/\/macite.tg\/wp-content\/uploads\/2023\/09\/WhatsApp-Image-2023-09-19-at-14.44.41-122x122.jpeg","url":"https:\/\/macite.tg\/wp-content\/uploads\/2023\/09\/WhatsApp-Image-2023-09-19-at-14.44.41-122x122.jpeg","contentUrl":"https:\/\/macite.tg\/wp-content\/uploads\/2023\/09\/WhatsApp-Image-2023-09-19-at-14.44.41-122x122.jpeg","caption":"Jean Pierre BAWELA"},"url":"https:\/\/macite.tg\/?author=2"}]}},"_links":{"self":[{"href":"https:\/\/macite.tg\/index.php?rest_route=\/wp\/v2\/posts\/18989","targetHints":{"allow":["GET"]}}],"collection":[{"href":"https:\/\/macite.tg\/index.php?rest_route=\/wp\/v2\/posts"}],"about":[{"href":"https:\/\/macite.tg\/index.php?rest_route=\/wp\/v2\/types\/post"}],"author":[{"embeddable":true,"href":"https:\/\/macite.tg\/index.php?rest_route=\/wp\/v2\/users\/2"}],"replies":[{"embeddable":true,"href":"https:\/\/macite.tg\/index.php?rest_route=%2Fwp%2Fv2%2Fcomments&post=18989"}],"version-history":[{"count":0,"href":"https:\/\/macite.tg\/index.php?rest_route=\/wp\/v2\/posts\/18989\/revisions"}],"wp:featuredmedia":[{"embeddable":true,"href":"https:\/\/macite.tg\/index.php?rest_route=\/wp\/v2\/media\/18893"}],"wp:attachment":[{"href":"https:\/\/macite.tg\/index.php?rest_route=%2Fwp%2Fv2%2Fmedia&parent=18989"}],"wp:term":[{"taxonomy":"category","embeddable":true,"href":"https:\/\/macite.tg\/index.php?rest_route=%2Fwp%2Fv2%2Fcategories&post=18989"},{"taxonomy":"post_tag","embeddable":true,"href":"https:\/\/macite.tg\/index.php?rest_route=%2Fwp%2Fv2%2Ftags&post=18989"}],"curies":[{"name":"wp","href":"https:\/\/api.w.org\/{rel}","templated":true}]}}