{"id":18970,"date":"2024-12-30T14:22:27","date_gmt":"2024-12-30T14:22:27","guid":{"rendered":"https:\/\/macite.tg\/?p=18970"},"modified":"2024-12-30T14:22:39","modified_gmt":"2024-12-30T14:22:39","slug":"presentation-de-voeux-au-chef-de-letat-voici-le-programme","status":"publish","type":"post","link":"https:\/\/macite.tg\/?p=18970","title":{"rendered":"PRESENTATION DE V\u0152UX AU CHEF DE L\u2019ETAT : Voici le programme\u2026"},"content":{"rendered":"\n<p class=\"wp-block-paragraph\"><strong><em>C\u2019est ce lundi 30 d\u00e9cembre qu\u2019a eu lieu, le c\u00e9r\u00e9monial de pr\u00e9sentation des v\u0153ux au Chef de l\u2019Etat, Faure Gnassingb\u00e9. La c\u00e9r\u00e9monie s\u2019est d\u00e9roul\u00e9e \u00e0 partir de 7h, au nouveau palais de la Pr\u00e9sidence de la R\u00e9publique, selon l\u2019ordre de passage suivant\u00a0:<\/em><\/strong><\/p>\n\n\n\n<p class=\"wp-block-paragraph\"><strong>Premi\u00e8re vague&nbsp;: mise en place termin\u00e9e \u00e0 6h30<\/strong><\/p>\n\n\n\n<ol class=\"wp-block-list\" type=\"1\" start=\"1\">\n<li>Les Pr\u00e9sidents des Institutions de la R\u00e9publique<\/li>\n\n\n\n<li>Les d\u00e9l\u00e9gations des Institutions de la R\u00e9publique<\/li>\n\n\n\n<li>Les d\u00e9l\u00e9gations des confessions religieuses \/ chefferie traditionnelle&nbsp;<\/li>\n\n\n\n<li>La d\u00e9l\u00e9gation de l\u2019administration g\u00e9n\u00e9rale&nbsp;<\/li>\n<\/ol>\n\n\n<div class=\"wp-block-image\">\n<figure class=\"aligncenter size-full\"><img loading=\"lazy\" decoding=\"async\" width=\"500\" height=\"500\" src=\"https:\/\/macite.tg\/wp-content\/uploads\/2024\/12\/OTR_Noel-1.jpg\" alt=\"\" class=\"wp-image-18948\" srcset=\"https:\/\/macite.tg\/wp-content\/uploads\/2024\/12\/OTR_Noel-1.jpg 500w, https:\/\/macite.tg\/wp-content\/uploads\/2024\/12\/OTR_Noel-1-300x300.jpg 300w, https:\/\/macite.tg\/wp-content\/uploads\/2024\/12\/OTR_Noel-1-150x150.jpg 150w, https:\/\/macite.tg\/wp-content\/uploads\/2024\/12\/OTR_Noel-1-122x122.jpg 122w\" sizes=\"auto, (max-width: 500px) 100vw, 500px\" \/><\/figure>\n<\/div>\n\n\n<p class=\"wp-block-paragraph\"><strong>Deuxi\u00e8me vague&nbsp;: mise en place termin\u00e9e \u00e0 8h30<\/strong><\/p>\n\n\n\n<ol class=\"wp-block-list\" type=\"1\" start=\"1\">\n<li>La d\u00e9l\u00e9gation du secteur priv\u00e9 et des artisans&nbsp;<\/li>\n\n\n\n<li>La d\u00e9l\u00e9gation des ordres professionnels&nbsp;<\/li>\n\n\n\n<li>La d\u00e9l\u00e9gation des artistes et acteurs culturels&nbsp;<\/li>\n\n\n\n<li>La d\u00e9l\u00e9gation des centrales syndicales&nbsp;<\/li>\n\n\n\n<li>La d\u00e9l\u00e9gation des organisations de la soci\u00e9t\u00e9 civile&nbsp;<\/li>\n\n\n\n<li>La d\u00e9l\u00e9gation de la presse&nbsp;<\/li>\n<\/ol>\n\n\n\n<p class=\"wp-block-paragraph\"><a><strong><em>@macite.tg&nbsp;&nbsp;&nbsp;&nbsp;&nbsp;&nbsp;&nbsp;&nbsp;<\/em><\/strong><\/a><\/p>\n\n\n\n<p class=\"wp-block-paragraph\"><strong><em>E-mail&nbsp;: <\/em><\/strong><a href=\"mailto:maciteinfo@gmail.com\"><strong><em>maciteinfo@gmail.com<\/em><\/strong><\/a><strong><em>; <\/em><\/strong><a href=\"mailto:bawela1@gmail.com\"><strong><em>bawela1@gmail.com<\/em><\/strong><\/a><strong><em><\/em><\/strong><\/p>\n\n\n\n<p class=\"wp-block-paragraph\"><strong><em>Pour vos annonces, (publi)reportages, etc., joignez-nous au (00228)91515309\/<strong>79872224 <\/strong>www.macite.tg, L\u2019information, la bonne&nbsp;!<\/em><\/strong><\/p>\n","protected":false},"excerpt":{"rendered":"<p class=\"text-justify mb-2\" >C\u2019est ce lundi 30 d\u00e9cembre qu\u2019a eu lieu, le c\u00e9r\u00e9monial de pr\u00e9sentation des v\u0153ux au Chef de l\u2019Etat, Faure Gnassingb\u00e9. La c\u00e9r\u00e9monie s\u2019est d\u00e9roul\u00e9e \u00e0 partir de 7h, au nouveau palais de la Pr\u00e9sidence de la R\u00e9publique, selon l\u2019ordre de passage suivant\u00a0: Premi\u00e8re vague&nbsp;: mise [&hellip;]<\/p>\n","protected":false},"author":2,"featured_media":18974,"comment_status":"open","ping_status":"open","sticky":false,"template":"","format":"standard","meta":{"footnotes":""},"categories":[20,1],"tags":[],"class_list":["post-18970","post","type-post","status-publish","format-standard","has-post-thumbnail","hentry","category-actualite","category-politique"],"yoast_head":"<!-- This site is optimized with the Yoast SEO plugin v28.4 - https:\/\/yoast.com\/product\/yoast-seo-wordpress\/ -->\n<title>PRESENTATION DE V\u0152UX AU CHEF DE L\u2019ETAT : Voici le programme\u2026 -<\/title>\n<meta name=\"robots\" content=\"index, follow, max-snippet:-1, max-image-preview:large, max-video-preview:-1\" \/>\n<link rel=\"canonical\" href=\"https:\/\/macite.tg\/?p=18970\" \/>\n<meta property=\"og:locale\" content=\"fr_FR\" \/>\n<meta property=\"og:type\" content=\"article\" \/>\n<meta property=\"og:title\" content=\"PRESENTATION DE V\u0152UX AU CHEF DE L\u2019ETAT : Voici le programme\u2026 -\" \/>\n<meta property=\"og:description\" content=\"C\u2019est ce lundi 30 d\u00e9cembre qu\u2019a eu lieu, le c\u00e9r\u00e9monial de pr\u00e9sentation des v\u0153ux au Chef de l\u2019Etat, Faure Gnassingb\u00e9. La c\u00e9r\u00e9monie s\u2019est d\u00e9roul\u00e9e \u00e0 partir de 7h, au nouveau palais de la Pr\u00e9sidence de la R\u00e9publique, selon l\u2019ordre de passage suivant\u00a0: Premi\u00e8re vague&nbsp;: mise [&hellip;]\" \/>\n<meta property=\"og:url\" content=\"https:\/\/macite.tg\/?p=18970\" \/>\n<meta property=\"article:published_time\" content=\"2024-12-30T14:22:27+00:00\" \/>\n<meta property=\"article:modified_time\" content=\"2024-12-30T14:22:39+00:00\" \/>\n<meta property=\"og:image\" content=\"https:\/\/macite.tg\/wp-content\/uploads\/2024\/12\/FEG-PR.jpg\" \/>\n\t<meta property=\"og:image:width\" content=\"500\" \/>\n\t<meta property=\"og:image:height\" content=\"385\" \/>\n\t<meta property=\"og:image:type\" content=\"image\/jpeg\" \/>\n<meta name=\"author\" content=\"Jean Pierre BAWELA\" \/>\n<meta name=\"twitter:card\" content=\"summary_large_image\" \/>\n<meta name=\"twitter:label1\" content=\"\u00c9crit par\" \/>\n\t<meta name=\"twitter:data1\" content=\"Jean Pierre BAWELA\" \/>\n\t<meta name=\"twitter:label2\" content=\"Dur\u00e9e de lecture estim\u00e9e\" \/>\n\t<meta name=\"twitter:data2\" content=\"1 minute\" \/>\n<script type=\"application\/ld+json\" class=\"yoast-schema-graph\">{\"@context\":\"https:\\\/\\\/schema.org\",\"@graph\":[{\"@type\":\"Article\",\"@id\":\"https:\\\/\\\/macite.tg\\\/?p=18970#article\",\"isPartOf\":{\"@id\":\"https:\\\/\\\/macite.tg\\\/?p=18970\"},\"author\":{\"name\":\"Jean Pierre BAWELA\",\"@id\":\"https:\\\/\\\/macite.tg\\\/#\\\/schema\\\/person\\\/e9f2de7e5dbbe7770a9402c7ce82f5c2\"},\"headline\":\"PRESENTATION DE V\u0152UX AU CHEF DE L\u2019ETAT : Voici le programme\u2026\",\"datePublished\":\"2024-12-30T14:22:27+00:00\",\"dateModified\":\"2024-12-30T14:22:39+00:00\",\"mainEntityOfPage\":{\"@id\":\"https:\\\/\\\/macite.tg\\\/?p=18970\"},\"wordCount\":219,\"commentCount\":0,\"image\":{\"@id\":\"https:\\\/\\\/macite.tg\\\/?p=18970#primaryimage\"},\"thumbnailUrl\":\"https:\\\/\\\/macite.tg\\\/wp-content\\\/uploads\\\/2024\\\/12\\\/FEG-PR.jpg\",\"articleSection\":[\"ACTUALITE\",\"POLITIQUE\"],\"inLanguage\":\"fr-FR\",\"potentialAction\":[{\"@type\":\"CommentAction\",\"name\":\"Comment\",\"target\":[\"https:\\\/\\\/macite.tg\\\/?p=18970#respond\"]}]},{\"@type\":\"WebPage\",\"@id\":\"https:\\\/\\\/macite.tg\\\/?p=18970\",\"url\":\"https:\\\/\\\/macite.tg\\\/?p=18970\",\"name\":\"PRESENTATION DE V\u0152UX AU CHEF DE L\u2019ETAT : Voici le programme\u2026 -\",\"isPartOf\":{\"@id\":\"https:\\\/\\\/macite.tg\\\/#website\"},\"primaryImageOfPage\":{\"@id\":\"https:\\\/\\\/macite.tg\\\/?p=18970#primaryimage\"},\"image\":{\"@id\":\"https:\\\/\\\/macite.tg\\\/?p=18970#primaryimage\"},\"thumbnailUrl\":\"https:\\\/\\\/macite.tg\\\/wp-content\\\/uploads\\\/2024\\\/12\\\/FEG-PR.jpg\",\"datePublished\":\"2024-12-30T14:22:27+00:00\",\"dateModified\":\"2024-12-30T14:22:39+00:00\",\"author\":{\"@id\":\"https:\\\/\\\/macite.tg\\\/#\\\/schema\\\/person\\\/e9f2de7e5dbbe7770a9402c7ce82f5c2\"},\"breadcrumb\":{\"@id\":\"https:\\\/\\\/macite.tg\\\/?p=18970#breadcrumb\"},\"inLanguage\":\"fr-FR\",\"potentialAction\":[{\"@type\":\"ReadAction\",\"target\":[\"https:\\\/\\\/macite.tg\\\/?p=18970\"]}]},{\"@type\":\"ImageObject\",\"inLanguage\":\"fr-FR\",\"@id\":\"https:\\\/\\\/macite.tg\\\/?p=18970#primaryimage\",\"url\":\"https:\\\/\\\/macite.tg\\\/wp-content\\\/uploads\\\/2024\\\/12\\\/FEG-PR.jpg\",\"contentUrl\":\"https:\\\/\\\/macite.tg\\\/wp-content\\\/uploads\\\/2024\\\/12\\\/FEG-PR.jpg\",\"width\":500,\"height\":385},{\"@type\":\"BreadcrumbList\",\"@id\":\"https:\\\/\\\/macite.tg\\\/?p=18970#breadcrumb\",\"itemListElement\":[{\"@type\":\"ListItem\",\"position\":1,\"name\":\"Accueil\",\"item\":\"https:\\\/\\\/macite.tg\\\/\"},{\"@type\":\"ListItem\",\"position\":2,\"name\":\"PRESENTATION DE V\u0152UX AU CHEF DE L\u2019ETAT : Voici le programme\u2026\"}]},{\"@type\":\"WebSite\",\"@id\":\"https:\\\/\\\/macite.tg\\\/#website\",\"url\":\"https:\\\/\\\/macite.tg\\\/\",\"name\":\"\",\"description\":\"L&#039;information, la bonne!!!\",\"potentialAction\":[{\"@type\":\"SearchAction\",\"target\":{\"@type\":\"EntryPoint\",\"urlTemplate\":\"https:\\\/\\\/macite.tg\\\/?s={search_term_string}\"},\"query-input\":{\"@type\":\"PropertyValueSpecification\",\"valueRequired\":true,\"valueName\":\"search_term_string\"}}],\"inLanguage\":\"fr-FR\"},{\"@type\":\"Person\",\"@id\":\"https:\\\/\\\/macite.tg\\\/#\\\/schema\\\/person\\\/e9f2de7e5dbbe7770a9402c7ce82f5c2\",\"name\":\"Jean Pierre BAWELA\",\"image\":{\"@type\":\"ImageObject\",\"inLanguage\":\"fr-FR\",\"@id\":\"https:\\\/\\\/macite.tg\\\/wp-content\\\/uploads\\\/2023\\\/09\\\/WhatsApp-Image-2023-09-19-at-14.44.41-122x122.jpeg\",\"url\":\"https:\\\/\\\/macite.tg\\\/wp-content\\\/uploads\\\/2023\\\/09\\\/WhatsApp-Image-2023-09-19-at-14.44.41-122x122.jpeg\",\"contentUrl\":\"https:\\\/\\\/macite.tg\\\/wp-content\\\/uploads\\\/2023\\\/09\\\/WhatsApp-Image-2023-09-19-at-14.44.41-122x122.jpeg\",\"caption\":\"Jean Pierre BAWELA\"},\"url\":\"https:\\\/\\\/macite.tg\\\/?author=2\"}]}<\/script>\n<!-- \/ Yoast SEO plugin. -->","yoast_head_json":{"title":"PRESENTATION DE V\u0152UX AU CHEF DE L\u2019ETAT : Voici le programme\u2026 -","robots":{"index":"index","follow":"follow","max-snippet":"max-snippet:-1","max-image-preview":"max-image-preview:large","max-video-preview":"max-video-preview:-1"},"canonical":"https:\/\/macite.tg\/?p=18970","og_locale":"fr_FR","og_type":"article","og_title":"PRESENTATION DE V\u0152UX AU CHEF DE L\u2019ETAT : Voici le programme\u2026 -","og_description":"C\u2019est ce lundi 30 d\u00e9cembre qu\u2019a eu lieu, le c\u00e9r\u00e9monial de pr\u00e9sentation des v\u0153ux au Chef de l\u2019Etat, Faure Gnassingb\u00e9. La c\u00e9r\u00e9monie s\u2019est d\u00e9roul\u00e9e \u00e0 partir de 7h, au nouveau palais de la Pr\u00e9sidence de la R\u00e9publique, selon l\u2019ordre de passage suivant\u00a0: Premi\u00e8re vague&nbsp;: mise [&hellip;]","og_url":"https:\/\/macite.tg\/?p=18970","article_published_time":"2024-12-30T14:22:27+00:00","article_modified_time":"2024-12-30T14:22:39+00:00","og_image":[{"width":500,"height":385,"url":"https:\/\/macite.tg\/wp-content\/uploads\/2024\/12\/FEG-PR.jpg","type":"image\/jpeg"}],"author":"Jean Pierre BAWELA","twitter_card":"summary_large_image","twitter_misc":{"\u00c9crit par":"Jean Pierre BAWELA","Dur\u00e9e de lecture estim\u00e9e":"1 minute"},"schema":{"@context":"https:\/\/schema.org","@graph":[{"@type":"Article","@id":"https:\/\/macite.tg\/?p=18970#article","isPartOf":{"@id":"https:\/\/macite.tg\/?p=18970"},"author":{"name":"Jean Pierre BAWELA","@id":"https:\/\/macite.tg\/#\/schema\/person\/e9f2de7e5dbbe7770a9402c7ce82f5c2"},"headline":"PRESENTATION DE V\u0152UX AU CHEF DE L\u2019ETAT : Voici le programme\u2026","datePublished":"2024-12-30T14:22:27+00:00","dateModified":"2024-12-30T14:22:39+00:00","mainEntityOfPage":{"@id":"https:\/\/macite.tg\/?p=18970"},"wordCount":219,"commentCount":0,"image":{"@id":"https:\/\/macite.tg\/?p=18970#primaryimage"},"thumbnailUrl":"https:\/\/macite.tg\/wp-content\/uploads\/2024\/12\/FEG-PR.jpg","articleSection":["ACTUALITE","POLITIQUE"],"inLanguage":"fr-FR","potentialAction":[{"@type":"CommentAction","name":"Comment","target":["https:\/\/macite.tg\/?p=18970#respond"]}]},{"@type":"WebPage","@id":"https:\/\/macite.tg\/?p=18970","url":"https:\/\/macite.tg\/?p=18970","name":"PRESENTATION DE V\u0152UX AU CHEF DE L\u2019ETAT : Voici le programme\u2026 -","isPartOf":{"@id":"https:\/\/macite.tg\/#website"},"primaryImageOfPage":{"@id":"https:\/\/macite.tg\/?p=18970#primaryimage"},"image":{"@id":"https:\/\/macite.tg\/?p=18970#primaryimage"},"thumbnailUrl":"https:\/\/macite.tg\/wp-content\/uploads\/2024\/12\/FEG-PR.jpg","datePublished":"2024-12-30T14:22:27+00:00","dateModified":"2024-12-30T14:22:39+00:00","author":{"@id":"https:\/\/macite.tg\/#\/schema\/person\/e9f2de7e5dbbe7770a9402c7ce82f5c2"},"breadcrumb":{"@id":"https:\/\/macite.tg\/?p=18970#breadcrumb"},"inLanguage":"fr-FR","potentialAction":[{"@type":"ReadAction","target":["https:\/\/macite.tg\/?p=18970"]}]},{"@type":"ImageObject","inLanguage":"fr-FR","@id":"https:\/\/macite.tg\/?p=18970#primaryimage","url":"https:\/\/macite.tg\/wp-content\/uploads\/2024\/12\/FEG-PR.jpg","contentUrl":"https:\/\/macite.tg\/wp-content\/uploads\/2024\/12\/FEG-PR.jpg","width":500,"height":385},{"@type":"BreadcrumbList","@id":"https:\/\/macite.tg\/?p=18970#breadcrumb","itemListElement":[{"@type":"ListItem","position":1,"name":"Accueil","item":"https:\/\/macite.tg\/"},{"@type":"ListItem","position":2,"name":"PRESENTATION DE V\u0152UX AU CHEF DE L\u2019ETAT : Voici le programme\u2026"}]},{"@type":"WebSite","@id":"https:\/\/macite.tg\/#website","url":"https:\/\/macite.tg\/","name":"","description":"L&#039;information, la bonne!!!","potentialAction":[{"@type":"SearchAction","target":{"@type":"EntryPoint","urlTemplate":"https:\/\/macite.tg\/?s={search_term_string}"},"query-input":{"@type":"PropertyValueSpecification","valueRequired":true,"valueName":"search_term_string"}}],"inLanguage":"fr-FR"},{"@type":"Person","@id":"https:\/\/macite.tg\/#\/schema\/person\/e9f2de7e5dbbe7770a9402c7ce82f5c2","name":"Jean Pierre BAWELA","image":{"@type":"ImageObject","inLanguage":"fr-FR","@id":"https:\/\/macite.tg\/wp-content\/uploads\/2023\/09\/WhatsApp-Image-2023-09-19-at-14.44.41-122x122.jpeg","url":"https:\/\/macite.tg\/wp-content\/uploads\/2023\/09\/WhatsApp-Image-2023-09-19-at-14.44.41-122x122.jpeg","contentUrl":"https:\/\/macite.tg\/wp-content\/uploads\/2023\/09\/WhatsApp-Image-2023-09-19-at-14.44.41-122x122.jpeg","caption":"Jean Pierre BAWELA"},"url":"https:\/\/macite.tg\/?author=2"}]}},"_links":{"self":[{"href":"https:\/\/macite.tg\/index.php?rest_route=\/wp\/v2\/posts\/18970","targetHints":{"allow":["GET"]}}],"collection":[{"href":"https:\/\/macite.tg\/index.php?rest_route=\/wp\/v2\/posts"}],"about":[{"href":"https:\/\/macite.tg\/index.php?rest_route=\/wp\/v2\/types\/post"}],"author":[{"embeddable":true,"href":"https:\/\/macite.tg\/index.php?rest_route=\/wp\/v2\/users\/2"}],"replies":[{"embeddable":true,"href":"https:\/\/macite.tg\/index.php?rest_route=%2Fwp%2Fv2%2Fcomments&post=18970"}],"version-history":[{"count":0,"href":"https:\/\/macite.tg\/index.php?rest_route=\/wp\/v2\/posts\/18970\/revisions"}],"wp:featuredmedia":[{"embeddable":true,"href":"https:\/\/macite.tg\/index.php?rest_route=\/wp\/v2\/media\/18974"}],"wp:attachment":[{"href":"https:\/\/macite.tg\/index.php?rest_route=%2Fwp%2Fv2%2Fmedia&parent=18970"}],"wp:term":[{"taxonomy":"category","embeddable":true,"href":"https:\/\/macite.tg\/index.php?rest_route=%2Fwp%2Fv2%2Fcategories&post=18970"},{"taxonomy":"post_tag","embeddable":true,"href":"https:\/\/macite.tg\/index.php?rest_route=%2Fwp%2Fv2%2Ftags&post=18970"}],"curies":[{"name":"wp","href":"https:\/\/api.w.org\/{rel}","templated":true}]}}