{"id":18960,"date":"2024-12-30T13:55:01","date_gmt":"2024-12-30T13:55:01","guid":{"rendered":"https:\/\/macite.tg\/?p=18960"},"modified":"2024-12-30T13:55:18","modified_gmt":"2024-12-30T13:55:18","slug":"soutien-aux-fds-lengagement-patriotique-de-la-famal-aux-soldats-de-loperation-koundjoae","status":"publish","type":"post","link":"https:\/\/macite.tg\/?p=18960","title":{"rendered":"SOUTIEN AUX FDS\u00a0: L\u2019engagement patriotique de la FAMaL aux soldats de l\u2019op\u00e9ration Koundjoa\u00e9"},"content":{"rendered":"\n<p class=\"wp-block-paragraph\"><strong><em>La Fa\u00eeti\u00e8re des associations des march\u00e9s du Grand-Lom\u00e9 (FAMaL) a manifest\u00e9 ce samedi 28 d\u00e9cembre 2024 sa solidarit\u00e9 aux Forces de d\u00e9fense et s\u00e9curit\u00e9 de l&rsquo;op\u00e9ration Koundjoare, engag\u00e9es dans la lutte contre le terrorisme et l\u2019extr\u00e9misme violent. C\u2019est \u00e0 travers un don de vivres compos\u00e9, notamment du riz, du ma\u00efs et de l\u2019huile.<\/em><\/strong><\/p>\n\n\n\n<p class=\"wp-block-paragraph\">Elles ont voulu par cette d\u00e9marche exprimer leur soutien ind\u00e9fectible aux FDS pour leur sacrifice, leur professionnalisme et leur d\u00e9termination en vue de faire face aux menaces s\u00e9curitaires, et surtout, leur pr\u00e9cieuse contribution \u00e0 la promotion de la paix et de la stabilit\u00e9, conform\u00e9ment \u00e0 la vision du Pr\u00e9sident de la R\u00e9publique, Faure Essozimna Gnassingb\u00e9.<\/p>\n\n\n\n<p class=\"wp-block-paragraph\"><em>\u00ab Nos soldats sont ici pour notre paix. Nous allons les accompagner et les soutenir&nbsp;\u00bb<\/em><\/p>\n\n\n<div class=\"wp-block-image\">\n<figure class=\"aligncenter size-full\"><img loading=\"lazy\" decoding=\"async\" width=\"500\" height=\"500\" src=\"https:\/\/macite.tg\/wp-content\/uploads\/2024\/12\/OTR_Noel-1.jpg\" alt=\"\" class=\"wp-image-18948\" srcset=\"https:\/\/macite.tg\/wp-content\/uploads\/2024\/12\/OTR_Noel-1.jpg 500w, https:\/\/macite.tg\/wp-content\/uploads\/2024\/12\/OTR_Noel-1-300x300.jpg 300w, https:\/\/macite.tg\/wp-content\/uploads\/2024\/12\/OTR_Noel-1-150x150.jpg 150w, https:\/\/macite.tg\/wp-content\/uploads\/2024\/12\/OTR_Noel-1-122x122.jpg 122w\" sizes=\"auto, (max-width: 500px) 100vw, 500px\" \/><\/figure>\n<\/div>\n\n\n<p class=\"wp-block-paragraph\">Ce geste hautement patriotique traduit sans nul doute l\u2019amour pour la patrie des femmes togolaises et leur adh\u00e9sion manifeste \u00e0 la politique de paix et de s\u00e9curit\u00e9 du Pr\u00e9sident de la R\u00e9publique, Faure Essozimna Gnassingb\u00e9, chef des arm\u00e9es.<\/p>\n\n\n\n<p class=\"wp-block-paragraph\"><em>\u00ab&nbsp;Nous remercions le Pr\u00e9sident de la R\u00e9publique, chef des arm\u00e9es pour tout ce qu&rsquo;il est en train de faire pour la paix au Togo. Nous les femmes, sommes derri\u00e8re lui \u00bb,<\/em> ont-elles d\u00e9clar\u00e9.<\/p>\n\n\n\n<p class=\"wp-block-paragraph\">La d\u00e9l\u00e9gation a exprim\u00e9 sa gratitude au chef de l&rsquo;\u00c9tat pour sa r\u00e9cente visite aux troupes de l&rsquo;op\u00e9ration Koundjoare, pour les f\u00e9liciter, les encourager et leur donner de nouvelles orientations pour la r\u00e9ussite de leur mission.<\/p>\n\n\n\n<p class=\"wp-block-paragraph\">La Fa\u00eeti\u00e8re a salu\u00e9 les qualit\u00e9s d&rsquo;homme d&rsquo;\u00c9tat exemplaire du Pr\u00e9sident de la R\u00e9publique et invit\u00e9 les Togolais \u00e0 contribuer davantage \u00e0 ses c\u00f4t\u00e9s \u00e0 la consolidation des acquis de paix et de coh\u00e9sion nationale.<\/p>\n\n\n<div class=\"wp-block-image\">\n<figure class=\"aligncenter size-full\"><img loading=\"lazy\" decoding=\"async\" width=\"500\" height=\"500\" src=\"https:\/\/macite.tg\/wp-content\/uploads\/2024\/12\/OTR_-Page-TikTok.jpg\" alt=\"\" class=\"wp-image-18949\" srcset=\"https:\/\/macite.tg\/wp-content\/uploads\/2024\/12\/OTR_-Page-TikTok.jpg 500w, https:\/\/macite.tg\/wp-content\/uploads\/2024\/12\/OTR_-Page-TikTok-300x300.jpg 300w, https:\/\/macite.tg\/wp-content\/uploads\/2024\/12\/OTR_-Page-TikTok-150x150.jpg 150w, https:\/\/macite.tg\/wp-content\/uploads\/2024\/12\/OTR_-Page-TikTok-122x122.jpg 122w\" sizes=\"auto, (max-width: 500px) 100vw, 500px\" \/><\/figure>\n<\/div>\n\n\n<p class=\"wp-block-paragraph\">Pour rappel, la Fa\u00eeti\u00e8re des associations des march\u00e9s du Grand-Lom\u00e9 (FAMaL) est compos\u00e9e de membres issus de 52 march\u00e9s des pr\u00e9fectures du Golfe et d&rsquo;Ago\u00e8-Nyiv\u00e9.<\/p>\n\n\n\n<p class=\"wp-block-paragraph\"><strong>La R\u00e9daction<\/strong><\/p>\n\n\n\n<p class=\"wp-block-paragraph\"><a><strong><em>@macite.tg&nbsp;&nbsp;&nbsp;&nbsp;&nbsp;&nbsp;&nbsp;&nbsp;<\/em><\/strong><\/a><\/p>\n\n\n\n<p class=\"wp-block-paragraph\"><strong><em>E-mail&nbsp;: <\/em><\/strong><a href=\"mailto:maciteinfo@gmail.com\"><strong><em>maciteinfo@gmail.com<\/em><\/strong><\/a><strong><em>; <\/em><\/strong><a href=\"mailto:bawela1@gmail.com\"><strong><em>bawela1@gmail.com<\/em><\/strong><\/a><strong><em><\/em><\/strong><\/p>\n\n\n\n<p class=\"wp-block-paragraph\"><strong><em>Pour vos annonces, (publi)reportages, etc., joignez-nous au (00228)91515309\/<strong>79872224 <\/strong>www.macite.tg, L\u2019information, la bonne&nbsp;!<\/em><\/strong><\/p>\n","protected":false},"excerpt":{"rendered":"<p class=\"text-justify mb-2\" >La Fa\u00eeti\u00e8re des associations des march\u00e9s du Grand-Lom\u00e9 (FAMaL) a manifest\u00e9 ce samedi 28 d\u00e9cembre 2024 sa solidarit\u00e9 aux Forces de d\u00e9fense et s\u00e9curit\u00e9 de l&rsquo;op\u00e9ration Koundjoare, engag\u00e9es dans la lutte contre le terrorisme et l\u2019extr\u00e9misme violent. C\u2019est \u00e0 travers un don de vivres compos\u00e9, [&hellip;]<\/p>\n","protected":false},"author":2,"featured_media":18966,"comment_status":"open","ping_status":"open","sticky":false,"template":"","format":"standard","meta":{"footnotes":""},"categories":[20,6],"tags":[],"class_list":["post-18960","post","type-post","status-publish","format-standard","has-post-thumbnail","hentry","category-actualite","category-societe"],"yoast_head":"<!-- This site is optimized with the Yoast SEO plugin v28.4 - https:\/\/yoast.com\/product\/yoast-seo-wordpress\/ -->\n<title>SOUTIEN AUX FDS\u00a0: L\u2019engagement patriotique de la FAMaL aux soldats de l\u2019op\u00e9ration Koundjoa\u00e9 -<\/title>\n<meta name=\"robots\" content=\"index, follow, max-snippet:-1, max-image-preview:large, max-video-preview:-1\" \/>\n<link rel=\"canonical\" href=\"https:\/\/macite.tg\/?p=18960\" \/>\n<meta property=\"og:locale\" content=\"fr_FR\" \/>\n<meta property=\"og:type\" content=\"article\" \/>\n<meta property=\"og:title\" content=\"SOUTIEN AUX FDS\u00a0: L\u2019engagement patriotique de la FAMaL aux soldats de l\u2019op\u00e9ration Koundjoa\u00e9 -\" \/>\n<meta property=\"og:description\" content=\"La Fa\u00eeti\u00e8re des associations des march\u00e9s du Grand-Lom\u00e9 (FAMaL) a manifest\u00e9 ce samedi 28 d\u00e9cembre 2024 sa solidarit\u00e9 aux Forces de d\u00e9fense et s\u00e9curit\u00e9 de l&rsquo;op\u00e9ration Koundjoare, engag\u00e9es dans la lutte contre le terrorisme et l\u2019extr\u00e9misme violent. C\u2019est \u00e0 travers un don de vivres compos\u00e9, [&hellip;]\" \/>\n<meta property=\"og:url\" content=\"https:\/\/macite.tg\/?p=18960\" \/>\n<meta property=\"article:published_time\" content=\"2024-12-30T13:55:01+00:00\" \/>\n<meta property=\"article:modified_time\" content=\"2024-12-30T13:55:18+00:00\" \/>\n<meta property=\"og:image\" content=\"https:\/\/macite.tg\/wp-content\/uploads\/2024\/12\/FAMAL.jpg\" \/>\n\t<meta property=\"og:image:width\" content=\"500\" \/>\n\t<meta property=\"og:image:height\" content=\"370\" \/>\n\t<meta property=\"og:image:type\" content=\"image\/jpeg\" \/>\n<meta name=\"author\" content=\"Jean Pierre BAWELA\" \/>\n<meta name=\"twitter:card\" content=\"summary_large_image\" \/>\n<meta name=\"twitter:label1\" content=\"\u00c9crit par\" \/>\n\t<meta name=\"twitter:data1\" content=\"Jean Pierre BAWELA\" \/>\n\t<meta name=\"twitter:label2\" content=\"Dur\u00e9e de lecture estim\u00e9e\" \/>\n\t<meta name=\"twitter:data2\" content=\"2 minutes\" \/>\n<script type=\"application\/ld+json\" class=\"yoast-schema-graph\">{\"@context\":\"https:\\\/\\\/schema.org\",\"@graph\":[{\"@type\":\"Article\",\"@id\":\"https:\\\/\\\/macite.tg\\\/?p=18960#article\",\"isPartOf\":{\"@id\":\"https:\\\/\\\/macite.tg\\\/?p=18960\"},\"author\":{\"name\":\"Jean Pierre BAWELA\",\"@id\":\"https:\\\/\\\/macite.tg\\\/#\\\/schema\\\/person\\\/e9f2de7e5dbbe7770a9402c7ce82f5c2\"},\"headline\":\"SOUTIEN AUX FDS\u00a0: L\u2019engagement patriotique de la FAMaL aux soldats de l\u2019op\u00e9ration Koundjoa\u00e9\",\"datePublished\":\"2024-12-30T13:55:01+00:00\",\"dateModified\":\"2024-12-30T13:55:18+00:00\",\"mainEntityOfPage\":{\"@id\":\"https:\\\/\\\/macite.tg\\\/?p=18960\"},\"wordCount\":393,\"commentCount\":1,\"image\":{\"@id\":\"https:\\\/\\\/macite.tg\\\/?p=18960#primaryimage\"},\"thumbnailUrl\":\"https:\\\/\\\/macite.tg\\\/wp-content\\\/uploads\\\/2024\\\/12\\\/FAMAL.jpg\",\"articleSection\":[\"ACTUALITE\",\"SOCIETE\"],\"inLanguage\":\"fr-FR\",\"potentialAction\":[{\"@type\":\"CommentAction\",\"name\":\"Comment\",\"target\":[\"https:\\\/\\\/macite.tg\\\/?p=18960#respond\"]}]},{\"@type\":\"WebPage\",\"@id\":\"https:\\\/\\\/macite.tg\\\/?p=18960\",\"url\":\"https:\\\/\\\/macite.tg\\\/?p=18960\",\"name\":\"SOUTIEN AUX FDS\u00a0: L\u2019engagement patriotique de la FAMaL aux soldats de l\u2019op\u00e9ration Koundjoa\u00e9 -\",\"isPartOf\":{\"@id\":\"https:\\\/\\\/macite.tg\\\/#website\"},\"primaryImageOfPage\":{\"@id\":\"https:\\\/\\\/macite.tg\\\/?p=18960#primaryimage\"},\"image\":{\"@id\":\"https:\\\/\\\/macite.tg\\\/?p=18960#primaryimage\"},\"thumbnailUrl\":\"https:\\\/\\\/macite.tg\\\/wp-content\\\/uploads\\\/2024\\\/12\\\/FAMAL.jpg\",\"datePublished\":\"2024-12-30T13:55:01+00:00\",\"dateModified\":\"2024-12-30T13:55:18+00:00\",\"author\":{\"@id\":\"https:\\\/\\\/macite.tg\\\/#\\\/schema\\\/person\\\/e9f2de7e5dbbe7770a9402c7ce82f5c2\"},\"breadcrumb\":{\"@id\":\"https:\\\/\\\/macite.tg\\\/?p=18960#breadcrumb\"},\"inLanguage\":\"fr-FR\",\"potentialAction\":[{\"@type\":\"ReadAction\",\"target\":[\"https:\\\/\\\/macite.tg\\\/?p=18960\"]}]},{\"@type\":\"ImageObject\",\"inLanguage\":\"fr-FR\",\"@id\":\"https:\\\/\\\/macite.tg\\\/?p=18960#primaryimage\",\"url\":\"https:\\\/\\\/macite.tg\\\/wp-content\\\/uploads\\\/2024\\\/12\\\/FAMAL.jpg\",\"contentUrl\":\"https:\\\/\\\/macite.tg\\\/wp-content\\\/uploads\\\/2024\\\/12\\\/FAMAL.jpg\",\"width\":500,\"height\":370},{\"@type\":\"BreadcrumbList\",\"@id\":\"https:\\\/\\\/macite.tg\\\/?p=18960#breadcrumb\",\"itemListElement\":[{\"@type\":\"ListItem\",\"position\":1,\"name\":\"Accueil\",\"item\":\"https:\\\/\\\/macite.tg\\\/\"},{\"@type\":\"ListItem\",\"position\":2,\"name\":\"SOUTIEN AUX FDS\u00a0: L\u2019engagement patriotique de la FAMaL aux soldats de l\u2019op\u00e9ration Koundjoa\u00e9\"}]},{\"@type\":\"WebSite\",\"@id\":\"https:\\\/\\\/macite.tg\\\/#website\",\"url\":\"https:\\\/\\\/macite.tg\\\/\",\"name\":\"\",\"description\":\"L&#039;information, la bonne!!!\",\"potentialAction\":[{\"@type\":\"SearchAction\",\"target\":{\"@type\":\"EntryPoint\",\"urlTemplate\":\"https:\\\/\\\/macite.tg\\\/?s={search_term_string}\"},\"query-input\":{\"@type\":\"PropertyValueSpecification\",\"valueRequired\":true,\"valueName\":\"search_term_string\"}}],\"inLanguage\":\"fr-FR\"},{\"@type\":\"Person\",\"@id\":\"https:\\\/\\\/macite.tg\\\/#\\\/schema\\\/person\\\/e9f2de7e5dbbe7770a9402c7ce82f5c2\",\"name\":\"Jean Pierre BAWELA\",\"image\":{\"@type\":\"ImageObject\",\"inLanguage\":\"fr-FR\",\"@id\":\"https:\\\/\\\/macite.tg\\\/wp-content\\\/uploads\\\/2023\\\/09\\\/WhatsApp-Image-2023-09-19-at-14.44.41-122x122.jpeg\",\"url\":\"https:\\\/\\\/macite.tg\\\/wp-content\\\/uploads\\\/2023\\\/09\\\/WhatsApp-Image-2023-09-19-at-14.44.41-122x122.jpeg\",\"contentUrl\":\"https:\\\/\\\/macite.tg\\\/wp-content\\\/uploads\\\/2023\\\/09\\\/WhatsApp-Image-2023-09-19-at-14.44.41-122x122.jpeg\",\"caption\":\"Jean Pierre BAWELA\"},\"url\":\"https:\\\/\\\/macite.tg\\\/?author=2\"}]}<\/script>\n<!-- \/ Yoast SEO plugin. -->","yoast_head_json":{"title":"SOUTIEN AUX FDS\u00a0: L\u2019engagement patriotique de la FAMaL aux soldats de l\u2019op\u00e9ration Koundjoa\u00e9 -","robots":{"index":"index","follow":"follow","max-snippet":"max-snippet:-1","max-image-preview":"max-image-preview:large","max-video-preview":"max-video-preview:-1"},"canonical":"https:\/\/macite.tg\/?p=18960","og_locale":"fr_FR","og_type":"article","og_title":"SOUTIEN AUX FDS\u00a0: L\u2019engagement patriotique de la FAMaL aux soldats de l\u2019op\u00e9ration Koundjoa\u00e9 -","og_description":"La Fa\u00eeti\u00e8re des associations des march\u00e9s du Grand-Lom\u00e9 (FAMaL) a manifest\u00e9 ce samedi 28 d\u00e9cembre 2024 sa solidarit\u00e9 aux Forces de d\u00e9fense et s\u00e9curit\u00e9 de l&rsquo;op\u00e9ration Koundjoare, engag\u00e9es dans la lutte contre le terrorisme et l\u2019extr\u00e9misme violent. C\u2019est \u00e0 travers un don de vivres compos\u00e9, [&hellip;]","og_url":"https:\/\/macite.tg\/?p=18960","article_published_time":"2024-12-30T13:55:01+00:00","article_modified_time":"2024-12-30T13:55:18+00:00","og_image":[{"width":500,"height":370,"url":"https:\/\/macite.tg\/wp-content\/uploads\/2024\/12\/FAMAL.jpg","type":"image\/jpeg"}],"author":"Jean Pierre BAWELA","twitter_card":"summary_large_image","twitter_misc":{"\u00c9crit par":"Jean Pierre BAWELA","Dur\u00e9e de lecture estim\u00e9e":"2 minutes"},"schema":{"@context":"https:\/\/schema.org","@graph":[{"@type":"Article","@id":"https:\/\/macite.tg\/?p=18960#article","isPartOf":{"@id":"https:\/\/macite.tg\/?p=18960"},"author":{"name":"Jean Pierre BAWELA","@id":"https:\/\/macite.tg\/#\/schema\/person\/e9f2de7e5dbbe7770a9402c7ce82f5c2"},"headline":"SOUTIEN AUX FDS\u00a0: L\u2019engagement patriotique de la FAMaL aux soldats de l\u2019op\u00e9ration Koundjoa\u00e9","datePublished":"2024-12-30T13:55:01+00:00","dateModified":"2024-12-30T13:55:18+00:00","mainEntityOfPage":{"@id":"https:\/\/macite.tg\/?p=18960"},"wordCount":393,"commentCount":1,"image":{"@id":"https:\/\/macite.tg\/?p=18960#primaryimage"},"thumbnailUrl":"https:\/\/macite.tg\/wp-content\/uploads\/2024\/12\/FAMAL.jpg","articleSection":["ACTUALITE","SOCIETE"],"inLanguage":"fr-FR","potentialAction":[{"@type":"CommentAction","name":"Comment","target":["https:\/\/macite.tg\/?p=18960#respond"]}]},{"@type":"WebPage","@id":"https:\/\/macite.tg\/?p=18960","url":"https:\/\/macite.tg\/?p=18960","name":"SOUTIEN AUX FDS\u00a0: L\u2019engagement patriotique de la FAMaL aux soldats de l\u2019op\u00e9ration Koundjoa\u00e9 -","isPartOf":{"@id":"https:\/\/macite.tg\/#website"},"primaryImageOfPage":{"@id":"https:\/\/macite.tg\/?p=18960#primaryimage"},"image":{"@id":"https:\/\/macite.tg\/?p=18960#primaryimage"},"thumbnailUrl":"https:\/\/macite.tg\/wp-content\/uploads\/2024\/12\/FAMAL.jpg","datePublished":"2024-12-30T13:55:01+00:00","dateModified":"2024-12-30T13:55:18+00:00","author":{"@id":"https:\/\/macite.tg\/#\/schema\/person\/e9f2de7e5dbbe7770a9402c7ce82f5c2"},"breadcrumb":{"@id":"https:\/\/macite.tg\/?p=18960#breadcrumb"},"inLanguage":"fr-FR","potentialAction":[{"@type":"ReadAction","target":["https:\/\/macite.tg\/?p=18960"]}]},{"@type":"ImageObject","inLanguage":"fr-FR","@id":"https:\/\/macite.tg\/?p=18960#primaryimage","url":"https:\/\/macite.tg\/wp-content\/uploads\/2024\/12\/FAMAL.jpg","contentUrl":"https:\/\/macite.tg\/wp-content\/uploads\/2024\/12\/FAMAL.jpg","width":500,"height":370},{"@type":"BreadcrumbList","@id":"https:\/\/macite.tg\/?p=18960#breadcrumb","itemListElement":[{"@type":"ListItem","position":1,"name":"Accueil","item":"https:\/\/macite.tg\/"},{"@type":"ListItem","position":2,"name":"SOUTIEN AUX FDS\u00a0: L\u2019engagement patriotique de la FAMaL aux soldats de l\u2019op\u00e9ration Koundjoa\u00e9"}]},{"@type":"WebSite","@id":"https:\/\/macite.tg\/#website","url":"https:\/\/macite.tg\/","name":"","description":"L&#039;information, la bonne!!!","potentialAction":[{"@type":"SearchAction","target":{"@type":"EntryPoint","urlTemplate":"https:\/\/macite.tg\/?s={search_term_string}"},"query-input":{"@type":"PropertyValueSpecification","valueRequired":true,"valueName":"search_term_string"}}],"inLanguage":"fr-FR"},{"@type":"Person","@id":"https:\/\/macite.tg\/#\/schema\/person\/e9f2de7e5dbbe7770a9402c7ce82f5c2","name":"Jean Pierre BAWELA","image":{"@type":"ImageObject","inLanguage":"fr-FR","@id":"https:\/\/macite.tg\/wp-content\/uploads\/2023\/09\/WhatsApp-Image-2023-09-19-at-14.44.41-122x122.jpeg","url":"https:\/\/macite.tg\/wp-content\/uploads\/2023\/09\/WhatsApp-Image-2023-09-19-at-14.44.41-122x122.jpeg","contentUrl":"https:\/\/macite.tg\/wp-content\/uploads\/2023\/09\/WhatsApp-Image-2023-09-19-at-14.44.41-122x122.jpeg","caption":"Jean Pierre BAWELA"},"url":"https:\/\/macite.tg\/?author=2"}]}},"_links":{"self":[{"href":"https:\/\/macite.tg\/index.php?rest_route=\/wp\/v2\/posts\/18960","targetHints":{"allow":["GET"]}}],"collection":[{"href":"https:\/\/macite.tg\/index.php?rest_route=\/wp\/v2\/posts"}],"about":[{"href":"https:\/\/macite.tg\/index.php?rest_route=\/wp\/v2\/types\/post"}],"author":[{"embeddable":true,"href":"https:\/\/macite.tg\/index.php?rest_route=\/wp\/v2\/users\/2"}],"replies":[{"embeddable":true,"href":"https:\/\/macite.tg\/index.php?rest_route=%2Fwp%2Fv2%2Fcomments&post=18960"}],"version-history":[{"count":0,"href":"https:\/\/macite.tg\/index.php?rest_route=\/wp\/v2\/posts\/18960\/revisions"}],"wp:featuredmedia":[{"embeddable":true,"href":"https:\/\/macite.tg\/index.php?rest_route=\/wp\/v2\/media\/18966"}],"wp:attachment":[{"href":"https:\/\/macite.tg\/index.php?rest_route=%2Fwp%2Fv2%2Fmedia&parent=18960"}],"wp:term":[{"taxonomy":"category","embeddable":true,"href":"https:\/\/macite.tg\/index.php?rest_route=%2Fwp%2Fv2%2Fcategories&post=18960"},{"taxonomy":"post_tag","embeddable":true,"href":"https:\/\/macite.tg\/index.php?rest_route=%2Fwp%2Fv2%2Ftags&post=18960"}],"curies":[{"name":"wp","href":"https:\/\/api.w.org\/{rel}","templated":true}]}}