{"id":1893,"date":"2022-11-17T13:55:51","date_gmt":"2022-11-17T13:55:51","guid":{"rendered":"https:\/\/macite.info\/?p=1893"},"modified":"2022-11-17T13:55:52","modified_gmt":"2022-11-17T13:55:52","slug":"transport-aerien-en-afrique-le-dg-de-lasecna-a-echange-avec-le-president-faure-sur-les-nouvelles-orientations","status":"publish","type":"post","link":"https:\/\/macite.tg\/?p=1893","title":{"rendered":"TRANSPORT A\u00c9RIEN EN AFRIQUE\u00a0: Le DG de l\u2019ASECNA a \u00e9chang\u00e9 avec le Pr\u00e9sident Faure sur les nouvelles orientations"},"content":{"rendered":"\n<p class=\"wp-block-paragraph\"><strong><em>Le Directeur g\u00e9n\u00e9ral de l\u2019Agence pour la s\u00e9curit\u00e9 de la navigation a\u00e9rienne en Afrique et au Madagascar (ASECNA), Mohamed Moussa, a \u00e9t\u00e9 re\u00e7u, hier mercredi 16 novembre, par le Chef de l\u2019\u00c9tat, Faure Gnassingb\u00e9. Le num\u00e9ro 1 de l\u2019Agence \u00e9tait venu tenir informer le pr\u00e9sident togolais des conclusions de la r\u00e9union extraordinaire de l\u2019Organe communautaire et de n\u00e9gociation (OCCN)\u00a0de l\u2019ASECNA tenue quelques jours plus t\u00f4t.<\/em><\/strong><\/p>\n\n\n\n<p class=\"wp-block-paragraph\">\u00ab&nbsp;<em>Nous avons eu l\u2019honneur de faire \u00e0 Son Excellence Monsieur le Pr\u00e9sident de la R\u00e9publique, en tant que champion du MUTAA, le point de la r\u00e9union des repr\u00e9sentants des travailleurs de notre institution. Nous lui avons \u00e9galement pr\u00e9sent\u00e9 la situation de l\u2019organisation communautaire et les progr\u00e8s r\u00e9alis\u00e9s. Nous avons recueilli ses pr\u00e9cieux conseils, surtout ses encouragements pour poursuivre l\u2019\u0153uvre importante d\u2019int\u00e9gration que l\u2019ASECNA est en train d\u2019accomplir au profit du continent<\/em>&nbsp;\u00bb, a d\u00e9clar\u00e9&nbsp; \u00e0 la presse Mohamed Moussa.<\/p>\n\n\n\n<figure class=\"wp-block-image size-large\"><img loading=\"lazy\" decoding=\"async\" width=\"1024\" height=\"426\" src=\"https:\/\/macite.tg\/wp-content\/uploads\/2022\/11\/ANNONCES-1-1024x426.jpg\" alt=\"\" class=\"wp-image-1602\" srcset=\"https:\/\/macite.tg\/wp-content\/uploads\/2022\/11\/ANNONCES-1-1024x426.jpg 1024w, https:\/\/macite.tg\/wp-content\/uploads\/2022\/11\/ANNONCES-1-300x125.jpg 300w, https:\/\/macite.tg\/wp-content\/uploads\/2022\/11\/ANNONCES-1-768x319.jpg 768w, https:\/\/macite.tg\/wp-content\/uploads\/2022\/11\/ANNONCES-1.jpg 1080w\" sizes=\"auto, (max-width: 1024px) 100vw, 1024px\" \/><\/figure>\n\n\n\n<p class=\"wp-block-paragraph\">Le DG de l\u2019ASECAN a \u00e9galement recueilli les orientations du Champion du March\u00e9 unique du transport a\u00e9rien en Afrique (MUTAA), en vue d\u2019une meilleure int\u00e9gration de celle-ci.<\/p>\n\n\n\n<p class=\"wp-block-paragraph\">L\u2019occasion a \u00e9t\u00e9 belle pour les deux personnalit\u00e9s afin d\u2019\u00e9valuer les efforts du Togo, dans le domaine de la modernisation du transport a\u00e9rien, et sa gestion des espaces.&nbsp;<\/p>\n\n\n\n<p class=\"wp-block-paragraph\">Tout en exprimant sa gratitude au Chef de l\u2019\u00c9tat togolais pour le choix de Lom\u00e9 comme <em>\u2018\u2019champ d\u2019exp\u00e9rimentation\u2019\u2019<\/em> de la navigation par satellite, le DG de l\u2019ASECNA a salu\u00e9 les efforts du Togo dans la modernisation du secteur de transport a\u00e9rien et la gestion des espaces a\u00e9riens particuliers et sup\u00e9rieurs sur le continent. \u00a0<\/p>\n\n\n\n<p class=\"wp-block-paragraph\">Notons que l\u2019ASECNA a \u00e9t\u00e9 cr\u00e9\u00e9e en 1959, et se pr\u00e9sente comme un mod\u00e8le d\u2019int\u00e9gration \u00e9conomique \u00e0 travers une gestion coop\u00e9rative des espaces a\u00e9riens. Le Togo est de venu membre de l\u2019Agence en 1964.<\/p>\n\n\n\n<p class=\"wp-block-paragraph\"><strong>JPB<\/strong><\/p>\n\n\n\n<p class=\"wp-block-paragraph\"><strong><em>@macite.info<\/em><\/strong><\/p>\n\n\n\n<p class=\"wp-block-paragraph\"><strong><em>E-mail&nbsp;: <\/em><\/strong><a href=\"mailto:maciteinfo@gmail.com\"><strong>maciteinfo@gmail.com<\/strong><\/a><strong><em>; <\/em><\/strong><a href=\"mailto:bawela1@gmail.com\"><strong>bawela1@gmail.com<\/strong><\/a><\/p>\n\n\n\n<p class=\"wp-block-paragraph\"><strong><em>Pour vos annonces, (publi)reportages, etc., joignez nous au (00228) 91515309\/<strong>79872224<\/strong><\/em><\/strong><em><\/em><\/p>\n\n\n\n<p class=\"wp-block-paragraph\"><a href=\"http:\/\/www.macite.info\"><strong>www.macite.info<\/strong><\/a><strong><em>, L\u2019information, la bonne&nbsp;!<\/em><\/strong><\/p>\n","protected":false},"excerpt":{"rendered":"<p class=\"text-justify mb-2\" >Le Directeur g\u00e9n\u00e9ral de l\u2019Agence pour la s\u00e9curit\u00e9 de la navigation a\u00e9rienne en Afrique et au Madagascar (ASECNA), Mohamed Moussa, a \u00e9t\u00e9 re\u00e7u, hier mercredi 16 novembre, par le Chef de l\u2019\u00c9tat, Faure Gnassingb\u00e9. Le num\u00e9ro 1 de l\u2019Agence \u00e9tait venu tenir informer le pr\u00e9sident [&hellip;]<\/p>\n","protected":false},"author":2,"featured_media":1896,"comment_status":"open","ping_status":"open","sticky":false,"template":"","format":"standard","meta":{"footnotes":""},"categories":[1],"tags":[],"class_list":["post-1893","post","type-post","status-publish","format-standard","has-post-thumbnail","hentry","category-politique"],"yoast_head":"<!-- This site is optimized with the Yoast SEO plugin v28.4 - https:\/\/yoast.com\/product\/yoast-seo-wordpress\/ -->\n<title>TRANSPORT A\u00c9RIEN EN AFRIQUE\u00a0: Le DG de l\u2019ASECNA a \u00e9chang\u00e9 avec le Pr\u00e9sident Faure sur les nouvelles orientations -<\/title>\n<meta name=\"robots\" content=\"index, follow, max-snippet:-1, max-image-preview:large, max-video-preview:-1\" \/>\n<link rel=\"canonical\" href=\"https:\/\/macite.tg\/?p=1893\" \/>\n<meta property=\"og:locale\" content=\"fr_FR\" \/>\n<meta property=\"og:type\" content=\"article\" \/>\n<meta property=\"og:title\" content=\"TRANSPORT A\u00c9RIEN EN AFRIQUE\u00a0: Le DG de l\u2019ASECNA a \u00e9chang\u00e9 avec le Pr\u00e9sident Faure sur les nouvelles orientations -\" \/>\n<meta property=\"og:description\" content=\"Le Directeur g\u00e9n\u00e9ral de l\u2019Agence pour la s\u00e9curit\u00e9 de la navigation a\u00e9rienne en Afrique et au Madagascar (ASECNA), Mohamed Moussa, a \u00e9t\u00e9 re\u00e7u, hier mercredi 16 novembre, par le Chef de l\u2019\u00c9tat, Faure Gnassingb\u00e9. Le num\u00e9ro 1 de l\u2019Agence \u00e9tait venu tenir informer le pr\u00e9sident [&hellip;]\" \/>\n<meta property=\"og:url\" content=\"https:\/\/macite.tg\/?p=1893\" \/>\n<meta property=\"article:published_time\" content=\"2022-11-17T13:55:51+00:00\" \/>\n<meta property=\"article:modified_time\" content=\"2022-11-17T13:55:52+00:00\" \/>\n<meta property=\"og:image\" content=\"https:\/\/macite.tg\/wp-content\/uploads\/2022\/11\/DG-Asecna-chez-Faure.jpg\" \/>\n\t<meta property=\"og:image:width\" content=\"1080\" \/>\n\t<meta property=\"og:image:height\" content=\"720\" \/>\n\t<meta property=\"og:image:type\" content=\"image\/jpeg\" \/>\n<meta name=\"author\" content=\"Jean Pierre BAWELA\" \/>\n<meta name=\"twitter:card\" content=\"summary_large_image\" \/>\n<meta name=\"twitter:label1\" content=\"\u00c9crit par\" \/>\n\t<meta name=\"twitter:data1\" content=\"Jean Pierre BAWELA\" \/>\n\t<meta name=\"twitter:label2\" content=\"Dur\u00e9e de lecture estim\u00e9e\" \/>\n\t<meta name=\"twitter:data2\" content=\"2 minutes\" \/>\n<script type=\"application\/ld+json\" class=\"yoast-schema-graph\">{\"@context\":\"https:\\\/\\\/schema.org\",\"@graph\":[{\"@type\":\"Article\",\"@id\":\"https:\\\/\\\/macite.tg\\\/?p=1893#article\",\"isPartOf\":{\"@id\":\"https:\\\/\\\/macite.tg\\\/?p=1893\"},\"author\":{\"name\":\"Jean Pierre BAWELA\",\"@id\":\"https:\\\/\\\/macite.tg\\\/#\\\/schema\\\/person\\\/e9f2de7e5dbbe7770a9402c7ce82f5c2\"},\"headline\":\"TRANSPORT A\u00c9RIEN EN AFRIQUE\u00a0: Le DG de l\u2019ASECNA a \u00e9chang\u00e9 avec le Pr\u00e9sident Faure sur les nouvelles orientations\",\"datePublished\":\"2022-11-17T13:55:51+00:00\",\"dateModified\":\"2022-11-17T13:55:52+00:00\",\"mainEntityOfPage\":{\"@id\":\"https:\\\/\\\/macite.tg\\\/?p=1893\"},\"wordCount\":388,\"commentCount\":0,\"image\":{\"@id\":\"https:\\\/\\\/macite.tg\\\/?p=1893#primaryimage\"},\"thumbnailUrl\":\"https:\\\/\\\/macite.tg\\\/wp-content\\\/uploads\\\/2022\\\/11\\\/DG-Asecna-chez-Faure.jpg\",\"articleSection\":[\"POLITIQUE\"],\"inLanguage\":\"fr-FR\",\"potentialAction\":[{\"@type\":\"CommentAction\",\"name\":\"Comment\",\"target\":[\"https:\\\/\\\/macite.tg\\\/?p=1893#respond\"]}]},{\"@type\":\"WebPage\",\"@id\":\"https:\\\/\\\/macite.tg\\\/?p=1893\",\"url\":\"https:\\\/\\\/macite.tg\\\/?p=1893\",\"name\":\"TRANSPORT A\u00c9RIEN EN AFRIQUE\u00a0: Le DG de l\u2019ASECNA a \u00e9chang\u00e9 avec le Pr\u00e9sident Faure sur les nouvelles orientations -\",\"isPartOf\":{\"@id\":\"https:\\\/\\\/macite.tg\\\/#website\"},\"primaryImageOfPage\":{\"@id\":\"https:\\\/\\\/macite.tg\\\/?p=1893#primaryimage\"},\"image\":{\"@id\":\"https:\\\/\\\/macite.tg\\\/?p=1893#primaryimage\"},\"thumbnailUrl\":\"https:\\\/\\\/macite.tg\\\/wp-content\\\/uploads\\\/2022\\\/11\\\/DG-Asecna-chez-Faure.jpg\",\"datePublished\":\"2022-11-17T13:55:51+00:00\",\"dateModified\":\"2022-11-17T13:55:52+00:00\",\"author\":{\"@id\":\"https:\\\/\\\/macite.tg\\\/#\\\/schema\\\/person\\\/e9f2de7e5dbbe7770a9402c7ce82f5c2\"},\"breadcrumb\":{\"@id\":\"https:\\\/\\\/macite.tg\\\/?p=1893#breadcrumb\"},\"inLanguage\":\"fr-FR\",\"potentialAction\":[{\"@type\":\"ReadAction\",\"target\":[\"https:\\\/\\\/macite.tg\\\/?p=1893\"]}]},{\"@type\":\"ImageObject\",\"inLanguage\":\"fr-FR\",\"@id\":\"https:\\\/\\\/macite.tg\\\/?p=1893#primaryimage\",\"url\":\"https:\\\/\\\/macite.tg\\\/wp-content\\\/uploads\\\/2022\\\/11\\\/DG-Asecna-chez-Faure.jpg\",\"contentUrl\":\"https:\\\/\\\/macite.tg\\\/wp-content\\\/uploads\\\/2022\\\/11\\\/DG-Asecna-chez-Faure.jpg\",\"width\":1080,\"height\":720},{\"@type\":\"BreadcrumbList\",\"@id\":\"https:\\\/\\\/macite.tg\\\/?p=1893#breadcrumb\",\"itemListElement\":[{\"@type\":\"ListItem\",\"position\":1,\"name\":\"Accueil\",\"item\":\"https:\\\/\\\/macite.tg\\\/\"},{\"@type\":\"ListItem\",\"position\":2,\"name\":\"TRANSPORT A\u00c9RIEN EN AFRIQUE\u00a0: Le DG de l\u2019ASECNA a \u00e9chang\u00e9 avec le Pr\u00e9sident Faure sur les nouvelles orientations\"}]},{\"@type\":\"WebSite\",\"@id\":\"https:\\\/\\\/macite.tg\\\/#website\",\"url\":\"https:\\\/\\\/macite.tg\\\/\",\"name\":\"\",\"description\":\"L&#039;information, la bonne!!!\",\"potentialAction\":[{\"@type\":\"SearchAction\",\"target\":{\"@type\":\"EntryPoint\",\"urlTemplate\":\"https:\\\/\\\/macite.tg\\\/?s={search_term_string}\"},\"query-input\":{\"@type\":\"PropertyValueSpecification\",\"valueRequired\":true,\"valueName\":\"search_term_string\"}}],\"inLanguage\":\"fr-FR\"},{\"@type\":\"Person\",\"@id\":\"https:\\\/\\\/macite.tg\\\/#\\\/schema\\\/person\\\/e9f2de7e5dbbe7770a9402c7ce82f5c2\",\"name\":\"Jean Pierre BAWELA\",\"image\":{\"@type\":\"ImageObject\",\"inLanguage\":\"fr-FR\",\"@id\":\"https:\\\/\\\/macite.tg\\\/wp-content\\\/uploads\\\/2023\\\/09\\\/WhatsApp-Image-2023-09-19-at-14.44.41-122x122.jpeg\",\"url\":\"https:\\\/\\\/macite.tg\\\/wp-content\\\/uploads\\\/2023\\\/09\\\/WhatsApp-Image-2023-09-19-at-14.44.41-122x122.jpeg\",\"contentUrl\":\"https:\\\/\\\/macite.tg\\\/wp-content\\\/uploads\\\/2023\\\/09\\\/WhatsApp-Image-2023-09-19-at-14.44.41-122x122.jpeg\",\"caption\":\"Jean Pierre BAWELA\"},\"url\":\"https:\\\/\\\/macite.tg\\\/?author=2\"}]}<\/script>\n<!-- \/ Yoast SEO plugin. -->","yoast_head_json":{"title":"TRANSPORT A\u00c9RIEN EN AFRIQUE\u00a0: Le DG de l\u2019ASECNA a \u00e9chang\u00e9 avec le Pr\u00e9sident Faure sur les nouvelles orientations -","robots":{"index":"index","follow":"follow","max-snippet":"max-snippet:-1","max-image-preview":"max-image-preview:large","max-video-preview":"max-video-preview:-1"},"canonical":"https:\/\/macite.tg\/?p=1893","og_locale":"fr_FR","og_type":"article","og_title":"TRANSPORT A\u00c9RIEN EN AFRIQUE\u00a0: Le DG de l\u2019ASECNA a \u00e9chang\u00e9 avec le Pr\u00e9sident Faure sur les nouvelles orientations -","og_description":"Le Directeur g\u00e9n\u00e9ral de l\u2019Agence pour la s\u00e9curit\u00e9 de la navigation a\u00e9rienne en Afrique et au Madagascar (ASECNA), Mohamed Moussa, a \u00e9t\u00e9 re\u00e7u, hier mercredi 16 novembre, par le Chef de l\u2019\u00c9tat, Faure Gnassingb\u00e9. Le num\u00e9ro 1 de l\u2019Agence \u00e9tait venu tenir informer le pr\u00e9sident [&hellip;]","og_url":"https:\/\/macite.tg\/?p=1893","article_published_time":"2022-11-17T13:55:51+00:00","article_modified_time":"2022-11-17T13:55:52+00:00","og_image":[{"width":1080,"height":720,"url":"https:\/\/macite.tg\/wp-content\/uploads\/2022\/11\/DG-Asecna-chez-Faure.jpg","type":"image\/jpeg"}],"author":"Jean Pierre BAWELA","twitter_card":"summary_large_image","twitter_misc":{"\u00c9crit par":"Jean Pierre BAWELA","Dur\u00e9e de lecture estim\u00e9e":"2 minutes"},"schema":{"@context":"https:\/\/schema.org","@graph":[{"@type":"Article","@id":"https:\/\/macite.tg\/?p=1893#article","isPartOf":{"@id":"https:\/\/macite.tg\/?p=1893"},"author":{"name":"Jean Pierre BAWELA","@id":"https:\/\/macite.tg\/#\/schema\/person\/e9f2de7e5dbbe7770a9402c7ce82f5c2"},"headline":"TRANSPORT A\u00c9RIEN EN AFRIQUE\u00a0: Le DG de l\u2019ASECNA a \u00e9chang\u00e9 avec le Pr\u00e9sident Faure sur les nouvelles orientations","datePublished":"2022-11-17T13:55:51+00:00","dateModified":"2022-11-17T13:55:52+00:00","mainEntityOfPage":{"@id":"https:\/\/macite.tg\/?p=1893"},"wordCount":388,"commentCount":0,"image":{"@id":"https:\/\/macite.tg\/?p=1893#primaryimage"},"thumbnailUrl":"https:\/\/macite.tg\/wp-content\/uploads\/2022\/11\/DG-Asecna-chez-Faure.jpg","articleSection":["POLITIQUE"],"inLanguage":"fr-FR","potentialAction":[{"@type":"CommentAction","name":"Comment","target":["https:\/\/macite.tg\/?p=1893#respond"]}]},{"@type":"WebPage","@id":"https:\/\/macite.tg\/?p=1893","url":"https:\/\/macite.tg\/?p=1893","name":"TRANSPORT A\u00c9RIEN EN AFRIQUE\u00a0: Le DG de l\u2019ASECNA a \u00e9chang\u00e9 avec le Pr\u00e9sident Faure sur les nouvelles orientations -","isPartOf":{"@id":"https:\/\/macite.tg\/#website"},"primaryImageOfPage":{"@id":"https:\/\/macite.tg\/?p=1893#primaryimage"},"image":{"@id":"https:\/\/macite.tg\/?p=1893#primaryimage"},"thumbnailUrl":"https:\/\/macite.tg\/wp-content\/uploads\/2022\/11\/DG-Asecna-chez-Faure.jpg","datePublished":"2022-11-17T13:55:51+00:00","dateModified":"2022-11-17T13:55:52+00:00","author":{"@id":"https:\/\/macite.tg\/#\/schema\/person\/e9f2de7e5dbbe7770a9402c7ce82f5c2"},"breadcrumb":{"@id":"https:\/\/macite.tg\/?p=1893#breadcrumb"},"inLanguage":"fr-FR","potentialAction":[{"@type":"ReadAction","target":["https:\/\/macite.tg\/?p=1893"]}]},{"@type":"ImageObject","inLanguage":"fr-FR","@id":"https:\/\/macite.tg\/?p=1893#primaryimage","url":"https:\/\/macite.tg\/wp-content\/uploads\/2022\/11\/DG-Asecna-chez-Faure.jpg","contentUrl":"https:\/\/macite.tg\/wp-content\/uploads\/2022\/11\/DG-Asecna-chez-Faure.jpg","width":1080,"height":720},{"@type":"BreadcrumbList","@id":"https:\/\/macite.tg\/?p=1893#breadcrumb","itemListElement":[{"@type":"ListItem","position":1,"name":"Accueil","item":"https:\/\/macite.tg\/"},{"@type":"ListItem","position":2,"name":"TRANSPORT A\u00c9RIEN EN AFRIQUE\u00a0: Le DG de l\u2019ASECNA a \u00e9chang\u00e9 avec le Pr\u00e9sident Faure sur les nouvelles orientations"}]},{"@type":"WebSite","@id":"https:\/\/macite.tg\/#website","url":"https:\/\/macite.tg\/","name":"","description":"L&#039;information, la bonne!!!","potentialAction":[{"@type":"SearchAction","target":{"@type":"EntryPoint","urlTemplate":"https:\/\/macite.tg\/?s={search_term_string}"},"query-input":{"@type":"PropertyValueSpecification","valueRequired":true,"valueName":"search_term_string"}}],"inLanguage":"fr-FR"},{"@type":"Person","@id":"https:\/\/macite.tg\/#\/schema\/person\/e9f2de7e5dbbe7770a9402c7ce82f5c2","name":"Jean Pierre BAWELA","image":{"@type":"ImageObject","inLanguage":"fr-FR","@id":"https:\/\/macite.tg\/wp-content\/uploads\/2023\/09\/WhatsApp-Image-2023-09-19-at-14.44.41-122x122.jpeg","url":"https:\/\/macite.tg\/wp-content\/uploads\/2023\/09\/WhatsApp-Image-2023-09-19-at-14.44.41-122x122.jpeg","contentUrl":"https:\/\/macite.tg\/wp-content\/uploads\/2023\/09\/WhatsApp-Image-2023-09-19-at-14.44.41-122x122.jpeg","caption":"Jean Pierre BAWELA"},"url":"https:\/\/macite.tg\/?author=2"}]}},"_links":{"self":[{"href":"https:\/\/macite.tg\/index.php?rest_route=\/wp\/v2\/posts\/1893","targetHints":{"allow":["GET"]}}],"collection":[{"href":"https:\/\/macite.tg\/index.php?rest_route=\/wp\/v2\/posts"}],"about":[{"href":"https:\/\/macite.tg\/index.php?rest_route=\/wp\/v2\/types\/post"}],"author":[{"embeddable":true,"href":"https:\/\/macite.tg\/index.php?rest_route=\/wp\/v2\/users\/2"}],"replies":[{"embeddable":true,"href":"https:\/\/macite.tg\/index.php?rest_route=%2Fwp%2Fv2%2Fcomments&post=1893"}],"version-history":[{"count":0,"href":"https:\/\/macite.tg\/index.php?rest_route=\/wp\/v2\/posts\/1893\/revisions"}],"wp:featuredmedia":[{"embeddable":true,"href":"https:\/\/macite.tg\/index.php?rest_route=\/wp\/v2\/media\/1896"}],"wp:attachment":[{"href":"https:\/\/macite.tg\/index.php?rest_route=%2Fwp%2Fv2%2Fmedia&parent=1893"}],"wp:term":[{"taxonomy":"category","embeddable":true,"href":"https:\/\/macite.tg\/index.php?rest_route=%2Fwp%2Fv2%2Fcategories&post=1893"},{"taxonomy":"post_tag","embeddable":true,"href":"https:\/\/macite.tg\/index.php?rest_route=%2Fwp%2Fv2%2Ftags&post=1893"}],"curies":[{"name":"wp","href":"https:\/\/api.w.org\/{rel}","templated":true}]}}