{"id":18901,"date":"2024-12-26T15:45:36","date_gmt":"2024-12-26T15:45:36","guid":{"rendered":"https:\/\/macite.tg\/?p=18901"},"modified":"2024-12-26T15:45:50","modified_gmt":"2024-12-26T15:45:50","slug":"electricite-plus-de-200-000-menages-vont-beneficier-dune-baisse-du-tarif-du-kwh","status":"publish","type":"post","link":"https:\/\/macite.tg\/?p=18901","title":{"rendered":"\u00c9LECTRICITE : Plus de 200.000 m\u00e9nages vont b\u00e9n\u00e9ficier d\u2019une baisse du tarif du kWh"},"content":{"rendered":"\n<p class=\"wp-block-paragraph\"><strong><em>Les bonnes nouvelles ne cessent de pleuvoir pour les Togolais, en cette fin d\u2019ann\u00e9e. Apr\u00e8s la prime exceptionnelle octroy\u00e9e par le gouvernement \u00e0 une frange de la population, des cadeaux et autres kits alimentaires pour des enfants vuln\u00e9rables dans le sud du pays, le pouvoir en place vient de poser un acte majeur pour le renforcement du pouvoir d\u2019achat des populations. <\/em><\/strong><\/p>\n\n\n\n<p class=\"wp-block-paragraph\">En effet, depuis le 24 d\u00e9cembre dernier, l\u2019ex\u00e9cutif togolais, sur instruction du Chef de l\u2019Etat, a d\u00e9cid\u00e9 d\u2019op\u00e9rer une baisse du tarif de l\u2019\u00e9nergie \u00e9lectrique \u00e0 usage domestique.<\/p>\n\n\n<div class=\"wp-block-image\">\n<figure class=\"aligncenter size-full\"><img loading=\"lazy\" decoding=\"async\" width=\"768\" height=\"319\" src=\"https:\/\/macite.tg\/wp-content\/uploads\/2024\/12\/ANNONCES-1-768x319-2.jpg\" alt=\"\" class=\"wp-image-18679\" srcset=\"https:\/\/macite.tg\/wp-content\/uploads\/2024\/12\/ANNONCES-1-768x319-2.jpg 768w, https:\/\/macite.tg\/wp-content\/uploads\/2024\/12\/ANNONCES-1-768x319-2-300x125.jpg 300w\" sizes=\"auto, (max-width: 768px) 100vw, 768px\" \/><\/figure>\n<\/div>\n\n\n<p class=\"wp-block-paragraph\">Cette mesure qui vise \u00e0 renforcer le pouvoir d\u2019achat des populations, va concerner un peu plus de 200.000 m\u00e9nages sur le territoire national, soit environ le tiers des clients de la Compagnie \u00e9nergie \u00e9lectrique du Togo (Ceet). Elle va co\u00fbter \u00e0 l\u2019Etat annuellement une enveloppe de 1,5 milliards Fcfa.<\/p>\n\n\n\n<p class=\"wp-block-paragraph\">Dans les faits, il s\u2019agit de faire passer le kWh pr\u00e9c\u00e9demment \u00e0 114Fcfa, \u00e0 70 Fcfa. Cette mesure concerne essentiellement les usagers en pr\u00e9pay\u00e9, dont la consommation mensuelle est rest\u00e9e inf\u00e9rieure ou \u00e9gale \u00e0 30 kilowattheures (kWh) sur les neuf derniers mois.<\/p>\n\n\n<div class=\"wp-block-image\">\n<figure class=\"aligncenter size-large is-resized\"><img loading=\"lazy\" decoding=\"async\" src=\"https:\/\/macite.tg\/wp-content\/uploads\/2024\/12\/1adfbb6f-8c7a-4acf-8855-6c3395264464-742x1024.jpg\" alt=\"\" class=\"wp-image-18890\" width=\"430\" height=\"593\" srcset=\"https:\/\/macite.tg\/wp-content\/uploads\/2024\/12\/1adfbb6f-8c7a-4acf-8855-6c3395264464-742x1024.jpg 742w, https:\/\/macite.tg\/wp-content\/uploads\/2024\/12\/1adfbb6f-8c7a-4acf-8855-6c3395264464-218x300.jpg 218w, https:\/\/macite.tg\/wp-content\/uploads\/2024\/12\/1adfbb6f-8c7a-4acf-8855-6c3395264464-768x1059.jpg 768w, https:\/\/macite.tg\/wp-content\/uploads\/2024\/12\/1adfbb6f-8c7a-4acf-8855-6c3395264464.jpg 783w\" sizes=\"auto, (max-width: 430px) 100vw, 430px\" \/><\/figure>\n<\/div>\n\n\n<p class=\"wp-block-paragraph\">Selon l\u2019ex\u00e9cutif, cette nouvelle facilit\u00e9 sera d\u00e9ploy\u00e9e d\u00e8s ce mois de d\u00e9cembre.<\/p>\n\n\n\n<p class=\"wp-block-paragraph\"><strong>Mab\u00e9 B.<\/strong><\/p>\n\n\n\n<p class=\"wp-block-paragraph\"><a><strong><em>@macite.tg&nbsp;&nbsp;&nbsp;&nbsp;&nbsp;&nbsp;&nbsp;&nbsp;<\/em><\/strong><\/a><\/p>\n\n\n\n<p class=\"wp-block-paragraph\"><strong><em>E-mail&nbsp;: <\/em><\/strong><a href=\"mailto:maciteinfo@gmail.com\"><strong><em>maciteinfo@gmail.com<\/em><\/strong><\/a><strong><em>; <\/em><\/strong><a href=\"mailto:bawela1@gmail.com\"><strong><em>bawela1@gmail.com<\/em><\/strong><\/a><strong><em><\/em><\/strong><\/p>\n\n\n\n<p class=\"wp-block-paragraph\"><strong><em>Pour vos annonces, (publi)reportages, etc., joignez-nous au (00228)91515309\/<strong>79872224 <\/strong>www.macite.tg, L\u2019information, la bonne&nbsp;!<\/em><\/strong><\/p>\n","protected":false},"excerpt":{"rendered":"<p class=\"text-justify mb-2\" >Les bonnes nouvelles ne cessent de pleuvoir pour les Togolais, en cette fin d\u2019ann\u00e9e. Apr\u00e8s la prime exceptionnelle octroy\u00e9e par le gouvernement \u00e0 une frange de la population, des cadeaux et autres kits alimentaires pour des enfants vuln\u00e9rables dans le sud du pays, le pouvoir [&hellip;]<\/p>\n","protected":false},"author":2,"featured_media":18902,"comment_status":"open","ping_status":"open","sticky":false,"template":"","format":"standard","meta":{"footnotes":""},"categories":[20,38],"tags":[],"class_list":["post-18901","post","type-post","status-publish","format-standard","has-post-thumbnail","hentry","category-actualite","category-energie"],"yoast_head":"<!-- This site is optimized with the Yoast SEO plugin v28.4 - https:\/\/yoast.com\/product\/yoast-seo-wordpress\/ -->\n<title>\u00c9LECTRICITE : Plus de 200.000 m\u00e9nages vont b\u00e9n\u00e9ficier d\u2019une baisse du tarif du kWh -<\/title>\n<meta name=\"robots\" content=\"index, follow, max-snippet:-1, max-image-preview:large, max-video-preview:-1\" \/>\n<link rel=\"canonical\" href=\"https:\/\/macite.tg\/?p=18901\" \/>\n<meta property=\"og:locale\" content=\"fr_FR\" \/>\n<meta property=\"og:type\" content=\"article\" \/>\n<meta property=\"og:title\" content=\"\u00c9LECTRICITE : Plus de 200.000 m\u00e9nages vont b\u00e9n\u00e9ficier d\u2019une baisse du tarif du kWh -\" \/>\n<meta property=\"og:description\" content=\"Les bonnes nouvelles ne cessent de pleuvoir pour les Togolais, en cette fin d\u2019ann\u00e9e. Apr\u00e8s la prime exceptionnelle octroy\u00e9e par le gouvernement \u00e0 une frange de la population, des cadeaux et autres kits alimentaires pour des enfants vuln\u00e9rables dans le sud du pays, le pouvoir [&hellip;]\" \/>\n<meta property=\"og:url\" content=\"https:\/\/macite.tg\/?p=18901\" \/>\n<meta property=\"article:published_time\" content=\"2024-12-26T15:45:36+00:00\" \/>\n<meta property=\"article:modified_time\" content=\"2024-12-26T15:45:50+00:00\" \/>\n<meta property=\"og:image\" content=\"https:\/\/macite.tg\/wp-content\/uploads\/2024\/12\/image-51.png\" \/>\n\t<meta property=\"og:image:width\" content=\"378\" \/>\n\t<meta property=\"og:image:height\" content=\"270\" \/>\n\t<meta property=\"og:image:type\" content=\"image\/png\" \/>\n<meta name=\"author\" content=\"Jean Pierre BAWELA\" \/>\n<meta name=\"twitter:card\" content=\"summary_large_image\" \/>\n<meta name=\"twitter:label1\" content=\"\u00c9crit par\" \/>\n\t<meta name=\"twitter:data1\" content=\"Jean Pierre BAWELA\" \/>\n\t<meta name=\"twitter:label2\" content=\"Dur\u00e9e de lecture estim\u00e9e\" \/>\n\t<meta name=\"twitter:data2\" content=\"1 minute\" \/>\n<script type=\"application\/ld+json\" class=\"yoast-schema-graph\">{\"@context\":\"https:\\\/\\\/schema.org\",\"@graph\":[{\"@type\":\"Article\",\"@id\":\"https:\\\/\\\/macite.tg\\\/?p=18901#article\",\"isPartOf\":{\"@id\":\"https:\\\/\\\/macite.tg\\\/?p=18901\"},\"author\":{\"name\":\"Jean Pierre BAWELA\",\"@id\":\"https:\\\/\\\/macite.tg\\\/#\\\/schema\\\/person\\\/e9f2de7e5dbbe7770a9402c7ce82f5c2\"},\"headline\":\"\u00c9LECTRICITE : Plus de 200.000 m\u00e9nages vont b\u00e9n\u00e9ficier d\u2019une baisse du tarif du kWh\",\"datePublished\":\"2024-12-26T15:45:36+00:00\",\"dateModified\":\"2024-12-26T15:45:50+00:00\",\"mainEntityOfPage\":{\"@id\":\"https:\\\/\\\/macite.tg\\\/?p=18901\"},\"wordCount\":262,\"commentCount\":1,\"image\":{\"@id\":\"https:\\\/\\\/macite.tg\\\/?p=18901#primaryimage\"},\"thumbnailUrl\":\"https:\\\/\\\/macite.tg\\\/wp-content\\\/uploads\\\/2024\\\/12\\\/image-51.png\",\"articleSection\":[\"ACTUALITE\",\"ENERGIE\"],\"inLanguage\":\"fr-FR\",\"potentialAction\":[{\"@type\":\"CommentAction\",\"name\":\"Comment\",\"target\":[\"https:\\\/\\\/macite.tg\\\/?p=18901#respond\"]}]},{\"@type\":\"WebPage\",\"@id\":\"https:\\\/\\\/macite.tg\\\/?p=18901\",\"url\":\"https:\\\/\\\/macite.tg\\\/?p=18901\",\"name\":\"\u00c9LECTRICITE : Plus de 200.000 m\u00e9nages vont b\u00e9n\u00e9ficier d\u2019une baisse du tarif du kWh -\",\"isPartOf\":{\"@id\":\"https:\\\/\\\/macite.tg\\\/#website\"},\"primaryImageOfPage\":{\"@id\":\"https:\\\/\\\/macite.tg\\\/?p=18901#primaryimage\"},\"image\":{\"@id\":\"https:\\\/\\\/macite.tg\\\/?p=18901#primaryimage\"},\"thumbnailUrl\":\"https:\\\/\\\/macite.tg\\\/wp-content\\\/uploads\\\/2024\\\/12\\\/image-51.png\",\"datePublished\":\"2024-12-26T15:45:36+00:00\",\"dateModified\":\"2024-12-26T15:45:50+00:00\",\"author\":{\"@id\":\"https:\\\/\\\/macite.tg\\\/#\\\/schema\\\/person\\\/e9f2de7e5dbbe7770a9402c7ce82f5c2\"},\"breadcrumb\":{\"@id\":\"https:\\\/\\\/macite.tg\\\/?p=18901#breadcrumb\"},\"inLanguage\":\"fr-FR\",\"potentialAction\":[{\"@type\":\"ReadAction\",\"target\":[\"https:\\\/\\\/macite.tg\\\/?p=18901\"]}]},{\"@type\":\"ImageObject\",\"inLanguage\":\"fr-FR\",\"@id\":\"https:\\\/\\\/macite.tg\\\/?p=18901#primaryimage\",\"url\":\"https:\\\/\\\/macite.tg\\\/wp-content\\\/uploads\\\/2024\\\/12\\\/image-51.png\",\"contentUrl\":\"https:\\\/\\\/macite.tg\\\/wp-content\\\/uploads\\\/2024\\\/12\\\/image-51.png\",\"width\":378,\"height\":270},{\"@type\":\"BreadcrumbList\",\"@id\":\"https:\\\/\\\/macite.tg\\\/?p=18901#breadcrumb\",\"itemListElement\":[{\"@type\":\"ListItem\",\"position\":1,\"name\":\"Accueil\",\"item\":\"https:\\\/\\\/macite.tg\\\/\"},{\"@type\":\"ListItem\",\"position\":2,\"name\":\"\u00c9LECTRICITE : Plus de 200.000 m\u00e9nages vont b\u00e9n\u00e9ficier d\u2019une baisse du tarif du kWh\"}]},{\"@type\":\"WebSite\",\"@id\":\"https:\\\/\\\/macite.tg\\\/#website\",\"url\":\"https:\\\/\\\/macite.tg\\\/\",\"name\":\"\",\"description\":\"L&#039;information, la bonne!!!\",\"potentialAction\":[{\"@type\":\"SearchAction\",\"target\":{\"@type\":\"EntryPoint\",\"urlTemplate\":\"https:\\\/\\\/macite.tg\\\/?s={search_term_string}\"},\"query-input\":{\"@type\":\"PropertyValueSpecification\",\"valueRequired\":true,\"valueName\":\"search_term_string\"}}],\"inLanguage\":\"fr-FR\"},{\"@type\":\"Person\",\"@id\":\"https:\\\/\\\/macite.tg\\\/#\\\/schema\\\/person\\\/e9f2de7e5dbbe7770a9402c7ce82f5c2\",\"name\":\"Jean Pierre BAWELA\",\"image\":{\"@type\":\"ImageObject\",\"inLanguage\":\"fr-FR\",\"@id\":\"https:\\\/\\\/macite.tg\\\/wp-content\\\/uploads\\\/2023\\\/09\\\/WhatsApp-Image-2023-09-19-at-14.44.41-122x122.jpeg\",\"url\":\"https:\\\/\\\/macite.tg\\\/wp-content\\\/uploads\\\/2023\\\/09\\\/WhatsApp-Image-2023-09-19-at-14.44.41-122x122.jpeg\",\"contentUrl\":\"https:\\\/\\\/macite.tg\\\/wp-content\\\/uploads\\\/2023\\\/09\\\/WhatsApp-Image-2023-09-19-at-14.44.41-122x122.jpeg\",\"caption\":\"Jean Pierre BAWELA\"},\"url\":\"https:\\\/\\\/macite.tg\\\/?author=2\"}]}<\/script>\n<!-- \/ Yoast SEO plugin. -->","yoast_head_json":{"title":"\u00c9LECTRICITE : Plus de 200.000 m\u00e9nages vont b\u00e9n\u00e9ficier d\u2019une baisse du tarif du kWh -","robots":{"index":"index","follow":"follow","max-snippet":"max-snippet:-1","max-image-preview":"max-image-preview:large","max-video-preview":"max-video-preview:-1"},"canonical":"https:\/\/macite.tg\/?p=18901","og_locale":"fr_FR","og_type":"article","og_title":"\u00c9LECTRICITE : Plus de 200.000 m\u00e9nages vont b\u00e9n\u00e9ficier d\u2019une baisse du tarif du kWh -","og_description":"Les bonnes nouvelles ne cessent de pleuvoir pour les Togolais, en cette fin d\u2019ann\u00e9e. Apr\u00e8s la prime exceptionnelle octroy\u00e9e par le gouvernement \u00e0 une frange de la population, des cadeaux et autres kits alimentaires pour des enfants vuln\u00e9rables dans le sud du pays, le pouvoir [&hellip;]","og_url":"https:\/\/macite.tg\/?p=18901","article_published_time":"2024-12-26T15:45:36+00:00","article_modified_time":"2024-12-26T15:45:50+00:00","og_image":[{"width":378,"height":270,"url":"https:\/\/macite.tg\/wp-content\/uploads\/2024\/12\/image-51.png","type":"image\/png"}],"author":"Jean Pierre BAWELA","twitter_card":"summary_large_image","twitter_misc":{"\u00c9crit par":"Jean Pierre BAWELA","Dur\u00e9e de lecture estim\u00e9e":"1 minute"},"schema":{"@context":"https:\/\/schema.org","@graph":[{"@type":"Article","@id":"https:\/\/macite.tg\/?p=18901#article","isPartOf":{"@id":"https:\/\/macite.tg\/?p=18901"},"author":{"name":"Jean Pierre BAWELA","@id":"https:\/\/macite.tg\/#\/schema\/person\/e9f2de7e5dbbe7770a9402c7ce82f5c2"},"headline":"\u00c9LECTRICITE : Plus de 200.000 m\u00e9nages vont b\u00e9n\u00e9ficier d\u2019une baisse du tarif du kWh","datePublished":"2024-12-26T15:45:36+00:00","dateModified":"2024-12-26T15:45:50+00:00","mainEntityOfPage":{"@id":"https:\/\/macite.tg\/?p=18901"},"wordCount":262,"commentCount":1,"image":{"@id":"https:\/\/macite.tg\/?p=18901#primaryimage"},"thumbnailUrl":"https:\/\/macite.tg\/wp-content\/uploads\/2024\/12\/image-51.png","articleSection":["ACTUALITE","ENERGIE"],"inLanguage":"fr-FR","potentialAction":[{"@type":"CommentAction","name":"Comment","target":["https:\/\/macite.tg\/?p=18901#respond"]}]},{"@type":"WebPage","@id":"https:\/\/macite.tg\/?p=18901","url":"https:\/\/macite.tg\/?p=18901","name":"\u00c9LECTRICITE : Plus de 200.000 m\u00e9nages vont b\u00e9n\u00e9ficier d\u2019une baisse du tarif du kWh -","isPartOf":{"@id":"https:\/\/macite.tg\/#website"},"primaryImageOfPage":{"@id":"https:\/\/macite.tg\/?p=18901#primaryimage"},"image":{"@id":"https:\/\/macite.tg\/?p=18901#primaryimage"},"thumbnailUrl":"https:\/\/macite.tg\/wp-content\/uploads\/2024\/12\/image-51.png","datePublished":"2024-12-26T15:45:36+00:00","dateModified":"2024-12-26T15:45:50+00:00","author":{"@id":"https:\/\/macite.tg\/#\/schema\/person\/e9f2de7e5dbbe7770a9402c7ce82f5c2"},"breadcrumb":{"@id":"https:\/\/macite.tg\/?p=18901#breadcrumb"},"inLanguage":"fr-FR","potentialAction":[{"@type":"ReadAction","target":["https:\/\/macite.tg\/?p=18901"]}]},{"@type":"ImageObject","inLanguage":"fr-FR","@id":"https:\/\/macite.tg\/?p=18901#primaryimage","url":"https:\/\/macite.tg\/wp-content\/uploads\/2024\/12\/image-51.png","contentUrl":"https:\/\/macite.tg\/wp-content\/uploads\/2024\/12\/image-51.png","width":378,"height":270},{"@type":"BreadcrumbList","@id":"https:\/\/macite.tg\/?p=18901#breadcrumb","itemListElement":[{"@type":"ListItem","position":1,"name":"Accueil","item":"https:\/\/macite.tg\/"},{"@type":"ListItem","position":2,"name":"\u00c9LECTRICITE : Plus de 200.000 m\u00e9nages vont b\u00e9n\u00e9ficier d\u2019une baisse du tarif du kWh"}]},{"@type":"WebSite","@id":"https:\/\/macite.tg\/#website","url":"https:\/\/macite.tg\/","name":"","description":"L&#039;information, la bonne!!!","potentialAction":[{"@type":"SearchAction","target":{"@type":"EntryPoint","urlTemplate":"https:\/\/macite.tg\/?s={search_term_string}"},"query-input":{"@type":"PropertyValueSpecification","valueRequired":true,"valueName":"search_term_string"}}],"inLanguage":"fr-FR"},{"@type":"Person","@id":"https:\/\/macite.tg\/#\/schema\/person\/e9f2de7e5dbbe7770a9402c7ce82f5c2","name":"Jean Pierre BAWELA","image":{"@type":"ImageObject","inLanguage":"fr-FR","@id":"https:\/\/macite.tg\/wp-content\/uploads\/2023\/09\/WhatsApp-Image-2023-09-19-at-14.44.41-122x122.jpeg","url":"https:\/\/macite.tg\/wp-content\/uploads\/2023\/09\/WhatsApp-Image-2023-09-19-at-14.44.41-122x122.jpeg","contentUrl":"https:\/\/macite.tg\/wp-content\/uploads\/2023\/09\/WhatsApp-Image-2023-09-19-at-14.44.41-122x122.jpeg","caption":"Jean Pierre BAWELA"},"url":"https:\/\/macite.tg\/?author=2"}]}},"_links":{"self":[{"href":"https:\/\/macite.tg\/index.php?rest_route=\/wp\/v2\/posts\/18901","targetHints":{"allow":["GET"]}}],"collection":[{"href":"https:\/\/macite.tg\/index.php?rest_route=\/wp\/v2\/posts"}],"about":[{"href":"https:\/\/macite.tg\/index.php?rest_route=\/wp\/v2\/types\/post"}],"author":[{"embeddable":true,"href":"https:\/\/macite.tg\/index.php?rest_route=\/wp\/v2\/users\/2"}],"replies":[{"embeddable":true,"href":"https:\/\/macite.tg\/index.php?rest_route=%2Fwp%2Fv2%2Fcomments&post=18901"}],"version-history":[{"count":0,"href":"https:\/\/macite.tg\/index.php?rest_route=\/wp\/v2\/posts\/18901\/revisions"}],"wp:featuredmedia":[{"embeddable":true,"href":"https:\/\/macite.tg\/index.php?rest_route=\/wp\/v2\/media\/18902"}],"wp:attachment":[{"href":"https:\/\/macite.tg\/index.php?rest_route=%2Fwp%2Fv2%2Fmedia&parent=18901"}],"wp:term":[{"taxonomy":"category","embeddable":true,"href":"https:\/\/macite.tg\/index.php?rest_route=%2Fwp%2Fv2%2Fcategories&post=18901"},{"taxonomy":"post_tag","embeddable":true,"href":"https:\/\/macite.tg\/index.php?rest_route=%2Fwp%2Fv2%2Ftags&post=18901"}],"curies":[{"name":"wp","href":"https:\/\/api.w.org\/{rel}","templated":true}]}}