{"id":18896,"date":"2024-12-26T15:11:49","date_gmt":"2024-12-26T15:11:49","guid":{"rendered":"https:\/\/macite.tg\/?p=18896"},"modified":"2024-12-26T15:12:02","modified_gmt":"2024-12-26T15:12:02","slug":"noel-2024-le-president-faure-gnassingbe-en-bon-pere-de-famille-pour-les-enfants-vulnerables-daneho-et-de-tsevie","status":"publish","type":"post","link":"https:\/\/macite.tg\/?p=18896","title":{"rendered":"No\u00ebl 2024 : Le Pr\u00e9sident Faure Gnassingb\u00e9 en bon p\u00e8re de famille pour les enfants vuln\u00e9rables d\u2019An\u00e9ho et de Ts\u00e9vi\u00e9"},"content":{"rendered":"\n<p class=\"wp-block-paragraph\"><strong><em>En ces p\u00e9riodes de f\u00eates de fin d\u2019ann\u00e9e, le Pr\u00e9sident de la R\u00e9publique, Faure Essozimna Gnassingb\u00e9, veut mettre un peu de joie en chaque Togolais, o\u00f9 qu\u2019il soit. Apr\u00e8s l\u2019attention accord\u00e9e aux enfants du personnel de la Pr\u00e9sidence de la R\u00e9publique et des orphelinats, c\u2019est le tour des enfants d\u2019autres localit\u00e9s du pays de b\u00e9n\u00e9ficier des gestes de g\u00e9n\u00e9rosit\u00e9s du Chef de l\u2019Etat.<\/em><\/strong><\/p>\n\n\n\n<p class=\"wp-block-paragraph\">Le dimanche 23 d\u00e9cembre dernier, la bienveillance du Pr\u00e9sident de la R\u00e9publique est all\u00e9e aux enfants, rel\u00e8ve de demain, des districts sanitaires des Lacs et de Zio, et de la Pouponni\u00e8re Divine Providence de Glidji Abalo Kondji. Deux d\u00e9l\u00e9gations de la Pr\u00e9sidence \u00e9taient porteuses de ce message de partage du Chef de l\u2019Etat.<\/p>\n\n\n<div class=\"wp-block-image\">\n<figure class=\"aligncenter size-large is-resized\"><img loading=\"lazy\" decoding=\"async\" src=\"https:\/\/macite.tg\/wp-content\/uploads\/2024\/12\/5f07753c-8ebd-4281-8029-765789708acd-729x1024.jpg\" alt=\"\" class=\"wp-image-18853\" width=\"583\" height=\"819\" srcset=\"https:\/\/macite.tg\/wp-content\/uploads\/2024\/12\/5f07753c-8ebd-4281-8029-765789708acd-729x1024.jpg 729w, https:\/\/macite.tg\/wp-content\/uploads\/2024\/12\/5f07753c-8ebd-4281-8029-765789708acd-214x300.jpg 214w, https:\/\/macite.tg\/wp-content\/uploads\/2024\/12\/5f07753c-8ebd-4281-8029-765789708acd-768x1079.jpg 768w, https:\/\/macite.tg\/wp-content\/uploads\/2024\/12\/5f07753c-8ebd-4281-8029-765789708acd.jpg 776w\" sizes=\"auto, (max-width: 583px) 100vw, 583px\" \/><\/figure>\n<\/div>\n\n\n<p class=\"wp-block-paragraph\">La premi\u00e8re, conduite par Ministre-Conseill\u00e8re Agn\u00e8s Eho Johnson, a sillonn\u00e9 respectivement \u00e0 la Pouponni\u00e8re Divine Providence de Glidji Abalo Kondji et aux services de p\u00e9diatrie et de maternit\u00e9 du Centre hospitalier pr\u00e9fectoral (Chp) d\u2019An\u00e9ho. L\u2019objectif \u00e9tait d\u2019apporter, au nom du Pr\u00e9sident de la R\u00e9publique, la gait\u00e9 et le r\u00e9confort aux enfants hospitalis\u00e9s.<\/p>\n\n\n\n<p class=\"wp-block-paragraph\">Simultan\u00e9ment, la seconde d\u00e9l\u00e9gation, avec \u00e0 sa t\u00eate, la Conseill\u00e8re \u00e0 la Pr\u00e9sidence de la R\u00e9publique, Madame Esse Tatagan, a d\u00e9fendu, la m\u00eame cause, au Centre hospitalier r\u00e9gional (Chr) de Ts\u00e9vi\u00e9, en ces moments o\u00f9 ces enfants admis \u00e0 l\u2019h\u00f4pital demandent plus d\u2019attention et d\u2019affection des plus grands.<\/p>\n\n\n\n<p class=\"wp-block-paragraph\">Ces enfants de toutes ces formations sanitaires et \u00e9tablissements d\u2019accueil, ont b\u00e9n\u00e9fici\u00e9s de kits alimentaires et de jouets r\u00e9cr\u00e9atifs, de la part du Chef de l\u2019Etat. Lors des remises des diff\u00e9rents pr\u00e9sents, moments de partage d\u2019amour et de solidarit\u00e9, les d\u00e9l\u00e9gations ont exprim\u00e9 la gratitude du Chef de l\u2019Etat aux \u00e9quipes m\u00e9dicales et param\u00e9dicales, dont le d\u00e9vouement est l\u2019un des piliers de l\u2019accompagnement de ces enfants. Elles ont profit\u00e9 de l\u2019occasion pour souhaiter prompt r\u00e9tablissement aux enfants, affirmant, du coup, le soutien continu du Pr\u00e9sident de la R\u00e9publique en ces moments difficiles.<\/p>\n\n\n\n<p class=\"wp-block-paragraph\">Que ce soit \u00e0 la Pouponni\u00e8re Divine Providence de Glidji Abalo Kondji, au Chr de Ts\u00e9vi\u00e9 ou au Chp d\u2019An\u00e9ho, les parents des b\u00e9n\u00e9ficiaires ont t\u00e9moign\u00e9 leur gratitude au Chef de l\u2019Etat pour cette attention particuli\u00e8re \u00e0 l\u2019endroit de leurs enfants, en ces p\u00e9riodes de f\u00eates de fin d\u2019ann\u00e9e. Un geste du c\u0153ur du Pr\u00e9sident qui apport du sourire aux enfants dont la sant\u00e9 est fragilis\u00e9e.<\/p>\n\n\n<div class=\"wp-block-image\">\n<figure class=\"aligncenter size-large is-resized\"><img loading=\"lazy\" decoding=\"async\" src=\"https:\/\/macite.tg\/wp-content\/uploads\/2024\/12\/1adfbb6f-8c7a-4acf-8855-6c3395264464-742x1024.jpg\" alt=\"\" class=\"wp-image-18890\" width=\"494\" height=\"682\" srcset=\"https:\/\/macite.tg\/wp-content\/uploads\/2024\/12\/1adfbb6f-8c7a-4acf-8855-6c3395264464-742x1024.jpg 742w, https:\/\/macite.tg\/wp-content\/uploads\/2024\/12\/1adfbb6f-8c7a-4acf-8855-6c3395264464-218x300.jpg 218w, https:\/\/macite.tg\/wp-content\/uploads\/2024\/12\/1adfbb6f-8c7a-4acf-8855-6c3395264464-768x1059.jpg 768w, https:\/\/macite.tg\/wp-content\/uploads\/2024\/12\/1adfbb6f-8c7a-4acf-8855-6c3395264464.jpg 783w\" sizes=\"auto, (max-width: 494px) 100vw, 494px\" \/><\/figure>\n<\/div>\n\n\n<p class=\"wp-block-paragraph\">\u00ab&nbsp;<em>Grande est notre joie ce jour pour ces cadeaux inestimables du Pr\u00e9sident de la R\u00e9publique. Merci au chef de l\u2019Etat d\u2019avoir pens\u00e9 \u00e0 nos enfants surtout en ces p\u00e9riodes de f\u00eates de fin d\u2019ann\u00e9e. Que Dieu le prot\u00e8ge et lui donne la sant\u00e9 afin qu\u2019il puisse accomplir, ces \u0153uvres sociales chaque ann\u00e9e<\/em>&nbsp;\u00bb, a t\u00e9moign\u00e9 une nourrice b\u00e9n\u00e9ficiaire de ce don du Pr\u00e9sident Faure Gnassingb\u00e9.<\/p>\n\n\n\n<p class=\"wp-block-paragraph\"><strong>JPB<\/strong><\/p>\n\n\n\n<p class=\"wp-block-paragraph\"><a><strong><em>@macite.tg&nbsp;&nbsp;&nbsp;&nbsp;&nbsp;&nbsp;&nbsp;&nbsp;<\/em><\/strong><\/a><\/p>\n\n\n\n<p class=\"wp-block-paragraph\"><strong><em>E-mail&nbsp;: <\/em><\/strong><a href=\"mailto:maciteinfo@gmail.com\"><strong><em>maciteinfo@gmail.com<\/em><\/strong><\/a><strong><em>; <\/em><\/strong><a href=\"mailto:bawela1@gmail.com\"><strong><em>bawela1@gmail.com<\/em><\/strong><\/a><strong><em><\/em><\/strong><\/p>\n\n\n\n<p class=\"wp-block-paragraph\"><strong><em>Pour vos annonces, (publi)reportages, etc., joignez-nous au (00228)91515309\/<strong>79872224 <\/strong>www.macite.tg, L\u2019information, la bonne&nbsp;!<\/em><\/strong><\/p>\n","protected":false},"excerpt":{"rendered":"<p class=\"text-justify mb-2\" >En ces p\u00e9riodes de f\u00eates de fin d\u2019ann\u00e9e, le Pr\u00e9sident de la R\u00e9publique, Faure Essozimna Gnassingb\u00e9, veut mettre un peu de joie en chaque Togolais, o\u00f9 qu\u2019il soit. Apr\u00e8s l\u2019attention accord\u00e9e aux enfants du personnel de la Pr\u00e9sidence de la R\u00e9publique et des orphelinats, c\u2019est [&hellip;]<\/p>\n","protected":false},"author":2,"featured_media":18897,"comment_status":"open","ping_status":"open","sticky":false,"template":"","format":"standard","meta":{"footnotes":""},"categories":[20,6],"tags":[],"class_list":["post-18896","post","type-post","status-publish","format-standard","has-post-thumbnail","hentry","category-actualite","category-societe"],"yoast_head":"<!-- This site is optimized with the Yoast SEO plugin v28.4 - https:\/\/yoast.com\/product\/yoast-seo-wordpress\/ -->\n<title>No\u00ebl 2024 : Le Pr\u00e9sident Faure Gnassingb\u00e9 en bon p\u00e8re de famille pour les enfants vuln\u00e9rables d\u2019An\u00e9ho et de Ts\u00e9vi\u00e9 -<\/title>\n<meta name=\"robots\" content=\"index, follow, max-snippet:-1, max-image-preview:large, max-video-preview:-1\" \/>\n<link rel=\"canonical\" href=\"https:\/\/macite.tg\/?p=18896\" \/>\n<meta property=\"og:locale\" content=\"fr_FR\" \/>\n<meta property=\"og:type\" content=\"article\" \/>\n<meta property=\"og:title\" content=\"No\u00ebl 2024 : Le Pr\u00e9sident Faure Gnassingb\u00e9 en bon p\u00e8re de famille pour les enfants vuln\u00e9rables d\u2019An\u00e9ho et de Ts\u00e9vi\u00e9 -\" \/>\n<meta property=\"og:description\" content=\"En ces p\u00e9riodes de f\u00eates de fin d\u2019ann\u00e9e, le Pr\u00e9sident de la R\u00e9publique, Faure Essozimna Gnassingb\u00e9, veut mettre un peu de joie en chaque Togolais, o\u00f9 qu\u2019il soit. Apr\u00e8s l\u2019attention accord\u00e9e aux enfants du personnel de la Pr\u00e9sidence de la R\u00e9publique et des orphelinats, c\u2019est [&hellip;]\" \/>\n<meta property=\"og:url\" content=\"https:\/\/macite.tg\/?p=18896\" \/>\n<meta property=\"article:published_time\" content=\"2024-12-26T15:11:49+00:00\" \/>\n<meta property=\"article:modified_time\" content=\"2024-12-26T15:12:02+00:00\" \/>\n<meta property=\"og:image\" content=\"https:\/\/macite.tg\/wp-content\/uploads\/2024\/12\/Geste-de-coeur-fEG.jpg\" \/>\n\t<meta property=\"og:image:width\" content=\"500\" \/>\n\t<meta property=\"og:image:height\" content=\"342\" \/>\n\t<meta property=\"og:image:type\" content=\"image\/jpeg\" \/>\n<meta name=\"author\" content=\"Jean Pierre BAWELA\" \/>\n<meta name=\"twitter:card\" content=\"summary_large_image\" \/>\n<meta name=\"twitter:label1\" content=\"\u00c9crit par\" \/>\n\t<meta name=\"twitter:data1\" content=\"Jean Pierre BAWELA\" \/>\n\t<meta name=\"twitter:label2\" content=\"Dur\u00e9e de lecture estim\u00e9e\" \/>\n\t<meta name=\"twitter:data2\" content=\"3 minutes\" \/>\n<script type=\"application\/ld+json\" class=\"yoast-schema-graph\">{\"@context\":\"https:\\\/\\\/schema.org\",\"@graph\":[{\"@type\":\"Article\",\"@id\":\"https:\\\/\\\/macite.tg\\\/?p=18896#article\",\"isPartOf\":{\"@id\":\"https:\\\/\\\/macite.tg\\\/?p=18896\"},\"author\":{\"name\":\"Jean Pierre BAWELA\",\"@id\":\"https:\\\/\\\/macite.tg\\\/#\\\/schema\\\/person\\\/e9f2de7e5dbbe7770a9402c7ce82f5c2\"},\"headline\":\"No\u00ebl 2024 : Le Pr\u00e9sident Faure Gnassingb\u00e9 en bon p\u00e8re de famille pour les enfants vuln\u00e9rables d\u2019An\u00e9ho et de Ts\u00e9vi\u00e9\",\"datePublished\":\"2024-12-26T15:11:49+00:00\",\"dateModified\":\"2024-12-26T15:12:02+00:00\",\"mainEntityOfPage\":{\"@id\":\"https:\\\/\\\/macite.tg\\\/?p=18896\"},\"wordCount\":606,\"commentCount\":0,\"image\":{\"@id\":\"https:\\\/\\\/macite.tg\\\/?p=18896#primaryimage\"},\"thumbnailUrl\":\"https:\\\/\\\/macite.tg\\\/wp-content\\\/uploads\\\/2024\\\/12\\\/Geste-de-coeur-fEG.jpg\",\"articleSection\":[\"ACTUALITE\",\"SOCIETE\"],\"inLanguage\":\"fr-FR\",\"potentialAction\":[{\"@type\":\"CommentAction\",\"name\":\"Comment\",\"target\":[\"https:\\\/\\\/macite.tg\\\/?p=18896#respond\"]}]},{\"@type\":\"WebPage\",\"@id\":\"https:\\\/\\\/macite.tg\\\/?p=18896\",\"url\":\"https:\\\/\\\/macite.tg\\\/?p=18896\",\"name\":\"No\u00ebl 2024 : Le Pr\u00e9sident Faure Gnassingb\u00e9 en bon p\u00e8re de famille pour les enfants vuln\u00e9rables d\u2019An\u00e9ho et de Ts\u00e9vi\u00e9 -\",\"isPartOf\":{\"@id\":\"https:\\\/\\\/macite.tg\\\/#website\"},\"primaryImageOfPage\":{\"@id\":\"https:\\\/\\\/macite.tg\\\/?p=18896#primaryimage\"},\"image\":{\"@id\":\"https:\\\/\\\/macite.tg\\\/?p=18896#primaryimage\"},\"thumbnailUrl\":\"https:\\\/\\\/macite.tg\\\/wp-content\\\/uploads\\\/2024\\\/12\\\/Geste-de-coeur-fEG.jpg\",\"datePublished\":\"2024-12-26T15:11:49+00:00\",\"dateModified\":\"2024-12-26T15:12:02+00:00\",\"author\":{\"@id\":\"https:\\\/\\\/macite.tg\\\/#\\\/schema\\\/person\\\/e9f2de7e5dbbe7770a9402c7ce82f5c2\"},\"breadcrumb\":{\"@id\":\"https:\\\/\\\/macite.tg\\\/?p=18896#breadcrumb\"},\"inLanguage\":\"fr-FR\",\"potentialAction\":[{\"@type\":\"ReadAction\",\"target\":[\"https:\\\/\\\/macite.tg\\\/?p=18896\"]}]},{\"@type\":\"ImageObject\",\"inLanguage\":\"fr-FR\",\"@id\":\"https:\\\/\\\/macite.tg\\\/?p=18896#primaryimage\",\"url\":\"https:\\\/\\\/macite.tg\\\/wp-content\\\/uploads\\\/2024\\\/12\\\/Geste-de-coeur-fEG.jpg\",\"contentUrl\":\"https:\\\/\\\/macite.tg\\\/wp-content\\\/uploads\\\/2024\\\/12\\\/Geste-de-coeur-fEG.jpg\",\"width\":500,\"height\":342,\"caption\":\"Quelques temps forts de l'op\u00e9ration de charit\u00e9\"},{\"@type\":\"BreadcrumbList\",\"@id\":\"https:\\\/\\\/macite.tg\\\/?p=18896#breadcrumb\",\"itemListElement\":[{\"@type\":\"ListItem\",\"position\":1,\"name\":\"Accueil\",\"item\":\"https:\\\/\\\/macite.tg\\\/\"},{\"@type\":\"ListItem\",\"position\":2,\"name\":\"No\u00ebl 2024 : Le Pr\u00e9sident Faure Gnassingb\u00e9 en bon p\u00e8re de famille pour les enfants vuln\u00e9rables d\u2019An\u00e9ho et de Ts\u00e9vi\u00e9\"}]},{\"@type\":\"WebSite\",\"@id\":\"https:\\\/\\\/macite.tg\\\/#website\",\"url\":\"https:\\\/\\\/macite.tg\\\/\",\"name\":\"\",\"description\":\"L&#039;information, la bonne!!!\",\"potentialAction\":[{\"@type\":\"SearchAction\",\"target\":{\"@type\":\"EntryPoint\",\"urlTemplate\":\"https:\\\/\\\/macite.tg\\\/?s={search_term_string}\"},\"query-input\":{\"@type\":\"PropertyValueSpecification\",\"valueRequired\":true,\"valueName\":\"search_term_string\"}}],\"inLanguage\":\"fr-FR\"},{\"@type\":\"Person\",\"@id\":\"https:\\\/\\\/macite.tg\\\/#\\\/schema\\\/person\\\/e9f2de7e5dbbe7770a9402c7ce82f5c2\",\"name\":\"Jean Pierre BAWELA\",\"image\":{\"@type\":\"ImageObject\",\"inLanguage\":\"fr-FR\",\"@id\":\"https:\\\/\\\/macite.tg\\\/wp-content\\\/uploads\\\/2023\\\/09\\\/WhatsApp-Image-2023-09-19-at-14.44.41-122x122.jpeg\",\"url\":\"https:\\\/\\\/macite.tg\\\/wp-content\\\/uploads\\\/2023\\\/09\\\/WhatsApp-Image-2023-09-19-at-14.44.41-122x122.jpeg\",\"contentUrl\":\"https:\\\/\\\/macite.tg\\\/wp-content\\\/uploads\\\/2023\\\/09\\\/WhatsApp-Image-2023-09-19-at-14.44.41-122x122.jpeg\",\"caption\":\"Jean Pierre BAWELA\"},\"url\":\"https:\\\/\\\/macite.tg\\\/?author=2\"}]}<\/script>\n<!-- \/ Yoast SEO plugin. -->","yoast_head_json":{"title":"No\u00ebl 2024 : Le Pr\u00e9sident Faure Gnassingb\u00e9 en bon p\u00e8re de famille pour les enfants vuln\u00e9rables d\u2019An\u00e9ho et de Ts\u00e9vi\u00e9 -","robots":{"index":"index","follow":"follow","max-snippet":"max-snippet:-1","max-image-preview":"max-image-preview:large","max-video-preview":"max-video-preview:-1"},"canonical":"https:\/\/macite.tg\/?p=18896","og_locale":"fr_FR","og_type":"article","og_title":"No\u00ebl 2024 : Le Pr\u00e9sident Faure Gnassingb\u00e9 en bon p\u00e8re de famille pour les enfants vuln\u00e9rables d\u2019An\u00e9ho et de Ts\u00e9vi\u00e9 -","og_description":"En ces p\u00e9riodes de f\u00eates de fin d\u2019ann\u00e9e, le Pr\u00e9sident de la R\u00e9publique, Faure Essozimna Gnassingb\u00e9, veut mettre un peu de joie en chaque Togolais, o\u00f9 qu\u2019il soit. Apr\u00e8s l\u2019attention accord\u00e9e aux enfants du personnel de la Pr\u00e9sidence de la R\u00e9publique et des orphelinats, c\u2019est [&hellip;]","og_url":"https:\/\/macite.tg\/?p=18896","article_published_time":"2024-12-26T15:11:49+00:00","article_modified_time":"2024-12-26T15:12:02+00:00","og_image":[{"width":500,"height":342,"url":"https:\/\/macite.tg\/wp-content\/uploads\/2024\/12\/Geste-de-coeur-fEG.jpg","type":"image\/jpeg"}],"author":"Jean Pierre BAWELA","twitter_card":"summary_large_image","twitter_misc":{"\u00c9crit par":"Jean Pierre BAWELA","Dur\u00e9e de lecture estim\u00e9e":"3 minutes"},"schema":{"@context":"https:\/\/schema.org","@graph":[{"@type":"Article","@id":"https:\/\/macite.tg\/?p=18896#article","isPartOf":{"@id":"https:\/\/macite.tg\/?p=18896"},"author":{"name":"Jean Pierre BAWELA","@id":"https:\/\/macite.tg\/#\/schema\/person\/e9f2de7e5dbbe7770a9402c7ce82f5c2"},"headline":"No\u00ebl 2024 : Le Pr\u00e9sident Faure Gnassingb\u00e9 en bon p\u00e8re de famille pour les enfants vuln\u00e9rables d\u2019An\u00e9ho et de Ts\u00e9vi\u00e9","datePublished":"2024-12-26T15:11:49+00:00","dateModified":"2024-12-26T15:12:02+00:00","mainEntityOfPage":{"@id":"https:\/\/macite.tg\/?p=18896"},"wordCount":606,"commentCount":0,"image":{"@id":"https:\/\/macite.tg\/?p=18896#primaryimage"},"thumbnailUrl":"https:\/\/macite.tg\/wp-content\/uploads\/2024\/12\/Geste-de-coeur-fEG.jpg","articleSection":["ACTUALITE","SOCIETE"],"inLanguage":"fr-FR","potentialAction":[{"@type":"CommentAction","name":"Comment","target":["https:\/\/macite.tg\/?p=18896#respond"]}]},{"@type":"WebPage","@id":"https:\/\/macite.tg\/?p=18896","url":"https:\/\/macite.tg\/?p=18896","name":"No\u00ebl 2024 : Le Pr\u00e9sident Faure Gnassingb\u00e9 en bon p\u00e8re de famille pour les enfants vuln\u00e9rables d\u2019An\u00e9ho et de Ts\u00e9vi\u00e9 -","isPartOf":{"@id":"https:\/\/macite.tg\/#website"},"primaryImageOfPage":{"@id":"https:\/\/macite.tg\/?p=18896#primaryimage"},"image":{"@id":"https:\/\/macite.tg\/?p=18896#primaryimage"},"thumbnailUrl":"https:\/\/macite.tg\/wp-content\/uploads\/2024\/12\/Geste-de-coeur-fEG.jpg","datePublished":"2024-12-26T15:11:49+00:00","dateModified":"2024-12-26T15:12:02+00:00","author":{"@id":"https:\/\/macite.tg\/#\/schema\/person\/e9f2de7e5dbbe7770a9402c7ce82f5c2"},"breadcrumb":{"@id":"https:\/\/macite.tg\/?p=18896#breadcrumb"},"inLanguage":"fr-FR","potentialAction":[{"@type":"ReadAction","target":["https:\/\/macite.tg\/?p=18896"]}]},{"@type":"ImageObject","inLanguage":"fr-FR","@id":"https:\/\/macite.tg\/?p=18896#primaryimage","url":"https:\/\/macite.tg\/wp-content\/uploads\/2024\/12\/Geste-de-coeur-fEG.jpg","contentUrl":"https:\/\/macite.tg\/wp-content\/uploads\/2024\/12\/Geste-de-coeur-fEG.jpg","width":500,"height":342,"caption":"Quelques temps forts de l'op\u00e9ration de charit\u00e9"},{"@type":"BreadcrumbList","@id":"https:\/\/macite.tg\/?p=18896#breadcrumb","itemListElement":[{"@type":"ListItem","position":1,"name":"Accueil","item":"https:\/\/macite.tg\/"},{"@type":"ListItem","position":2,"name":"No\u00ebl 2024 : Le Pr\u00e9sident Faure Gnassingb\u00e9 en bon p\u00e8re de famille pour les enfants vuln\u00e9rables d\u2019An\u00e9ho et de Ts\u00e9vi\u00e9"}]},{"@type":"WebSite","@id":"https:\/\/macite.tg\/#website","url":"https:\/\/macite.tg\/","name":"","description":"L&#039;information, la bonne!!!","potentialAction":[{"@type":"SearchAction","target":{"@type":"EntryPoint","urlTemplate":"https:\/\/macite.tg\/?s={search_term_string}"},"query-input":{"@type":"PropertyValueSpecification","valueRequired":true,"valueName":"search_term_string"}}],"inLanguage":"fr-FR"},{"@type":"Person","@id":"https:\/\/macite.tg\/#\/schema\/person\/e9f2de7e5dbbe7770a9402c7ce82f5c2","name":"Jean Pierre BAWELA","image":{"@type":"ImageObject","inLanguage":"fr-FR","@id":"https:\/\/macite.tg\/wp-content\/uploads\/2023\/09\/WhatsApp-Image-2023-09-19-at-14.44.41-122x122.jpeg","url":"https:\/\/macite.tg\/wp-content\/uploads\/2023\/09\/WhatsApp-Image-2023-09-19-at-14.44.41-122x122.jpeg","contentUrl":"https:\/\/macite.tg\/wp-content\/uploads\/2023\/09\/WhatsApp-Image-2023-09-19-at-14.44.41-122x122.jpeg","caption":"Jean Pierre BAWELA"},"url":"https:\/\/macite.tg\/?author=2"}]}},"_links":{"self":[{"href":"https:\/\/macite.tg\/index.php?rest_route=\/wp\/v2\/posts\/18896","targetHints":{"allow":["GET"]}}],"collection":[{"href":"https:\/\/macite.tg\/index.php?rest_route=\/wp\/v2\/posts"}],"about":[{"href":"https:\/\/macite.tg\/index.php?rest_route=\/wp\/v2\/types\/post"}],"author":[{"embeddable":true,"href":"https:\/\/macite.tg\/index.php?rest_route=\/wp\/v2\/users\/2"}],"replies":[{"embeddable":true,"href":"https:\/\/macite.tg\/index.php?rest_route=%2Fwp%2Fv2%2Fcomments&post=18896"}],"version-history":[{"count":0,"href":"https:\/\/macite.tg\/index.php?rest_route=\/wp\/v2\/posts\/18896\/revisions"}],"wp:featuredmedia":[{"embeddable":true,"href":"https:\/\/macite.tg\/index.php?rest_route=\/wp\/v2\/media\/18897"}],"wp:attachment":[{"href":"https:\/\/macite.tg\/index.php?rest_route=%2Fwp%2Fv2%2Fmedia&parent=18896"}],"wp:term":[{"taxonomy":"category","embeddable":true,"href":"https:\/\/macite.tg\/index.php?rest_route=%2Fwp%2Fv2%2Fcategories&post=18896"},{"taxonomy":"post_tag","embeddable":true,"href":"https:\/\/macite.tg\/index.php?rest_route=%2Fwp%2Fv2%2Ftags&post=18896"}],"curies":[{"name":"wp","href":"https:\/\/api.w.org\/{rel}","templated":true}]}}